{"id":6625,"date":"2026-04-04T08:21:42","date_gmt":"2026-04-04T11:21:42","guid":{"rendered":"https:\/\/salmosbiblicos.com.br\/?p=6625"},"modified":"2026-04-04T08:21:42","modified_gmt":"2026-04-04T11:21:42","slug":"perdao-e-compaixao-o-caminho-para-a-paz-interior","status":"publish","type":"post","link":"http:\/\/salmosbiblicos.com.br\/index.php\/2026\/04\/04\/perdao-e-compaixao-o-caminho-para-a-paz-interior\/","title":{"rendered":"Perd\u00e3o e Compaix\u00e3o: O Caminho para a Paz Interior"},"content":{"rendered":"<p>O peso do julgamento \u00e9 uma carga que esmaga a alma, mas a leveza do perd\u00e3o \u00e9 o que nos devolrente a paz. Muitas vezes, carregamos o fardo da indigna\u00e7\u00e3o e da m\u00e1goa, esquecendo que a verdadeira for\u00e7a n\u00e3o reside em punir o erro alheio, mas em **acolher a fragilidade do pr\u00f3ximo** com a mesma do\u00e7ura com que desejamos ser acolhidos.<\/p>\n<p>## O Modelo que n\u00e3o falha<\/p>\n<p>Muitas vezes buscamos exemplos de perfei\u00e7\u00e3o em pessoas ao nosso redor, mas o ser humano \u00e9 falho e, por vezes, decepcionante. A verdadeira b\u00fassola para a nossa conduta n\u00e3o deve ser o comportamento dos outros, mas sim a **imita\u00e7\u00e3o do Pai**.<\/p>\n<p>A orienta\u00e7\u00e3o \u00e9 clara: **&#8221;Sede misericordiosos como tamb\u00e9m o vosso Pai \u00e9 misericordioso&#8221;**. Quando buscamos imitar pessoas, corremos o risco de nos frustrar, pois o modelo humano \u00e9 imperfeito. No entanto, ao olharmos para o Criador, encontramos um padr\u00e3o inabal\u00e1vel de compaix\u00e3o.<\/p>\n<p>Se Ele nos pede para sermos misericordiosos, \u00e9 porque Ele nos capacita a isso. A miseric\u00f3rdia n\u00e3o \u00e9 apenas um sentimento, mas uma **atitude de justi\u00e7a divina** que se manifesta na nossa capacidade de n\u00e3o julgar e n\u00e3o condenar.<\/p>\n<p>## A Pr\u00e1tica da Paci\u00eancia e do Sil\u00eancio<\/p>\n<p>Ser misericordioso exige um dom\u00ednio sobre os nossos impulsos mais primordiais, especialmente a ira. A espiritualidade da miseric\u00f3rdia nos convida a cultivar uma caracter\u00edstica essencial: **ser lento para a c\u00f3lera**.<\/p>\n<p>O Salmo nos ensina que o Senhor \u00e9 bom, misericordioso e lento para a ira. Portanto, se desejamos refletir a Sua face, devemos evitar descarregar nossa raiva sobre o pr\u00f3ximo. Podemos encontrar a pr\u00e1tica dessa virtude em tr\u00eas pilares:<\/p>\n<p>*   **Ser pronto para ouvir:** Dedicar aten\u00e7\u00e3o e escuta ao outro.<br \/>*   **Ser tardio para falar:** Evitar palavras precipitadas que ferem e destroem.<br \/>*   **Ser tardio para se irar:** Controlar o \u00edmpeto da indigna\u00e7\u00e3o e da agressividade.<\/p>\n<p>A verdadeira miseric\u00f3rdia reside em saber **lidar com as mis\u00e9rias alheias**, compreendendo que todos estamos em um processo de aprendizado e transforma\u00e7\u00e3o.<\/p>\n<p>## O Revestimento da Alma<\/p>\n<p>A nossa vida espiritual deve ser como uma vestimenta que escolhemos usar todos os dias. N\u00e3o podemos andar pelo mundo com as roupas do rancor e da dureza de cora\u00e7\u00e3o. \u00c9 necess\u00e1rio que nos **revestamos de entranhas de miseric\u00f3rdia**.<\/p>\n<p>Para que a nossa alma esteja em harmonia com o plano divino, precisamos adotar as seguintes virtudes:<\/p>\n<p>*   **Bondade e Compaix\u00e3o:** Olhar para a dor do outro com empatia.<br \/>*   **Humildade e Do\u00e7ura:** Agir sem arrog\u00e2ncia, tratando todos com suavidade.<br \/>*   **Paci\u00eancia e Suporte:** Ter a capacidade de suportar as dificuldades m\u00fatuas e perdoar as ofensas.<\/p>\n<p>Quando perdoamos, estamos apenas cumprindo o ciclo natural da vida: **assim como fomos perdoados, devemos perdoar**. O perd\u00e3o n\u00e3o \u00e9 um favor que fazemos ao outro, mas uma liberta\u00e7\u00e3o para n\u00f3s mesmos.<\/p>\n<p>## A Promessa da Medida Transbordante<\/p>\n<p>Existe uma lei espiritual de reciprocidade que governa o cora\u00e7\u00e3o de quem pratica o bem. A medida que utilizamos para tratar o nosso irm\u00e3o ser\u00e1 a mesma medida que a vida utilizar\u00e1 para nos tratar.<\/p>\n<p>**A ira nunca compensa.** A falta de perd\u00e3o \u00e9 um veneno que apenas prejudica quem o carrega. Por outro lado, a promessa \u00e9 de uma felicidade profunda e duradoura: **&#8221;Bem-aventurados os misericordiosos, porque alcan\u00e7ar\u00e3o miseric\u00f3rdia&#8221;**.<\/p>\n<p>Ao escolhermos o caminho da bondade, da paci\u00eancia e do perd\u00e3o, n\u00e3o estamos apenas cumprindo um dever, mas garantindo que a nossa pr\u00f3pria alma receba o **transbordamento da gra\u00e7a**. Que possamos, hoje, decidir ser o reflexo da compaix\u00e3o que tanto necessitamos.<\/p>\n","protected":false},"excerpt":{"rendered":"<p>O peso do julgamento \u00e9 uma carga que esmaga a alma, mas a leveza do perd\u00e3o \u00e9 o que nos devolrente a paz. Muitas vezes, carregamos o fardo da indigna\u00e7\u00e3o e da m\u00e1goa, esquecendo que a verdadeira for\u00e7a n\u00e3o reside em punir o erro alheio, mas em **acolher a fragilidade do pr\u00f3ximo** com a mesma [&hellip;]<\/p>\n","protected":false},"author":1,"featured_media":0,"comment_status":"closed","ping_status":"open","sticky":false,"template":"","format":"standard","meta":{"footnotes":""},"categories":[14],"tags":[],"class_list":["post-6625","post","type-post","status-publish","format-standard","hentry","category-reflexao"],"yoast_head":"<!-- This site is optimized with the Yoast SEO plugin v27.2 - https:\/\/yoast.com\/product\/yoast-seo-wordpress\/ -->\n<title>Perd\u00e3o e Compaix\u00e3o: O Caminho para a Paz Interior - Salmos B\u00edblicos<\/title>\n<meta name=\"robots\" content=\"index, follow, max-snippet:-1, max-image-preview:large, max-video-preview:-1\" \/>\n<link rel=\"canonical\" href=\"http:\/\/salmosbiblicos.com.br\/index.php\/2026\/04\/04\/perdao-e-compaixao-o-caminho-para-a-paz-interior\/\" \/>\n<meta property=\"og:locale\" content=\"pt_BR\" \/>\n<meta property=\"og:type\" content=\"article\" \/>\n<meta property=\"og:title\" content=\"Perd\u00e3o e Compaix\u00e3o: O Caminho para a Paz Interior - Salmos B\u00edblicos\" \/>\n<meta property=\"og:description\" content=\"O peso do julgamento \u00e9 uma carga que esmaga a alma, mas a leveza do perd\u00e3o \u00e9 o que nos devolrente a paz. Muitas vezes, carregamos o fardo da indigna\u00e7\u00e3o e da m\u00e1goa, esquecendo que a verdadeira for\u00e7a n\u00e3o reside em punir o erro alheio, mas em **acolher a fragilidade do pr\u00f3ximo** com a mesma [&hellip;]\" \/>\n<meta property=\"og:url\" content=\"http:\/\/salmosbiblicos.com.br\/index.php\/2026\/04\/04\/perdao-e-compaixao-o-caminho-para-a-paz-interior\/\" \/>\n<meta property=\"og:site_name\" content=\"Salmos B\u00edblicos\" \/>\n<meta property=\"article:published_time\" content=\"2026-04-04T11:21:42+00:00\" \/>\n<meta name=\"author\" content=\"alextreh@gmail.com\" \/>\n<meta name=\"twitter:card\" content=\"summary_large_image\" \/>\n<meta name=\"twitter:label1\" content=\"Escrito por\" \/>\n\t<meta name=\"twitter:data1\" content=\"alextreh@gmail.com\" \/>\n\t<meta name=\"twitter:label2\" content=\"Est. tempo de leitura\" \/>\n\t<meta name=\"twitter:data2\" content=\"3 minutos\" \/>\n<script type=\"application\/ld+json\" class=\"yoast-schema-graph\">{\"@context\":\"https:\/\/schema.org\",\"@graph\":[{\"@type\":\"Article\",\"@id\":\"http:\/\/salmosbiblicos.com.br\/index.php\/2026\/04\/04\/perdao-e-compaixao-o-caminho-para-a-paz-interior\/#article\",\"isPartOf\":{\"@id\":\"http:\/\/salmosbiblicos.com.br\/index.php\/2026\/04\/04\/perdao-e-compaixao-o-caminho-para-a-paz-interior\/\"},\"author\":{\"name\":\"alextreh@gmail.com\",\"@id\":\"https:\/\/salmosbiblicos.com.br\/#\/schema\/person\/30586d0fb3f3a46b78a3414fc39cc975\"},\"headline\":\"Perd\u00e3o e Compaix\u00e3o: O Caminho para a Paz Interior\",\"datePublished\":\"2026-04-04T11:21:42+00:00\",\"mainEntityOfPage\":{\"@id\":\"http:\/\/salmosbiblicos.com.br\/index.php\/2026\/04\/04\/perdao-e-compaixao-o-caminho-para-a-paz-interior\/\"},\"wordCount\":624,\"articleSection\":[\"Reflex\u00e3o\"],\"inLanguage\":\"pt-BR\"},{\"@type\":\"WebPage\",\"@id\":\"http:\/\/salmosbiblicos.com.br\/index.php\/2026\/04\/04\/perdao-e-compaixao-o-caminho-para-a-paz-interior\/\",\"url\":\"http:\/\/salmosbiblicos.com.br\/index.php\/2026\/04\/04\/perdao-e-compaixao-o-caminho-para-a-paz-interior\/\",\"name\":\"Perd\u00e3o e Compaix\u00e3o: O Caminho para a Paz Interior - Salmos B\u00edblicos\",\"isPartOf\":{\"@id\":\"https:\/\/salmosbiblicos.com.br\/#website\"},\"datePublished\":\"2026-04-04T11:21:42+00:00\",\"author\":{\"@id\":\"https:\/\/salmosbiblicos.com.br\/#\/schema\/person\/30586d0fb3f3a46b78a3414fc39cc975\"},\"breadcrumb\":{\"@id\":\"http:\/\/salmosbiblicos.com.br\/index.php\/2026\/04\/04\/perdao-e-compaixao-o-caminho-para-a-paz-interior\/#breadcrumb\"},\"inLanguage\":\"pt-BR\",\"potentialAction\":[{\"@type\":\"ReadAction\",\"target\":[\"http:\/\/salmosbiblicos.com.br\/index.php\/2026\/04\/04\/perdao-e-compaixao-o-caminho-para-a-paz-interior\/\"]}]},{\"@type\":\"BreadcrumbList\",\"@id\":\"http:\/\/salmosbiblicos.com.br\/index.php\/2026\/04\/04\/perdao-e-compaixao-o-caminho-para-a-paz-interior\/#breadcrumb\",\"itemListElement\":[{\"@type\":\"ListItem\",\"position\":1,\"name\":\"Home\",\"item\":\"https:\/\/salmosbiblicos.com.br\/\"},{\"@type\":\"ListItem\",\"position\":2,\"name\":\"Perd\u00e3o e Compaix\u00e3o: O Caminho para a Paz Interior\"}]},{\"@type\":\"WebSite\",\"@id\":\"https:\/\/salmosbiblicos.com.br\/#website\",\"url\":\"https:\/\/salmosbiblicos.com.br\/\",\"name\":\"Salmos B\u00edblicos\",\"description\":\"Uma e-Livraria com e-Books novos para voc\u00ea refletir.\",\"potentialAction\":[{\"@type\":\"SearchAction\",\"target\":{\"@type\":\"EntryPoint\",\"urlTemplate\":\"https:\/\/salmosbiblicos.com.br\/?s={search_term_string}\"},\"query-input\":{\"@type\":\"PropertyValueSpecification\",\"valueRequired\":true,\"valueName\":\"search_term_string\"}}],\"inLanguage\":\"pt-BR\"},{\"@type\":\"Person\",\"@id\":\"https:\/\/salmosbiblicos.com.br\/#\/schema\/person\/30586d0fb3f3a46b78a3414fc39cc975\",\"name\":\"alextreh@gmail.com\",\"image\":{\"@type\":\"ImageObject\",\"inLanguage\":\"pt-BR\",\"@id\":\"https:\/\/secure.gravatar.com\/avatar\/7cf84d31f581ec97b887c1039d478a7c293086896c84951a86753fb2c2af7527?s=96&d=mm&r=g\",\"url\":\"https:\/\/secure.gravatar.com\/avatar\/7cf84d31f581ec97b887c1039d478a7c293086896c84951a86753fb2c2af7527?s=96&d=mm&r=g\",\"contentUrl\":\"https:\/\/secure.gravatar.com\/avatar\/7cf84d31f581ec97b887c1039d478a7c293086896c84951a86753fb2c2af7527?s=96&d=mm&r=g\",\"caption\":\"alextreh@gmail.com\"},\"sameAs\":[\"http:\/\/salmosbiblicos.com.br\"],\"url\":\"http:\/\/salmosbiblicos.com.br\/index.php\/author\/alextrehgmail-com\/\"}]}<\/script>\n<!-- \/ Yoast SEO plugin. -->","yoast_head_json":{"title":"Perd\u00e3o e Compaix\u00e3o: O Caminho para a Paz Interior - Salmos B\u00edblicos","robots":{"index":"index","follow":"follow","max-snippet":"max-snippet:-1","max-image-preview":"max-image-preview:large","max-video-preview":"max-video-preview:-1"},"canonical":"http:\/\/salmosbiblicos.com.br\/index.php\/2026\/04\/04\/perdao-e-compaixao-o-caminho-para-a-paz-interior\/","og_locale":"pt_BR","og_type":"article","og_title":"Perd\u00e3o e Compaix\u00e3o: O Caminho para a Paz Interior - Salmos B\u00edblicos","og_description":"O peso do julgamento \u00e9 uma carga que esmaga a alma, mas a leveza do perd\u00e3o \u00e9 o que nos devolrente a paz. Muitas vezes, carregamos o fardo da indigna\u00e7\u00e3o e da m\u00e1goa, esquecendo que a verdadeira for\u00e7a n\u00e3o reside em punir o erro alheio, mas em **acolher a fragilidade do pr\u00f3ximo** com a mesma [&hellip;]","og_url":"http:\/\/salmosbiblicos.com.br\/index.php\/2026\/04\/04\/perdao-e-compaixao-o-caminho-para-a-paz-interior\/","og_site_name":"Salmos B\u00edblicos","article_published_time":"2026-04-04T11:21:42+00:00","author":"alextreh@gmail.com","twitter_card":"summary_large_image","twitter_misc":{"Escrito por":"alextreh@gmail.com","Est. tempo de leitura":"3 minutos"},"schema":{"@context":"https:\/\/schema.org","@graph":[{"@type":"Article","@id":"http:\/\/salmosbiblicos.com.br\/index.php\/2026\/04\/04\/perdao-e-compaixao-o-caminho-para-a-paz-interior\/#article","isPartOf":{"@id":"http:\/\/salmosbiblicos.com.br\/index.php\/2026\/04\/04\/perdao-e-compaixao-o-caminho-para-a-paz-interior\/"},"author":{"name":"alextreh@gmail.com","@id":"https:\/\/salmosbiblicos.com.br\/#\/schema\/person\/30586d0fb3f3a46b78a3414fc39cc975"},"headline":"Perd\u00e3o e Compaix\u00e3o: O Caminho para a Paz Interior","datePublished":"2026-04-04T11:21:42+00:00","mainEntityOfPage":{"@id":"http:\/\/salmosbiblicos.com.br\/index.php\/2026\/04\/04\/perdao-e-compaixao-o-caminho-para-a-paz-interior\/"},"wordCount":624,"articleSection":["Reflex\u00e3o"],"inLanguage":"pt-BR"},{"@type":"WebPage","@id":"http:\/\/salmosbiblicos.com.br\/index.php\/2026\/04\/04\/perdao-e-compaixao-o-caminho-para-a-paz-interior\/","url":"http:\/\/salmosbiblicos.com.br\/index.php\/2026\/04\/04\/perdao-e-compaixao-o-caminho-para-a-paz-interior\/","name":"Perd\u00e3o e Compaix\u00e3o: O Caminho para a Paz Interior - Salmos B\u00edblicos","isPartOf":{"@id":"https:\/\/salmosbiblicos.com.br\/#website"},"datePublished":"2026-04-04T11:21:42+00:00","author":{"@id":"https:\/\/salmosbiblicos.com.br\/#\/schema\/person\/30586d0fb3f3a46b78a3414fc39cc975"},"breadcrumb":{"@id":"http:\/\/salmosbiblicos.com.br\/index.php\/2026\/04\/04\/perdao-e-compaixao-o-caminho-para-a-paz-interior\/#breadcrumb"},"inLanguage":"pt-BR","potentialAction":[{"@type":"ReadAction","target":["http:\/\/salmosbiblicos.com.br\/index.php\/2026\/04\/04\/perdao-e-compaixao-o-caminho-para-a-paz-interior\/"]}]},{"@type":"BreadcrumbList","@id":"http:\/\/salmosbiblicos.com.br\/index.php\/2026\/04\/04\/perdao-e-compaixao-o-caminho-para-a-paz-interior\/#breadcrumb","itemListElement":[{"@type":"ListItem","position":1,"name":"Home","item":"https:\/\/salmosbiblicos.com.br\/"},{"@type":"ListItem","position":2,"name":"Perd\u00e3o e Compaix\u00e3o: O Caminho para a Paz Interior"}]},{"@type":"WebSite","@id":"https:\/\/salmosbiblicos.com.br\/#website","url":"https:\/\/salmosbiblicos.com.br\/","name":"Salmos B\u00edblicos","description":"Uma e-Livraria com e-Books novos para voc\u00ea refletir.","potentialAction":[{"@type":"SearchAction","target":{"@type":"EntryPoint","urlTemplate":"https:\/\/salmosbiblicos.com.br\/?s={search_term_string}"},"query-input":{"@type":"PropertyValueSpecification","valueRequired":true,"valueName":"search_term_string"}}],"inLanguage":"pt-BR"},{"@type":"Person","@id":"https:\/\/salmosbiblicos.com.br\/#\/schema\/person\/30586d0fb3f3a46b78a3414fc39cc975","name":"alextreh@gmail.com","image":{"@type":"ImageObject","inLanguage":"pt-BR","@id":"https:\/\/secure.gravatar.com\/avatar\/7cf84d31f581ec97b887c1039d478a7c293086896c84951a86753fb2c2af7527?s=96&d=mm&r=g","url":"https:\/\/secure.gravatar.com\/avatar\/7cf84d31f581ec97b887c1039d478a7c293086896c84951a86753fb2c2af7527?s=96&d=mm&r=g","contentUrl":"https:\/\/secure.gravatar.com\/avatar\/7cf84d31f581ec97b887c1039d478a7c293086896c84951a86753fb2c2af7527?s=96&d=mm&r=g","caption":"alextreh@gmail.com"},"sameAs":["http:\/\/salmosbiblicos.com.br"],"url":"http:\/\/salmosbiblicos.com.br\/index.php\/author\/alextrehgmail-com\/"}]}},"_links":{"self":[{"href":"http:\/\/salmosbiblicos.com.br\/index.php\/wp-json\/wp\/v2\/posts\/6625","targetHints":{"allow":["GET"]}}],"collection":[{"href":"http:\/\/salmosbiblicos.com.br\/index.php\/wp-json\/wp\/v2\/posts"}],"about":[{"href":"http:\/\/salmosbiblicos.com.br\/index.php\/wp-json\/wp\/v2\/types\/post"}],"author":[{"embeddable":true,"href":"http:\/\/salmosbiblicos.com.br\/index.php\/wp-json\/wp\/v2\/users\/1"}],"replies":[{"embeddable":true,"href":"http:\/\/salmosbiblicos.com.br\/index.php\/wp-json\/wp\/v2\/comments?post=6625"}],"version-history":[{"count":1,"href":"http:\/\/salmosbiblicos.com.br\/index.php\/wp-json\/wp\/v2\/posts\/6625\/revisions"}],"predecessor-version":[{"id":6626,"href":"http:\/\/salmosbiblicos.com.br\/index.php\/wp-json\/wp\/v2\/posts\/6625\/revisions\/6626"}],"wp:attachment":[{"href":"http:\/\/salmosbiblicos.com.br\/index.php\/wp-json\/wp\/v2\/media?parent=6625"}],"wp:term":[{"taxonomy":"category","embeddable":true,"href":"http:\/\/salmosbiblicos.com.br\/index.php\/wp-json\/wp\/v2\/categories?post=6625"},{"taxonomy":"post_tag","embeddable":true,"href":"http:\/\/salmosbiblicos.com.br\/index.php\/wp-json\/wp\/v2\/tags?post=6625"}],"curies":[{"name":"wp","href":"https:\/\/api.w.org\/{rel}","templated":true}]}}