{"id":6633,"date":"2026-04-04T09:03:29","date_gmt":"2026-04-04T12:03:29","guid":{"rendered":"https:\/\/salmosbiblicos.com.br\/?p=6633"},"modified":"2026-04-04T09:03:29","modified_gmt":"2026-04-04T12:03:29","slug":"tempo-de-graca-renove-sua-alma-e-encontre-seu-proposito-original","status":"publish","type":"post","link":"http:\/\/salmosbiblicos.com.br\/index.php\/2026\/04\/04\/tempo-de-graca-renove-sua-alma-e-encontre-seu-proposito-original\/","title":{"rendered":"Tempo de Gra\u00e7a: Renove Sua Alma e Encontre Seu Prop\u00f3sito Original"},"content":{"rendered":"<p>## O Chamado para o Tempo de Gra\u00e7a<\/p>\n<p>Existe um instante em que o c\u00e9u parece tocar a terra, um momento em que a provid\u00eancia divina se inclina sobre n\u00f3s com uma oportunidade \u00fanica de renova\u00e7\u00e3o. **Este \u00e9 o tempo favor\u00e1vel.**<\/p>\n<p>N\u00e3o \u00e9 por acaso que atravessamos este per\u00edodo de quarenta dias, do dia 5 de mar\u00e7o ao dia 20 de abril. Este intervalo de tempo foi preparado para que cada alma encontre o caminho de volta ao seu prop\u00f3sito original.<\/p>\n<p>Muitas vezes, a correria da vida nos faz perder o in\u00edcio de uma jornada espiritual. Se voc\u00ea sente que falhou ou que o primeiro passo n\u00e3o foi dado, saiba que **a miseric\u00f3rdia n\u00e3o tem prazo de validade.** O importante \u00e9 n\u00e3o permitir que o cora\u00e7\u00e3o se feche para o que est\u00e1 sendo oferecido agora.<\/p>\n<p>## O Despertar de uma Alma Adormecida<\/p>\n<p>Vivemos dias em que a alma pode cair em um sono profundo, uma letargia espiritual que nos impede de perceber a proximidade do divino. \u00c9 preciso compreender que **a hora de despertar chegou.**<\/p>\n<p>A vida pode nos envolver em preocupa\u00e7\u00f5es que nos anestesiam, mas este per\u00edodo de reflex\u00e3o serve para sacudir o nosso esp\u00edrito. Precisamos despertar, pois a nossa reden\u00e7\u00e3o e a renova\u00e7\u00e3o da nossa esperan\u00e7a est\u00e3o mais pr\u00f3ximas do que imaginamos.<\/p>\n<p>N\u00e3o podemos viver este tempo de forma superficial. A verdadeira transforma\u00e7\u00e3o exige que deixemos o sono da indiferen\u00e7a e assumamos a nossa miss\u00e3o de **embaixadores da reconcilia\u00e7\u00e3o**.<\/p>\n<p>### A Miss\u00e3o da Reconcilia\u00e7\u00e3o<\/p>\n<p>Somos chamados a ser instrumentos de paz e de retorno ao essencial. A nossa miss\u00e3o \u00e9 clara: **deixar-nos reconciliar com o Criador.**<\/p>\n<p>Aquele que assumiu as nossas fragilidades o fez para que pud\u00e9ssemos encontrar a justi\u00e7a e a integridade. Por isso, n\u00e3o devemos receber em v\u00e3o a gra\u00e7a que nos \u00e9 estendida. **O momento favor\u00e1vel \u00e9 agora.**<\/p>\n<p>## Os Tr\u00eas Pilares da Renova\u00e7\u00e3o<\/p>\n<p>Para que esta jornada de quarenta dias seja frut\u00edfera, \u00e9 necess\u00e1rio trilhar um caminho de disciplina e amor, fundamentado em tr\u00eas pilares essenciais: **ora\u00e7\u00e3o, jejum e caridade.**<\/p>\n<p>### A Ora\u00e7\u00e3o Constante<\/p>\n<p>A ora\u00e7\u00e3o n\u00e3o deve ser um evento isolado, mas o pulsar constante do nosso cora\u00e7\u00e3o. Ela \u00e9 o f\u00f4lego da alma.<\/p>\n<p>*   **Vivei sempre contentes:** Encontre alegria na presen\u00e7a do divino.<br \/>*   **Orai sem cessar:** Mantenha o di\u00e1logo aberto em todas as circunst\u00e2ncias.<br \/>*   **Dai gra\u00e7as:** Cultive a gratid\u00e3o, pois ela \u00e9 a chave para reconhecer a vontade de Deus em sua vida.<\/p>\n<p>### O Jejum e o Retorno ao Cora\u00e7\u00e3o<\/p>\n<p>O jejum n\u00e3o \u00e9 apenas a priva\u00e7\u00e3o de alimentos, mas um exerc\u00edcio de humildade e retorno \u00e0 nossa ess\u00eancia. \u00c9 o momento de olhar para dentro e buscar a verdade.<\/p>\n<p>\u00c9 um tempo de **voltar para o Senhor com todo o nosso cora\u00e7\u00e3o**, utilizando o sil\u00eancio e a introspec\u00e7\u00e3o para curar as feridas e purificar os desejos. O sacrif\u00edcio do jejum prepara o terreno para que a gra\u00e7a possa florescer em solo f\u00e9rtil.<\/p>\n<p>### A Caridade como Sacrif\u00edcio Sagrado<\/p>\n<p>A espiritualidade que n\u00e3o se traduz em amor ao pr\u00f3ximo \u00e9 incompleta. A verdadeira pr\u00e1tica da f\u00e9 manifesta-se na generosidade e na benevol\u00eancia.<\/p>\n<p>*   **N\u00e3o negleje a pr\u00e1tica do bem:** Cada gesto de bondade \u00e9 um passo em dire\u00e7\u00e3o \u00e0 luz.<br \/>*   **Pratique a liberalidade:** A partilha \u00e9 um sacrif\u00edcio que agrada profundamente ao cora\u00e7\u00e3o divino.<br \/>*   **Seja um canal de aux\u00edlio:** A caridade \u00e9 a prova concreta da nossa transforma\u00e7\u00e3o interna.<\/p>\n<p>Que este per\u00edodo seja a oportunidade de sua vida para experimentar uma **verdadeira salva\u00e7\u00e3o** e uma renova\u00e7\u00e3o profunda, tanto para voc\u00ea quanto para toda a sua fam\u00edlia. Aproveite este tempo de gra\u00e7a; ele foi feito para voc\u00ea.<\/p>\n","protected":false},"excerpt":{"rendered":"<p>## O Chamado para o Tempo de Gra\u00e7a Existe um instante em que o c\u00e9u parece tocar a terra, um momento em que a provid\u00eancia divina se inclina sobre n\u00f3s com uma oportunidade \u00fanica de renova\u00e7\u00e3o. **Este \u00e9 o tempo favor\u00e1vel.** N\u00e3o \u00e9 por acaso que atravessamos este per\u00edodo de quarenta dias, do dia 5 [&hellip;]<\/p>\n","protected":false},"author":1,"featured_media":0,"comment_status":"closed","ping_status":"open","sticky":false,"template":"","format":"standard","meta":{"footnotes":""},"categories":[14],"tags":[],"class_list":["post-6633","post","type-post","status-publish","format-standard","hentry","category-reflexao"],"yoast_head":"<!-- This site is optimized with the Yoast SEO plugin v27.2 - https:\/\/yoast.com\/product\/yoast-seo-wordpress\/ -->\n<title>Tempo de Gra\u00e7a: Renove Sua Alma e Encontre Seu Prop\u00f3sito Original - Salmos B\u00edblicos<\/title>\n<meta name=\"robots\" content=\"index, follow, max-snippet:-1, max-image-preview:large, max-video-preview:-1\" \/>\n<link rel=\"canonical\" href=\"http:\/\/salmosbiblicos.com.br\/index.php\/2026\/04\/04\/tempo-de-graca-renove-sua-alma-e-encontre-seu-proposito-original\/\" \/>\n<meta property=\"og:locale\" content=\"pt_BR\" \/>\n<meta property=\"og:type\" content=\"article\" \/>\n<meta property=\"og:title\" content=\"Tempo de Gra\u00e7a: Renove Sua Alma e Encontre Seu Prop\u00f3sito Original - Salmos B\u00edblicos\" \/>\n<meta property=\"og:description\" content=\"## O Chamado para o Tempo de Gra\u00e7a Existe um instante em que o c\u00e9u parece tocar a terra, um momento em que a provid\u00eancia divina se inclina sobre n\u00f3s com uma oportunidade \u00fanica de renova\u00e7\u00e3o. **Este \u00e9 o tempo favor\u00e1vel.** N\u00e3o \u00e9 por acaso que atravessamos este per\u00edodo de quarenta dias, do dia 5 [&hellip;]\" \/>\n<meta property=\"og:url\" content=\"http:\/\/salmosbiblicos.com.br\/index.php\/2026\/04\/04\/tempo-de-graca-renove-sua-alma-e-encontre-seu-proposito-original\/\" \/>\n<meta property=\"og:site_name\" content=\"Salmos B\u00edblicos\" \/>\n<meta property=\"article:published_time\" content=\"2026-04-04T12:03:29+00:00\" \/>\n<meta name=\"author\" content=\"alextreh@gmail.com\" \/>\n<meta name=\"twitter:card\" content=\"summary_large_image\" \/>\n<meta name=\"twitter:label1\" content=\"Escrito por\" \/>\n\t<meta name=\"twitter:data1\" content=\"alextreh@gmail.com\" \/>\n\t<meta name=\"twitter:label2\" content=\"Est. tempo de leitura\" \/>\n\t<meta name=\"twitter:data2\" content=\"3 minutos\" \/>\n<script type=\"application\/ld+json\" class=\"yoast-schema-graph\">{\"@context\":\"https:\/\/schema.org\",\"@graph\":[{\"@type\":\"Article\",\"@id\":\"http:\/\/salmosbiblicos.com.br\/index.php\/2026\/04\/04\/tempo-de-graca-renove-sua-alma-e-encontre-seu-proposito-original\/#article\",\"isPartOf\":{\"@id\":\"http:\/\/salmosbiblicos.com.br\/index.php\/2026\/04\/04\/tempo-de-graca-renove-sua-alma-e-encontre-seu-proposito-original\/\"},\"author\":{\"name\":\"alextreh@gmail.com\",\"@id\":\"https:\/\/salmosbiblicos.com.br\/#\/schema\/person\/30586d0fb3f3a46b78a3414fc39cc975\"},\"headline\":\"Tempo de Gra\u00e7a: Renove Sua Alma e Encontre Seu Prop\u00f3sito Original\",\"datePublished\":\"2026-04-04T12:03:29+00:00\",\"mainEntityOfPage\":{\"@id\":\"http:\/\/salmosbiblicos.com.br\/index.php\/2026\/04\/04\/tempo-de-graca-renove-sua-alma-e-encontre-seu-proposito-original\/\"},\"wordCount\":661,\"articleSection\":[\"Reflex\u00e3o\"],\"inLanguage\":\"pt-BR\"},{\"@type\":\"WebPage\",\"@id\":\"http:\/\/salmosbiblicos.com.br\/index.php\/2026\/04\/04\/tempo-de-graca-renove-sua-alma-e-encontre-seu-proposito-original\/\",\"url\":\"http:\/\/salmosbiblicos.com.br\/index.php\/2026\/04\/04\/tempo-de-graca-renove-sua-alma-e-encontre-seu-proposito-original\/\",\"name\":\"Tempo de Gra\u00e7a: Renove Sua Alma e Encontre Seu Prop\u00f3sito Original - Salmos B\u00edblicos\",\"isPartOf\":{\"@id\":\"https:\/\/salmosbiblicos.com.br\/#website\"},\"datePublished\":\"2026-04-04T12:03:29+00:00\",\"author\":{\"@id\":\"https:\/\/salmosbiblicos.com.br\/#\/schema\/person\/30586d0fb3f3a46b78a3414fc39cc975\"},\"breadcrumb\":{\"@id\":\"http:\/\/salmosbiblicos.com.br\/index.php\/2026\/04\/04\/tempo-de-graca-renove-sua-alma-e-encontre-seu-proposito-original\/#breadcrumb\"},\"inLanguage\":\"pt-BR\",\"potentialAction\":[{\"@type\":\"ReadAction\",\"target\":[\"http:\/\/salmosbiblicos.com.br\/index.php\/2026\/04\/04\/tempo-de-graca-renove-sua-alma-e-encontre-seu-proposito-original\/\"]}]},{\"@type\":\"BreadcrumbList\",\"@id\":\"http:\/\/salmosbiblicos.com.br\/index.php\/2026\/04\/04\/tempo-de-graca-renove-sua-alma-e-encontre-seu-proposito-original\/#breadcrumb\",\"itemListElement\":[{\"@type\":\"ListItem\",\"position\":1,\"name\":\"Home\",\"item\":\"https:\/\/salmosbiblicos.com.br\/\"},{\"@type\":\"ListItem\",\"position\":2,\"name\":\"Tempo de Gra\u00e7a: Renove Sua Alma e Encontre Seu Prop\u00f3sito Original\"}]},{\"@type\":\"WebSite\",\"@id\":\"https:\/\/salmosbiblicos.com.br\/#website\",\"url\":\"https:\/\/salmosbiblicos.com.br\/\",\"name\":\"Salmos B\u00edblicos\",\"description\":\"Uma e-Livraria com e-Books novos para voc\u00ea refletir.\",\"potentialAction\":[{\"@type\":\"SearchAction\",\"target\":{\"@type\":\"EntryPoint\",\"urlTemplate\":\"https:\/\/salmosbiblicos.com.br\/?s={search_term_string}\"},\"query-input\":{\"@type\":\"PropertyValueSpecification\",\"valueRequired\":true,\"valueName\":\"search_term_string\"}}],\"inLanguage\":\"pt-BR\"},{\"@type\":\"Person\",\"@id\":\"https:\/\/salmosbiblicos.com.br\/#\/schema\/person\/30586d0fb3f3a46b78a3414fc39cc975\",\"name\":\"alextreh@gmail.com\",\"image\":{\"@type\":\"ImageObject\",\"inLanguage\":\"pt-BR\",\"@id\":\"https:\/\/secure.gravatar.com\/avatar\/7cf84d31f581ec97b887c1039d478a7c293086896c84951a86753fb2c2af7527?s=96&d=mm&r=g\",\"url\":\"https:\/\/secure.gravatar.com\/avatar\/7cf84d31f581ec97b887c1039d478a7c293086896c84951a86753fb2c2af7527?s=96&d=mm&r=g\",\"contentUrl\":\"https:\/\/secure.gravatar.com\/avatar\/7cf84d31f581ec97b887c1039d478a7c293086896c84951a86753fb2c2af7527?s=96&d=mm&r=g\",\"caption\":\"alextreh@gmail.com\"},\"sameAs\":[\"http:\/\/salmosbiblicos.com.br\"],\"url\":\"http:\/\/salmosbiblicos.com.br\/index.php\/author\/alextrehgmail-com\/\"}]}<\/script>\n<!-- \/ Yoast SEO plugin. -->","yoast_head_json":{"title":"Tempo de Gra\u00e7a: Renove Sua Alma e Encontre Seu Prop\u00f3sito Original - Salmos B\u00edblicos","robots":{"index":"index","follow":"follow","max-snippet":"max-snippet:-1","max-image-preview":"max-image-preview:large","max-video-preview":"max-video-preview:-1"},"canonical":"http:\/\/salmosbiblicos.com.br\/index.php\/2026\/04\/04\/tempo-de-graca-renove-sua-alma-e-encontre-seu-proposito-original\/","og_locale":"pt_BR","og_type":"article","og_title":"Tempo de Gra\u00e7a: Renove Sua Alma e Encontre Seu Prop\u00f3sito Original - Salmos B\u00edblicos","og_description":"## O Chamado para o Tempo de Gra\u00e7a Existe um instante em que o c\u00e9u parece tocar a terra, um momento em que a provid\u00eancia divina se inclina sobre n\u00f3s com uma oportunidade \u00fanica de renova\u00e7\u00e3o. **Este \u00e9 o tempo favor\u00e1vel.** N\u00e3o \u00e9 por acaso que atravessamos este per\u00edodo de quarenta dias, do dia 5 [&hellip;]","og_url":"http:\/\/salmosbiblicos.com.br\/index.php\/2026\/04\/04\/tempo-de-graca-renove-sua-alma-e-encontre-seu-proposito-original\/","og_site_name":"Salmos B\u00edblicos","article_published_time":"2026-04-04T12:03:29+00:00","author":"alextreh@gmail.com","twitter_card":"summary_large_image","twitter_misc":{"Escrito por":"alextreh@gmail.com","Est. tempo de leitura":"3 minutos"},"schema":{"@context":"https:\/\/schema.org","@graph":[{"@type":"Article","@id":"http:\/\/salmosbiblicos.com.br\/index.php\/2026\/04\/04\/tempo-de-graca-renove-sua-alma-e-encontre-seu-proposito-original\/#article","isPartOf":{"@id":"http:\/\/salmosbiblicos.com.br\/index.php\/2026\/04\/04\/tempo-de-graca-renove-sua-alma-e-encontre-seu-proposito-original\/"},"author":{"name":"alextreh@gmail.com","@id":"https:\/\/salmosbiblicos.com.br\/#\/schema\/person\/30586d0fb3f3a46b78a3414fc39cc975"},"headline":"Tempo de Gra\u00e7a: Renove Sua Alma e Encontre Seu Prop\u00f3sito Original","datePublished":"2026-04-04T12:03:29+00:00","mainEntityOfPage":{"@id":"http:\/\/salmosbiblicos.com.br\/index.php\/2026\/04\/04\/tempo-de-graca-renove-sua-alma-e-encontre-seu-proposito-original\/"},"wordCount":661,"articleSection":["Reflex\u00e3o"],"inLanguage":"pt-BR"},{"@type":"WebPage","@id":"http:\/\/salmosbiblicos.com.br\/index.php\/2026\/04\/04\/tempo-de-graca-renove-sua-alma-e-encontre-seu-proposito-original\/","url":"http:\/\/salmosbiblicos.com.br\/index.php\/2026\/04\/04\/tempo-de-graca-renove-sua-alma-e-encontre-seu-proposito-original\/","name":"Tempo de Gra\u00e7a: Renove Sua Alma e Encontre Seu Prop\u00f3sito Original - Salmos B\u00edblicos","isPartOf":{"@id":"https:\/\/salmosbiblicos.com.br\/#website"},"datePublished":"2026-04-04T12:03:29+00:00","author":{"@id":"https:\/\/salmosbiblicos.com.br\/#\/schema\/person\/30586d0fb3f3a46b78a3414fc39cc975"},"breadcrumb":{"@id":"http:\/\/salmosbiblicos.com.br\/index.php\/2026\/04\/04\/tempo-de-graca-renove-sua-alma-e-encontre-seu-proposito-original\/#breadcrumb"},"inLanguage":"pt-BR","potentialAction":[{"@type":"ReadAction","target":["http:\/\/salmosbiblicos.com.br\/index.php\/2026\/04\/04\/tempo-de-graca-renove-sua-alma-e-encontre-seu-proposito-original\/"]}]},{"@type":"BreadcrumbList","@id":"http:\/\/salmosbiblicos.com.br\/index.php\/2026\/04\/04\/tempo-de-graca-renove-sua-alma-e-encontre-seu-proposito-original\/#breadcrumb","itemListElement":[{"@type":"ListItem","position":1,"name":"Home","item":"https:\/\/salmosbiblicos.com.br\/"},{"@type":"ListItem","position":2,"name":"Tempo de Gra\u00e7a: Renove Sua Alma e Encontre Seu Prop\u00f3sito Original"}]},{"@type":"WebSite","@id":"https:\/\/salmosbiblicos.com.br\/#website","url":"https:\/\/salmosbiblicos.com.br\/","name":"Salmos B\u00edblicos","description":"Uma e-Livraria com e-Books novos para voc\u00ea refletir.","potentialAction":[{"@type":"SearchAction","target":{"@type":"EntryPoint","urlTemplate":"https:\/\/salmosbiblicos.com.br\/?s={search_term_string}"},"query-input":{"@type":"PropertyValueSpecification","valueRequired":true,"valueName":"search_term_string"}}],"inLanguage":"pt-BR"},{"@type":"Person","@id":"https:\/\/salmosbiblicos.com.br\/#\/schema\/person\/30586d0fb3f3a46b78a3414fc39cc975","name":"alextreh@gmail.com","image":{"@type":"ImageObject","inLanguage":"pt-BR","@id":"https:\/\/secure.gravatar.com\/avatar\/7cf84d31f581ec97b887c1039d478a7c293086896c84951a86753fb2c2af7527?s=96&d=mm&r=g","url":"https:\/\/secure.gravatar.com\/avatar\/7cf84d31f581ec97b887c1039d478a7c293086896c84951a86753fb2c2af7527?s=96&d=mm&r=g","contentUrl":"https:\/\/secure.gravatar.com\/avatar\/7cf84d31f581ec97b887c1039d478a7c293086896c84951a86753fb2c2af7527?s=96&d=mm&r=g","caption":"alextreh@gmail.com"},"sameAs":["http:\/\/salmosbiblicos.com.br"],"url":"http:\/\/salmosbiblicos.com.br\/index.php\/author\/alextrehgmail-com\/"}]}},"_links":{"self":[{"href":"http:\/\/salmosbiblicos.com.br\/index.php\/wp-json\/wp\/v2\/posts\/6633","targetHints":{"allow":["GET"]}}],"collection":[{"href":"http:\/\/salmosbiblicos.com.br\/index.php\/wp-json\/wp\/v2\/posts"}],"about":[{"href":"http:\/\/salmosbiblicos.com.br\/index.php\/wp-json\/wp\/v2\/types\/post"}],"author":[{"embeddable":true,"href":"http:\/\/salmosbiblicos.com.br\/index.php\/wp-json\/wp\/v2\/users\/1"}],"replies":[{"embeddable":true,"href":"http:\/\/salmosbiblicos.com.br\/index.php\/wp-json\/wp\/v2\/comments?post=6633"}],"version-history":[{"count":1,"href":"http:\/\/salmosbiblicos.com.br\/index.php\/wp-json\/wp\/v2\/posts\/6633\/revisions"}],"predecessor-version":[{"id":6634,"href":"http:\/\/salmosbiblicos.com.br\/index.php\/wp-json\/wp\/v2\/posts\/6633\/revisions\/6634"}],"wp:attachment":[{"href":"http:\/\/salmosbiblicos.com.br\/index.php\/wp-json\/wp\/v2\/media?parent=6633"}],"wp:term":[{"taxonomy":"category","embeddable":true,"href":"http:\/\/salmosbiblicos.com.br\/index.php\/wp-json\/wp\/v2\/categories?post=6633"},{"taxonomy":"post_tag","embeddable":true,"href":"http:\/\/salmosbiblicos.com.br\/index.php\/wp-json\/wp\/v2\/tags?post=6633"}],"curies":[{"name":"wp","href":"https:\/\/api.w.org\/{rel}","templated":true}]}}