{"id":6641,"date":"2026-04-04T09:46:04","date_gmt":"2026-04-04T12:46:04","guid":{"rendered":"https:\/\/salmosbiblicos.com.br\/?p=6641"},"modified":"2026-04-04T09:46:04","modified_gmt":"2026-04-04T12:46:04","slug":"coracao-inabalavel-paz-interior-e-a-lei-de-deus","status":"publish","type":"post","link":"http:\/\/salmosbiblicos.com.br\/index.php\/2026\/04\/04\/coracao-inabalavel-paz-interior-e-a-lei-de-deus\/","title":{"rendered":"Cora\u00e7\u00e3o Inabal\u00e1vel: Paz Interior e a Lei de Deus"},"content":{"rendered":"<p>## O Segredo para um Cora\u00e7\u00e3o Inabal\u00e1vel<\/p>\n<p>Muitos caminham pela vida carregando um peso invis\u00edvel, uma inquietude que n\u00e3o os deixa descansar. O cora\u00e7\u00e3o busca descanso, mas encontra apenas ansiedade e incerteza. <\/p>\n<p>A grande verdade que precisamos compreender \u00e9 que **a verdadeira paz n\u00e3o \u00e9 a aus\u00eancia de problemas, mas a presen\u00e7a de Deus** atrav\u00e9s da obedi\u00eancia \u00e0 Sua vontade. Quando nos afastamos dos Seus princ\u00edpios, perdemos o norte e a serenidade.<\/p>\n<p>## A Lei que Protege o Caminhante<\/p>\n<p>Existe uma promessa de seguran\u00e7a para aqueles que abra\u00e7am a vontade divina. Quem ama as leis do Criador encontra uma base s\u00f3lida, algo que impede o trope\u00e7o diante das tempestades da vida.<\/p>\n<p>**Amar a lei de Deus \u00e9 encontrar um ref\u00fagio.** Quando vivemos sob esses princ\u00edpios, o fruto natural que brota em nossa alma \u00e9 a paz. N\u00e3o \u00e9 um sentimento passageiro, mas uma condi\u00e7\u00e3o de estabilidade espiritual.<\/p>\n<p>Ao meditarmos sobre as escrituras, aprendemos que:<br \/>*   A lei de Deus \u00e9 o nosso **alicerce contra o erro**.<br \/>*   Encontrar deleite nos Seus mandamentos nos mant\u00e9m no caminho certo.<br \/>*   A fidelidade aos Seus preceitos traz uma **seguran\u00e7a que o mundo n\u00e3o pode dar**.<\/p>\n<p>## A Dieta da Alma: Onde Repousam seus Pensamentos<\/p>\n<p>A nossa paz est\u00e1 diretamente ligada ao que permitimos que ocupe a nossa mente. Onde voc\u00ea tem colocado o seu foco? Se a sua mente \u00e9 um campo de disc\u00f3rdia, sua vida ser\u00e1 de conflito.<\/p>\n<p>\u00c9 preciso um esfor\u00e7o consciente para cultivar pensamentos que edifiquem. Devemos buscar ocupar nosso esp\u00edrito com tudo o que \u00e9:<br \/>*   **Verdadeiro e Nobre**;<br \/>*   **Justo e Puro**;<br \/>*   **Am\u00e1vel e de Boa Fama**;<br \/>*   **Virtuoso e Louv\u00e1vel**.<\/p>\n<p>N\u00e3o basta apenas ouvir a palavra ou observar o bem; a verdadeira transforma\u00e7\u00e3o acontece quando **praticamos o que aprendemos**. Quando a pr\u00e1tica da virtude se torna um h\u00e1bito, o pr\u00f3prio Deus da paz habita em n\u00f3s.<\/p>\n<p>## A Lei Inabal\u00e1vel das Consequ\u00eancias<\/p>\n<p>Muitas vezes, a ilus\u00e3o do mundo nos faz acreditar que o erro \u00e9 um caminho lucrativo. Olhamos ao redor e parece que a injusti\u00e7a prospera, mas essa \u00e9 apenas uma apar\u00eancia passageira.<\/p>\n<p>A vida possui uma lei espiritual de causa e efeito que ningu\u00e9m pode contornar:<br \/>1.  Para aqueles que praticam o mal, o destino inevit\u00e1vel \u00e9 a **tribula\u00e7\u00e3o e a ang\u00fastia**.<br \/>2.  Para aqueles que buscam o bem, a promessa \u00e9 de **gl\u00f3ria, honra e paz**.<\/p>\n<p>O mal pode at\u00e9 parecer vantajoso por um instante, mas ele nunca compensa o custo da perda da paz. **Praticar o bem \u00e9 o \u00fanico investimento que traz retorno eterno.**<\/p>\n<p>## Preparando o Terreno para a Renova\u00e7\u00e3o<\/p>\n<p>A vida espiritual exige prepara\u00e7\u00e3o. N\u00e3o podemos esperar colher frutos de santidade se n\u00e3o organizarmos o nosso pr\u00f3prio &#8220;altar&#8221; interior e o nosso ambiente.<\/p>\n<p>Momentos de maior intensidade de ora\u00e7\u00e3o e jejum, como os per\u00edodos de quarentena espiritual, exigem uma **organiza\u00e7\u00e3o pr\u00e1tica**. Para que a ora\u00e7\u00e3o flores\u00e7a, \u00e9 necess\u00e1rio:<br \/>*   **Organizar o sono**, preparando-se para despertar cedo em busca do Criador;<br \/>*   **Organizar a casa e a fam\u00edlia**, criando um ambiente de devo\u00e7\u00e3o;<br \/>*   **Organizar a vida digital**, cuidando do que acessamos na internet.<\/p>\n<p>Prepare-se para o novo. Deus tem novidades para a sua vida, mas a sua disposi\u00e7\u00e3o para o preparo determinar\u00e1 o quanto voc\u00ea receber\u00e1. **A pr\u00e1tica do bem e a disciplina da ora\u00e7\u00e3o s\u00e3o as chaves para a vit\u00f3ria.**<\/p>\n","protected":false},"excerpt":{"rendered":"<p>## O Segredo para um Cora\u00e7\u00e3o Inabal\u00e1vel Muitos caminham pela vida carregando um peso invis\u00edvel, uma inquietude que n\u00e3o os deixa descansar. O cora\u00e7\u00e3o busca descanso, mas encontra apenas ansiedade e incerteza. A grande verdade que precisamos compreender \u00e9 que **a verdadeira paz n\u00e3o \u00e9 a aus\u00eancia de problemas, mas a presen\u00e7a de Deus** atrav\u00e9s [&hellip;]<\/p>\n","protected":false},"author":1,"featured_media":0,"comment_status":"closed","ping_status":"open","sticky":false,"template":"","format":"standard","meta":{"footnotes":""},"categories":[14],"tags":[],"class_list":["post-6641","post","type-post","status-publish","format-standard","hentry","category-reflexao"],"yoast_head":"<!-- This site is optimized with the Yoast SEO plugin v27.2 - https:\/\/yoast.com\/product\/yoast-seo-wordpress\/ -->\n<title>Cora\u00e7\u00e3o Inabal\u00e1vel: Paz Interior e a Lei de Deus - Salmos B\u00edblicos<\/title>\n<meta name=\"robots\" content=\"index, follow, max-snippet:-1, max-image-preview:large, max-video-preview:-1\" \/>\n<link rel=\"canonical\" href=\"https:\/\/salmosbiblicos.com.br\/index.php\/2026\/04\/04\/coracao-inabalavel-paz-interior-e-a-lei-de-deus\/\" \/>\n<meta property=\"og:locale\" content=\"pt_BR\" \/>\n<meta property=\"og:type\" content=\"article\" \/>\n<meta property=\"og:title\" content=\"Cora\u00e7\u00e3o Inabal\u00e1vel: Paz Interior e a Lei de Deus - Salmos B\u00edblicos\" \/>\n<meta property=\"og:description\" content=\"## O Segredo para um Cora\u00e7\u00e3o Inabal\u00e1vel Muitos caminham pela vida carregando um peso invis\u00edvel, uma inquietude que n\u00e3o os deixa descansar. O cora\u00e7\u00e3o busca descanso, mas encontra apenas ansiedade e incerteza. A grande verdade que precisamos compreender \u00e9 que **a verdadeira paz n\u00e3o \u00e9 a aus\u00eancia de problemas, mas a presen\u00e7a de Deus** atrav\u00e9s [&hellip;]\" \/>\n<meta property=\"og:url\" content=\"https:\/\/salmosbiblicos.com.br\/index.php\/2026\/04\/04\/coracao-inabalavel-paz-interior-e-a-lei-de-deus\/\" \/>\n<meta property=\"og:site_name\" content=\"Salmos B\u00edblicos\" \/>\n<meta property=\"article:published_time\" content=\"2026-04-04T12:46:04+00:00\" \/>\n<meta name=\"author\" content=\"alextreh@gmail.com\" \/>\n<meta name=\"twitter:card\" content=\"summary_large_image\" \/>\n<meta name=\"twitter:label1\" content=\"Escrito por\" \/>\n\t<meta name=\"twitter:data1\" content=\"alextreh@gmail.com\" \/>\n\t<meta name=\"twitter:label2\" content=\"Est. tempo de leitura\" \/>\n\t<meta name=\"twitter:data2\" content=\"3 minutos\" \/>\n<script type=\"application\/ld+json\" class=\"yoast-schema-graph\">{\"@context\":\"https:\/\/schema.org\",\"@graph\":[{\"@type\":\"Article\",\"@id\":\"https:\/\/salmosbiblicos.com.br\/index.php\/2026\/04\/04\/coracao-inabalavel-paz-interior-e-a-lei-de-deus\/#article\",\"isPartOf\":{\"@id\":\"https:\/\/salmosbiblicos.com.br\/index.php\/2026\/04\/04\/coracao-inabalavel-paz-interior-e-a-lei-de-deus\/\"},\"author\":{\"name\":\"alextreh@gmail.com\",\"@id\":\"https:\/\/salmosbiblicos.com.br\/#\/schema\/person\/30586d0fb3f3a46b78a3414fc39cc975\"},\"headline\":\"Cora\u00e7\u00e3o Inabal\u00e1vel: Paz Interior e a Lei de Deus\",\"datePublished\":\"2026-04-04T12:46:04+00:00\",\"mainEntityOfPage\":{\"@id\":\"https:\/\/salmosbiblicos.com.br\/index.php\/2026\/04\/04\/coracao-inabalavel-paz-interior-e-a-lei-de-deus\/\"},\"wordCount\":592,\"articleSection\":[\"Reflex\u00e3o\"],\"inLanguage\":\"pt-BR\"},{\"@type\":\"WebPage\",\"@id\":\"https:\/\/salmosbiblicos.com.br\/index.php\/2026\/04\/04\/coracao-inabalavel-paz-interior-e-a-lei-de-deus\/\",\"url\":\"https:\/\/salmosbiblicos.com.br\/index.php\/2026\/04\/04\/coracao-inabalavel-paz-interior-e-a-lei-de-deus\/\",\"name\":\"Cora\u00e7\u00e3o Inabal\u00e1vel: Paz Interior e a Lei de Deus - Salmos B\u00edblicos\",\"isPartOf\":{\"@id\":\"https:\/\/salmosbiblicos.com.br\/#website\"},\"datePublished\":\"2026-04-04T12:46:04+00:00\",\"author\":{\"@id\":\"https:\/\/salmosbiblicos.com.br\/#\/schema\/person\/30586d0fb3f3a46b78a3414fc39cc975\"},\"breadcrumb\":{\"@id\":\"https:\/\/salmosbiblicos.com.br\/index.php\/2026\/04\/04\/coracao-inabalavel-paz-interior-e-a-lei-de-deus\/#breadcrumb\"},\"inLanguage\":\"pt-BR\",\"potentialAction\":[{\"@type\":\"ReadAction\",\"target\":[\"https:\/\/salmosbiblicos.com.br\/index.php\/2026\/04\/04\/coracao-inabalavel-paz-interior-e-a-lei-de-deus\/\"]}]},{\"@type\":\"BreadcrumbList\",\"@id\":\"https:\/\/salmosbiblicos.com.br\/index.php\/2026\/04\/04\/coracao-inabalavel-paz-interior-e-a-lei-de-deus\/#breadcrumb\",\"itemListElement\":[{\"@type\":\"ListItem\",\"position\":1,\"name\":\"Home\",\"item\":\"https:\/\/salmosbiblicos.com.br\/\"},{\"@type\":\"ListItem\",\"position\":2,\"name\":\"Cora\u00e7\u00e3o Inabal\u00e1vel: Paz Interior e a Lei de Deus\"}]},{\"@type\":\"WebSite\",\"@id\":\"https:\/\/salmosbiblicos.com.br\/#website\",\"url\":\"https:\/\/salmosbiblicos.com.br\/\",\"name\":\"Salmos B\u00edblicos\",\"description\":\"Uma e-Livraria com e-Books novos para voc\u00ea refletir.\",\"potentialAction\":[{\"@type\":\"SearchAction\",\"target\":{\"@type\":\"EntryPoint\",\"urlTemplate\":\"https:\/\/salmosbiblicos.com.br\/?s={search_term_string}\"},\"query-input\":{\"@type\":\"PropertyValueSpecification\",\"valueRequired\":true,\"valueName\":\"search_term_string\"}}],\"inLanguage\":\"pt-BR\"},{\"@type\":\"Person\",\"@id\":\"https:\/\/salmosbiblicos.com.br\/#\/schema\/person\/30586d0fb3f3a46b78a3414fc39cc975\",\"name\":\"alextreh@gmail.com\",\"image\":{\"@type\":\"ImageObject\",\"inLanguage\":\"pt-BR\",\"@id\":\"https:\/\/secure.gravatar.com\/avatar\/7cf84d31f581ec97b887c1039d478a7c293086896c84951a86753fb2c2af7527?s=96&d=mm&r=g\",\"url\":\"https:\/\/secure.gravatar.com\/avatar\/7cf84d31f581ec97b887c1039d478a7c293086896c84951a86753fb2c2af7527?s=96&d=mm&r=g\",\"contentUrl\":\"https:\/\/secure.gravatar.com\/avatar\/7cf84d31f581ec97b887c1039d478a7c293086896c84951a86753fb2c2af7527?s=96&d=mm&r=g\",\"caption\":\"alextreh@gmail.com\"},\"sameAs\":[\"http:\/\/salmosbiblicos.com.br\"],\"url\":\"http:\/\/salmosbiblicos.com.br\/index.php\/author\/alextrehgmail-com\/\"}]}<\/script>\n<!-- \/ Yoast SEO plugin. -->","yoast_head_json":{"title":"Cora\u00e7\u00e3o Inabal\u00e1vel: Paz Interior e a Lei de Deus - Salmos B\u00edblicos","robots":{"index":"index","follow":"follow","max-snippet":"max-snippet:-1","max-image-preview":"max-image-preview:large","max-video-preview":"max-video-preview:-1"},"canonical":"https:\/\/salmosbiblicos.com.br\/index.php\/2026\/04\/04\/coracao-inabalavel-paz-interior-e-a-lei-de-deus\/","og_locale":"pt_BR","og_type":"article","og_title":"Cora\u00e7\u00e3o Inabal\u00e1vel: Paz Interior e a Lei de Deus - Salmos B\u00edblicos","og_description":"## O Segredo para um Cora\u00e7\u00e3o Inabal\u00e1vel Muitos caminham pela vida carregando um peso invis\u00edvel, uma inquietude que n\u00e3o os deixa descansar. O cora\u00e7\u00e3o busca descanso, mas encontra apenas ansiedade e incerteza. A grande verdade que precisamos compreender \u00e9 que **a verdadeira paz n\u00e3o \u00e9 a aus\u00eancia de problemas, mas a presen\u00e7a de Deus** atrav\u00e9s [&hellip;]","og_url":"https:\/\/salmosbiblicos.com.br\/index.php\/2026\/04\/04\/coracao-inabalavel-paz-interior-e-a-lei-de-deus\/","og_site_name":"Salmos B\u00edblicos","article_published_time":"2026-04-04T12:46:04+00:00","author":"alextreh@gmail.com","twitter_card":"summary_large_image","twitter_misc":{"Escrito por":"alextreh@gmail.com","Est. tempo de leitura":"3 minutos"},"schema":{"@context":"https:\/\/schema.org","@graph":[{"@type":"Article","@id":"https:\/\/salmosbiblicos.com.br\/index.php\/2026\/04\/04\/coracao-inabalavel-paz-interior-e-a-lei-de-deus\/#article","isPartOf":{"@id":"https:\/\/salmosbiblicos.com.br\/index.php\/2026\/04\/04\/coracao-inabalavel-paz-interior-e-a-lei-de-deus\/"},"author":{"name":"alextreh@gmail.com","@id":"https:\/\/salmosbiblicos.com.br\/#\/schema\/person\/30586d0fb3f3a46b78a3414fc39cc975"},"headline":"Cora\u00e7\u00e3o Inabal\u00e1vel: Paz Interior e a Lei de Deus","datePublished":"2026-04-04T12:46:04+00:00","mainEntityOfPage":{"@id":"https:\/\/salmosbiblicos.com.br\/index.php\/2026\/04\/04\/coracao-inabalavel-paz-interior-e-a-lei-de-deus\/"},"wordCount":592,"articleSection":["Reflex\u00e3o"],"inLanguage":"pt-BR"},{"@type":"WebPage","@id":"https:\/\/salmosbiblicos.com.br\/index.php\/2026\/04\/04\/coracao-inabalavel-paz-interior-e-a-lei-de-deus\/","url":"https:\/\/salmosbiblicos.com.br\/index.php\/2026\/04\/04\/coracao-inabalavel-paz-interior-e-a-lei-de-deus\/","name":"Cora\u00e7\u00e3o Inabal\u00e1vel: Paz Interior e a Lei de Deus - Salmos B\u00edblicos","isPartOf":{"@id":"https:\/\/salmosbiblicos.com.br\/#website"},"datePublished":"2026-04-04T12:46:04+00:00","author":{"@id":"https:\/\/salmosbiblicos.com.br\/#\/schema\/person\/30586d0fb3f3a46b78a3414fc39cc975"},"breadcrumb":{"@id":"https:\/\/salmosbiblicos.com.br\/index.php\/2026\/04\/04\/coracao-inabalavel-paz-interior-e-a-lei-de-deus\/#breadcrumb"},"inLanguage":"pt-BR","potentialAction":[{"@type":"ReadAction","target":["https:\/\/salmosbiblicos.com.br\/index.php\/2026\/04\/04\/coracao-inabalavel-paz-interior-e-a-lei-de-deus\/"]}]},{"@type":"BreadcrumbList","@id":"https:\/\/salmosbiblicos.com.br\/index.php\/2026\/04\/04\/coracao-inabalavel-paz-interior-e-a-lei-de-deus\/#breadcrumb","itemListElement":[{"@type":"ListItem","position":1,"name":"Home","item":"https:\/\/salmosbiblicos.com.br\/"},{"@type":"ListItem","position":2,"name":"Cora\u00e7\u00e3o Inabal\u00e1vel: Paz Interior e a Lei de Deus"}]},{"@type":"WebSite","@id":"https:\/\/salmosbiblicos.com.br\/#website","url":"https:\/\/salmosbiblicos.com.br\/","name":"Salmos B\u00edblicos","description":"Uma e-Livraria com e-Books novos para voc\u00ea refletir.","potentialAction":[{"@type":"SearchAction","target":{"@type":"EntryPoint","urlTemplate":"https:\/\/salmosbiblicos.com.br\/?s={search_term_string}"},"query-input":{"@type":"PropertyValueSpecification","valueRequired":true,"valueName":"search_term_string"}}],"inLanguage":"pt-BR"},{"@type":"Person","@id":"https:\/\/salmosbiblicos.com.br\/#\/schema\/person\/30586d0fb3f3a46b78a3414fc39cc975","name":"alextreh@gmail.com","image":{"@type":"ImageObject","inLanguage":"pt-BR","@id":"https:\/\/secure.gravatar.com\/avatar\/7cf84d31f581ec97b887c1039d478a7c293086896c84951a86753fb2c2af7527?s=96&d=mm&r=g","url":"https:\/\/secure.gravatar.com\/avatar\/7cf84d31f581ec97b887c1039d478a7c293086896c84951a86753fb2c2af7527?s=96&d=mm&r=g","contentUrl":"https:\/\/secure.gravatar.com\/avatar\/7cf84d31f581ec97b887c1039d478a7c293086896c84951a86753fb2c2af7527?s=96&d=mm&r=g","caption":"alextreh@gmail.com"},"sameAs":["http:\/\/salmosbiblicos.com.br"],"url":"http:\/\/salmosbiblicos.com.br\/index.php\/author\/alextrehgmail-com\/"}]}},"_links":{"self":[{"href":"http:\/\/salmosbiblicos.com.br\/index.php\/wp-json\/wp\/v2\/posts\/6641","targetHints":{"allow":["GET"]}}],"collection":[{"href":"http:\/\/salmosbiblicos.com.br\/index.php\/wp-json\/wp\/v2\/posts"}],"about":[{"href":"http:\/\/salmosbiblicos.com.br\/index.php\/wp-json\/wp\/v2\/types\/post"}],"author":[{"embeddable":true,"href":"http:\/\/salmosbiblicos.com.br\/index.php\/wp-json\/wp\/v2\/users\/1"}],"replies":[{"embeddable":true,"href":"http:\/\/salmosbiblicos.com.br\/index.php\/wp-json\/wp\/v2\/comments?post=6641"}],"version-history":[{"count":1,"href":"http:\/\/salmosbiblicos.com.br\/index.php\/wp-json\/wp\/v2\/posts\/6641\/revisions"}],"predecessor-version":[{"id":6642,"href":"http:\/\/salmosbiblicos.com.br\/index.php\/wp-json\/wp\/v2\/posts\/6641\/revisions\/6642"}],"wp:attachment":[{"href":"http:\/\/salmosbiblicos.com.br\/index.php\/wp-json\/wp\/v2\/media?parent=6641"}],"wp:term":[{"taxonomy":"category","embeddable":true,"href":"http:\/\/salmosbiblicos.com.br\/index.php\/wp-json\/wp\/v2\/categories?post=6641"},{"taxonomy":"post_tag","embeddable":true,"href":"http:\/\/salmosbiblicos.com.br\/index.php\/wp-json\/wp\/v2\/tags?post=6641"}],"curies":[{"name":"wp","href":"https:\/\/api.w.org\/{rel}","templated":true}]}}