{"id":6647,"date":"2026-04-04T10:18:27","date_gmt":"2026-04-04T13:18:27","guid":{"rendered":"https:\/\/salmosbiblicos.com.br\/?p=6647"},"modified":"2026-04-04T10:18:27","modified_gmt":"2026-04-04T13:18:27","slug":"fe-e-esperanca-licoes-de-noe-em-tempos-de-incerteza","status":"publish","type":"post","link":"http:\/\/salmosbiblicos.com.br\/index.php\/2026\/04\/04\/fe-e-esperanca-licoes-de-noe-em-tempos-de-incerteza\/","title":{"rendered":"F\u00e9 e Esperan\u00e7a: Li\u00e7\u00f5es de No\u00e9 em Tempos de Incerteza"},"content":{"rendered":"<p>## A F\u00e9 que Constr\u00f3i em Tempos de Incerteza<\/p>\n<p>Em meio \u00e0s tempestades mais avassaladoras da vida, quando as \u00e1guas das incertezas parecem cobrir tudo o que conhecemos, onde buscamos o nosso ref\u00fagio? A hist\u00f3ria de No\u00e9 n\u00e3o \u00e9 apenas um relato de um tempo antigo, mas um **espelho para a nossa alma** e um guia sobre como navegar os per\u00edodos de dil\u00favio que enfrentamos hoje.<\/p>\n<p>Muitas vezes, nos sentimos perdidos em meio a eventos que n\u00e3o podemos prever. No entanto, h\u00e1 uma li\u00e7\u00e3o profunda escondida na constru\u00e7\u00e3o daquela arca: a necessidade de uma **f\u00e9 ativa**, que n\u00e3o apenas espera, mas que age de acordo com a confian\u00e7a no que \u00e9 invis\u00edvel.<\/p>\n<p>## O Valor do &#8220;Sim&#8221; Diante do Imsole<\/p>\n<p>A B\u00edblola nos revela que No\u00e9 foi avisado sobre acontecimentos que ainda n\u00e3o haviam ocorrido. Ele foi chamado a acreditar no **imprevis\u00edvel**. A constru\u00e7\u00e3o da arca n\u00e3o foi um ato de mera sobreviv\u00eancia, mas um ato de profunda confian\u00e7a na Palavra.<\/p>\n<p>*   **A f\u00e9 exige a\u00e7\u00e3o:** Se No\u00e9 n\u00e3o tivesse acreditado, ele n\u00e3o teria constru\u00eddo a arca. A f\u00e9 sem obras \u00e9 apenas um desejo; a f\u00e9 verdadeira constr\u00f3i ref\u00fagios.<br \/>*   **O prop\u00f3sito da obedi\u00eancia:** Ao ouvir e agir, No\u00e9 n\u00e3o salvou apenas a si mesmo, mas tornou-se o instrumento para **salvar toda a sua fam\u00edlia**.<br \/>*   **A gra\u00e7a que sustenta o compromisso:** Muitas vezes hesitamos diante do chamado de Deus, pensando que n\u00e3o seremos capazes de manter a const\u00e2ncia. Mas, quando oferecemos o nosso &#8220;sim&#8221;, a **gra\u00e7a divina** nos capacita a suportar o peso da constru\u00e7\u00e3o.<\/p>\n<p>## O S\u00edmbolo da Esperan\u00e7a: O Ramo de Oliveira<\/p>\n<p>Ap\u00f3s os dias de chuva e o recuo das \u00e1guas, houve um tempo de espera e de observa\u00e7\u00e3o. A liberta\u00e7\u00e3o de uma pomba e o retorno dela trazendo um **ramo de oliveira** com folhas verdes s\u00e3o s\u00edmbolos poderosos para o nosso esp\u00edrito.<\/p>\n<p>O ramo de oliveira nos ensina que, ap\u00f3s cada grande prova\u00e7\u00e3o, h\u00e1 um sinal de **renova\u00e7\u00e3o e paz**. Mesmo quando as \u00e1guas parecem ter tomado toda a superf\u00edcie da nossa vida, Deus est\u00e1 trabalhando nos bastidores para fazer a terra secar e a vida florescer novamente.<\/p>\n<p>A esperan\u00e7a n\u00e3o \u00e9 a aus\u00eancia da tempestade, mas a **certeza da chegada da terra seca** e do novo tempo que Deus prepara para n\u00f3s.<\/p>\n<p>## O Altar da Gratid\u00e3o e a Promessa da Estabilidade<\/p>\n<p>Ao pisar em terra firme, a primeira rea\u00e7\u00e3o de No\u00e9 n\u00e3o foi apenas descansar, mas **edificar um altar ao Senhor**. Ele ofereceu sacrif\u00edcios em sinal de gratid\u00e3o pela preserva\u00e7\u00e3o da vida.<\/p>\n<p>Este gesto de entrega despertou no cora\u00e7\u00e3o de Deus um aroma agrad\u00e1vel e renovou a Sua promessa de estabilidade para a cria\u00e7\u00e3o. A natureza, com suas esta\u00e7\u00f5es, colheitas, frio e calor, torna-se um testemunho da **fidelidade de Deus** para com a Sua obra.<\/p>\n<p>**O que podemos aprender com o altar de No\u00e9:**<br \/>*   A import\u00e2ncia de reconhecer a m\u00e3o de Deus ap\u00f3s as crises.<br \/>*   A necessidade de cultivar a gratid\u00e3o como um estilo de vida.<br \/>*   A confian\u00e7a de que as leis da vida e da provid\u00eancia divina permanecem firmes enquanto a terra durar.<\/p>\n<p>## A \u00c1gua que Purifica: Do Dil\u00favio ao Batismo<\/p>\n<p>Existe um mist\u00e9rio profundo que une as \u00e1guas do dil\u00favio \u00e0s \u00e1guas do nosso **batismo**. Assim como as \u00e1guas do mundo antigo serviram para um julgamento e uma limpeza da terra, as \u00e1guas do batismo nos convidam a uma morte necess\u00e1ria.<\/p>\n<p>Na \u00e1gua do batismo, o nosso &#8220;velho homem&#8221;, carregado de pecados e inclina\u00e7\u00f5es erradas, deve morrer. Em contrapartida, somos chamados \u00e0 **ressurrei\u00e7\u00e3o com Cristo**, buscando uma consci\u00eancia limpa e uma vida nova.<\/p>\n<p>**Para nossa reflex\u00e3o di\u00e1ria:**<br \/>*   **Morrer para o pecado:** Deixar que as impurezas da nossa alma sejam lavadas pela gra\u00e7a.<br \/>*   **Viver uma consci\u00eancia boa:** Buscar a integridade diante de Deus e dos homens.<br \/>*   **Ser pessoa de f\u00e9:** Assim como No\u00e9 foi elogiado, que possamos ser reconhecidos pela nossa capacidade de **crer na promessa**, mesmo quando o c\u00e9u ainda parece nublado.<\/p>\n<p>Que possamos, cada dia, renovar o nosso compromisso com a f\u00e9, construindo, tijolo por tijolo, a nossa arca de santidade e confian\u00e7a no Senhor.<\/p>\n","protected":false},"excerpt":{"rendered":"<p>## A F\u00e9 que Constr\u00f3i em Tempos de Incerteza Em meio \u00e0s tempestades mais avassaladoras da vida, quando as \u00e1guas das incertezas parecem cobrir tudo o que conhecemos, onde buscamos o nosso ref\u00fagio? A hist\u00f3ria de No\u00e9 n\u00e3o \u00e9 apenas um relato de um tempo antigo, mas um **espelho para a nossa alma** e um [&hellip;]<\/p>\n","protected":false},"author":1,"featured_media":0,"comment_status":"closed","ping_status":"open","sticky":false,"template":"","format":"standard","meta":{"footnotes":""},"categories":[14],"tags":[],"class_list":["post-6647","post","type-post","status-publish","format-standard","hentry","category-reflexao"],"yoast_head":"<!-- This site is optimized with the Yoast SEO plugin v27.2 - https:\/\/yoast.com\/product\/yoast-seo-wordpress\/ -->\n<title>F\u00e9 e Esperan\u00e7a: Li\u00e7\u00f5es de No\u00e9 em Tempos de Incerteza - Salmos B\u00edblicos<\/title>\n<meta name=\"robots\" content=\"index, follow, max-snippet:-1, max-image-preview:large, max-video-preview:-1\" \/>\n<link rel=\"canonical\" href=\"https:\/\/salmosbiblicos.com.br\/index.php\/2026\/04\/04\/fe-e-esperanca-licoes-de-noe-em-tempos-de-incerteza\/\" \/>\n<meta property=\"og:locale\" content=\"pt_BR\" \/>\n<meta property=\"og:type\" content=\"article\" \/>\n<meta property=\"og:title\" content=\"F\u00e9 e Esperan\u00e7a: Li\u00e7\u00f5es de No\u00e9 em Tempos de Incerteza - Salmos B\u00edblicos\" \/>\n<meta property=\"og:description\" content=\"## A F\u00e9 que Constr\u00f3i em Tempos de Incerteza Em meio \u00e0s tempestades mais avassaladoras da vida, quando as \u00e1guas das incertezas parecem cobrir tudo o que conhecemos, onde buscamos o nosso ref\u00fagio? A hist\u00f3ria de No\u00e9 n\u00e3o \u00e9 apenas um relato de um tempo antigo, mas um **espelho para a nossa alma** e um [&hellip;]\" \/>\n<meta property=\"og:url\" content=\"https:\/\/salmosbiblicos.com.br\/index.php\/2026\/04\/04\/fe-e-esperanca-licoes-de-noe-em-tempos-de-incerteza\/\" \/>\n<meta property=\"og:site_name\" content=\"Salmos B\u00edblicos\" \/>\n<meta property=\"article:published_time\" content=\"2026-04-04T13:18:27+00:00\" \/>\n<meta name=\"author\" content=\"alextreh@gmail.com\" \/>\n<meta name=\"twitter:card\" content=\"summary_large_image\" \/>\n<meta name=\"twitter:label1\" content=\"Escrito por\" \/>\n\t<meta name=\"twitter:data1\" content=\"alextreh@gmail.com\" \/>\n\t<meta name=\"twitter:label2\" content=\"Est. tempo de leitura\" \/>\n\t<meta name=\"twitter:data2\" content=\"4 minutos\" \/>\n<script type=\"application\/ld+json\" class=\"yoast-schema-graph\">{\"@context\":\"https:\/\/schema.org\",\"@graph\":[{\"@type\":\"Article\",\"@id\":\"https:\/\/salmosbiblicos.com.br\/index.php\/2026\/04\/04\/fe-e-esperanca-licoes-de-noe-em-tempos-de-incerteza\/#article\",\"isPartOf\":{\"@id\":\"https:\/\/salmosbiblicos.com.br\/index.php\/2026\/04\/04\/fe-e-esperanca-licoes-de-noe-em-tempos-de-incerteza\/\"},\"author\":{\"name\":\"alextreh@gmail.com\",\"@id\":\"https:\/\/salmosbiblicos.com.br\/#\/schema\/person\/30586d0fb3f3a46b78a3414fc39cc975\"},\"headline\":\"F\u00e9 e Esperan\u00e7a: Li\u00e7\u00f5es de No\u00e9 em Tempos de Incerteza\",\"datePublished\":\"2026-04-04T13:18:27+00:00\",\"mainEntityOfPage\":{\"@id\":\"https:\/\/salmosbiblicos.com.br\/index.php\/2026\/04\/04\/fe-e-esperanca-licoes-de-noe-em-tempos-de-incerteza\/\"},\"wordCount\":755,\"articleSection\":[\"Reflex\u00e3o\"],\"inLanguage\":\"pt-BR\"},{\"@type\":\"WebPage\",\"@id\":\"https:\/\/salmosbiblicos.com.br\/index.php\/2026\/04\/04\/fe-e-esperanca-licoes-de-noe-em-tempos-de-incerteza\/\",\"url\":\"https:\/\/salmosbiblicos.com.br\/index.php\/2026\/04\/04\/fe-e-esperanca-licoes-de-noe-em-tempos-de-incerteza\/\",\"name\":\"F\u00e9 e Esperan\u00e7a: Li\u00e7\u00f5es de No\u00e9 em Tempos de Incerteza - Salmos B\u00edblicos\",\"isPartOf\":{\"@id\":\"https:\/\/salmosbiblicos.com.br\/#website\"},\"datePublished\":\"2026-04-04T13:18:27+00:00\",\"author\":{\"@id\":\"https:\/\/salmosbiblicos.com.br\/#\/schema\/person\/30586d0fb3f3a46b78a3414fc39cc975\"},\"breadcrumb\":{\"@id\":\"https:\/\/salmosbiblicos.com.br\/index.php\/2026\/04\/04\/fe-e-esperanca-licoes-de-noe-em-tempos-de-incerteza\/#breadcrumb\"},\"inLanguage\":\"pt-BR\",\"potentialAction\":[{\"@type\":\"ReadAction\",\"target\":[\"https:\/\/salmosbiblicos.com.br\/index.php\/2026\/04\/04\/fe-e-esperanca-licoes-de-noe-em-tempos-de-incerteza\/\"]}]},{\"@type\":\"BreadcrumbList\",\"@id\":\"https:\/\/salmosbiblicos.com.br\/index.php\/2026\/04\/04\/fe-e-esperanca-licoes-de-noe-em-tempos-de-incerteza\/#breadcrumb\",\"itemListElement\":[{\"@type\":\"ListItem\",\"position\":1,\"name\":\"Home\",\"item\":\"https:\/\/salmosbiblicos.com.br\/\"},{\"@type\":\"ListItem\",\"position\":2,\"name\":\"F\u00e9 e Esperan\u00e7a: Li\u00e7\u00f5es de No\u00e9 em Tempos de Incerteza\"}]},{\"@type\":\"WebSite\",\"@id\":\"https:\/\/salmosbiblicos.com.br\/#website\",\"url\":\"https:\/\/salmosbiblicos.com.br\/\",\"name\":\"Salmos B\u00edblicos\",\"description\":\"Uma e-Livraria com e-Books novos para voc\u00ea refletir.\",\"potentialAction\":[{\"@type\":\"SearchAction\",\"target\":{\"@type\":\"EntryPoint\",\"urlTemplate\":\"https:\/\/salmosbiblicos.com.br\/?s={search_term_string}\"},\"query-input\":{\"@type\":\"PropertyValueSpecification\",\"valueRequired\":true,\"valueName\":\"search_term_string\"}}],\"inLanguage\":\"pt-BR\"},{\"@type\":\"Person\",\"@id\":\"https:\/\/salmosbiblicos.com.br\/#\/schema\/person\/30586d0fb3f3a46b78a3414fc39cc975\",\"name\":\"alextreh@gmail.com\",\"image\":{\"@type\":\"ImageObject\",\"inLanguage\":\"pt-BR\",\"@id\":\"https:\/\/secure.gravatar.com\/avatar\/7cf84d31f581ec97b887c1039d478a7c293086896c84951a86753fb2c2af7527?s=96&d=mm&r=g\",\"url\":\"https:\/\/secure.gravatar.com\/avatar\/7cf84d31f581ec97b887c1039d478a7c293086896c84951a86753fb2c2af7527?s=96&d=mm&r=g\",\"contentUrl\":\"https:\/\/secure.gravatar.com\/avatar\/7cf84d31f581ec97b887c1039d478a7c293086896c84951a86753fb2c2af7527?s=96&d=mm&r=g\",\"caption\":\"alextreh@gmail.com\"},\"sameAs\":[\"http:\/\/salmosbiblicos.com.br\"],\"url\":\"http:\/\/salmosbiblicos.com.br\/index.php\/author\/alextrehgmail-com\/\"}]}<\/script>\n<!-- \/ Yoast SEO plugin. -->","yoast_head_json":{"title":"F\u00e9 e Esperan\u00e7a: Li\u00e7\u00f5es de No\u00e9 em Tempos de Incerteza - Salmos B\u00edblicos","robots":{"index":"index","follow":"follow","max-snippet":"max-snippet:-1","max-image-preview":"max-image-preview:large","max-video-preview":"max-video-preview:-1"},"canonical":"https:\/\/salmosbiblicos.com.br\/index.php\/2026\/04\/04\/fe-e-esperanca-licoes-de-noe-em-tempos-de-incerteza\/","og_locale":"pt_BR","og_type":"article","og_title":"F\u00e9 e Esperan\u00e7a: Li\u00e7\u00f5es de No\u00e9 em Tempos de Incerteza - Salmos B\u00edblicos","og_description":"## A F\u00e9 que Constr\u00f3i em Tempos de Incerteza Em meio \u00e0s tempestades mais avassaladoras da vida, quando as \u00e1guas das incertezas parecem cobrir tudo o que conhecemos, onde buscamos o nosso ref\u00fagio? A hist\u00f3ria de No\u00e9 n\u00e3o \u00e9 apenas um relato de um tempo antigo, mas um **espelho para a nossa alma** e um [&hellip;]","og_url":"https:\/\/salmosbiblicos.com.br\/index.php\/2026\/04\/04\/fe-e-esperanca-licoes-de-noe-em-tempos-de-incerteza\/","og_site_name":"Salmos B\u00edblicos","article_published_time":"2026-04-04T13:18:27+00:00","author":"alextreh@gmail.com","twitter_card":"summary_large_image","twitter_misc":{"Escrito por":"alextreh@gmail.com","Est. tempo de leitura":"4 minutos"},"schema":{"@context":"https:\/\/schema.org","@graph":[{"@type":"Article","@id":"https:\/\/salmosbiblicos.com.br\/index.php\/2026\/04\/04\/fe-e-esperanca-licoes-de-noe-em-tempos-de-incerteza\/#article","isPartOf":{"@id":"https:\/\/salmosbiblicos.com.br\/index.php\/2026\/04\/04\/fe-e-esperanca-licoes-de-noe-em-tempos-de-incerteza\/"},"author":{"name":"alextreh@gmail.com","@id":"https:\/\/salmosbiblicos.com.br\/#\/schema\/person\/30586d0fb3f3a46b78a3414fc39cc975"},"headline":"F\u00e9 e Esperan\u00e7a: Li\u00e7\u00f5es de No\u00e9 em Tempos de Incerteza","datePublished":"2026-04-04T13:18:27+00:00","mainEntityOfPage":{"@id":"https:\/\/salmosbiblicos.com.br\/index.php\/2026\/04\/04\/fe-e-esperanca-licoes-de-noe-em-tempos-de-incerteza\/"},"wordCount":755,"articleSection":["Reflex\u00e3o"],"inLanguage":"pt-BR"},{"@type":"WebPage","@id":"https:\/\/salmosbiblicos.com.br\/index.php\/2026\/04\/04\/fe-e-esperanca-licoes-de-noe-em-tempos-de-incerteza\/","url":"https:\/\/salmosbiblicos.com.br\/index.php\/2026\/04\/04\/fe-e-esperanca-licoes-de-noe-em-tempos-de-incerteza\/","name":"F\u00e9 e Esperan\u00e7a: Li\u00e7\u00f5es de No\u00e9 em Tempos de Incerteza - Salmos B\u00edblicos","isPartOf":{"@id":"https:\/\/salmosbiblicos.com.br\/#website"},"datePublished":"2026-04-04T13:18:27+00:00","author":{"@id":"https:\/\/salmosbiblicos.com.br\/#\/schema\/person\/30586d0fb3f3a46b78a3414fc39cc975"},"breadcrumb":{"@id":"https:\/\/salmosbiblicos.com.br\/index.php\/2026\/04\/04\/fe-e-esperanca-licoes-de-noe-em-tempos-de-incerteza\/#breadcrumb"},"inLanguage":"pt-BR","potentialAction":[{"@type":"ReadAction","target":["https:\/\/salmosbiblicos.com.br\/index.php\/2026\/04\/04\/fe-e-esperanca-licoes-de-noe-em-tempos-de-incerteza\/"]}]},{"@type":"BreadcrumbList","@id":"https:\/\/salmosbiblicos.com.br\/index.php\/2026\/04\/04\/fe-e-esperanca-licoes-de-noe-em-tempos-de-incerteza\/#breadcrumb","itemListElement":[{"@type":"ListItem","position":1,"name":"Home","item":"https:\/\/salmosbiblicos.com.br\/"},{"@type":"ListItem","position":2,"name":"F\u00e9 e Esperan\u00e7a: Li\u00e7\u00f5es de No\u00e9 em Tempos de Incerteza"}]},{"@type":"WebSite","@id":"https:\/\/salmosbiblicos.com.br\/#website","url":"https:\/\/salmosbiblicos.com.br\/","name":"Salmos B\u00edblicos","description":"Uma e-Livraria com e-Books novos para voc\u00ea refletir.","potentialAction":[{"@type":"SearchAction","target":{"@type":"EntryPoint","urlTemplate":"https:\/\/salmosbiblicos.com.br\/?s={search_term_string}"},"query-input":{"@type":"PropertyValueSpecification","valueRequired":true,"valueName":"search_term_string"}}],"inLanguage":"pt-BR"},{"@type":"Person","@id":"https:\/\/salmosbiblicos.com.br\/#\/schema\/person\/30586d0fb3f3a46b78a3414fc39cc975","name":"alextreh@gmail.com","image":{"@type":"ImageObject","inLanguage":"pt-BR","@id":"https:\/\/secure.gravatar.com\/avatar\/7cf84d31f581ec97b887c1039d478a7c293086896c84951a86753fb2c2af7527?s=96&d=mm&r=g","url":"https:\/\/secure.gravatar.com\/avatar\/7cf84d31f581ec97b887c1039d478a7c293086896c84951a86753fb2c2af7527?s=96&d=mm&r=g","contentUrl":"https:\/\/secure.gravatar.com\/avatar\/7cf84d31f581ec97b887c1039d478a7c293086896c84951a86753fb2c2af7527?s=96&d=mm&r=g","caption":"alextreh@gmail.com"},"sameAs":["http:\/\/salmosbiblicos.com.br"],"url":"http:\/\/salmosbiblicos.com.br\/index.php\/author\/alextrehgmail-com\/"}]}},"_links":{"self":[{"href":"http:\/\/salmosbiblicos.com.br\/index.php\/wp-json\/wp\/v2\/posts\/6647","targetHints":{"allow":["GET"]}}],"collection":[{"href":"http:\/\/salmosbiblicos.com.br\/index.php\/wp-json\/wp\/v2\/posts"}],"about":[{"href":"http:\/\/salmosbiblicos.com.br\/index.php\/wp-json\/wp\/v2\/types\/post"}],"author":[{"embeddable":true,"href":"http:\/\/salmosbiblicos.com.br\/index.php\/wp-json\/wp\/v2\/users\/1"}],"replies":[{"embeddable":true,"href":"http:\/\/salmosbiblicos.com.br\/index.php\/wp-json\/wp\/v2\/comments?post=6647"}],"version-history":[{"count":1,"href":"http:\/\/salmosbiblicos.com.br\/index.php\/wp-json\/wp\/v2\/posts\/6647\/revisions"}],"predecessor-version":[{"id":6648,"href":"http:\/\/salmosbiblicos.com.br\/index.php\/wp-json\/wp\/v2\/posts\/6647\/revisions\/6648"}],"wp:attachment":[{"href":"http:\/\/salmosbiblicos.com.br\/index.php\/wp-json\/wp\/v2\/media?parent=6647"}],"wp:term":[{"taxonomy":"category","embeddable":true,"href":"http:\/\/salmosbiblicos.com.br\/index.php\/wp-json\/wp\/v2\/categories?post=6647"},{"taxonomy":"post_tag","embeddable":true,"href":"http:\/\/salmosbiblicos.com.br\/index.php\/wp-json\/wp\/v2\/tags?post=6647"}],"curies":[{"name":"wp","href":"https:\/\/api.w.org\/{rel}","templated":true}]}}