{"id":6657,"date":"2026-04-04T11:10:52","date_gmt":"2026-04-04T14:10:52","guid":{"rendered":"https:\/\/salmosbiblicos.com.br\/?p=6657"},"modified":"2026-04-04T11:10:52","modified_gmt":"2026-04-04T14:10:52","slug":"fe-e-espiritualidade-a-verdade-alem-do-visivel","status":"publish","type":"post","link":"http:\/\/salmosbiblicos.com.br\/index.php\/2026\/04\/04\/fe-e-espiritualidade-a-verdade-alem-do-visivel\/","title":{"rendered":"F\u00e9 e Espiritualidade: A Verdade Al\u00e9m do Vis\u00edvel"},"content":{"rendered":"<p>Vivemos em um mundo obcecado pelo que pode ser tocado, medido e visto. Nossa natureza busca constantemente a confirma\u00e7\u00e3o do que \u00e9 palp\u00e1vel, tentando ancorar nossa seguran\u00e7a em aquilo que nossas m\u00e3os podem segurar. No entanto, as verdades mais profundas da exist\u00eancia n\u00e3o habitam o reino do vis\u00edvel, mas sim a dimens\u00e3o do esp\u00edrito.<\/p>\n<p>## O Contraste entre o Temor e a Gl\u00f3ria<\/p>\n<p>Muitas vezes, nossa vida parece uma aproxima\u00e7\u00e3o de um monte cercado por fogo, escurid\u00e3o e tempestades, onde o som de trombetas e vozes poderosas nos causa pavor. Essa \u00e9 a realidade das coisas que apenas nos assustam e nos oprimem.<\/p>\n<p>Mas h\u00e1 um chamado para algo muito superior. Existe uma **Jerusal\u00e9m Celeste**, uma assembleia festiva de anjos e de todos os justos que alcan\u00e7aram a perfei\u00e7\u00e3o. Nela, os nomes est\u00e3o escritos nos c\u00e9us e a presen\u00e7a de Deus \u00e9 a nossa \u00fanica e verdadeira seguran\u00e7a.<\/p>\n<p>O segredo n\u00e3o est\u00e1 em buscar o que \u00e9 f\u00edsico, mas em compreender que as maiores realidades de Deus s\u00e3o espirituais e, por isso, n\u00e3o podem ser capturadas pelos sentidos humanos.<\/p>\n<p>## A Ess\u00eancia da F\u00e9: A Certeza do Invis\u00edvel<\/p>\n<p>A grande dificuldade de nossa caminhada reside no fato de que n\u00e3o podemos tocar a Deus de forma f\u00edsica. \u00c9 aqui que a nossa f\u00e9 \u00e9 testada e fortalecida. A f\u00e9 n\u00e3o \u00e9 um sentimento vago, mas um fundamento s\u00f3lido.<\/p>\n<p>*   **A f\u00e9 \u00e9 o fundamento da esperan\u00e7a.**<br \/>*   **A f\u00e9 \u00e9 a certeza daquilo que n\u00e3o se v\u00ea.**<\/p>\n<p>Quando aprendemos a lidar com o invis\u00edvel, deixamos de ser escravos das apar\u00eancias. N\u00e3o precisamos ver para crer; precisamos crer para come\u00e7ar a enxergar a verdadeira realidade.<\/p>\n<p>## O Olhar Voltado para a Eternidade<\/p>\n<p>A nossa aten\u00e7\u00e3o \u00e9 constantemente roubada por coisas que s\u00e3o meramente temporais. \u00c9 muito f\u00e1cil perdermos o foco da nossa jornada espiritual ao fixarmos os olhos em bens que est\u00e3o destinados a desaparecer.<\/p>\n<p>### A Transitoriedade do Terreno<br \/>Tudo o que comp\u00f5e o mundo material \u00e9 passageiro:<br \/>*   A busca por posses materiais;<br \/>*   O ac\u00famulo de riquezas;<br \/>*   O conforto das casas e bens de luxo;<br \/>*   As viagens e os prazeres imediatos.<\/p>\n<p>Tudo isso \u00e9 **temporal e passageiro**. Se o nosso olhar estiver preso apenas ao que \u00e9 vis\u00edvel, nossa alma estar\u00e1 sempre insatisfeita, pois estamos tentando saciar uma sede eterna com \u00e1guas que secam.<\/p>\n<p>### A Busca pelo que \u00e9 Eterno<br \/>O caminho da verdadeira sabedoria \u00e9 aprender a n\u00e3o mirar as coisas que se veem, mas sim as que n\u00e3o se veem. O que \u00e9 invis\u00edvel \u00e9, na verdade, o que \u00e9 **eterno**. <\/p>\n<p>Deus preparou para aqueles que O amam coisas que os olhos nunca viram, que os ouvidos jamais ouviram e que o cora\u00e7\u00e3o humano sequer consegue imaginar. H\u00e1 uma riqueza espiritual guardada para aqueles que decidem olhar para o alto.<\/p>\n<p>## A Escolha entre o Passageiro e o Permanente<\/p>\n<p>Existe uma distin\u00e7\u00e3o clara entre aqueles que vivem apenas para o &#8220;aqui e agora&#8221; e aqueles que buscam o prop\u00f3sito divino. O pensamento mundano \u00e9 focado no prazer imediato, na ideia de que devemos apenas comer, beber e buscar satisfa\u00e7\u00f5es moment\u00e2neas, pois o amanh\u00e3 \u00e9 incerto.<\/p>\n<p>No entanto, quem compreende a vontade de Deus adota uma postura diferente:<\/p>\n<p>1.  **Reconhece a transitoriedade do mundo:** Entende que as paix\u00f5es e desejos do mundo passar\u00e3o.<br \/>2.  **Busca a perman\u00eancia:** Dedica sua vida \u00e0quilo que n\u00e3o perece.<br \/>3.  **Foca na vontade divina:** Compreende que o cumprimento do prop\u00f3sito de Deus \u00e9 o que nos torna eternos.<\/p>\n<p>O mundo e as suas concupisc\u00eancias passam, mas **quem cumpre a vontade de Deus permanece para sempre**. N\u00e3o busque o que \u00e9 palp\u00e1vel e ef\u00eamero; busque o que \u00e9 invis\u00edvel, mas eterno. \u00c9 nessa certeza que encontramos a verdadeira paz.<\/p>\n","protected":false},"excerpt":{"rendered":"<p>Vivemos em um mundo obcecado pelo que pode ser tocado, medido e visto. Nossa natureza busca constantemente a confirma\u00e7\u00e3o do que \u00e9 palp\u00e1vel, tentando ancorar nossa seguran\u00e7a em aquilo que nossas m\u00e3os podem segurar. No entanto, as verdades mais profundas da exist\u00eancia n\u00e3o habitam o reino do vis\u00edvel, mas sim a dimens\u00e3o do esp\u00edrito. ## [&hellip;]<\/p>\n","protected":false},"author":1,"featured_media":0,"comment_status":"closed","ping_status":"open","sticky":false,"template":"","format":"standard","meta":{"footnotes":""},"categories":[14],"tags":[],"class_list":["post-6657","post","type-post","status-publish","format-standard","hentry","category-reflexao"],"yoast_head":"<!-- This site is optimized with the Yoast SEO plugin v27.2 - https:\/\/yoast.com\/product\/yoast-seo-wordpress\/ -->\n<title>F\u00e9 e Espiritualidade: A Verdade Al\u00e9m do Vis\u00edvel - Salmos B\u00edblicos<\/title>\n<meta name=\"robots\" content=\"index, follow, max-snippet:-1, max-image-preview:large, max-video-preview:-1\" \/>\n<link rel=\"canonical\" href=\"http:\/\/salmosbiblicos.com.br\/index.php\/2026\/04\/04\/fe-e-espiritualidade-a-verdade-alem-do-visivel\/\" \/>\n<meta property=\"og:locale\" content=\"pt_BR\" \/>\n<meta property=\"og:type\" content=\"article\" \/>\n<meta property=\"og:title\" content=\"F\u00e9 e Espiritualidade: A Verdade Al\u00e9m do Vis\u00edvel - Salmos B\u00edblicos\" \/>\n<meta property=\"og:description\" content=\"Vivemos em um mundo obcecado pelo que pode ser tocado, medido e visto. Nossa natureza busca constantemente a confirma\u00e7\u00e3o do que \u00e9 palp\u00e1vel, tentando ancorar nossa seguran\u00e7a em aquilo que nossas m\u00e3os podem segurar. No entanto, as verdades mais profundas da exist\u00eancia n\u00e3o habitam o reino do vis\u00edvel, mas sim a dimens\u00e3o do esp\u00edrito. ## [&hellip;]\" \/>\n<meta property=\"og:url\" content=\"http:\/\/salmosbiblicos.com.br\/index.php\/2026\/04\/04\/fe-e-espiritualidade-a-verdade-alem-do-visivel\/\" \/>\n<meta property=\"og:site_name\" content=\"Salmos B\u00edblicos\" \/>\n<meta property=\"article:published_time\" content=\"2026-04-04T14:10:52+00:00\" \/>\n<meta name=\"author\" content=\"alextreh@gmail.com\" \/>\n<meta name=\"twitter:card\" content=\"summary_large_image\" \/>\n<meta name=\"twitter:label1\" content=\"Escrito por\" \/>\n\t<meta name=\"twitter:data1\" content=\"alextreh@gmail.com\" \/>\n\t<meta name=\"twitter:label2\" content=\"Est. tempo de leitura\" \/>\n\t<meta name=\"twitter:data2\" content=\"3 minutos\" \/>\n<script type=\"application\/ld+json\" class=\"yoast-schema-graph\">{\"@context\":\"https:\/\/schema.org\",\"@graph\":[{\"@type\":\"Article\",\"@id\":\"http:\/\/salmosbiblicos.com.br\/index.php\/2026\/04\/04\/fe-e-espiritualidade-a-verdade-alem-do-visivel\/#article\",\"isPartOf\":{\"@id\":\"http:\/\/salmosbiblicos.com.br\/index.php\/2026\/04\/04\/fe-e-espiritualidade-a-verdade-alem-do-visivel\/\"},\"author\":{\"name\":\"alextreh@gmail.com\",\"@id\":\"https:\/\/salmosbiblicos.com.br\/#\/schema\/person\/30586d0fb3f3a46b78a3414fc39cc975\"},\"headline\":\"F\u00e9 e Espiritualidade: A Verdade Al\u00e9m do Vis\u00edvel\",\"datePublished\":\"2026-04-04T14:10:52+00:00\",\"mainEntityOfPage\":{\"@id\":\"http:\/\/salmosbiblicos.com.br\/index.php\/2026\/04\/04\/fe-e-espiritualidade-a-verdade-alem-do-visivel\/\"},\"wordCount\":647,\"articleSection\":[\"Reflex\u00e3o\"],\"inLanguage\":\"pt-BR\"},{\"@type\":\"WebPage\",\"@id\":\"http:\/\/salmosbiblicos.com.br\/index.php\/2026\/04\/04\/fe-e-espiritualidade-a-verdade-alem-do-visivel\/\",\"url\":\"http:\/\/salmosbiblicos.com.br\/index.php\/2026\/04\/04\/fe-e-espiritualidade-a-verdade-alem-do-visivel\/\",\"name\":\"F\u00e9 e Espiritualidade: A Verdade Al\u00e9m do Vis\u00edvel - Salmos B\u00edblicos\",\"isPartOf\":{\"@id\":\"https:\/\/salmosbiblicos.com.br\/#website\"},\"datePublished\":\"2026-04-04T14:10:52+00:00\",\"author\":{\"@id\":\"https:\/\/salmosbiblicos.com.br\/#\/schema\/person\/30586d0fb3f3a46b78a3414fc39cc975\"},\"breadcrumb\":{\"@id\":\"http:\/\/salmosbiblicos.com.br\/index.php\/2026\/04\/04\/fe-e-espiritualidade-a-verdade-alem-do-visivel\/#breadcrumb\"},\"inLanguage\":\"pt-BR\",\"potentialAction\":[{\"@type\":\"ReadAction\",\"target\":[\"http:\/\/salmosbiblicos.com.br\/index.php\/2026\/04\/04\/fe-e-espiritualidade-a-verdade-alem-do-visivel\/\"]}]},{\"@type\":\"BreadcrumbList\",\"@id\":\"http:\/\/salmosbiblicos.com.br\/index.php\/2026\/04\/04\/fe-e-espiritualidade-a-verdade-alem-do-visivel\/#breadcrumb\",\"itemListElement\":[{\"@type\":\"ListItem\",\"position\":1,\"name\":\"Home\",\"item\":\"https:\/\/salmosbiblicos.com.br\/\"},{\"@type\":\"ListItem\",\"position\":2,\"name\":\"F\u00e9 e Espiritualidade: A Verdade Al\u00e9m do Vis\u00edvel\"}]},{\"@type\":\"WebSite\",\"@id\":\"https:\/\/salmosbiblicos.com.br\/#website\",\"url\":\"https:\/\/salmosbiblicos.com.br\/\",\"name\":\"Salmos B\u00edblicos\",\"description\":\"Uma e-Livraria com e-Books novos para voc\u00ea refletir.\",\"potentialAction\":[{\"@type\":\"SearchAction\",\"target\":{\"@type\":\"EntryPoint\",\"urlTemplate\":\"https:\/\/salmosbiblicos.com.br\/?s={search_term_string}\"},\"query-input\":{\"@type\":\"PropertyValueSpecification\",\"valueRequired\":true,\"valueName\":\"search_term_string\"}}],\"inLanguage\":\"pt-BR\"},{\"@type\":\"Person\",\"@id\":\"https:\/\/salmosbiblicos.com.br\/#\/schema\/person\/30586d0fb3f3a46b78a3414fc39cc975\",\"name\":\"alextreh@gmail.com\",\"image\":{\"@type\":\"ImageObject\",\"inLanguage\":\"pt-BR\",\"@id\":\"https:\/\/secure.gravatar.com\/avatar\/7cf84d31f581ec97b887c1039d478a7c293086896c84951a86753fb2c2af7527?s=96&d=mm&r=g\",\"url\":\"https:\/\/secure.gravatar.com\/avatar\/7cf84d31f581ec97b887c1039d478a7c293086896c84951a86753fb2c2af7527?s=96&d=mm&r=g\",\"contentUrl\":\"https:\/\/secure.gravatar.com\/avatar\/7cf84d31f581ec97b887c1039d478a7c293086896c84951a86753fb2c2af7527?s=96&d=mm&r=g\",\"caption\":\"alextreh@gmail.com\"},\"sameAs\":[\"http:\/\/salmosbiblicos.com.br\"],\"url\":\"http:\/\/salmosbiblicos.com.br\/index.php\/author\/alextrehgmail-com\/\"}]}<\/script>\n<!-- \/ Yoast SEO plugin. -->","yoast_head_json":{"title":"F\u00e9 e Espiritualidade: A Verdade Al\u00e9m do Vis\u00edvel - Salmos B\u00edblicos","robots":{"index":"index","follow":"follow","max-snippet":"max-snippet:-1","max-image-preview":"max-image-preview:large","max-video-preview":"max-video-preview:-1"},"canonical":"http:\/\/salmosbiblicos.com.br\/index.php\/2026\/04\/04\/fe-e-espiritualidade-a-verdade-alem-do-visivel\/","og_locale":"pt_BR","og_type":"article","og_title":"F\u00e9 e Espiritualidade: A Verdade Al\u00e9m do Vis\u00edvel - Salmos B\u00edblicos","og_description":"Vivemos em um mundo obcecado pelo que pode ser tocado, medido e visto. Nossa natureza busca constantemente a confirma\u00e7\u00e3o do que \u00e9 palp\u00e1vel, tentando ancorar nossa seguran\u00e7a em aquilo que nossas m\u00e3os podem segurar. No entanto, as verdades mais profundas da exist\u00eancia n\u00e3o habitam o reino do vis\u00edvel, mas sim a dimens\u00e3o do esp\u00edrito. ## [&hellip;]","og_url":"http:\/\/salmosbiblicos.com.br\/index.php\/2026\/04\/04\/fe-e-espiritualidade-a-verdade-alem-do-visivel\/","og_site_name":"Salmos B\u00edblicos","article_published_time":"2026-04-04T14:10:52+00:00","author":"alextreh@gmail.com","twitter_card":"summary_large_image","twitter_misc":{"Escrito por":"alextreh@gmail.com","Est. tempo de leitura":"3 minutos"},"schema":{"@context":"https:\/\/schema.org","@graph":[{"@type":"Article","@id":"http:\/\/salmosbiblicos.com.br\/index.php\/2026\/04\/04\/fe-e-espiritualidade-a-verdade-alem-do-visivel\/#article","isPartOf":{"@id":"http:\/\/salmosbiblicos.com.br\/index.php\/2026\/04\/04\/fe-e-espiritualidade-a-verdade-alem-do-visivel\/"},"author":{"name":"alextreh@gmail.com","@id":"https:\/\/salmosbiblicos.com.br\/#\/schema\/person\/30586d0fb3f3a46b78a3414fc39cc975"},"headline":"F\u00e9 e Espiritualidade: A Verdade Al\u00e9m do Vis\u00edvel","datePublished":"2026-04-04T14:10:52+00:00","mainEntityOfPage":{"@id":"http:\/\/salmosbiblicos.com.br\/index.php\/2026\/04\/04\/fe-e-espiritualidade-a-verdade-alem-do-visivel\/"},"wordCount":647,"articleSection":["Reflex\u00e3o"],"inLanguage":"pt-BR"},{"@type":"WebPage","@id":"http:\/\/salmosbiblicos.com.br\/index.php\/2026\/04\/04\/fe-e-espiritualidade-a-verdade-alem-do-visivel\/","url":"http:\/\/salmosbiblicos.com.br\/index.php\/2026\/04\/04\/fe-e-espiritualidade-a-verdade-alem-do-visivel\/","name":"F\u00e9 e Espiritualidade: A Verdade Al\u00e9m do Vis\u00edvel - Salmos B\u00edblicos","isPartOf":{"@id":"https:\/\/salmosbiblicos.com.br\/#website"},"datePublished":"2026-04-04T14:10:52+00:00","author":{"@id":"https:\/\/salmosbiblicos.com.br\/#\/schema\/person\/30586d0fb3f3a46b78a3414fc39cc975"},"breadcrumb":{"@id":"http:\/\/salmosbiblicos.com.br\/index.php\/2026\/04\/04\/fe-e-espiritualidade-a-verdade-alem-do-visivel\/#breadcrumb"},"inLanguage":"pt-BR","potentialAction":[{"@type":"ReadAction","target":["http:\/\/salmosbiblicos.com.br\/index.php\/2026\/04\/04\/fe-e-espiritualidade-a-verdade-alem-do-visivel\/"]}]},{"@type":"BreadcrumbList","@id":"http:\/\/salmosbiblicos.com.br\/index.php\/2026\/04\/04\/fe-e-espiritualidade-a-verdade-alem-do-visivel\/#breadcrumb","itemListElement":[{"@type":"ListItem","position":1,"name":"Home","item":"https:\/\/salmosbiblicos.com.br\/"},{"@type":"ListItem","position":2,"name":"F\u00e9 e Espiritualidade: A Verdade Al\u00e9m do Vis\u00edvel"}]},{"@type":"WebSite","@id":"https:\/\/salmosbiblicos.com.br\/#website","url":"https:\/\/salmosbiblicos.com.br\/","name":"Salmos B\u00edblicos","description":"Uma e-Livraria com e-Books novos para voc\u00ea refletir.","potentialAction":[{"@type":"SearchAction","target":{"@type":"EntryPoint","urlTemplate":"https:\/\/salmosbiblicos.com.br\/?s={search_term_string}"},"query-input":{"@type":"PropertyValueSpecification","valueRequired":true,"valueName":"search_term_string"}}],"inLanguage":"pt-BR"},{"@type":"Person","@id":"https:\/\/salmosbiblicos.com.br\/#\/schema\/person\/30586d0fb3f3a46b78a3414fc39cc975","name":"alextreh@gmail.com","image":{"@type":"ImageObject","inLanguage":"pt-BR","@id":"https:\/\/secure.gravatar.com\/avatar\/7cf84d31f581ec97b887c1039d478a7c293086896c84951a86753fb2c2af7527?s=96&d=mm&r=g","url":"https:\/\/secure.gravatar.com\/avatar\/7cf84d31f581ec97b887c1039d478a7c293086896c84951a86753fb2c2af7527?s=96&d=mm&r=g","contentUrl":"https:\/\/secure.gravatar.com\/avatar\/7cf84d31f581ec97b887c1039d478a7c293086896c84951a86753fb2c2af7527?s=96&d=mm&r=g","caption":"alextreh@gmail.com"},"sameAs":["http:\/\/salmosbiblicos.com.br"],"url":"http:\/\/salmosbiblicos.com.br\/index.php\/author\/alextrehgmail-com\/"}]}},"_links":{"self":[{"href":"http:\/\/salmosbiblicos.com.br\/index.php\/wp-json\/wp\/v2\/posts\/6657","targetHints":{"allow":["GET"]}}],"collection":[{"href":"http:\/\/salmosbiblicos.com.br\/index.php\/wp-json\/wp\/v2\/posts"}],"about":[{"href":"http:\/\/salmosbiblicos.com.br\/index.php\/wp-json\/wp\/v2\/types\/post"}],"author":[{"embeddable":true,"href":"http:\/\/salmosbiblicos.com.br\/index.php\/wp-json\/wp\/v2\/users\/1"}],"replies":[{"embeddable":true,"href":"http:\/\/salmosbiblicos.com.br\/index.php\/wp-json\/wp\/v2\/comments?post=6657"}],"version-history":[{"count":1,"href":"http:\/\/salmosbiblicos.com.br\/index.php\/wp-json\/wp\/v2\/posts\/6657\/revisions"}],"predecessor-version":[{"id":6658,"href":"http:\/\/salmosbiblicos.com.br\/index.php\/wp-json\/wp\/v2\/posts\/6657\/revisions\/6658"}],"wp:attachment":[{"href":"http:\/\/salmosbiblicos.com.br\/index.php\/wp-json\/wp\/v2\/media?parent=6657"}],"wp:term":[{"taxonomy":"category","embeddable":true,"href":"http:\/\/salmosbiblicos.com.br\/index.php\/wp-json\/wp\/v2\/categories?post=6657"},{"taxonomy":"post_tag","embeddable":true,"href":"http:\/\/salmosbiblicos.com.br\/index.php\/wp-json\/wp\/v2\/tags?post=6657"}],"curies":[{"name":"wp","href":"https:\/\/api.w.org\/{rel}","templated":true}]}}