{"id":6681,"date":"2026-04-04T13:20:16","date_gmt":"2026-04-04T16:20:16","guid":{"rendered":"https:\/\/salmosbiblicos.com.br\/?p=6681"},"modified":"2026-04-04T13:20:16","modified_gmt":"2026-04-04T16:20:16","slug":"almas-em-tempos-de-crise-como-resgatar-a-sensibilidade-espiritual","status":"publish","type":"post","link":"http:\/\/salmosbiblicos.com.br\/index.php\/2026\/04\/04\/almas-em-tempos-de-crise-como-resgatar-a-sensibilidade-espiritual\/","title":{"rendered":"Almas em Tempos de Crise: Como Resgatar a Sensibilidade Espiritual"},"content":{"rendered":"<p>## O Despertar da Alma em Tempos de Incerteza<\/p>\n<p>O mundo ao nosso redor parece, muitas vezes, perder o seu eixo. Observamos as estrelas, o brilho da lua e o movimento das na\u00e7\u00f5es e sentimos uma agita\u00e7\u00e3o profunda, como se o pr\u00f3prio tecido da realidade estivesse sendo abalado.<\/p>\n<p>Muitos se deixam levar pelo pavor diante das crises e pelo barulho das ondas que batem contra a nossa seguran\u00e7a. No entanto, por tr\u00e1s de toda a tempestade aparente, existe uma promessa que nos convida a **olhar para o alto**.<\/p>\n<p>A verdadeira quest\u00e3o n\u00e3o \u00e9 o que acontece no c\u00e9u ou na terra, mas como o nosso cora\u00e7\u00e3o reage aos sinais que nos s\u00e3o apresentados.<\/p>\n<p>## O Perigo da Insensibilidade Espiritual<\/p>\n<p>As grandes transforma\u00e7\u00f5es do mundo podem ser assustadoras, mas o maior perigo n\u00e3o reside nos eventos externos, e sim no **entorpecimento do nosso esp\u00edrito**. Existe um risco real de que, diante do caos, o nosso cora\u00e7\u00e3o se torne insens\u00edvel.<\/p>\n<p>A insensibilidade \u00e9 uma armadilha silenciosa que nos afasta da presen\u00e7a do divino. Ela se manifesta de tr\u00eas formas principais que precisamos vigiar com extrema aten\u00e7\u00e3o:<\/p>\n<p>*   **O excesso e a gula:** A busca desenfreada por prazeres imediatos e pela satisfa\u00e7\u00e3o do apetite, que nos faz esquecer da nossa verdadeira fome espiritual.<br \/>*   **A embriaguez e a perda do dom\u00ednio:** N\u00e3o apenas o excesso de vinho, mas qualquer estado que nos tire a lucidez e o controle sobre nossas pr\u00f3prias a\u00e7\u00f5es e consci\u00eancia.<br \/>*   **As preocupa\u00e7\u00f5es da vida:** O peso das ansiedades mundanas que nos prende ao ch\u00e3o, fazendo com que foquemos apenas no que \u00e9 passageiro e esque\u00e7amos do que \u00e9 eterno.<\/p>\n<p>N\u00e3o devemos viver sob o lema de &#8220;comamos e bebamos, pois amanh\u00e3 morreremos&#8221;. Esse pensamento \u00e9 o que alimenta a insensibilidade e nos impede de perceber a **proximidade da nossa liberta\u00e7\u00e3o**.<\/p>\n<p>## O Chamado \u00e0 Vigil\u00e2ncia e \u00e0 Sobriedade<\/p>\n<p>A instru\u00e7\u00e3o para os dias atuais \u00e9 clara: **n\u00e3o podemos dormir como aqueles que n\u00e3o t\u00eam esperan\u00e7a**. Enquanto muitos se perdem no sono da indiferen\u00e7a, somos chamados a um estado de vig\u00edlia constante.<\/p>\n<p>A vigil\u00e2ncia exige que sejamos s\u00f3brios. Ser s\u00f3brio \u00e9 manter a mente clara para discernir entre o que \u00e9 luz e o que \u00e9 treva. \u00c9 um convite para que n\u00e3o sejamos pegos de surpresa por uma armadilha que cai subitamente sobre a humanidade.<\/p>\n<p>Para enfrentar este tempo, precisamos revestir nossa alma com uma armadura espec\u00edfica:<\/p>\n<p>1.  **A coura\u00e7a da f\u00e9:** Para proteger nossos sentimentos contra as d\u00favidas e o medo.<br \/>2.  **A coura\u00e7a da caridade:** Para que o nosso amor ao pr\u00f3ximo seja o motor de todas as nossas a\u00e7\u00f5es.<br \/>3.  **O capacete da esperan\u00e7a:** Para que nossa mente esteja sempre focada na promessa da salva\u00e7\u00e3o.<\/p>\n<p>## Despindo-se das Trevas para Veste a Luz<\/p>\n<p>J\u00e1 compreendemos que o tempo em que vivemos exige um despertar urgente. A hora de despertar \u00e9 agora, pois a nossa salva\u00e7\u00e3o est\u00e1 mais pr\u00f3xima do que quando iniciamos esta jornada de f\u00e9.<\/p>\n<p>Precisamos abandonar as pr\u00e1ticas que pertencem \u00e0 noite e \u00e0 escurid\u00e3o. \u00c9 tempo de abandonar a desonestidade, as contendas, a lux\u00faria e os apetites da carne que apenas nos desgastam.<\/p>\n<p>**Despemo-nos das obras das trevas** e vistamos as armas da luz. Devemos nos comportar com integridade, como quem vive sob o brilho do dia, revestindo-nos inteiramente de uma nova natureza.<\/p>\n<p>Que a nossa postura diante do mundo seja de **vigil\u00e2ncia, sobriedade e prontid\u00e3o**, aguardando, com o cora\u00e7\u00e3o elevado, o momento em que toda a gl\u00f3ria se manifestar\u00e1 plenamente.<\/p>\n","protected":false},"excerpt":{"rendered":"<p>## O Despertar da Alma em Tempos de Incerteza O mundo ao nosso redor parece, muitas vezes, perder o seu eixo. Observamos as estrelas, o brilho da lua e o movimento das na\u00e7\u00f5es e sentimos uma agita\u00e7\u00e3o profunda, como se o pr\u00f3prio tecido da realidade estivesse sendo abalado. Muitos se deixam levar pelo pavor diante [&hellip;]<\/p>\n","protected":false},"author":1,"featured_media":0,"comment_status":"closed","ping_status":"open","sticky":false,"template":"","format":"standard","meta":{"footnotes":""},"categories":[14],"tags":[],"class_list":["post-6681","post","type-post","status-publish","format-standard","hentry","category-reflexao"],"yoast_head":"<!-- This site is optimized with the Yoast SEO plugin v27.2 - https:\/\/yoast.com\/product\/yoast-seo-wordpress\/ -->\n<title>Almas em Tempos de Crise: Como Resgatar a Sensibilidade Espiritual - Salmos B\u00edblicos<\/title>\n<meta name=\"robots\" content=\"index, follow, max-snippet:-1, max-image-preview:large, max-video-preview:-1\" \/>\n<link rel=\"canonical\" href=\"http:\/\/salmosbiblicos.com.br\/index.php\/2026\/04\/04\/almas-em-tempos-de-crise-como-resgatar-a-sensibilidade-espiritual\/\" \/>\n<meta property=\"og:locale\" content=\"pt_BR\" \/>\n<meta property=\"og:type\" content=\"article\" \/>\n<meta property=\"og:title\" content=\"Almas em Tempos de Crise: Como Resgatar a Sensibilidade Espiritual - Salmos B\u00edblicos\" \/>\n<meta property=\"og:description\" content=\"## O Despertar da Alma em Tempos de Incerteza O mundo ao nosso redor parece, muitas vezes, perder o seu eixo. Observamos as estrelas, o brilho da lua e o movimento das na\u00e7\u00f5es e sentimos uma agita\u00e7\u00e3o profunda, como se o pr\u00f3prio tecido da realidade estivesse sendo abalado. Muitos se deixam levar pelo pavor diante [&hellip;]\" \/>\n<meta property=\"og:url\" content=\"http:\/\/salmosbiblicos.com.br\/index.php\/2026\/04\/04\/almas-em-tempos-de-crise-como-resgatar-a-sensibilidade-espiritual\/\" \/>\n<meta property=\"og:site_name\" content=\"Salmos B\u00edblicos\" \/>\n<meta property=\"article:published_time\" content=\"2026-04-04T16:20:16+00:00\" \/>\n<meta name=\"author\" content=\"alextreh@gmail.com\" \/>\n<meta name=\"twitter:card\" content=\"summary_large_image\" \/>\n<meta name=\"twitter:label1\" content=\"Escrito por\" \/>\n\t<meta name=\"twitter:data1\" content=\"alextreh@gmail.com\" \/>\n\t<meta name=\"twitter:label2\" content=\"Est. tempo de leitura\" \/>\n\t<meta name=\"twitter:data2\" content=\"3 minutos\" \/>\n<script type=\"application\/ld+json\" class=\"yoast-schema-graph\">{\"@context\":\"https:\/\/schema.org\",\"@graph\":[{\"@type\":\"Article\",\"@id\":\"http:\/\/salmosbiblicos.com.br\/index.php\/2026\/04\/04\/almas-em-tempos-de-crise-como-resgatar-a-sensibilidade-espiritual\/#article\",\"isPartOf\":{\"@id\":\"http:\/\/salmosbiblicos.com.br\/index.php\/2026\/04\/04\/almas-em-tempos-de-crise-como-resgatar-a-sensibilidade-espiritual\/\"},\"author\":{\"name\":\"alextreh@gmail.com\",\"@id\":\"https:\/\/salmosbiblicos.com.br\/#\/schema\/person\/30586d0fb3f3a46b78a3414fc39cc975\"},\"headline\":\"Almas em Tempos de Crise: Como Resgatar a Sensibilidade Espiritual\",\"datePublished\":\"2026-04-04T16:20:16+00:00\",\"mainEntityOfPage\":{\"@id\":\"http:\/\/salmosbiblicos.com.br\/index.php\/2026\/04\/04\/almas-em-tempos-de-crise-como-resgatar-a-sensibilidade-espiritual\/\"},\"wordCount\":621,\"articleSection\":[\"Reflex\u00e3o\"],\"inLanguage\":\"pt-BR\"},{\"@type\":\"WebPage\",\"@id\":\"http:\/\/salmosbiblicos.com.br\/index.php\/2026\/04\/04\/almas-em-tempos-de-crise-como-resgatar-a-sensibilidade-espiritual\/\",\"url\":\"http:\/\/salmosbiblicos.com.br\/index.php\/2026\/04\/04\/almas-em-tempos-de-crise-como-resgatar-a-sensibilidade-espiritual\/\",\"name\":\"Almas em Tempos de Crise: Como Resgatar a Sensibilidade Espiritual - Salmos B\u00edblicos\",\"isPartOf\":{\"@id\":\"https:\/\/salmosbiblicos.com.br\/#website\"},\"datePublished\":\"2026-04-04T16:20:16+00:00\",\"author\":{\"@id\":\"https:\/\/salmosbiblicos.com.br\/#\/schema\/person\/30586d0fb3f3a46b78a3414fc39cc975\"},\"breadcrumb\":{\"@id\":\"http:\/\/salmosbiblicos.com.br\/index.php\/2026\/04\/04\/almas-em-tempos-de-crise-como-resgatar-a-sensibilidade-espiritual\/#breadcrumb\"},\"inLanguage\":\"pt-BR\",\"potentialAction\":[{\"@type\":\"ReadAction\",\"target\":[\"http:\/\/salmosbiblicos.com.br\/index.php\/2026\/04\/04\/almas-em-tempos-de-crise-como-resgatar-a-sensibilidade-espiritual\/\"]}]},{\"@type\":\"BreadcrumbList\",\"@id\":\"http:\/\/salmosbiblicos.com.br\/index.php\/2026\/04\/04\/almas-em-tempos-de-crise-como-resgatar-a-sensibilidade-espiritual\/#breadcrumb\",\"itemListElement\":[{\"@type\":\"ListItem\",\"position\":1,\"name\":\"Home\",\"item\":\"https:\/\/salmosbiblicos.com.br\/\"},{\"@type\":\"ListItem\",\"position\":2,\"name\":\"Almas em Tempos de Crise: Como Resgatar a Sensibilidade Espiritual\"}]},{\"@type\":\"WebSite\",\"@id\":\"https:\/\/salmosbiblicos.com.br\/#website\",\"url\":\"https:\/\/salmosbiblicos.com.br\/\",\"name\":\"Salmos B\u00edblicos\",\"description\":\"Uma e-Livraria com e-Books novos para voc\u00ea refletir.\",\"potentialAction\":[{\"@type\":\"SearchAction\",\"target\":{\"@type\":\"EntryPoint\",\"urlTemplate\":\"https:\/\/salmosbiblicos.com.br\/?s={search_term_string}\"},\"query-input\":{\"@type\":\"PropertyValueSpecification\",\"valueRequired\":true,\"valueName\":\"search_term_string\"}}],\"inLanguage\":\"pt-BR\"},{\"@type\":\"Person\",\"@id\":\"https:\/\/salmosbiblicos.com.br\/#\/schema\/person\/30586d0fb3f3a46b78a3414fc39cc975\",\"name\":\"alextreh@gmail.com\",\"image\":{\"@type\":\"ImageObject\",\"inLanguage\":\"pt-BR\",\"@id\":\"https:\/\/secure.gravatar.com\/avatar\/7cf84d31f581ec97b887c1039d478a7c293086896c84951a86753fb2c2af7527?s=96&d=mm&r=g\",\"url\":\"https:\/\/secure.gravatar.com\/avatar\/7cf84d31f581ec97b887c1039d478a7c293086896c84951a86753fb2c2af7527?s=96&d=mm&r=g\",\"contentUrl\":\"https:\/\/secure.gravatar.com\/avatar\/7cf84d31f581ec97b887c1039d478a7c293086896c84951a86753fb2c2af7527?s=96&d=mm&r=g\",\"caption\":\"alextreh@gmail.com\"},\"sameAs\":[\"http:\/\/salmosbiblicos.com.br\"],\"url\":\"http:\/\/salmosbiblicos.com.br\/index.php\/author\/alextrehgmail-com\/\"}]}<\/script>\n<!-- \/ Yoast SEO plugin. -->","yoast_head_json":{"title":"Almas em Tempos de Crise: Como Resgatar a Sensibilidade Espiritual - Salmos B\u00edblicos","robots":{"index":"index","follow":"follow","max-snippet":"max-snippet:-1","max-image-preview":"max-image-preview:large","max-video-preview":"max-video-preview:-1"},"canonical":"http:\/\/salmosbiblicos.com.br\/index.php\/2026\/04\/04\/almas-em-tempos-de-crise-como-resgatar-a-sensibilidade-espiritual\/","og_locale":"pt_BR","og_type":"article","og_title":"Almas em Tempos de Crise: Como Resgatar a Sensibilidade Espiritual - Salmos B\u00edblicos","og_description":"## O Despertar da Alma em Tempos de Incerteza O mundo ao nosso redor parece, muitas vezes, perder o seu eixo. Observamos as estrelas, o brilho da lua e o movimento das na\u00e7\u00f5es e sentimos uma agita\u00e7\u00e3o profunda, como se o pr\u00f3prio tecido da realidade estivesse sendo abalado. Muitos se deixam levar pelo pavor diante [&hellip;]","og_url":"http:\/\/salmosbiblicos.com.br\/index.php\/2026\/04\/04\/almas-em-tempos-de-crise-como-resgatar-a-sensibilidade-espiritual\/","og_site_name":"Salmos B\u00edblicos","article_published_time":"2026-04-04T16:20:16+00:00","author":"alextreh@gmail.com","twitter_card":"summary_large_image","twitter_misc":{"Escrito por":"alextreh@gmail.com","Est. tempo de leitura":"3 minutos"},"schema":{"@context":"https:\/\/schema.org","@graph":[{"@type":"Article","@id":"http:\/\/salmosbiblicos.com.br\/index.php\/2026\/04\/04\/almas-em-tempos-de-crise-como-resgatar-a-sensibilidade-espiritual\/#article","isPartOf":{"@id":"http:\/\/salmosbiblicos.com.br\/index.php\/2026\/04\/04\/almas-em-tempos-de-crise-como-resgatar-a-sensibilidade-espiritual\/"},"author":{"name":"alextreh@gmail.com","@id":"https:\/\/salmosbiblicos.com.br\/#\/schema\/person\/30586d0fb3f3a46b78a3414fc39cc975"},"headline":"Almas em Tempos de Crise: Como Resgatar a Sensibilidade Espiritual","datePublished":"2026-04-04T16:20:16+00:00","mainEntityOfPage":{"@id":"http:\/\/salmosbiblicos.com.br\/index.php\/2026\/04\/04\/almas-em-tempos-de-crise-como-resgatar-a-sensibilidade-espiritual\/"},"wordCount":621,"articleSection":["Reflex\u00e3o"],"inLanguage":"pt-BR"},{"@type":"WebPage","@id":"http:\/\/salmosbiblicos.com.br\/index.php\/2026\/04\/04\/almas-em-tempos-de-crise-como-resgatar-a-sensibilidade-espiritual\/","url":"http:\/\/salmosbiblicos.com.br\/index.php\/2026\/04\/04\/almas-em-tempos-de-crise-como-resgatar-a-sensibilidade-espiritual\/","name":"Almas em Tempos de Crise: Como Resgatar a Sensibilidade Espiritual - Salmos B\u00edblicos","isPartOf":{"@id":"https:\/\/salmosbiblicos.com.br\/#website"},"datePublished":"2026-04-04T16:20:16+00:00","author":{"@id":"https:\/\/salmosbiblicos.com.br\/#\/schema\/person\/30586d0fb3f3a46b78a3414fc39cc975"},"breadcrumb":{"@id":"http:\/\/salmosbiblicos.com.br\/index.php\/2026\/04\/04\/almas-em-tempos-de-crise-como-resgatar-a-sensibilidade-espiritual\/#breadcrumb"},"inLanguage":"pt-BR","potentialAction":[{"@type":"ReadAction","target":["http:\/\/salmosbiblicos.com.br\/index.php\/2026\/04\/04\/almas-em-tempos-de-crise-como-resgatar-a-sensibilidade-espiritual\/"]}]},{"@type":"BreadcrumbList","@id":"http:\/\/salmosbiblicos.com.br\/index.php\/2026\/04\/04\/almas-em-tempos-de-crise-como-resgatar-a-sensibilidade-espiritual\/#breadcrumb","itemListElement":[{"@type":"ListItem","position":1,"name":"Home","item":"https:\/\/salmosbiblicos.com.br\/"},{"@type":"ListItem","position":2,"name":"Almas em Tempos de Crise: Como Resgatar a Sensibilidade Espiritual"}]},{"@type":"WebSite","@id":"https:\/\/salmosbiblicos.com.br\/#website","url":"https:\/\/salmosbiblicos.com.br\/","name":"Salmos B\u00edblicos","description":"Uma e-Livraria com e-Books novos para voc\u00ea refletir.","potentialAction":[{"@type":"SearchAction","target":{"@type":"EntryPoint","urlTemplate":"https:\/\/salmosbiblicos.com.br\/?s={search_term_string}"},"query-input":{"@type":"PropertyValueSpecification","valueRequired":true,"valueName":"search_term_string"}}],"inLanguage":"pt-BR"},{"@type":"Person","@id":"https:\/\/salmosbiblicos.com.br\/#\/schema\/person\/30586d0fb3f3a46b78a3414fc39cc975","name":"alextreh@gmail.com","image":{"@type":"ImageObject","inLanguage":"pt-BR","@id":"https:\/\/secure.gravatar.com\/avatar\/7cf84d31f581ec97b887c1039d478a7c293086896c84951a86753fb2c2af7527?s=96&d=mm&r=g","url":"https:\/\/secure.gravatar.com\/avatar\/7cf84d31f581ec97b887c1039d478a7c293086896c84951a86753fb2c2af7527?s=96&d=mm&r=g","contentUrl":"https:\/\/secure.gravatar.com\/avatar\/7cf84d31f581ec97b887c1039d478a7c293086896c84951a86753fb2c2af7527?s=96&d=mm&r=g","caption":"alextreh@gmail.com"},"sameAs":["http:\/\/salmosbiblicos.com.br"],"url":"http:\/\/salmosbiblicos.com.br\/index.php\/author\/alextrehgmail-com\/"}]}},"_links":{"self":[{"href":"http:\/\/salmosbiblicos.com.br\/index.php\/wp-json\/wp\/v2\/posts\/6681","targetHints":{"allow":["GET"]}}],"collection":[{"href":"http:\/\/salmosbiblicos.com.br\/index.php\/wp-json\/wp\/v2\/posts"}],"about":[{"href":"http:\/\/salmosbiblicos.com.br\/index.php\/wp-json\/wp\/v2\/types\/post"}],"author":[{"embeddable":true,"href":"http:\/\/salmosbiblicos.com.br\/index.php\/wp-json\/wp\/v2\/users\/1"}],"replies":[{"embeddable":true,"href":"http:\/\/salmosbiblicos.com.br\/index.php\/wp-json\/wp\/v2\/comments?post=6681"}],"version-history":[{"count":1,"href":"http:\/\/salmosbiblicos.com.br\/index.php\/wp-json\/wp\/v2\/posts\/6681\/revisions"}],"predecessor-version":[{"id":6682,"href":"http:\/\/salmosbiblicos.com.br\/index.php\/wp-json\/wp\/v2\/posts\/6681\/revisions\/6682"}],"wp:attachment":[{"href":"http:\/\/salmosbiblicos.com.br\/index.php\/wp-json\/wp\/v2\/media?parent=6681"}],"wp:term":[{"taxonomy":"category","embeddable":true,"href":"http:\/\/salmosbiblicos.com.br\/index.php\/wp-json\/wp\/v2\/categories?post=6681"},{"taxonomy":"post_tag","embeddable":true,"href":"http:\/\/salmosbiblicos.com.br\/index.php\/wp-json\/wp\/v2\/tags?post=6681"}],"curies":[{"name":"wp","href":"https:\/\/api.w.org\/{rel}","templated":true}]}}