{"id":6707,"date":"2026-04-04T15:46:42","date_gmt":"2026-04-04T18:46:42","guid":{"rendered":"https:\/\/salmosbiblicos.com.br\/?p=6707"},"modified":"2026-04-04T15:46:42","modified_gmt":"2026-04-04T18:46:42","slug":"oracao-a-chave-para-a-fe-e-a-resiliencia-na-vida","status":"publish","type":"post","link":"http:\/\/salmosbiblicos.com.br\/index.php\/2026\/04\/04\/oracao-a-chave-para-a-fe-e-a-resiliencia-na-vida\/","title":{"rendered":"Ora\u00e7\u00e3o: A Chave para a F\u00e9 e a Resili\u00eancia na Vida"},"content":{"rendered":"<p>A alma humana possui necessidades que o corpo n\u00e3o pode suprir. Assim como o corpo definha sem o sustento do alimento e sem a vitalidade da \u00e1gua, o esp\u00edrito adoece quando perde o contato com sua fonte primordiais. **A ora\u00e7\u00e3o n\u00e3o \u00e9 um acess\u00f3rio da vida; ela \u00e9 o f\u00f4lego da alma.**<\/p>\n<p>## A Persist\u00eancia que N\u00e3o se Deixa Vencer<\/p>\n<p>Muitas vezes, nos sentimos desanimados diante das injusti\u00e7as ou do sil\u00eancio que parece cercar nossas s\u00faplicas. A hist\u00f3ria de uma vi\u00fava que buscava justi\u00e7a diante de um juiz implac\u00e1vel nos ensina uma li\u00e7\u00e3o profunda sobre a **necessidade de rezar sempre e nunca desistir**.<\/p>\n<p>A vi\u00fava n\u00e3o parou de bater \u00e0 porta, mesmo diante da recusa inicial. Ela nos convida a cultivar uma **f\u00e9 resiliente**. Se um juiz injusto acabou por atender ao pedido apenas para n\u00e3o ser incomodado, quanto mais o Pai Celestial, que \u00e9 infinitamente bom, n\u00e3o atender\u00e1 aos Seus escolhidos que clamam a Ele dia e noite?<\/p>\n<p>A grande quest\u00e3o que ecoa para os nossos dias \u00e9: **quando o Senhor vier, ainda encontrar\u00e1 f\u00e9 sobre a terra?** A resposta deve ser encontrada na nossa const\u00e2ncia.<\/p>\n<p>## A Ora\u00e7\u00e3o como Sustento Vital<\/p>\n<p>\u00c9 poss\u00edvel observar na natureza as coisas que podemos ou n\u00e3o dispensar. Podemos abrir m\u00e3o de um passeio, de um descanso ou de um luxo sem que nossa ess\u00eancia seja alterado. No entanto, **n\u00e3o podemos viver sem \u00e1gua, sem alimento ou sem o sono reparador.**<\/p>\n<p>Da mesma forma, a ora\u00e7\u00e3o \u00e9 o alimento do esp\u00edrito.<br \/>*   **A ora\u00e7\u00e3o \u00e9 essencial:** Voc\u00ea n\u00e3o pode deixar de nutrir sua conex\u00e3o com Deus.<br \/>*   **A ora\u00e7\u00e3o \u00e9 constante:** Ela deve ocorrer na alegria, na tristeza e na tribula\u00e7\u00e3o.<br \/>*   **A ora\u00e7\u00e3o \u00e9 um h\u00e1bito vital:** Assim como o corpo precisa de descanso, a alma precisa de di\u00e1logo.<\/p>\n<p>## O Significado de Orar Sem Cessar<\/p>\n<p>Muitos se perguntam: como \u00e9 poss\u00edvel cumprir o chamado de **&#8221;orar sem cessar&#8221;** enquanto realizamos nossas tarefas di\u00e1rias? Orar sem cessar n\u00e3o significa abandonar o trabalho ou os estudos para ficar em um estado de isolamento.<\/p>\n<p>A verdadeira ora\u00e7\u00e3o \u00e9 um **olhar voltado para o c\u00e9u** e um pensamento depositado em Deus. \u00c9 transformar o cotidiano em um santu\u00e1rio:<br \/>*   **No trabalho:** Fazendo suas tarefas em di\u00e1logo com o Criador.<br \/>*   **Nos estudos:** Dedicando seu esfor\u00e7o como uma oferta a Ele.<br \/>*   **No caminho:** Conversando com Deus no transporte ou nas tarefas mais simples.<\/p>\n<p>**A ora\u00e7\u00e3o \u00e9, essencialmente, um di\u00e1logo ininterrupto com Deus**, um estado de consci\u00eancia onde Ele \u00e9 o convidado constante de cada um de nossos pensamentos.<\/p>\n<p>## A Ora\u00e7\u00e3o em Todas as Esta\u00e7\u00f5es da Vida<\/p>\n<p>A Palavra nos instrui a intensificar as s\u00faplicas em todas as circunst\u00e2ncias. N\u00e3o h\u00e1 momento em que a ora\u00e7\u00e3o seja desnecess\u00e1ria. Seja na abund\u00e2ncia ou na escassez, na sa\u00fade ou na enfermidade, a ora\u00e7\u00e3o \u00e9 o nosso ref\u00fagio.<\/p>\n<p>Devemos cultivar a **vigil\u00e2ncia e a gratid\u00e3o**:<br \/>*   **Em toda circunst\u00e2ncia:** Esteja empregado ou desempregado, ore.<br \/>*   **Com gratid\u00e3o:** Em todas as situa\u00e7\u00f5es, que o nosso cora\u00e7\u00e3o saiba agradecer.<br \/>*   **Com vigil\u00e2ncia:** Esteja atento para que as tribula\u00e7\u00f5es n\u00e3o roubem sua f\u00e9.<\/p>\n<p>O chamado \u00e9 para que sejamos **perseverantes e vigilantes**. A ora\u00e7\u00e3o nos prepara para os desafios e nos torna dignos de enfrentar as prova\u00e7\u00f5es que o mundo apresenta, permitindo que permane\u00e7amos firmes diante do encontro definitivo com o Senhor.<\/p>\n<p>**Intensifique sua ora\u00e7\u00e3o hoje.** N\u00e3o espere pela crise para buscar o di\u00e1logo; fa\u00e7a do seu dia um constante encontro com Aquele que tudo pode.<\/p>\n","protected":false},"excerpt":{"rendered":"<p>A alma humana possui necessidades que o corpo n\u00e3o pode suprir. Assim como o corpo definha sem o sustento do alimento e sem a vitalidade da \u00e1gua, o esp\u00edrito adoece quando perde o contato com sua fonte primordiais. **A ora\u00e7\u00e3o n\u00e3o \u00e9 um acess\u00f3rio da vida; ela \u00e9 o f\u00f4lego da alma.** ## A Persist\u00eancia [&hellip;]<\/p>\n","protected":false},"author":1,"featured_media":0,"comment_status":"closed","ping_status":"open","sticky":false,"template":"","format":"standard","meta":{"footnotes":""},"categories":[14],"tags":[],"class_list":["post-6707","post","type-post","status-publish","format-standard","hentry","category-reflexao"],"yoast_head":"<!-- This site is optimized with the Yoast SEO plugin v27.2 - https:\/\/yoast.com\/product\/yoast-seo-wordpress\/ -->\n<title>Ora\u00e7\u00e3o: A Chave para a F\u00e9 e a Resili\u00eancia na Vida - Salmos B\u00edblicos<\/title>\n<meta name=\"robots\" content=\"index, follow, max-snippet:-1, max-image-preview:large, max-video-preview:-1\" \/>\n<link rel=\"canonical\" href=\"https:\/\/salmosbiblicos.com.br\/index.php\/2026\/04\/04\/oracao-a-chave-para-a-fe-e-a-resiliencia-na-vida\/\" \/>\n<meta property=\"og:locale\" content=\"pt_BR\" \/>\n<meta property=\"og:type\" content=\"article\" \/>\n<meta property=\"og:title\" content=\"Ora\u00e7\u00e3o: A Chave para a F\u00e9 e a Resili\u00eancia na Vida - Salmos B\u00edblicos\" \/>\n<meta property=\"og:description\" content=\"A alma humana possui necessidades que o corpo n\u00e3o pode suprir. Assim como o corpo definha sem o sustento do alimento e sem a vitalidade da \u00e1gua, o esp\u00edrito adoece quando perde o contato com sua fonte primordiais. **A ora\u00e7\u00e3o n\u00e3o \u00e9 um acess\u00f3rio da vida; ela \u00e9 o f\u00f4lego da alma.** ## A Persist\u00eancia [&hellip;]\" \/>\n<meta property=\"og:url\" content=\"https:\/\/salmosbiblicos.com.br\/index.php\/2026\/04\/04\/oracao-a-chave-para-a-fe-e-a-resiliencia-na-vida\/\" \/>\n<meta property=\"og:site_name\" content=\"Salmos B\u00edblicos\" \/>\n<meta property=\"article:published_time\" content=\"2026-04-04T18:46:42+00:00\" \/>\n<meta name=\"author\" content=\"alextreh@gmail.com\" \/>\n<meta name=\"twitter:card\" content=\"summary_large_image\" \/>\n<meta name=\"twitter:label1\" content=\"Escrito por\" \/>\n\t<meta name=\"twitter:data1\" content=\"alextreh@gmail.com\" \/>\n\t<meta name=\"twitter:label2\" content=\"Est. tempo de leitura\" \/>\n\t<meta name=\"twitter:data2\" content=\"3 minutos\" \/>\n<script type=\"application\/ld+json\" class=\"yoast-schema-graph\">{\"@context\":\"https:\/\/schema.org\",\"@graph\":[{\"@type\":\"Article\",\"@id\":\"https:\/\/salmosbiblicos.com.br\/index.php\/2026\/04\/04\/oracao-a-chave-para-a-fe-e-a-resiliencia-na-vida\/#article\",\"isPartOf\":{\"@id\":\"https:\/\/salmosbiblicos.com.br\/index.php\/2026\/04\/04\/oracao-a-chave-para-a-fe-e-a-resiliencia-na-vida\/\"},\"author\":{\"name\":\"alextreh@gmail.com\",\"@id\":\"https:\/\/salmosbiblicos.com.br\/#\/schema\/person\/30586d0fb3f3a46b78a3414fc39cc975\"},\"headline\":\"Ora\u00e7\u00e3o: A Chave para a F\u00e9 e a Resili\u00eancia na Vida\",\"datePublished\":\"2026-04-04T18:46:42+00:00\",\"mainEntityOfPage\":{\"@id\":\"https:\/\/salmosbiblicos.com.br\/index.php\/2026\/04\/04\/oracao-a-chave-para-a-fe-e-a-resiliencia-na-vida\/\"},\"wordCount\":634,\"articleSection\":[\"Reflex\u00e3o\"],\"inLanguage\":\"pt-BR\"},{\"@type\":\"WebPage\",\"@id\":\"https:\/\/salmosbiblicos.com.br\/index.php\/2026\/04\/04\/oracao-a-chave-para-a-fe-e-a-resiliencia-na-vida\/\",\"url\":\"https:\/\/salmosbiblicos.com.br\/index.php\/2026\/04\/04\/oracao-a-chave-para-a-fe-e-a-resiliencia-na-vida\/\",\"name\":\"Ora\u00e7\u00e3o: A Chave para a F\u00e9 e a Resili\u00eancia na Vida - Salmos B\u00edblicos\",\"isPartOf\":{\"@id\":\"https:\/\/salmosbiblicos.com.br\/#website\"},\"datePublished\":\"2026-04-04T18:46:42+00:00\",\"author\":{\"@id\":\"https:\/\/salmosbiblicos.com.br\/#\/schema\/person\/30586d0fb3f3a46b78a3414fc39cc975\"},\"breadcrumb\":{\"@id\":\"https:\/\/salmosbiblicos.com.br\/index.php\/2026\/04\/04\/oracao-a-chave-para-a-fe-e-a-resiliencia-na-vida\/#breadcrumb\"},\"inLanguage\":\"pt-BR\",\"potentialAction\":[{\"@type\":\"ReadAction\",\"target\":[\"https:\/\/salmosbiblicos.com.br\/index.php\/2026\/04\/04\/oracao-a-chave-para-a-fe-e-a-resiliencia-na-vida\/\"]}]},{\"@type\":\"BreadcrumbList\",\"@id\":\"https:\/\/salmosbiblicos.com.br\/index.php\/2026\/04\/04\/oracao-a-chave-para-a-fe-e-a-resiliencia-na-vida\/#breadcrumb\",\"itemListElement\":[{\"@type\":\"ListItem\",\"position\":1,\"name\":\"Home\",\"item\":\"https:\/\/salmosbiblicos.com.br\/\"},{\"@type\":\"ListItem\",\"position\":2,\"name\":\"Ora\u00e7\u00e3o: A Chave para a F\u00e9 e a Resili\u00eancia na Vida\"}]},{\"@type\":\"WebSite\",\"@id\":\"https:\/\/salmosbiblicos.com.br\/#website\",\"url\":\"https:\/\/salmosbiblicos.com.br\/\",\"name\":\"Salmos B\u00edblicos\",\"description\":\"Uma e-Livraria com e-Books novos para voc\u00ea refletir.\",\"potentialAction\":[{\"@type\":\"SearchAction\",\"target\":{\"@type\":\"EntryPoint\",\"urlTemplate\":\"https:\/\/salmosbiblicos.com.br\/?s={search_term_string}\"},\"query-input\":{\"@type\":\"PropertyValueSpecification\",\"valueRequired\":true,\"valueName\":\"search_term_string\"}}],\"inLanguage\":\"pt-BR\"},{\"@type\":\"Person\",\"@id\":\"https:\/\/salmosbiblicos.com.br\/#\/schema\/person\/30586d0fb3f3a46b78a3414fc39cc975\",\"name\":\"alextreh@gmail.com\",\"image\":{\"@type\":\"ImageObject\",\"inLanguage\":\"pt-BR\",\"@id\":\"https:\/\/secure.gravatar.com\/avatar\/7cf84d31f581ec97b887c1039d478a7c293086896c84951a86753fb2c2af7527?s=96&d=mm&r=g\",\"url\":\"https:\/\/secure.gravatar.com\/avatar\/7cf84d31f581ec97b887c1039d478a7c293086896c84951a86753fb2c2af7527?s=96&d=mm&r=g\",\"contentUrl\":\"https:\/\/secure.gravatar.com\/avatar\/7cf84d31f581ec97b887c1039d478a7c293086896c84951a86753fb2c2af7527?s=96&d=mm&r=g\",\"caption\":\"alextreh@gmail.com\"},\"sameAs\":[\"http:\/\/salmosbiblicos.com.br\"],\"url\":\"http:\/\/salmosbiblicos.com.br\/index.php\/author\/alextrehgmail-com\/\"}]}<\/script>\n<!-- \/ Yoast SEO plugin. -->","yoast_head_json":{"title":"Ora\u00e7\u00e3o: A Chave para a F\u00e9 e a Resili\u00eancia na Vida - Salmos B\u00edblicos","robots":{"index":"index","follow":"follow","max-snippet":"max-snippet:-1","max-image-preview":"max-image-preview:large","max-video-preview":"max-video-preview:-1"},"canonical":"https:\/\/salmosbiblicos.com.br\/index.php\/2026\/04\/04\/oracao-a-chave-para-a-fe-e-a-resiliencia-na-vida\/","og_locale":"pt_BR","og_type":"article","og_title":"Ora\u00e7\u00e3o: A Chave para a F\u00e9 e a Resili\u00eancia na Vida - Salmos B\u00edblicos","og_description":"A alma humana possui necessidades que o corpo n\u00e3o pode suprir. Assim como o corpo definha sem o sustento do alimento e sem a vitalidade da \u00e1gua, o esp\u00edrito adoece quando perde o contato com sua fonte primordiais. **A ora\u00e7\u00e3o n\u00e3o \u00e9 um acess\u00f3rio da vida; ela \u00e9 o f\u00f4lego da alma.** ## A Persist\u00eancia [&hellip;]","og_url":"https:\/\/salmosbiblicos.com.br\/index.php\/2026\/04\/04\/oracao-a-chave-para-a-fe-e-a-resiliencia-na-vida\/","og_site_name":"Salmos B\u00edblicos","article_published_time":"2026-04-04T18:46:42+00:00","author":"alextreh@gmail.com","twitter_card":"summary_large_image","twitter_misc":{"Escrito por":"alextreh@gmail.com","Est. tempo de leitura":"3 minutos"},"schema":{"@context":"https:\/\/schema.org","@graph":[{"@type":"Article","@id":"https:\/\/salmosbiblicos.com.br\/index.php\/2026\/04\/04\/oracao-a-chave-para-a-fe-e-a-resiliencia-na-vida\/#article","isPartOf":{"@id":"https:\/\/salmosbiblicos.com.br\/index.php\/2026\/04\/04\/oracao-a-chave-para-a-fe-e-a-resiliencia-na-vida\/"},"author":{"name":"alextreh@gmail.com","@id":"https:\/\/salmosbiblicos.com.br\/#\/schema\/person\/30586d0fb3f3a46b78a3414fc39cc975"},"headline":"Ora\u00e7\u00e3o: A Chave para a F\u00e9 e a Resili\u00eancia na Vida","datePublished":"2026-04-04T18:46:42+00:00","mainEntityOfPage":{"@id":"https:\/\/salmosbiblicos.com.br\/index.php\/2026\/04\/04\/oracao-a-chave-para-a-fe-e-a-resiliencia-na-vida\/"},"wordCount":634,"articleSection":["Reflex\u00e3o"],"inLanguage":"pt-BR"},{"@type":"WebPage","@id":"https:\/\/salmosbiblicos.com.br\/index.php\/2026\/04\/04\/oracao-a-chave-para-a-fe-e-a-resiliencia-na-vida\/","url":"https:\/\/salmosbiblicos.com.br\/index.php\/2026\/04\/04\/oracao-a-chave-para-a-fe-e-a-resiliencia-na-vida\/","name":"Ora\u00e7\u00e3o: A Chave para a F\u00e9 e a Resili\u00eancia na Vida - Salmos B\u00edblicos","isPartOf":{"@id":"https:\/\/salmosbiblicos.com.br\/#website"},"datePublished":"2026-04-04T18:46:42+00:00","author":{"@id":"https:\/\/salmosbiblicos.com.br\/#\/schema\/person\/30586d0fb3f3a46b78a3414fc39cc975"},"breadcrumb":{"@id":"https:\/\/salmosbiblicos.com.br\/index.php\/2026\/04\/04\/oracao-a-chave-para-a-fe-e-a-resiliencia-na-vida\/#breadcrumb"},"inLanguage":"pt-BR","potentialAction":[{"@type":"ReadAction","target":["https:\/\/salmosbiblicos.com.br\/index.php\/2026\/04\/04\/oracao-a-chave-para-a-fe-e-a-resiliencia-na-vida\/"]}]},{"@type":"BreadcrumbList","@id":"https:\/\/salmosbiblicos.com.br\/index.php\/2026\/04\/04\/oracao-a-chave-para-a-fe-e-a-resiliencia-na-vida\/#breadcrumb","itemListElement":[{"@type":"ListItem","position":1,"name":"Home","item":"https:\/\/salmosbiblicos.com.br\/"},{"@type":"ListItem","position":2,"name":"Ora\u00e7\u00e3o: A Chave para a F\u00e9 e a Resili\u00eancia na Vida"}]},{"@type":"WebSite","@id":"https:\/\/salmosbiblicos.com.br\/#website","url":"https:\/\/salmosbiblicos.com.br\/","name":"Salmos B\u00edblicos","description":"Uma e-Livraria com e-Books novos para voc\u00ea refletir.","potentialAction":[{"@type":"SearchAction","target":{"@type":"EntryPoint","urlTemplate":"https:\/\/salmosbiblicos.com.br\/?s={search_term_string}"},"query-input":{"@type":"PropertyValueSpecification","valueRequired":true,"valueName":"search_term_string"}}],"inLanguage":"pt-BR"},{"@type":"Person","@id":"https:\/\/salmosbiblicos.com.br\/#\/schema\/person\/30586d0fb3f3a46b78a3414fc39cc975","name":"alextreh@gmail.com","image":{"@type":"ImageObject","inLanguage":"pt-BR","@id":"https:\/\/secure.gravatar.com\/avatar\/7cf84d31f581ec97b887c1039d478a7c293086896c84951a86753fb2c2af7527?s=96&d=mm&r=g","url":"https:\/\/secure.gravatar.com\/avatar\/7cf84d31f581ec97b887c1039d478a7c293086896c84951a86753fb2c2af7527?s=96&d=mm&r=g","contentUrl":"https:\/\/secure.gravatar.com\/avatar\/7cf84d31f581ec97b887c1039d478a7c293086896c84951a86753fb2c2af7527?s=96&d=mm&r=g","caption":"alextreh@gmail.com"},"sameAs":["http:\/\/salmosbiblicos.com.br"],"url":"http:\/\/salmosbiblicos.com.br\/index.php\/author\/alextrehgmail-com\/"}]}},"_links":{"self":[{"href":"http:\/\/salmosbiblicos.com.br\/index.php\/wp-json\/wp\/v2\/posts\/6707","targetHints":{"allow":["GET"]}}],"collection":[{"href":"http:\/\/salmosbiblicos.com.br\/index.php\/wp-json\/wp\/v2\/posts"}],"about":[{"href":"http:\/\/salmosbiblicos.com.br\/index.php\/wp-json\/wp\/v2\/types\/post"}],"author":[{"embeddable":true,"href":"http:\/\/salmosbiblicos.com.br\/index.php\/wp-json\/wp\/v2\/users\/1"}],"replies":[{"embeddable":true,"href":"http:\/\/salmosbiblicos.com.br\/index.php\/wp-json\/wp\/v2\/comments?post=6707"}],"version-history":[{"count":1,"href":"http:\/\/salmosbiblicos.com.br\/index.php\/wp-json\/wp\/v2\/posts\/6707\/revisions"}],"predecessor-version":[{"id":6708,"href":"http:\/\/salmosbiblicos.com.br\/index.php\/wp-json\/wp\/v2\/posts\/6707\/revisions\/6708"}],"wp:attachment":[{"href":"http:\/\/salmosbiblicos.com.br\/index.php\/wp-json\/wp\/v2\/media?parent=6707"}],"wp:term":[{"taxonomy":"category","embeddable":true,"href":"http:\/\/salmosbiblicos.com.br\/index.php\/wp-json\/wp\/v2\/categories?post=6707"},{"taxonomy":"post_tag","embeddable":true,"href":"http:\/\/salmosbiblicos.com.br\/index.php\/wp-json\/wp\/v2\/tags?post=6707"}],"curies":[{"name":"wp","href":"https:\/\/api.w.org\/{rel}","templated":true}]}}