{"id":6713,"date":"2026-04-04T16:20:22","date_gmt":"2026-04-04T19:20:22","guid":{"rendered":"https:\/\/salmosbiblicos.com.br\/?p=6713"},"modified":"2026-04-04T16:20:22","modified_gmt":"2026-04-04T19:20:22","slug":"mansidao-a-chave-para-a-paz-em-tempos-de-conflito","status":"publish","type":"post","link":"http:\/\/salmosbiblicos.com.br\/index.php\/2026\/04\/04\/mansidao-a-chave-para-a-paz-em-tempos-de-conflito\/","title":{"rendered":"Mansid\u00e3o: A Chave para a Paz em Tempos de Conflito"},"content":{"rendered":"<p>## A Virtude da Mansid\u00e3o: Encontrando a Paz em um Mundo de Conflitos<\/p>\n<p>\u00c9 um grande desafio manter a serenidade quando somos provocado. \u00c9 simples ser gentil com aqueles que nos amam e que nos trazem paz. No entanto, a verdadeira medida do nosso car\u00e1ter n\u00e3o reside no trato com os amigos, mas na nossa capacidade de **manter a do\u00e7ura diante daqueles que nos testam.**<\/p>\n<p>A verdadeira paz n\u00e3o \u00e9 a aus\u00eancia de conflitos, mas a presen\u00e7a de uma alma que escolhe a **mansid\u00e3o como resposta** ao caos do mundo.<\/p>\n<p>## A Metamorfose da Alma e a Nova Natureza<\/p>\n<p>Muitas vezes, nos perdemos em comportamentos que nos afastam da nossa verdadeira ess\u00eancia. \u00c9ramos, por natureza, movidos por **rebeldes, invejas e desejos desenfreados**, vivendo em um estado de conflito interno e externo. <\/p>\n<p>Entretanto, a bondade se manifestou para nos transformar. N\u00e3o fomos salvos por nossos pr\u00f3prios m\u00e9ritos ou atos de justi\u00e7a, mas pelo **derramamento da miseric\u00f3rdia divina**.<\/p>\n<p>Atrav\u00e9s da renova\u00e7\u00e3o espiritual, somos chamados a uma nova postura perante a vida:<\/p>\n<p>*   **Viver em harmonia** com as autoridades e com o pr\u00f3ximo.<br \/>*   **Estar prontos** para praticar o bem em qualquer circunst\u00e2ncia.<br \/>*   **Agir com afabilidade**, sem ferir ou injuriar ningu\u00e9m.<br \/>*   **Demonstrar mansid\u00e3o** constante para com todos os seres humanos.<\/p>\n<p>## A L\u00f3gica Invertida do Reino<\/p>\n<p>O mundo nos ensina que, para n\u00e3o sermos passados para tr\u00e1s, precisamos ser agressivos. A l\u00f3gica humana dita que n\u00e3o podemos &#8220;levar desaforo para casa&#8221; e que a for\u00e7a \u00e9 a \u00fanica forma de defesa. <\/p>\n<p>Contudo, a l\u00f3gica da espiritualidade \u00e9 o oposto. Existe uma promessa sagrada que nos diz: **&#8221;Bem-aventurados os mansos, porque eles herdaramente a terra.&#8221;**<\/p>\n<p>Ser manso n\u00e3o \u00e9 ser fraco ou bobo; \u00e9 possuir uma for\u00e7a interior que n\u00e3o precisa da viol\u00eancia para se afirmar. A verdadeira felicidade n\u00e3o pertence \u00e0queles que alimentam a ira, mas aos que cultivam a **suavidade de cora\u00e7\u00e3o**.<\/p>\n<p>## Cristo: O Modelo de Humildade e Descanso<\/p>\n<p>A mansid\u00e3o n\u00e3o \u00e9 apenas um conceito, \u00e9 uma caracter\u00edstica divina que podemos e devemos imitar. O Mestre nos convida a olhar para Sua pr\u00f3pria forma de agir: **&#8221;Aprendei de mim, que sou manso e humilde de cora\u00e7\u00e3o.&#8221;**<\/p>\n<p>Ao observarmos a trajet\u00f3ria de Cristo, vemos que Ele n\u00e3o revidava as ofensas. Ele enfrentou persegui\u00e7\u00f5es e ataques, mas Sua resposta foi sempre a **humildade e a entrega**.<\/p>\n<p>Ao adotarmos essa postura, encontramos o que Ele nos prometeu:<br \/>1.  O al\u00edvio para os nossos fardos pesados.<br \/>2.  O **verdadeiro descanso para a nossa alma**.<br \/>3.  A capacidade de caminhar sem o peso do ressentimento.<\/p>\n<p>## Como Praticar a Mansid\u00e3o no Cotidiano<\/p>\n<p>A mansid\u00e3o deve ser uma pr\u00e1tica constante, especialmente nos momentos de corre\u00e7\u00e3o e conflito. Ela deve guiar nossas palavras ao corrigir um filho, um c\u00f4njuge ou um colaborador. <\/p>\n<p>Se algu\u00e9m \u00e9 surpreendido em um erro, a nossa fun\u00e7\u00e3o n\u00e3o \u00e9 condenar com dureza, mas **corrigir no esp\u00edrito da mansid\u00e3o**. A corre\u00e7\u00e3o sem do\u00e7ura apenas gera resist\u00eancia; a corre\u00e7\u00e3o com mansid\u00e3o promove a cura.<\/p>\n<p>Para que possamos viver essa virtude, precisamos adotar tr\u00eas pilares fundamentais:<\/p>\n<p>### 1. Renunciar \u00e0 Vingan\u00e7a<br \/>N\u00e3o busque a retalia\u00e7\u00e3o. Deixe que a justi\u00e7a seja conduzida por m\u00e3os superiores. Quando tentamos fazer justi\u00e7a com as pr\u00f3prias m\u00e3os, apenas alimentamos o ciclo da dor.<\/p>\n<p>### 2. Abrir Espa\u00e7o para a Gra\u00e7a<br \/>Em vez de alimentar a ira, d\u00ea lugar \u00e0 paci\u00eancia. Quando o cora\u00e7\u00e3o est\u00e1 cheio de mansid\u00e3o, n\u00e3o h\u00e1 espa\u00e7o para o \u00f3dio ou para a inveja.<\/p>\n<p>### 3. Confiar na Justi\u00e7a Divina<br \/>A verdadeira justi\u00e7a n\u00e3o se faz com rancor, mas com a confian\u00e7a de que o mal n\u00e3o ter\u00e1 a \u00faltima palavra. **Deixe a ira para a justi\u00e7a divina** e foque em ser um agente de paz.<\/p>\n<p>Que possamos, a cada dia, aprender a ser mais suaves, trocando a dureza do orgulho pela **liberdade da mansid\u00e3o**.<\/p>\n","protected":false},"excerpt":{"rendered":"<p>## A Virtude da Mansid\u00e3o: Encontrando a Paz em um Mundo de Conflitos \u00c9 um grande desafio manter a serenidade quando somos provocado. \u00c9 simples ser gentil com aqueles que nos amam e que nos trazem paz. No entanto, a verdadeira medida do nosso car\u00e1ter n\u00e3o reside no trato com os amigos, mas na nossa [&hellip;]<\/p>\n","protected":false},"author":1,"featured_media":0,"comment_status":"closed","ping_status":"open","sticky":false,"template":"","format":"standard","meta":{"footnotes":""},"categories":[14],"tags":[],"class_list":["post-6713","post","type-post","status-publish","format-standard","hentry","category-reflexao"],"yoast_head":"<!-- This site is optimized with the Yoast SEO plugin v27.2 - https:\/\/yoast.com\/product\/yoast-seo-wordpress\/ -->\n<title>Mansid\u00e3o: A Chave para a Paz em Tempos de Conflito - Salmos B\u00edblicos<\/title>\n<meta name=\"robots\" content=\"index, follow, max-snippet:-1, max-image-preview:large, max-video-preview:-1\" \/>\n<link rel=\"canonical\" href=\"https:\/\/salmosbiblicos.com.br\/index.php\/2026\/04\/04\/mansidao-a-chave-para-a-paz-em-tempos-de-conflito\/\" \/>\n<meta property=\"og:locale\" content=\"pt_BR\" \/>\n<meta property=\"og:type\" content=\"article\" \/>\n<meta property=\"og:title\" content=\"Mansid\u00e3o: A Chave para a Paz em Tempos de Conflito - Salmos B\u00edblicos\" \/>\n<meta property=\"og:description\" content=\"## A Virtude da Mansid\u00e3o: Encontrando a Paz em um Mundo de Conflitos \u00c9 um grande desafio manter a serenidade quando somos provocado. \u00c9 simples ser gentil com aqueles que nos amam e que nos trazem paz. No entanto, a verdadeira medida do nosso car\u00e1ter n\u00e3o reside no trato com os amigos, mas na nossa [&hellip;]\" \/>\n<meta property=\"og:url\" content=\"https:\/\/salmosbiblicos.com.br\/index.php\/2026\/04\/04\/mansidao-a-chave-para-a-paz-em-tempos-de-conflito\/\" \/>\n<meta property=\"og:site_name\" content=\"Salmos B\u00edblicos\" \/>\n<meta property=\"article:published_time\" content=\"2026-04-04T19:20:22+00:00\" \/>\n<meta name=\"author\" content=\"alextreh@gmail.com\" \/>\n<meta name=\"twitter:card\" content=\"summary_large_image\" \/>\n<meta name=\"twitter:label1\" content=\"Escrito por\" \/>\n\t<meta name=\"twitter:data1\" content=\"alextreh@gmail.com\" \/>\n\t<meta name=\"twitter:label2\" content=\"Est. tempo de leitura\" \/>\n\t<meta name=\"twitter:data2\" content=\"3 minutos\" \/>\n<script type=\"application\/ld+json\" class=\"yoast-schema-graph\">{\"@context\":\"https:\/\/schema.org\",\"@graph\":[{\"@type\":\"Article\",\"@id\":\"https:\/\/salmosbiblicos.com.br\/index.php\/2026\/04\/04\/mansidao-a-chave-para-a-paz-em-tempos-de-conflito\/#article\",\"isPartOf\":{\"@id\":\"https:\/\/salmosbiblicos.com.br\/index.php\/2026\/04\/04\/mansidao-a-chave-para-a-paz-em-tempos-de-conflito\/\"},\"author\":{\"name\":\"alextreh@gmail.com\",\"@id\":\"https:\/\/salmosbiblicos.com.br\/#\/schema\/person\/30586d0fb3f3a46b78a3414fc39cc975\"},\"headline\":\"Mansid\u00e3o: A Chave para a Paz em Tempos de Conflito\",\"datePublished\":\"2026-04-04T19:20:22+00:00\",\"mainEntityOfPage\":{\"@id\":\"https:\/\/salmosbiblicos.com.br\/index.php\/2026\/04\/04\/mansidao-a-chave-para-a-paz-em-tempos-de-conflito\/\"},\"wordCount\":687,\"articleSection\":[\"Reflex\u00e3o\"],\"inLanguage\":\"pt-BR\"},{\"@type\":\"WebPage\",\"@id\":\"https:\/\/salmosbiblicos.com.br\/index.php\/2026\/04\/04\/mansidao-a-chave-para-a-paz-em-tempos-de-conflito\/\",\"url\":\"https:\/\/salmosbiblicos.com.br\/index.php\/2026\/04\/04\/mansidao-a-chave-para-a-paz-em-tempos-de-conflito\/\",\"name\":\"Mansid\u00e3o: A Chave para a Paz em Tempos de Conflito - Salmos B\u00edblicos\",\"isPartOf\":{\"@id\":\"https:\/\/salmosbiblicos.com.br\/#website\"},\"datePublished\":\"2026-04-04T19:20:22+00:00\",\"author\":{\"@id\":\"https:\/\/salmosbiblicos.com.br\/#\/schema\/person\/30586d0fb3f3a46b78a3414fc39cc975\"},\"breadcrumb\":{\"@id\":\"https:\/\/salmosbiblicos.com.br\/index.php\/2026\/04\/04\/mansidao-a-chave-para-a-paz-em-tempos-de-conflito\/#breadcrumb\"},\"inLanguage\":\"pt-BR\",\"potentialAction\":[{\"@type\":\"ReadAction\",\"target\":[\"https:\/\/salmosbiblicos.com.br\/index.php\/2026\/04\/04\/mansidao-a-chave-para-a-paz-em-tempos-de-conflito\/\"]}]},{\"@type\":\"BreadcrumbList\",\"@id\":\"https:\/\/salmosbiblicos.com.br\/index.php\/2026\/04\/04\/mansidao-a-chave-para-a-paz-em-tempos-de-conflito\/#breadcrumb\",\"itemListElement\":[{\"@type\":\"ListItem\",\"position\":1,\"name\":\"Home\",\"item\":\"https:\/\/salmosbiblicos.com.br\/\"},{\"@type\":\"ListItem\",\"position\":2,\"name\":\"Mansid\u00e3o: A Chave para a Paz em Tempos de Conflito\"}]},{\"@type\":\"WebSite\",\"@id\":\"https:\/\/salmosbiblicos.com.br\/#website\",\"url\":\"https:\/\/salmosbiblicos.com.br\/\",\"name\":\"Salmos B\u00edblicos\",\"description\":\"Uma e-Livraria com e-Books novos para voc\u00ea refletir.\",\"potentialAction\":[{\"@type\":\"SearchAction\",\"target\":{\"@type\":\"EntryPoint\",\"urlTemplate\":\"https:\/\/salmosbiblicos.com.br\/?s={search_term_string}\"},\"query-input\":{\"@type\":\"PropertyValueSpecification\",\"valueRequired\":true,\"valueName\":\"search_term_string\"}}],\"inLanguage\":\"pt-BR\"},{\"@type\":\"Person\",\"@id\":\"https:\/\/salmosbiblicos.com.br\/#\/schema\/person\/30586d0fb3f3a46b78a3414fc39cc975\",\"name\":\"alextreh@gmail.com\",\"image\":{\"@type\":\"ImageObject\",\"inLanguage\":\"pt-BR\",\"@id\":\"https:\/\/secure.gravatar.com\/avatar\/7cf84d31f581ec97b887c1039d478a7c293086896c84951a86753fb2c2af7527?s=96&d=mm&r=g\",\"url\":\"https:\/\/secure.gravatar.com\/avatar\/7cf84d31f581ec97b887c1039d478a7c293086896c84951a86753fb2c2af7527?s=96&d=mm&r=g\",\"contentUrl\":\"https:\/\/secure.gravatar.com\/avatar\/7cf84d31f581ec97b887c1039d478a7c293086896c84951a86753fb2c2af7527?s=96&d=mm&r=g\",\"caption\":\"alextreh@gmail.com\"},\"sameAs\":[\"http:\/\/salmosbiblicos.com.br\"],\"url\":\"http:\/\/salmosbiblicos.com.br\/index.php\/author\/alextrehgmail-com\/\"}]}<\/script>\n<!-- \/ Yoast SEO plugin. -->","yoast_head_json":{"title":"Mansid\u00e3o: A Chave para a Paz em Tempos de Conflito - Salmos B\u00edblicos","robots":{"index":"index","follow":"follow","max-snippet":"max-snippet:-1","max-image-preview":"max-image-preview:large","max-video-preview":"max-video-preview:-1"},"canonical":"https:\/\/salmosbiblicos.com.br\/index.php\/2026\/04\/04\/mansidao-a-chave-para-a-paz-em-tempos-de-conflito\/","og_locale":"pt_BR","og_type":"article","og_title":"Mansid\u00e3o: A Chave para a Paz em Tempos de Conflito - Salmos B\u00edblicos","og_description":"## A Virtude da Mansid\u00e3o: Encontrando a Paz em um Mundo de Conflitos \u00c9 um grande desafio manter a serenidade quando somos provocado. \u00c9 simples ser gentil com aqueles que nos amam e que nos trazem paz. No entanto, a verdadeira medida do nosso car\u00e1ter n\u00e3o reside no trato com os amigos, mas na nossa [&hellip;]","og_url":"https:\/\/salmosbiblicos.com.br\/index.php\/2026\/04\/04\/mansidao-a-chave-para-a-paz-em-tempos-de-conflito\/","og_site_name":"Salmos B\u00edblicos","article_published_time":"2026-04-04T19:20:22+00:00","author":"alextreh@gmail.com","twitter_card":"summary_large_image","twitter_misc":{"Escrito por":"alextreh@gmail.com","Est. tempo de leitura":"3 minutos"},"schema":{"@context":"https:\/\/schema.org","@graph":[{"@type":"Article","@id":"https:\/\/salmosbiblicos.com.br\/index.php\/2026\/04\/04\/mansidao-a-chave-para-a-paz-em-tempos-de-conflito\/#article","isPartOf":{"@id":"https:\/\/salmosbiblicos.com.br\/index.php\/2026\/04\/04\/mansidao-a-chave-para-a-paz-em-tempos-de-conflito\/"},"author":{"name":"alextreh@gmail.com","@id":"https:\/\/salmosbiblicos.com.br\/#\/schema\/person\/30586d0fb3f3a46b78a3414fc39cc975"},"headline":"Mansid\u00e3o: A Chave para a Paz em Tempos de Conflito","datePublished":"2026-04-04T19:20:22+00:00","mainEntityOfPage":{"@id":"https:\/\/salmosbiblicos.com.br\/index.php\/2026\/04\/04\/mansidao-a-chave-para-a-paz-em-tempos-de-conflito\/"},"wordCount":687,"articleSection":["Reflex\u00e3o"],"inLanguage":"pt-BR"},{"@type":"WebPage","@id":"https:\/\/salmosbiblicos.com.br\/index.php\/2026\/04\/04\/mansidao-a-chave-para-a-paz-em-tempos-de-conflito\/","url":"https:\/\/salmosbiblicos.com.br\/index.php\/2026\/04\/04\/mansidao-a-chave-para-a-paz-em-tempos-de-conflito\/","name":"Mansid\u00e3o: A Chave para a Paz em Tempos de Conflito - Salmos B\u00edblicos","isPartOf":{"@id":"https:\/\/salmosbiblicos.com.br\/#website"},"datePublished":"2026-04-04T19:20:22+00:00","author":{"@id":"https:\/\/salmosbiblicos.com.br\/#\/schema\/person\/30586d0fb3f3a46b78a3414fc39cc975"},"breadcrumb":{"@id":"https:\/\/salmosbiblicos.com.br\/index.php\/2026\/04\/04\/mansidao-a-chave-para-a-paz-em-tempos-de-conflito\/#breadcrumb"},"inLanguage":"pt-BR","potentialAction":[{"@type":"ReadAction","target":["https:\/\/salmosbiblicos.com.br\/index.php\/2026\/04\/04\/mansidao-a-chave-para-a-paz-em-tempos-de-conflito\/"]}]},{"@type":"BreadcrumbList","@id":"https:\/\/salmosbiblicos.com.br\/index.php\/2026\/04\/04\/mansidao-a-chave-para-a-paz-em-tempos-de-conflito\/#breadcrumb","itemListElement":[{"@type":"ListItem","position":1,"name":"Home","item":"https:\/\/salmosbiblicos.com.br\/"},{"@type":"ListItem","position":2,"name":"Mansid\u00e3o: A Chave para a Paz em Tempos de Conflito"}]},{"@type":"WebSite","@id":"https:\/\/salmosbiblicos.com.br\/#website","url":"https:\/\/salmosbiblicos.com.br\/","name":"Salmos B\u00edblicos","description":"Uma e-Livraria com e-Books novos para voc\u00ea refletir.","potentialAction":[{"@type":"SearchAction","target":{"@type":"EntryPoint","urlTemplate":"https:\/\/salmosbiblicos.com.br\/?s={search_term_string}"},"query-input":{"@type":"PropertyValueSpecification","valueRequired":true,"valueName":"search_term_string"}}],"inLanguage":"pt-BR"},{"@type":"Person","@id":"https:\/\/salmosbiblicos.com.br\/#\/schema\/person\/30586d0fb3f3a46b78a3414fc39cc975","name":"alextreh@gmail.com","image":{"@type":"ImageObject","inLanguage":"pt-BR","@id":"https:\/\/secure.gravatar.com\/avatar\/7cf84d31f581ec97b887c1039d478a7c293086896c84951a86753fb2c2af7527?s=96&d=mm&r=g","url":"https:\/\/secure.gravatar.com\/avatar\/7cf84d31f581ec97b887c1039d478a7c293086896c84951a86753fb2c2af7527?s=96&d=mm&r=g","contentUrl":"https:\/\/secure.gravatar.com\/avatar\/7cf84d31f581ec97b887c1039d478a7c293086896c84951a86753fb2c2af7527?s=96&d=mm&r=g","caption":"alextreh@gmail.com"},"sameAs":["http:\/\/salmosbiblicos.com.br"],"url":"http:\/\/salmosbiblicos.com.br\/index.php\/author\/alextrehgmail-com\/"}]}},"_links":{"self":[{"href":"http:\/\/salmosbiblicos.com.br\/index.php\/wp-json\/wp\/v2\/posts\/6713","targetHints":{"allow":["GET"]}}],"collection":[{"href":"http:\/\/salmosbiblicos.com.br\/index.php\/wp-json\/wp\/v2\/posts"}],"about":[{"href":"http:\/\/salmosbiblicos.com.br\/index.php\/wp-json\/wp\/v2\/types\/post"}],"author":[{"embeddable":true,"href":"http:\/\/salmosbiblicos.com.br\/index.php\/wp-json\/wp\/v2\/users\/1"}],"replies":[{"embeddable":true,"href":"http:\/\/salmosbiblicos.com.br\/index.php\/wp-json\/wp\/v2\/comments?post=6713"}],"version-history":[{"count":1,"href":"http:\/\/salmosbiblicos.com.br\/index.php\/wp-json\/wp\/v2\/posts\/6713\/revisions"}],"predecessor-version":[{"id":6714,"href":"http:\/\/salmosbiblicos.com.br\/index.php\/wp-json\/wp\/v2\/posts\/6713\/revisions\/6714"}],"wp:attachment":[{"href":"http:\/\/salmosbiblicos.com.br\/index.php\/wp-json\/wp\/v2\/media?parent=6713"}],"wp:term":[{"taxonomy":"category","embeddable":true,"href":"http:\/\/salmosbiblicos.com.br\/index.php\/wp-json\/wp\/v2\/categories?post=6713"},{"taxonomy":"post_tag","embeddable":true,"href":"http:\/\/salmosbiblicos.com.br\/index.php\/wp-json\/wp\/v2\/tags?post=6713"}],"curies":[{"name":"wp","href":"https:\/\/api.w.org\/{rel}","templated":true}]}}