{"id":6733,"date":"2026-04-04T18:13:16","date_gmt":"2026-04-04T21:13:16","guid":{"rendered":"https:\/\/salmosbiblicos.com.br\/?p=6733"},"modified":"2026-04-04T18:13:16","modified_gmt":"2026-04-04T21:13:16","slug":"cristo-ressuscitou-a-morte-nao-e-o-fim-da-esperanca","status":"publish","type":"post","link":"http:\/\/salmosbiblicos.com.br\/index.php\/2026\/04\/04\/cristo-ressuscitou-a-morte-nao-e-o-fim-da-esperanca\/","title":{"rendered":"Cristo Ressuscitou: A Morte N\u00e3o \u00e9 o Fim da Esperan\u00e7a"},"content":{"rendered":"<p>Quando a saudade aperta e o vazio da aus\u00eancia parece insuport\u00e1vel, o cora\u00e7\u00e3o humano busca desesperadamente um sentido para a partida daqueles que amamos. Diante da perda, a dor pode nos fazer acreditar que o fim chegou, mas para aqueles que caminham na f\u00e9, existe uma verdade que atravessa o v\u00e9u da eternidade: **a morte n\u00e3o \u00e9 o fim.**<\/p>\n<p>## A Vit\u00f3ria que Desfaz a Trag\u00e9dia<\/p>\n<p>Muitas vezes, olhamos para a morte como uma derrota absoluta, um sil\u00eancio que tudo apaga. No entanto, a verdade espiritual nos revela que **Cristo venceu a morte.** Ele \u00e9 as prim\u00edcias daqueles que dormiram, o primeiro a romper as correntes do fim para abrir o caminho para todos n\u00f3s.<\/p>\n<p>Se por um homem a morte entrou no mundo, por meio de um Homem, a ressurrei\u00e7\u00e3o se tornou uma realidade presente. N\u00e3o estamos diante de um encerramento, mas diante de uma promessa de **reerguimento e vida nova.**<\/p>\n<p>## O Mist\u00e9rio do &#8220;Morrer como Lucro&#8221;<\/p>\n<p>H\u00e1 uma afirma\u00e7\u00e3o que parece contradit\u00f3ria aos olhos do mundo, mas que \u00e9 a ess\u00eancia da nossa esperan\u00e7a: **&#8221;Para mim, o viver \u00e9 Cristo, e o morrer \u00e9 lucro.&#8221;** Como pode a morte ser uma vantagem?<\/p>\n<p>A resposta reside no prop\u00f3sito maior da nossa exist\u00eancia. A morte, para o crist\u00e3o, \u00e9 o instrumento que nos permite **morrer para o mundo e nascer para Cristo.** \u00c9 o momento do desprendimento que nos une, de forma plena e definitiva, ao nosso Criador. <\/p>\n<p>*   **O desejo da alma:** O anseio de deixar este corpo n\u00e3o \u00e9 um desejo de fuga, mas a vontade de estar plenamente com o Senhor.<br \/>*   **A uni\u00e3o definitiva:** A morte funciona como a ponte que nos leva ao encontro com Aquele que nos amou primeiro.<\/p>\n<p>## A Promessa da Vida que N\u00e3o Termina<\/p>\n<p>N\u00e3o podemos permitir que o medo do fim obscure\u00e7a a certeza da nossa identidade. Existe uma palavra poderosa que ecoa atrav\u00e9s dos s\u00e9culos: **&#8221;Eu sou a ressurrei\u00e7\u00e3o e a vida; quem cr\u00ea em mim, ainda que esteja morto, viver\u00e1.&#8221;**<\/p>\n<p>Esta promessa nos garante que a morte n\u00e3o tem poder para extinguir a nossa ess\u00eancia espiritual. Para quem cr\u00ea, a morte perde sua caracter\u00edstica de aniquila\u00e7\u00e3o. **N\u00e3o existe morte definitiva para o crist\u00e3o**, pois a vida que Cristo nos oferece \u00e9 eterna e inabal\u00e1vel.<\/p>\n<p>### O Combate contra o Aguilh\u00e3o<\/p>\n<p>A morte parece ter um aguilh\u00e3o, uma for\u00e7a que nos fere atrav\u00e9s do pecado. Contudo, a vit\u00f3ria j\u00e1 foi conquistada. Atrav\u00e9s da reden\u00e7\u00e3o, o poder do pecado foi quebrado e a vit\u00f3ria nos foi entregue. <\/p>\n<p>A morte foi tragada pela vit\u00f3ria, e o que resta para n\u00f3s n\u00e3o \u00e9 o medo, mas a **confian\u00e7a de que o encontro com o Senhor \u00e9 o nosso destino mais esperado.**<\/p>\n<p>## Preparando o Encontro e as Boas Obras<\/p>\n<p>A morte n\u00e3o deve ser temida como uma condena\u00e7\u00e3o, mas preparada como um **encontro com Deus.** Precisamos viver de tal maneira que, ao partirmos deste corpo, a nossa alma sinta o prazer de retornar para casa.<\/p>\n<p>Ao refletirmos sobre a passagem que diz que &#8220;felizes s\u00e3o os mortos que morrem no Senhor&#8221;, compreendemos que a verdadeira felicidade reside no descanso dos trabalhos e na recompensa da f\u00e9.<\/p>\n<p>Para guiar nossa jornada rumo \u00e0 eternidade, devemos guardar estes ensinamentos:<\/p>\n<p>*   **A eternidade \u00e9 o foco:** Nada do que \u00e9 material ou mundano nos acompanhar\u00e1.<br \/>*   **O valor das obras:** A \u00fanica coisa que realmente levamos conosco s\u00e3o as **nossas boas obras** e o amor que praticamos.<br \/>*   **A confian\u00e7a no Senhor:** Devemos viver com a certeza de que o nosso lugar \u00e9 junto ao Senhor, preferindo a presen\u00e7a divina \u00e0 perman\u00eancia neste mundo passageiro.<\/p>\n<p>Que possamos, portanto, transformar nossa dor em esperan\u00e7a e nossa saudade em prece, sabendo que **o amor nunca morre e a vida eterna nos aguarda.**<\/p>\n","protected":false},"excerpt":{"rendered":"<p>Quando a saudade aperta e o vazio da aus\u00eancia parece insuport\u00e1vel, o cora\u00e7\u00e3o humano busca desesperadamente um sentido para a partida daqueles que amamos. Diante da perda, a dor pode nos fazer acreditar que o fim chegou, mas para aqueles que caminham na f\u00e9, existe uma verdade que atravessa o v\u00e9u da eternidade: **a morte [&hellip;]<\/p>\n","protected":false},"author":1,"featured_media":0,"comment_status":"closed","ping_status":"open","sticky":false,"template":"","format":"standard","meta":{"footnotes":""},"categories":[14],"tags":[],"class_list":["post-6733","post","type-post","status-publish","format-standard","hentry","category-reflexao"],"yoast_head":"<!-- This site is optimized with the Yoast SEO plugin v27.2 - https:\/\/yoast.com\/product\/yoast-seo-wordpress\/ -->\n<title>Cristo Ressuscitou: A Morte N\u00e3o \u00e9 o Fim da Esperan\u00e7a - Salmos B\u00edblicos<\/title>\n<meta name=\"robots\" content=\"index, follow, max-snippet:-1, max-image-preview:large, max-video-preview:-1\" \/>\n<link rel=\"canonical\" href=\"http:\/\/salmosbiblicos.com.br\/index.php\/2026\/04\/04\/cristo-ressuscitou-a-morte-nao-e-o-fim-da-esperanca\/\" \/>\n<meta property=\"og:locale\" content=\"pt_BR\" \/>\n<meta property=\"og:type\" content=\"article\" \/>\n<meta property=\"og:title\" content=\"Cristo Ressuscitou: A Morte N\u00e3o \u00e9 o Fim da Esperan\u00e7a - Salmos B\u00edblicos\" \/>\n<meta property=\"og:description\" content=\"Quando a saudade aperta e o vazio da aus\u00eancia parece insuport\u00e1vel, o cora\u00e7\u00e3o humano busca desesperadamente um sentido para a partida daqueles que amamos. Diante da perda, a dor pode nos fazer acreditar que o fim chegou, mas para aqueles que caminham na f\u00e9, existe uma verdade que atravessa o v\u00e9u da eternidade: **a morte [&hellip;]\" \/>\n<meta property=\"og:url\" content=\"http:\/\/salmosbiblicos.com.br\/index.php\/2026\/04\/04\/cristo-ressuscitou-a-morte-nao-e-o-fim-da-esperanca\/\" \/>\n<meta property=\"og:site_name\" content=\"Salmos B\u00edblicos\" \/>\n<meta property=\"article:published_time\" content=\"2026-04-04T21:13:16+00:00\" \/>\n<meta name=\"author\" content=\"alextreh@gmail.com\" \/>\n<meta name=\"twitter:card\" content=\"summary_large_image\" \/>\n<meta name=\"twitter:label1\" content=\"Escrito por\" \/>\n\t<meta name=\"twitter:data1\" content=\"alextreh@gmail.com\" \/>\n\t<meta name=\"twitter:label2\" content=\"Est. tempo de leitura\" \/>\n\t<meta name=\"twitter:data2\" content=\"3 minutos\" \/>\n<script type=\"application\/ld+json\" class=\"yoast-schema-graph\">{\"@context\":\"https:\/\/schema.org\",\"@graph\":[{\"@type\":\"Article\",\"@id\":\"http:\/\/salmosbiblicos.com.br\/index.php\/2026\/04\/04\/cristo-ressuscitou-a-morte-nao-e-o-fim-da-esperanca\/#article\",\"isPartOf\":{\"@id\":\"http:\/\/salmosbiblicos.com.br\/index.php\/2026\/04\/04\/cristo-ressuscitou-a-morte-nao-e-o-fim-da-esperanca\/\"},\"author\":{\"name\":\"alextreh@gmail.com\",\"@id\":\"https:\/\/salmosbiblicos.com.br\/#\/schema\/person\/30586d0fb3f3a46b78a3414fc39cc975\"},\"headline\":\"Cristo Ressuscitou: A Morte N\u00e3o \u00e9 o Fim da Esperan\u00e7a\",\"datePublished\":\"2026-04-04T21:13:16+00:00\",\"mainEntityOfPage\":{\"@id\":\"http:\/\/salmosbiblicos.com.br\/index.php\/2026\/04\/04\/cristo-ressuscitou-a-morte-nao-e-o-fim-da-esperanca\/\"},\"wordCount\":666,\"articleSection\":[\"Reflex\u00e3o\"],\"inLanguage\":\"pt-BR\"},{\"@type\":\"WebPage\",\"@id\":\"http:\/\/salmosbiblicos.com.br\/index.php\/2026\/04\/04\/cristo-ressuscitou-a-morte-nao-e-o-fim-da-esperanca\/\",\"url\":\"http:\/\/salmosbiblicos.com.br\/index.php\/2026\/04\/04\/cristo-ressuscitou-a-morte-nao-e-o-fim-da-esperanca\/\",\"name\":\"Cristo Ressuscitou: A Morte N\u00e3o \u00e9 o Fim da Esperan\u00e7a - Salmos B\u00edblicos\",\"isPartOf\":{\"@id\":\"https:\/\/salmosbiblicos.com.br\/#website\"},\"datePublished\":\"2026-04-04T21:13:16+00:00\",\"author\":{\"@id\":\"https:\/\/salmosbiblicos.com.br\/#\/schema\/person\/30586d0fb3f3a46b78a3414fc39cc975\"},\"breadcrumb\":{\"@id\":\"http:\/\/salmosbiblicos.com.br\/index.php\/2026\/04\/04\/cristo-ressuscitou-a-morte-nao-e-o-fim-da-esperanca\/#breadcrumb\"},\"inLanguage\":\"pt-BR\",\"potentialAction\":[{\"@type\":\"ReadAction\",\"target\":[\"http:\/\/salmosbiblicos.com.br\/index.php\/2026\/04\/04\/cristo-ressuscitou-a-morte-nao-e-o-fim-da-esperanca\/\"]}]},{\"@type\":\"BreadcrumbList\",\"@id\":\"http:\/\/salmosbiblicos.com.br\/index.php\/2026\/04\/04\/cristo-ressuscitou-a-morte-nao-e-o-fim-da-esperanca\/#breadcrumb\",\"itemListElement\":[{\"@type\":\"ListItem\",\"position\":1,\"name\":\"Home\",\"item\":\"https:\/\/salmosbiblicos.com.br\/\"},{\"@type\":\"ListItem\",\"position\":2,\"name\":\"Cristo Ressuscitou: A Morte N\u00e3o \u00e9 o Fim da Esperan\u00e7a\"}]},{\"@type\":\"WebSite\",\"@id\":\"https:\/\/salmosbiblicos.com.br\/#website\",\"url\":\"https:\/\/salmosbiblicos.com.br\/\",\"name\":\"Salmos B\u00edblicos\",\"description\":\"Uma e-Livraria com e-Books novos para voc\u00ea refletir.\",\"potentialAction\":[{\"@type\":\"SearchAction\",\"target\":{\"@type\":\"EntryPoint\",\"urlTemplate\":\"https:\/\/salmosbiblicos.com.br\/?s={search_term_string}\"},\"query-input\":{\"@type\":\"PropertyValueSpecification\",\"valueRequired\":true,\"valueName\":\"search_term_string\"}}],\"inLanguage\":\"pt-BR\"},{\"@type\":\"Person\",\"@id\":\"https:\/\/salmosbiblicos.com.br\/#\/schema\/person\/30586d0fb3f3a46b78a3414fc39cc975\",\"name\":\"alextreh@gmail.com\",\"image\":{\"@type\":\"ImageObject\",\"inLanguage\":\"pt-BR\",\"@id\":\"https:\/\/secure.gravatar.com\/avatar\/7cf84d31f581ec97b887c1039d478a7c293086896c84951a86753fb2c2af7527?s=96&d=mm&r=g\",\"url\":\"https:\/\/secure.gravatar.com\/avatar\/7cf84d31f581ec97b887c1039d478a7c293086896c84951a86753fb2c2af7527?s=96&d=mm&r=g\",\"contentUrl\":\"https:\/\/secure.gravatar.com\/avatar\/7cf84d31f581ec97b887c1039d478a7c293086896c84951a86753fb2c2af7527?s=96&d=mm&r=g\",\"caption\":\"alextreh@gmail.com\"},\"sameAs\":[\"http:\/\/salmosbiblicos.com.br\"],\"url\":\"http:\/\/salmosbiblicos.com.br\/index.php\/author\/alextrehgmail-com\/\"}]}<\/script>\n<!-- \/ Yoast SEO plugin. -->","yoast_head_json":{"title":"Cristo Ressuscitou: A Morte N\u00e3o \u00e9 o Fim da Esperan\u00e7a - Salmos B\u00edblicos","robots":{"index":"index","follow":"follow","max-snippet":"max-snippet:-1","max-image-preview":"max-image-preview:large","max-video-preview":"max-video-preview:-1"},"canonical":"http:\/\/salmosbiblicos.com.br\/index.php\/2026\/04\/04\/cristo-ressuscitou-a-morte-nao-e-o-fim-da-esperanca\/","og_locale":"pt_BR","og_type":"article","og_title":"Cristo Ressuscitou: A Morte N\u00e3o \u00e9 o Fim da Esperan\u00e7a - Salmos B\u00edblicos","og_description":"Quando a saudade aperta e o vazio da aus\u00eancia parece insuport\u00e1vel, o cora\u00e7\u00e3o humano busca desesperadamente um sentido para a partida daqueles que amamos. Diante da perda, a dor pode nos fazer acreditar que o fim chegou, mas para aqueles que caminham na f\u00e9, existe uma verdade que atravessa o v\u00e9u da eternidade: **a morte [&hellip;]","og_url":"http:\/\/salmosbiblicos.com.br\/index.php\/2026\/04\/04\/cristo-ressuscitou-a-morte-nao-e-o-fim-da-esperanca\/","og_site_name":"Salmos B\u00edblicos","article_published_time":"2026-04-04T21:13:16+00:00","author":"alextreh@gmail.com","twitter_card":"summary_large_image","twitter_misc":{"Escrito por":"alextreh@gmail.com","Est. tempo de leitura":"3 minutos"},"schema":{"@context":"https:\/\/schema.org","@graph":[{"@type":"Article","@id":"http:\/\/salmosbiblicos.com.br\/index.php\/2026\/04\/04\/cristo-ressuscitou-a-morte-nao-e-o-fim-da-esperanca\/#article","isPartOf":{"@id":"http:\/\/salmosbiblicos.com.br\/index.php\/2026\/04\/04\/cristo-ressuscitou-a-morte-nao-e-o-fim-da-esperanca\/"},"author":{"name":"alextreh@gmail.com","@id":"https:\/\/salmosbiblicos.com.br\/#\/schema\/person\/30586d0fb3f3a46b78a3414fc39cc975"},"headline":"Cristo Ressuscitou: A Morte N\u00e3o \u00e9 o Fim da Esperan\u00e7a","datePublished":"2026-04-04T21:13:16+00:00","mainEntityOfPage":{"@id":"http:\/\/salmosbiblicos.com.br\/index.php\/2026\/04\/04\/cristo-ressuscitou-a-morte-nao-e-o-fim-da-esperanca\/"},"wordCount":666,"articleSection":["Reflex\u00e3o"],"inLanguage":"pt-BR"},{"@type":"WebPage","@id":"http:\/\/salmosbiblicos.com.br\/index.php\/2026\/04\/04\/cristo-ressuscitou-a-morte-nao-e-o-fim-da-esperanca\/","url":"http:\/\/salmosbiblicos.com.br\/index.php\/2026\/04\/04\/cristo-ressuscitou-a-morte-nao-e-o-fim-da-esperanca\/","name":"Cristo Ressuscitou: A Morte N\u00e3o \u00e9 o Fim da Esperan\u00e7a - Salmos B\u00edblicos","isPartOf":{"@id":"https:\/\/salmosbiblicos.com.br\/#website"},"datePublished":"2026-04-04T21:13:16+00:00","author":{"@id":"https:\/\/salmosbiblicos.com.br\/#\/schema\/person\/30586d0fb3f3a46b78a3414fc39cc975"},"breadcrumb":{"@id":"http:\/\/salmosbiblicos.com.br\/index.php\/2026\/04\/04\/cristo-ressuscitou-a-morte-nao-e-o-fim-da-esperanca\/#breadcrumb"},"inLanguage":"pt-BR","potentialAction":[{"@type":"ReadAction","target":["http:\/\/salmosbiblicos.com.br\/index.php\/2026\/04\/04\/cristo-ressuscitou-a-morte-nao-e-o-fim-da-esperanca\/"]}]},{"@type":"BreadcrumbList","@id":"http:\/\/salmosbiblicos.com.br\/index.php\/2026\/04\/04\/cristo-ressuscitou-a-morte-nao-e-o-fim-da-esperanca\/#breadcrumb","itemListElement":[{"@type":"ListItem","position":1,"name":"Home","item":"https:\/\/salmosbiblicos.com.br\/"},{"@type":"ListItem","position":2,"name":"Cristo Ressuscitou: A Morte N\u00e3o \u00e9 o Fim da Esperan\u00e7a"}]},{"@type":"WebSite","@id":"https:\/\/salmosbiblicos.com.br\/#website","url":"https:\/\/salmosbiblicos.com.br\/","name":"Salmos B\u00edblicos","description":"Uma e-Livraria com e-Books novos para voc\u00ea refletir.","potentialAction":[{"@type":"SearchAction","target":{"@type":"EntryPoint","urlTemplate":"https:\/\/salmosbiblicos.com.br\/?s={search_term_string}"},"query-input":{"@type":"PropertyValueSpecification","valueRequired":true,"valueName":"search_term_string"}}],"inLanguage":"pt-BR"},{"@type":"Person","@id":"https:\/\/salmosbiblicos.com.br\/#\/schema\/person\/30586d0fb3f3a46b78a3414fc39cc975","name":"alextreh@gmail.com","image":{"@type":"ImageObject","inLanguage":"pt-BR","@id":"https:\/\/secure.gravatar.com\/avatar\/7cf84d31f581ec97b887c1039d478a7c293086896c84951a86753fb2c2af7527?s=96&d=mm&r=g","url":"https:\/\/secure.gravatar.com\/avatar\/7cf84d31f581ec97b887c1039d478a7c293086896c84951a86753fb2c2af7527?s=96&d=mm&r=g","contentUrl":"https:\/\/secure.gravatar.com\/avatar\/7cf84d31f581ec97b887c1039d478a7c293086896c84951a86753fb2c2af7527?s=96&d=mm&r=g","caption":"alextreh@gmail.com"},"sameAs":["http:\/\/salmosbiblicos.com.br"],"url":"http:\/\/salmosbiblicos.com.br\/index.php\/author\/alextrehgmail-com\/"}]}},"_links":{"self":[{"href":"http:\/\/salmosbiblicos.com.br\/index.php\/wp-json\/wp\/v2\/posts\/6733","targetHints":{"allow":["GET"]}}],"collection":[{"href":"http:\/\/salmosbiblicos.com.br\/index.php\/wp-json\/wp\/v2\/posts"}],"about":[{"href":"http:\/\/salmosbiblicos.com.br\/index.php\/wp-json\/wp\/v2\/types\/post"}],"author":[{"embeddable":true,"href":"http:\/\/salmosbiblicos.com.br\/index.php\/wp-json\/wp\/v2\/users\/1"}],"replies":[{"embeddable":true,"href":"http:\/\/salmosbiblicos.com.br\/index.php\/wp-json\/wp\/v2\/comments?post=6733"}],"version-history":[{"count":1,"href":"http:\/\/salmosbiblicos.com.br\/index.php\/wp-json\/wp\/v2\/posts\/6733\/revisions"}],"predecessor-version":[{"id":6734,"href":"http:\/\/salmosbiblicos.com.br\/index.php\/wp-json\/wp\/v2\/posts\/6733\/revisions\/6734"}],"wp:attachment":[{"href":"http:\/\/salmosbiblicos.com.br\/index.php\/wp-json\/wp\/v2\/media?parent=6733"}],"wp:term":[{"taxonomy":"category","embeddable":true,"href":"http:\/\/salmosbiblicos.com.br\/index.php\/wp-json\/wp\/v2\/categories?post=6733"},{"taxonomy":"post_tag","embeddable":true,"href":"http:\/\/salmosbiblicos.com.br\/index.php\/wp-json\/wp\/v2\/tags?post=6733"}],"curies":[{"name":"wp","href":"https:\/\/api.w.org\/{rel}","templated":true}]}}