{"id":6735,"date":"2026-04-04T19:19:21","date_gmt":"2026-04-04T22:19:21","guid":{"rendered":"https:\/\/salmosbiblicos.com.br\/?p=6735"},"modified":"2026-04-04T19:19:21","modified_gmt":"2026-04-04T22:19:21","slug":"cristo-ressuscitado-luz-e-graca-em-tempos-de-escuridao","status":"publish","type":"post","link":"http:\/\/salmosbiblicos.com.br\/index.php\/2026\/04\/04\/cristo-ressuscitado-luz-e-graca-em-tempos-de-escuridao\/","title":{"rendered":"Cristo Ressuscitado: Luz e Gra\u00e7a em Tempos de Escurid\u00e3o"},"content":{"rendered":"<p>## O Peso da Escurid\u00e3o e a Luz que n\u00e3o se Apaga<\/p>\n<p>Muitas vezes, ao olharmos para o mundo ao nosso redor, sentimos uma estranha sensa\u00e7\u00e3o de **desorienta\u00e7\u00e3o e confus\u00e3o**. Parece que uma n\u00e9voa invis\u00edvel paira sobre as mentes humanas, obscurecendo a verdade e tornando o caminho da retid\u00e3o cada vez mais dif\u00edcil de ser percebido.<\/p>\n<p>Essa sensa\u00e7\u00e3o n\u00e3o \u00e9 fruto do acaso, mas de uma **realidade espiritual profunda**. Existe uma batalha silenciosa acontecendo entre a luz e as trevas, e compreender o nosso lugar nesse cen\u00e1rio \u00e9 o que definir\u00e1 a nossa paz e a nossa salva\u00e7\u00e3o.<\/p>\n<p>## Do Abismo da Condena\u00e7\u00e3o \u00e0 Riqueza da Gra\u00e7a<\/p>\n<p>Houve um tempo em que todos n\u00f3s caminh\u00e1vamos sem rumo, perdidos nas pr\u00f3prias paix\u00f5es e desejos. \u00c9ramos movidos pelos caprichos de uma natureza que nos afastava do Criador, vivendo sob o peso de nossas pr\u00f3prias faltas.<\/p>\n<p>A verdade \u00e9 dura: sem a interven\u00e7\u00e3o divina, estar\u00edamos entregues ao dom\u00ednio de um sistema de valores que nos conduz \u00e0 morte espiritual. No entanto, a beleza da exist\u00eancia reside na **incompar\u00e1vel riqueza da gra\u00e7a de Deus**.<\/p>\n<p>Deus, sendo **rico em miseric\u00f3rdia**, n\u00e3o nos abandonou ao nosso pr\u00f3prio destino de derrota. Por causa do Seu grande amor, Ele nos concedeu algo que jamais poder\u00edamos conquistar por esfor\u00e7o pr\u00f3prio:<\/p>\n<p>*   **A vida em Cristo:** Ele nos ressuscitou espiritualmente, trazendo luz onde havia morte.<br \/>*   **A salva\u00e7\u00e3o como presente:** A salva\u00e7\u00e3o n\u00e3o \u00e9 um pr\u00eamio por boas obras, mas um **dom gratuito de Deus** para evitar que qualquer um se glorie.<br \/>*   **Uma nova posi\u00e7\u00e3o:** Atrav\u00e9s da uni\u00e3o com Jesus, fomos elevados para uma nova realidade espiritual.<\/p>\n<p>## A Estrat\u00e9gia da Obscuridade e o Pr\u00edncipe deste Mundo<\/p>\n<p>\u00c9 necess\u00e1rio compreendermos que existe uma influ\u00eancia que opera &#8220;nos ares&#8221;, agindo entre o c\u00e9u e a terra. H\u00e1 uma for\u00e7a que busca agir atrav\u00e9s daqueles que se rebelam contra a vontade divina, tentando estabelecer um reino de confus\u00e3o.<\/p>\n<p>A estrat\u00e9gia mais perigosa dessa for\u00e7a \u00e9 a **obscuridade da mente**. O objetivo \u00e9 cegar a intelig\u00eancia dos incr\u00e9dulos, impedindo que eles percebam a luz resplandecente do Evangelho.<\/p>\n<p>Quando a mente \u00e9 obscurecida, a gl\u00f3ria de Cristo, que \u00e9 a imagem perfeita de Deus, torna-se invis\u00edvel aos olhos humanos. O inimigo tenta convencer o mundo de que a rebeldia \u00e9 liberdade e que o pecado \u00e9 o \u00fanico caminho, mas isso \u00e9 uma **ilus\u00e3o devastadora**.<\/p>\n<p>## A Certeza da Vit\u00f3ria Final<\/p>\n<p>Pode parecer que as trevas est\u00e3o avan\u00e7ando, e o mundo muitas vezes reflete um caos que nos assusta. No entanto, h\u00e1 uma verdade fundamental que traz descanso \u00e0 alma: **o pr\u00edncipe deste mundo j\u00e1 est\u00e1 julgado e condenado**.<\/p>\n<p>Embora ele ainda opere e tente arrastar outros para a sua derrota, ele n\u00e3o tem poder sobre aqueles que pertencem a Cristo. Ele busca apenas levar consigo o maior n\u00famero poss\u00edvel de derrotados, mas ele **n\u00e3o tem poder sobre voc\u00ea**.<\/p>\n<p>Lembre-se sempre destes pilares para a sua caminhada:<\/p>\n<p>*   **A vit\u00f3ria j\u00e1 foi conquistada:** O julgamento sobre o mal j\u00e1 foi decretado.<br \/>*   **Voc\u00ea \u00e9 um filho da luz:** N\u00e3o perten\u00e7a ao n\u00famero dos que est\u00e3o sob o dom\u00ednio da ira.<br \/>*   **A gra\u00e7a \u00e9 o seu escudo:** Confie na bondade de Deus que preparou boas obras para voc\u00ea praticar desde o princ\u00edpio.<\/p>\n<p>N\u00e3o tema a confus\u00e3o do mundo. Mantenha seus olhos fixos na **luz do Evangelho**, pois ela \u00e9 a \u00fanica verdade capaz de romper qualquer escurid\u00e3o e guiar seus passos para a eternidade.<\/p>\n","protected":false},"excerpt":{"rendered":"<p>## O Peso da Escurid\u00e3o e a Luz que n\u00e3o se Apaga Muitas vezes, ao olharmos para o mundo ao nosso redor, sentimos uma estranha sensa\u00e7\u00e3o de **desorienta\u00e7\u00e3o e confus\u00e3o**. Parece que uma n\u00e9voa invis\u00edvel paira sobre as mentes humanas, obscurecendo a verdade e tornando o caminho da retid\u00e3o cada vez mais dif\u00edcil de ser [&hellip;]<\/p>\n","protected":false},"author":1,"featured_media":0,"comment_status":"closed","ping_status":"open","sticky":false,"template":"","format":"standard","meta":{"footnotes":""},"categories":[14],"tags":[],"class_list":["post-6735","post","type-post","status-publish","format-standard","hentry","category-reflexao"],"yoast_head":"<!-- This site is optimized with the Yoast SEO plugin v27.2 - https:\/\/yoast.com\/product\/yoast-seo-wordpress\/ -->\n<title>Cristo Ressuscitado: Luz e Gra\u00e7a em Tempos de Escurid\u00e3o - Salmos B\u00edblicos<\/title>\n<meta name=\"robots\" content=\"index, follow, max-snippet:-1, max-image-preview:large, max-video-preview:-1\" \/>\n<link rel=\"canonical\" href=\"https:\/\/salmosbiblicos.com.br\/index.php\/2026\/04\/04\/cristo-ressuscitado-luz-e-graca-em-tempos-de-escuridao\/\" \/>\n<meta property=\"og:locale\" content=\"pt_BR\" \/>\n<meta property=\"og:type\" content=\"article\" \/>\n<meta property=\"og:title\" content=\"Cristo Ressuscitado: Luz e Gra\u00e7a em Tempos de Escurid\u00e3o - Salmos B\u00edblicos\" \/>\n<meta property=\"og:description\" content=\"## O Peso da Escurid\u00e3o e a Luz que n\u00e3o se Apaga Muitas vezes, ao olharmos para o mundo ao nosso redor, sentimos uma estranha sensa\u00e7\u00e3o de **desorienta\u00e7\u00e3o e confus\u00e3o**. Parece que uma n\u00e9voa invis\u00edvel paira sobre as mentes humanas, obscurecendo a verdade e tornando o caminho da retid\u00e3o cada vez mais dif\u00edcil de ser [&hellip;]\" \/>\n<meta property=\"og:url\" content=\"https:\/\/salmosbiblicos.com.br\/index.php\/2026\/04\/04\/cristo-ressuscitado-luz-e-graca-em-tempos-de-escuridao\/\" \/>\n<meta property=\"og:site_name\" content=\"Salmos B\u00edblicos\" \/>\n<meta property=\"article:published_time\" content=\"2026-04-04T22:19:21+00:00\" \/>\n<meta name=\"author\" content=\"alextreh@gmail.com\" \/>\n<meta name=\"twitter:card\" content=\"summary_large_image\" \/>\n<meta name=\"twitter:label1\" content=\"Escrito por\" \/>\n\t<meta name=\"twitter:data1\" content=\"alextreh@gmail.com\" \/>\n\t<meta name=\"twitter:label2\" content=\"Est. tempo de leitura\" \/>\n\t<meta name=\"twitter:data2\" content=\"3 minutos\" \/>\n<script type=\"application\/ld+json\" class=\"yoast-schema-graph\">{\"@context\":\"https:\/\/schema.org\",\"@graph\":[{\"@type\":\"Article\",\"@id\":\"https:\/\/salmosbiblicos.com.br\/index.php\/2026\/04\/04\/cristo-ressuscitado-luz-e-graca-em-tempos-de-escuridao\/#article\",\"isPartOf\":{\"@id\":\"https:\/\/salmosbiblicos.com.br\/index.php\/2026\/04\/04\/cristo-ressuscitado-luz-e-graca-em-tempos-de-escuridao\/\"},\"author\":{\"name\":\"alextreh@gmail.com\",\"@id\":\"https:\/\/salmosbiblicos.com.br\/#\/schema\/person\/30586d0fb3f3a46b78a3414fc39cc975\"},\"headline\":\"Cristo Ressuscitado: Luz e Gra\u00e7a em Tempos de Escurid\u00e3o\",\"datePublished\":\"2026-04-04T22:19:21+00:00\",\"mainEntityOfPage\":{\"@id\":\"https:\/\/salmosbiblicos.com.br\/index.php\/2026\/04\/04\/cristo-ressuscitado-luz-e-graca-em-tempos-de-escuridao\/\"},\"wordCount\":627,\"articleSection\":[\"Reflex\u00e3o\"],\"inLanguage\":\"pt-BR\"},{\"@type\":\"WebPage\",\"@id\":\"https:\/\/salmosbiblicos.com.br\/index.php\/2026\/04\/04\/cristo-ressuscitado-luz-e-graca-em-tempos-de-escuridao\/\",\"url\":\"https:\/\/salmosbiblicos.com.br\/index.php\/2026\/04\/04\/cristo-ressuscitado-luz-e-graca-em-tempos-de-escuridao\/\",\"name\":\"Cristo Ressuscitado: Luz e Gra\u00e7a em Tempos de Escurid\u00e3o - Salmos B\u00edblicos\",\"isPartOf\":{\"@id\":\"https:\/\/salmosbiblicos.com.br\/#website\"},\"datePublished\":\"2026-04-04T22:19:21+00:00\",\"author\":{\"@id\":\"https:\/\/salmosbiblicos.com.br\/#\/schema\/person\/30586d0fb3f3a46b78a3414fc39cc975\"},\"breadcrumb\":{\"@id\":\"https:\/\/salmosbiblicos.com.br\/index.php\/2026\/04\/04\/cristo-ressuscitado-luz-e-graca-em-tempos-de-escuridao\/#breadcrumb\"},\"inLanguage\":\"pt-BR\",\"potentialAction\":[{\"@type\":\"ReadAction\",\"target\":[\"https:\/\/salmosbiblicos.com.br\/index.php\/2026\/04\/04\/cristo-ressuscitado-luz-e-graca-em-tempos-de-escuridao\/\"]}]},{\"@type\":\"BreadcrumbList\",\"@id\":\"https:\/\/salmosbiblicos.com.br\/index.php\/2026\/04\/04\/cristo-ressuscitado-luz-e-graca-em-tempos-de-escuridao\/#breadcrumb\",\"itemListElement\":[{\"@type\":\"ListItem\",\"position\":1,\"name\":\"Home\",\"item\":\"https:\/\/salmosbiblicos.com.br\/\"},{\"@type\":\"ListItem\",\"position\":2,\"name\":\"Cristo Ressuscitado: Luz e Gra\u00e7a em Tempos de Escurid\u00e3o\"}]},{\"@type\":\"WebSite\",\"@id\":\"https:\/\/salmosbiblicos.com.br\/#website\",\"url\":\"https:\/\/salmosbiblicos.com.br\/\",\"name\":\"Salmos B\u00edblicos\",\"description\":\"Uma e-Livraria com e-Books novos para voc\u00ea refletir.\",\"potentialAction\":[{\"@type\":\"SearchAction\",\"target\":{\"@type\":\"EntryPoint\",\"urlTemplate\":\"https:\/\/salmosbiblicos.com.br\/?s={search_term_string}\"},\"query-input\":{\"@type\":\"PropertyValueSpecification\",\"valueRequired\":true,\"valueName\":\"search_term_string\"}}],\"inLanguage\":\"pt-BR\"},{\"@type\":\"Person\",\"@id\":\"https:\/\/salmosbiblicos.com.br\/#\/schema\/person\/30586d0fb3f3a46b78a3414fc39cc975\",\"name\":\"alextreh@gmail.com\",\"image\":{\"@type\":\"ImageObject\",\"inLanguage\":\"pt-BR\",\"@id\":\"https:\/\/secure.gravatar.com\/avatar\/7cf84d31f581ec97b887c1039d478a7c293086896c84951a86753fb2c2af7527?s=96&d=mm&r=g\",\"url\":\"https:\/\/secure.gravatar.com\/avatar\/7cf84d31f581ec97b887c1039d478a7c293086896c84951a86753fb2c2af7527?s=96&d=mm&r=g\",\"contentUrl\":\"https:\/\/secure.gravatar.com\/avatar\/7cf84d31f581ec97b887c1039d478a7c293086896c84951a86753fb2c2af7527?s=96&d=mm&r=g\",\"caption\":\"alextreh@gmail.com\"},\"sameAs\":[\"http:\/\/salmosbiblicos.com.br\"],\"url\":\"http:\/\/salmosbiblicos.com.br\/index.php\/author\/alextrehgmail-com\/\"}]}<\/script>\n<!-- \/ Yoast SEO plugin. -->","yoast_head_json":{"title":"Cristo Ressuscitado: Luz e Gra\u00e7a em Tempos de Escurid\u00e3o - Salmos B\u00edblicos","robots":{"index":"index","follow":"follow","max-snippet":"max-snippet:-1","max-image-preview":"max-image-preview:large","max-video-preview":"max-video-preview:-1"},"canonical":"https:\/\/salmosbiblicos.com.br\/index.php\/2026\/04\/04\/cristo-ressuscitado-luz-e-graca-em-tempos-de-escuridao\/","og_locale":"pt_BR","og_type":"article","og_title":"Cristo Ressuscitado: Luz e Gra\u00e7a em Tempos de Escurid\u00e3o - Salmos B\u00edblicos","og_description":"## O Peso da Escurid\u00e3o e a Luz que n\u00e3o se Apaga Muitas vezes, ao olharmos para o mundo ao nosso redor, sentimos uma estranha sensa\u00e7\u00e3o de **desorienta\u00e7\u00e3o e confus\u00e3o**. Parece que uma n\u00e9voa invis\u00edvel paira sobre as mentes humanas, obscurecendo a verdade e tornando o caminho da retid\u00e3o cada vez mais dif\u00edcil de ser [&hellip;]","og_url":"https:\/\/salmosbiblicos.com.br\/index.php\/2026\/04\/04\/cristo-ressuscitado-luz-e-graca-em-tempos-de-escuridao\/","og_site_name":"Salmos B\u00edblicos","article_published_time":"2026-04-04T22:19:21+00:00","author":"alextreh@gmail.com","twitter_card":"summary_large_image","twitter_misc":{"Escrito por":"alextreh@gmail.com","Est. tempo de leitura":"3 minutos"},"schema":{"@context":"https:\/\/schema.org","@graph":[{"@type":"Article","@id":"https:\/\/salmosbiblicos.com.br\/index.php\/2026\/04\/04\/cristo-ressuscitado-luz-e-graca-em-tempos-de-escuridao\/#article","isPartOf":{"@id":"https:\/\/salmosbiblicos.com.br\/index.php\/2026\/04\/04\/cristo-ressuscitado-luz-e-graca-em-tempos-de-escuridao\/"},"author":{"name":"alextreh@gmail.com","@id":"https:\/\/salmosbiblicos.com.br\/#\/schema\/person\/30586d0fb3f3a46b78a3414fc39cc975"},"headline":"Cristo Ressuscitado: Luz e Gra\u00e7a em Tempos de Escurid\u00e3o","datePublished":"2026-04-04T22:19:21+00:00","mainEntityOfPage":{"@id":"https:\/\/salmosbiblicos.com.br\/index.php\/2026\/04\/04\/cristo-ressuscitado-luz-e-graca-em-tempos-de-escuridao\/"},"wordCount":627,"articleSection":["Reflex\u00e3o"],"inLanguage":"pt-BR"},{"@type":"WebPage","@id":"https:\/\/salmosbiblicos.com.br\/index.php\/2026\/04\/04\/cristo-ressuscitado-luz-e-graca-em-tempos-de-escuridao\/","url":"https:\/\/salmosbiblicos.com.br\/index.php\/2026\/04\/04\/cristo-ressuscitado-luz-e-graca-em-tempos-de-escuridao\/","name":"Cristo Ressuscitado: Luz e Gra\u00e7a em Tempos de Escurid\u00e3o - Salmos B\u00edblicos","isPartOf":{"@id":"https:\/\/salmosbiblicos.com.br\/#website"},"datePublished":"2026-04-04T22:19:21+00:00","author":{"@id":"https:\/\/salmosbiblicos.com.br\/#\/schema\/person\/30586d0fb3f3a46b78a3414fc39cc975"},"breadcrumb":{"@id":"https:\/\/salmosbiblicos.com.br\/index.php\/2026\/04\/04\/cristo-ressuscitado-luz-e-graca-em-tempos-de-escuridao\/#breadcrumb"},"inLanguage":"pt-BR","potentialAction":[{"@type":"ReadAction","target":["https:\/\/salmosbiblicos.com.br\/index.php\/2026\/04\/04\/cristo-ressuscitado-luz-e-graca-em-tempos-de-escuridao\/"]}]},{"@type":"BreadcrumbList","@id":"https:\/\/salmosbiblicos.com.br\/index.php\/2026\/04\/04\/cristo-ressuscitado-luz-e-graca-em-tempos-de-escuridao\/#breadcrumb","itemListElement":[{"@type":"ListItem","position":1,"name":"Home","item":"https:\/\/salmosbiblicos.com.br\/"},{"@type":"ListItem","position":2,"name":"Cristo Ressuscitado: Luz e Gra\u00e7a em Tempos de Escurid\u00e3o"}]},{"@type":"WebSite","@id":"https:\/\/salmosbiblicos.com.br\/#website","url":"https:\/\/salmosbiblicos.com.br\/","name":"Salmos B\u00edblicos","description":"Uma e-Livraria com e-Books novos para voc\u00ea refletir.","potentialAction":[{"@type":"SearchAction","target":{"@type":"EntryPoint","urlTemplate":"https:\/\/salmosbiblicos.com.br\/?s={search_term_string}"},"query-input":{"@type":"PropertyValueSpecification","valueRequired":true,"valueName":"search_term_string"}}],"inLanguage":"pt-BR"},{"@type":"Person","@id":"https:\/\/salmosbiblicos.com.br\/#\/schema\/person\/30586d0fb3f3a46b78a3414fc39cc975","name":"alextreh@gmail.com","image":{"@type":"ImageObject","inLanguage":"pt-BR","@id":"https:\/\/secure.gravatar.com\/avatar\/7cf84d31f581ec97b887c1039d478a7c293086896c84951a86753fb2c2af7527?s=96&d=mm&r=g","url":"https:\/\/secure.gravatar.com\/avatar\/7cf84d31f581ec97b887c1039d478a7c293086896c84951a86753fb2c2af7527?s=96&d=mm&r=g","contentUrl":"https:\/\/secure.gravatar.com\/avatar\/7cf84d31f581ec97b887c1039d478a7c293086896c84951a86753fb2c2af7527?s=96&d=mm&r=g","caption":"alextreh@gmail.com"},"sameAs":["http:\/\/salmosbiblicos.com.br"],"url":"http:\/\/salmosbiblicos.com.br\/index.php\/author\/alextrehgmail-com\/"}]}},"_links":{"self":[{"href":"http:\/\/salmosbiblicos.com.br\/index.php\/wp-json\/wp\/v2\/posts\/6735","targetHints":{"allow":["GET"]}}],"collection":[{"href":"http:\/\/salmosbiblicos.com.br\/index.php\/wp-json\/wp\/v2\/posts"}],"about":[{"href":"http:\/\/salmosbiblicos.com.br\/index.php\/wp-json\/wp\/v2\/types\/post"}],"author":[{"embeddable":true,"href":"http:\/\/salmosbiblicos.com.br\/index.php\/wp-json\/wp\/v2\/users\/1"}],"replies":[{"embeddable":true,"href":"http:\/\/salmosbiblicos.com.br\/index.php\/wp-json\/wp\/v2\/comments?post=6735"}],"version-history":[{"count":1,"href":"http:\/\/salmosbiblicos.com.br\/index.php\/wp-json\/wp\/v2\/posts\/6735\/revisions"}],"predecessor-version":[{"id":6736,"href":"http:\/\/salmosbiblicos.com.br\/index.php\/wp-json\/wp\/v2\/posts\/6735\/revisions\/6736"}],"wp:attachment":[{"href":"http:\/\/salmosbiblicos.com.br\/index.php\/wp-json\/wp\/v2\/media?parent=6735"}],"wp:term":[{"taxonomy":"category","embeddable":true,"href":"http:\/\/salmosbiblicos.com.br\/index.php\/wp-json\/wp\/v2\/categories?post=6735"},{"taxonomy":"post_tag","embeddable":true,"href":"http:\/\/salmosbiblicos.com.br\/index.php\/wp-json\/wp\/v2\/tags?post=6735"}],"curies":[{"name":"wp","href":"https:\/\/api.w.org\/{rel}","templated":true}]}}