{"id":4428,"date":"2025-04-29T22:41:38","date_gmt":"2025-04-30T01:41:38","guid":{"rendered":"https:\/\/salmosbiblicos.com.br\/?p=4428"},"modified":"2025-04-29T22:41:38","modified_gmt":"2025-04-30T01:41:38","slug":"a-importancia-da-gratidao-cultivando-um-coracao-agradecido","status":"publish","type":"post","link":"https:\/\/salmosbiblicos.com.br\/index.php\/2025\/04\/29\/a-importancia-da-gratidao-cultivando-um-coracao-agradecido\/","title":{"rendered":"A import\u00e2ncia da gratid\u00e3o: cultivando um cora\u00e7\u00e3o agradecido"},"content":{"rendered":"<p>Hoje, querido amigo, quero falar sobre a import\u00e2ncia da gratid\u00e3o em nossas vidas. Em meio a tantos desafios e preocupa\u00e7\u00f5es que enfrentamos diariamente, \u00e9 f\u00e1cil nos deixarmos levar pelas dificuldades e esquecer de agradecer pelas b\u00ean\u00e7\u00e3os que recebemos.<\/p>\n<p>A gratid\u00e3o \u00e9 um sentimento poderoso que nos conecta com algo maior do que n\u00f3s mesmos. Quando reconhecemos e valorizamos as gra\u00e7as que recebemos, abrimos espa\u00e7o para mais b\u00ean\u00e7\u00e3os flu\u00edrem em nossa dire\u00e7\u00e3o. \u00c9 como se estiv\u00e9ssemos criando um ciclo de abund\u00e2ncia, onde a energia positiva que emanamos retorna para n\u00f3s de maneira multiplicada.<\/p>\n<p>Mesmo nos momentos mais dif\u00edceis, \u00e9 importante cultivar a gratid\u00e3o em nosso cora\u00e7\u00e3o. Ao olharmos para tr\u00e1s e lembrarmos de todas as vezes em que fomos amparados e sustentados, podemos encontrar for\u00e7as para seguir em frente com f\u00e9 e esperan\u00e7a. Cada desafio superado, cada obst\u00e1culo vencido, \u00e9 motivo para agradecer e celebrar a nossa capacidade de resili\u00eancia.<\/p>\n<p>A gratid\u00e3o tamb\u00e9m nos ajuda a enxergar a beleza nas pequenas coisas do dia a dia. Um sorriso sincero, um gesto de gentileza, um momento de paz e tranquilidade &#8211; tudo isso s\u00e3o presentes que recebemos constantemente, mas que nem sempre paramos para apreciar. Ao cultivarmos a gratid\u00e3o, aprendemos a valorizar esses momentos simples e a encontrar alegria nas coisas mais singelas.<\/p>\n<p>Al\u00e9m disso, a gratid\u00e3o nos ajuda a manter o cora\u00e7\u00e3o aberto para o perd\u00e3o e a compaix\u00e3o. Quando somos gratos, reconhecemos a humanidade em n\u00f3s e nos outros, e nos tornamos mais tolerantes e amorosos. A gratid\u00e3o nos lembra de que somos todos fal\u00edveis, todos pass\u00edveis de erros, mas tamb\u00e9m todos merecedores de amor e compreens\u00e3o.<\/p>\n<p>Portanto, meu amigo, n\u00e3o deixe de praticar a gratid\u00e3o em sua vida. Agrade\u00e7a pelas experi\u00eancias que o tornaram quem voc\u00ea \u00e9, pelas pessoas que cruzaram o seu caminho, pelos desafios que o fizeram crescer. Agrade\u00e7a pela oportunidade de viver, de amar, de aprender. E lembre-se sempre: a gratid\u00e3o \u00e9 a chave para uma vida plena e feliz.<\/p>\n<p>Que a gratid\u00e3o esteja sempre presente em seu cora\u00e7\u00e3o, iluminando o seu caminho e trazendo paz e serenidade \u00e0 sua alma. Agrade\u00e7a, celebre e viva cada dia com gratid\u00e3o, pois a vida \u00e9 um presente precioso que merece ser valorizado.<\/p>\n<p>&#8220;Que a gratid\u00e3o seja a sua luz nos dias sombrios e a sua can\u00e7\u00e3o nos momentos de alegria. Agrade\u00e7a sempre, e ver\u00e1 como a vida se torna mais bela e abundante.&#8221;<\/p>\n","protected":false},"excerpt":{"rendered":"<p>Hoje, querido amigo, quero falar sobre a import\u00e2ncia da gratid\u00e3o em nossas vidas. Em meio a tantos desafios e preocupa\u00e7\u00f5es que enfrentamos diariamente, \u00e9 f\u00e1cil nos deixarmos levar pelas dificuldades e esquecer de agradecer pelas b\u00ean\u00e7\u00e3os que recebemos. A gratid\u00e3o \u00e9 um sentimento poderoso que nos conecta com algo maior do que n\u00f3s mesmos. Quando [&hellip;]<\/p>\n","protected":false},"author":2,"featured_media":0,"comment_status":"closed","ping_status":"open","sticky":false,"template":"","format":"standard","meta":{"footnotes":""},"categories":[6],"tags":[],"class_list":["post-4428","post","type-post","status-publish","format-standard","hentry","category-reflexao-do-dia"],"yoast_head":"<!-- This site is optimized with the Yoast SEO plugin v27.2 - https:\/\/yoast.com\/product\/yoast-seo-wordpress\/ -->\n<title>A import\u00e2ncia da gratid\u00e3o: cultivando um cora\u00e7\u00e3o agradecido - Salmos B\u00edblicos<\/title>\n<meta name=\"robots\" content=\"index, follow, max-snippet:-1, max-image-preview:large, max-video-preview:-1\" \/>\n<link rel=\"canonical\" href=\"https:\/\/salmosbiblicos.com.br\/index.php\/2025\/04\/29\/a-importancia-da-gratidao-cultivando-um-coracao-agradecido\/\" \/>\n<meta property=\"og:locale\" content=\"pt_BR\" \/>\n<meta property=\"og:type\" content=\"article\" \/>\n<meta property=\"og:title\" content=\"A import\u00e2ncia da gratid\u00e3o: cultivando um cora\u00e7\u00e3o agradecido - Salmos B\u00edblicos\" \/>\n<meta property=\"og:description\" content=\"Hoje, querido amigo, quero falar sobre a import\u00e2ncia da gratid\u00e3o em nossas vidas. Em meio a tantos desafios e preocupa\u00e7\u00f5es que enfrentamos diariamente, \u00e9 f\u00e1cil nos deixarmos levar pelas dificuldades e esquecer de agradecer pelas b\u00ean\u00e7\u00e3os que recebemos. A gratid\u00e3o \u00e9 um sentimento poderoso que nos conecta com algo maior do que n\u00f3s mesmos. Quando [&hellip;]\" \/>\n<meta property=\"og:url\" content=\"https:\/\/salmosbiblicos.com.br\/index.php\/2025\/04\/29\/a-importancia-da-gratidao-cultivando-um-coracao-agradecido\/\" \/>\n<meta property=\"og:site_name\" content=\"Salmos B\u00edblicos\" \/>\n<meta property=\"article:published_time\" content=\"2025-04-30T01:41:38+00:00\" \/>\n<meta name=\"author\" content=\"Irmao\" \/>\n<meta name=\"twitter:card\" content=\"summary_large_image\" \/>\n<meta name=\"twitter:label1\" content=\"Escrito por\" \/>\n\t<meta name=\"twitter:data1\" content=\"Irmao\" \/>\n\t<meta name=\"twitter:label2\" content=\"Est. tempo de leitura\" \/>\n\t<meta name=\"twitter:data2\" content=\"2 minutos\" \/>\n<script type=\"application\/ld+json\" class=\"yoast-schema-graph\">{\"@context\":\"https:\/\/schema.org\",\"@graph\":[{\"@type\":\"Article\",\"@id\":\"https:\/\/salmosbiblicos.com.br\/index.php\/2025\/04\/29\/a-importancia-da-gratidao-cultivando-um-coracao-agradecido\/#article\",\"isPartOf\":{\"@id\":\"https:\/\/salmosbiblicos.com.br\/index.php\/2025\/04\/29\/a-importancia-da-gratidao-cultivando-um-coracao-agradecido\/\"},\"author\":{\"name\":\"Irmao\",\"@id\":\"https:\/\/salmosbiblicos.com.br\/#\/schema\/person\/760735259ba35f1e44e89c71c72d79da\"},\"headline\":\"A import\u00e2ncia da gratid\u00e3o: cultivando um cora\u00e7\u00e3o agradecido\",\"datePublished\":\"2025-04-30T01:41:38+00:00\",\"mainEntityOfPage\":{\"@id\":\"https:\/\/salmosbiblicos.com.br\/index.php\/2025\/04\/29\/a-importancia-da-gratidao-cultivando-um-coracao-agradecido\/\"},\"wordCount\":450,\"articleSection\":[\"Reflex\u00e3o do Dia\"],\"inLanguage\":\"pt-BR\"},{\"@type\":\"WebPage\",\"@id\":\"https:\/\/salmosbiblicos.com.br\/index.php\/2025\/04\/29\/a-importancia-da-gratidao-cultivando-um-coracao-agradecido\/\",\"url\":\"https:\/\/salmosbiblicos.com.br\/index.php\/2025\/04\/29\/a-importancia-da-gratidao-cultivando-um-coracao-agradecido\/\",\"name\":\"A import\u00e2ncia da gratid\u00e3o: cultivando um cora\u00e7\u00e3o agradecido - Salmos B\u00edblicos\",\"isPartOf\":{\"@id\":\"https:\/\/salmosbiblicos.com.br\/#website\"},\"datePublished\":\"2025-04-30T01:41:38+00:00\",\"author\":{\"@id\":\"https:\/\/salmosbiblicos.com.br\/#\/schema\/person\/760735259ba35f1e44e89c71c72d79da\"},\"breadcrumb\":{\"@id\":\"https:\/\/salmosbiblicos.com.br\/index.php\/2025\/04\/29\/a-importancia-da-gratidao-cultivando-um-coracao-agradecido\/#breadcrumb\"},\"inLanguage\":\"pt-BR\",\"potentialAction\":[{\"@type\":\"ReadAction\",\"target\":[\"https:\/\/salmosbiblicos.com.br\/index.php\/2025\/04\/29\/a-importancia-da-gratidao-cultivando-um-coracao-agradecido\/\"]}]},{\"@type\":\"BreadcrumbList\",\"@id\":\"https:\/\/salmosbiblicos.com.br\/index.php\/2025\/04\/29\/a-importancia-da-gratidao-cultivando-um-coracao-agradecido\/#breadcrumb\",\"itemListElement\":[{\"@type\":\"ListItem\",\"position\":1,\"name\":\"Home\",\"item\":\"https:\/\/salmosbiblicos.com.br\/\"},{\"@type\":\"ListItem\",\"position\":2,\"name\":\"A import\u00e2ncia da gratid\u00e3o: cultivando um cora\u00e7\u00e3o agradecido\"}]},{\"@type\":\"WebSite\",\"@id\":\"https:\/\/salmosbiblicos.com.br\/#website\",\"url\":\"https:\/\/salmosbiblicos.com.br\/\",\"name\":\"Salmos B\u00edblicos\",\"description\":\"Uma e-Livraria com e-Books novos para voc\u00ea refletir.\",\"potentialAction\":[{\"@type\":\"SearchAction\",\"target\":{\"@type\":\"EntryPoint\",\"urlTemplate\":\"https:\/\/salmosbiblicos.com.br\/?s={search_term_string}\"},\"query-input\":{\"@type\":\"PropertyValueSpecification\",\"valueRequired\":true,\"valueName\":\"search_term_string\"}}],\"inLanguage\":\"pt-BR\"},{\"@type\":\"Person\",\"@id\":\"https:\/\/salmosbiblicos.com.br\/#\/schema\/person\/760735259ba35f1e44e89c71c72d79da\",\"name\":\"Irmao\",\"image\":{\"@type\":\"ImageObject\",\"inLanguage\":\"pt-BR\",\"@id\":\"https:\/\/secure.gravatar.com\/avatar\/?s=96&d=mm&r=g\",\"url\":\"https:\/\/secure.gravatar.com\/avatar\/?s=96&d=mm&r=g\",\"contentUrl\":\"https:\/\/secure.gravatar.com\/avatar\/?s=96&d=mm&r=g\",\"caption\":\"Irmao\"},\"url\":\"https:\/\/salmosbiblicos.com.br\/index.php\/author\/irmao\/\"}]}<\/script>\n<!-- \/ Yoast SEO plugin. -->","yoast_head_json":{"title":"A import\u00e2ncia da gratid\u00e3o: cultivando um cora\u00e7\u00e3o agradecido - Salmos B\u00edblicos","robots":{"index":"index","follow":"follow","max-snippet":"max-snippet:-1","max-image-preview":"max-image-preview:large","max-video-preview":"max-video-preview:-1"},"canonical":"https:\/\/salmosbiblicos.com.br\/index.php\/2025\/04\/29\/a-importancia-da-gratidao-cultivando-um-coracao-agradecido\/","og_locale":"pt_BR","og_type":"article","og_title":"A import\u00e2ncia da gratid\u00e3o: cultivando um cora\u00e7\u00e3o agradecido - Salmos B\u00edblicos","og_description":"Hoje, querido amigo, quero falar sobre a import\u00e2ncia da gratid\u00e3o em nossas vidas. Em meio a tantos desafios e preocupa\u00e7\u00f5es que enfrentamos diariamente, \u00e9 f\u00e1cil nos deixarmos levar pelas dificuldades e esquecer de agradecer pelas b\u00ean\u00e7\u00e3os que recebemos. A gratid\u00e3o \u00e9 um sentimento poderoso que nos conecta com algo maior do que n\u00f3s mesmos. Quando [&hellip;]","og_url":"https:\/\/salmosbiblicos.com.br\/index.php\/2025\/04\/29\/a-importancia-da-gratidao-cultivando-um-coracao-agradecido\/","og_site_name":"Salmos B\u00edblicos","article_published_time":"2025-04-30T01:41:38+00:00","author":"Irmao","twitter_card":"summary_large_image","twitter_misc":{"Escrito por":"Irmao","Est. tempo de leitura":"2 minutos"},"schema":{"@context":"https:\/\/schema.org","@graph":[{"@type":"Article","@id":"https:\/\/salmosbiblicos.com.br\/index.php\/2025\/04\/29\/a-importancia-da-gratidao-cultivando-um-coracao-agradecido\/#article","isPartOf":{"@id":"https:\/\/salmosbiblicos.com.br\/index.php\/2025\/04\/29\/a-importancia-da-gratidao-cultivando-um-coracao-agradecido\/"},"author":{"name":"Irmao","@id":"https:\/\/salmosbiblicos.com.br\/#\/schema\/person\/760735259ba35f1e44e89c71c72d79da"},"headline":"A import\u00e2ncia da gratid\u00e3o: cultivando um cora\u00e7\u00e3o agradecido","datePublished":"2025-04-30T01:41:38+00:00","mainEntityOfPage":{"@id":"https:\/\/salmosbiblicos.com.br\/index.php\/2025\/04\/29\/a-importancia-da-gratidao-cultivando-um-coracao-agradecido\/"},"wordCount":450,"articleSection":["Reflex\u00e3o do Dia"],"inLanguage":"pt-BR"},{"@type":"WebPage","@id":"https:\/\/salmosbiblicos.com.br\/index.php\/2025\/04\/29\/a-importancia-da-gratidao-cultivando-um-coracao-agradecido\/","url":"https:\/\/salmosbiblicos.com.br\/index.php\/2025\/04\/29\/a-importancia-da-gratidao-cultivando-um-coracao-agradecido\/","name":"A import\u00e2ncia da gratid\u00e3o: cultivando um cora\u00e7\u00e3o agradecido - Salmos B\u00edblicos","isPartOf":{"@id":"https:\/\/salmosbiblicos.com.br\/#website"},"datePublished":"2025-04-30T01:41:38+00:00","author":{"@id":"https:\/\/salmosbiblicos.com.br\/#\/schema\/person\/760735259ba35f1e44e89c71c72d79da"},"breadcrumb":{"@id":"https:\/\/salmosbiblicos.com.br\/index.php\/2025\/04\/29\/a-importancia-da-gratidao-cultivando-um-coracao-agradecido\/#breadcrumb"},"inLanguage":"pt-BR","potentialAction":[{"@type":"ReadAction","target":["https:\/\/salmosbiblicos.com.br\/index.php\/2025\/04\/29\/a-importancia-da-gratidao-cultivando-um-coracao-agradecido\/"]}]},{"@type":"BreadcrumbList","@id":"https:\/\/salmosbiblicos.com.br\/index.php\/2025\/04\/29\/a-importancia-da-gratidao-cultivando-um-coracao-agradecido\/#breadcrumb","itemListElement":[{"@type":"ListItem","position":1,"name":"Home","item":"https:\/\/salmosbiblicos.com.br\/"},{"@type":"ListItem","position":2,"name":"A import\u00e2ncia da gratid\u00e3o: cultivando um cora\u00e7\u00e3o agradecido"}]},{"@type":"WebSite","@id":"https:\/\/salmosbiblicos.com.br\/#website","url":"https:\/\/salmosbiblicos.com.br\/","name":"Salmos B\u00edblicos","description":"Uma e-Livraria com e-Books novos para voc\u00ea refletir.","potentialAction":[{"@type":"SearchAction","target":{"@type":"EntryPoint","urlTemplate":"https:\/\/salmosbiblicos.com.br\/?s={search_term_string}"},"query-input":{"@type":"PropertyValueSpecification","valueRequired":true,"valueName":"search_term_string"}}],"inLanguage":"pt-BR"},{"@type":"Person","@id":"https:\/\/salmosbiblicos.com.br\/#\/schema\/person\/760735259ba35f1e44e89c71c72d79da","name":"Irmao","image":{"@type":"ImageObject","inLanguage":"pt-BR","@id":"https:\/\/secure.gravatar.com\/avatar\/?s=96&d=mm&r=g","url":"https:\/\/secure.gravatar.com\/avatar\/?s=96&d=mm&r=g","contentUrl":"https:\/\/secure.gravatar.com\/avatar\/?s=96&d=mm&r=g","caption":"Irmao"},"url":"https:\/\/salmosbiblicos.com.br\/index.php\/author\/irmao\/"}]}},"_links":{"self":[{"href":"https:\/\/salmosbiblicos.com.br\/index.php\/wp-json\/wp\/v2\/posts\/4428","targetHints":{"allow":["GET"]}}],"collection":[{"href":"https:\/\/salmosbiblicos.com.br\/index.php\/wp-json\/wp\/v2\/posts"}],"about":[{"href":"https:\/\/salmosbiblicos.com.br\/index.php\/wp-json\/wp\/v2\/types\/post"}],"author":[{"embeddable":true,"href":"https:\/\/salmosbiblicos.com.br\/index.php\/wp-json\/wp\/v2\/users\/2"}],"replies":[{"embeddable":true,"href":"https:\/\/salmosbiblicos.com.br\/index.php\/wp-json\/wp\/v2\/comments?post=4428"}],"version-history":[{"count":0,"href":"https:\/\/salmosbiblicos.com.br\/index.php\/wp-json\/wp\/v2\/posts\/4428\/revisions"}],"wp:attachment":[{"href":"https:\/\/salmosbiblicos.com.br\/index.php\/wp-json\/wp\/v2\/media?parent=4428"}],"wp:term":[{"taxonomy":"category","embeddable":true,"href":"https:\/\/salmosbiblicos.com.br\/index.php\/wp-json\/wp\/v2\/categories?post=4428"},{"taxonomy":"post_tag","embeddable":true,"href":"https:\/\/salmosbiblicos.com.br\/index.php\/wp-json\/wp\/v2\/tags?post=4428"}],"curies":[{"name":"wp","href":"https:\/\/api.w.org\/{rel}","templated":true}]}}