{"id":4430,"date":"2025-04-29T22:48:02","date_gmt":"2025-04-30T01:48:02","guid":{"rendered":"https:\/\/salmosbiblicos.com.br\/?p=4430"},"modified":"2025-04-29T22:48:02","modified_gmt":"2025-04-30T01:48:02","slug":"a-importancia-da-gratidao-cultivando-a-felicidade-e-a-paz-interior","status":"publish","type":"post","link":"https:\/\/salmosbiblicos.com.br\/index.php\/2025\/04\/29\/a-importancia-da-gratidao-cultivando-a-felicidade-e-a-paz-interior\/","title":{"rendered":"A Import\u00e2ncia da Gratid\u00e3o: Cultivando a Felicidade e a Paz Interior"},"content":{"rendered":"<p>Hoje, gostaria de compartilhar com voc\u00ea uma reflex\u00e3o sobre a import\u00e2ncia de cultivar a gratid\u00e3o em nossas vidas. Em meio a correria do dia a dia, muitas vezes esquecemos de parar um momento para agradecer por todas as b\u00ean\u00e7\u00e3os que recebemos, sejam elas grandes ou pequenas.<\/p>\n<p>A gratid\u00e3o \u00e9 uma atitude que nos conecta com o divino e nos faz enxergar a beleza e a bondade que nos cercam. Quando somos gratos, abrimos espa\u00e7o em nossos cora\u00e7\u00f5es para receber ainda mais ben\u00e7\u00e3os, pois estamos demonstrando ao universo que reconhecemos e valorizamos aquilo que nos \u00e9 dado.<\/p>\n<p>Mesmo nos momentos de dificuldade, \u00e9 poss\u00edvel encontrar motivos para agradecer. Agrade\u00e7a pela oportunidade de aprendizado, pela for\u00e7a que voc\u00ea descobre dentro de si, pela presen\u00e7a de pessoas que te apoiam e amam. A gratid\u00e3o transforma nossa perspectiva e nos ajuda a encontrar paz mesmo nas situa\u00e7\u00f5es mais desafiadoras.<\/p>\n<p>Olhe ao seu redor e perceba quantos motivos voc\u00ea tem para agradecer. Agrade\u00e7a pelo sol que brilha l\u00e1 fora, pelo ar que enche seus pulm\u00f5es, pelo alimento que nutre seu corpo. Agrade\u00e7a pelas amizades sinceras, pelo amor da sua fam\u00edlia, pela sa\u00fade que voc\u00ea desfruta. Cada pequeno detalhe da sua vida \u00e9 motivo para gratid\u00e3o.<\/p>\n<p>Quando cultivamos a gratid\u00e3o, nossa mente se torna mais positiva e nossa energia se eleva. A gratid\u00e3o nos ajuda a viver o presente com mais leveza e alegria, pois nos faz perceber que a vida \u00e9 um presente precioso que deve ser valorizado a cada instante.<\/p>\n<p>Que possamos praticar a gratid\u00e3o diariamente, dedicando um tempo para refletir sobre tudo de bom que temos em nossas vidas. Que possamos expressar nossa gratid\u00e3o atrav\u00e9s de palavras, gestos e atitudes que demonstrem nosso apre\u00e7o por tudo aquilo que recebemos.<\/p>\n<p>Que a gratid\u00e3o seja a luz que ilumina o seu caminho, trazendo paz e harmonia para a sua jornada. Lembre-se sempre de agradecer e de reconhecer as d\u00e1divas que est\u00e3o presentes em sua vida, pois a gratid\u00e3o \u00e9 o ant\u00eddoto para a insatisfa\u00e7\u00e3o e a chave para a felicidade verdadeira.<\/p>\n<p>Que a gratid\u00e3o seja a sua companheira constante, guiando seus passos e enchendo o seu cora\u00e7\u00e3o de alegria. Agrade\u00e7a, celebre e viva com gratid\u00e3o, pois assim voc\u00ea estar\u00e1 se conectando com a ess\u00eancia divina que habita em voc\u00ea e em tudo que te cerca.<\/p>\n<p>Que a gratid\u00e3o seja a sua for\u00e7a e a sua inspira\u00e7\u00e3o, guiando-o sempre para a paz interior e a felicidade plena. Agrade\u00e7a e seja feliz, pois a gratid\u00e3o \u00e9 a chave para uma vida abundante e cheia de significado. Agrade\u00e7a sempre, pois a gratid\u00e3o transforma tudo ao seu redor. Que a gratid\u00e3o seja a sua luz.<\/p>\n","protected":false},"excerpt":{"rendered":"<p>Hoje, gostaria de compartilhar com voc\u00ea uma reflex\u00e3o sobre a import\u00e2ncia de cultivar a gratid\u00e3o em nossas vidas. Em meio a correria do dia a dia, muitas vezes esquecemos de parar um momento para agradecer por todas as b\u00ean\u00e7\u00e3os que recebemos, sejam elas grandes ou pequenas. A gratid\u00e3o \u00e9 uma atitude que nos conecta com [&hellip;]<\/p>\n","protected":false},"author":2,"featured_media":0,"comment_status":"closed","ping_status":"open","sticky":false,"template":"","format":"standard","meta":{"footnotes":""},"categories":[6],"tags":[],"class_list":["post-4430","post","type-post","status-publish","format-standard","hentry","category-reflexao-do-dia"],"yoast_head":"<!-- This site is optimized with the Yoast SEO plugin v27.2 - https:\/\/yoast.com\/product\/yoast-seo-wordpress\/ -->\n<title>A Import\u00e2ncia da Gratid\u00e3o: Cultivando a Felicidade e a Paz Interior - Salmos B\u00edblicos<\/title>\n<meta name=\"robots\" content=\"index, follow, max-snippet:-1, max-image-preview:large, max-video-preview:-1\" \/>\n<link rel=\"canonical\" href=\"https:\/\/salmosbiblicos.com.br\/index.php\/2025\/04\/29\/a-importancia-da-gratidao-cultivando-a-felicidade-e-a-paz-interior\/\" \/>\n<meta property=\"og:locale\" content=\"pt_BR\" \/>\n<meta property=\"og:type\" content=\"article\" \/>\n<meta property=\"og:title\" content=\"A Import\u00e2ncia da Gratid\u00e3o: Cultivando a Felicidade e a Paz Interior - Salmos B\u00edblicos\" \/>\n<meta property=\"og:description\" content=\"Hoje, gostaria de compartilhar com voc\u00ea uma reflex\u00e3o sobre a import\u00e2ncia de cultivar a gratid\u00e3o em nossas vidas. Em meio a correria do dia a dia, muitas vezes esquecemos de parar um momento para agradecer por todas as b\u00ean\u00e7\u00e3os que recebemos, sejam elas grandes ou pequenas. A gratid\u00e3o \u00e9 uma atitude que nos conecta com [&hellip;]\" \/>\n<meta property=\"og:url\" content=\"https:\/\/salmosbiblicos.com.br\/index.php\/2025\/04\/29\/a-importancia-da-gratidao-cultivando-a-felicidade-e-a-paz-interior\/\" \/>\n<meta property=\"og:site_name\" content=\"Salmos B\u00edblicos\" \/>\n<meta property=\"article:published_time\" content=\"2025-04-30T01:48:02+00:00\" \/>\n<meta name=\"author\" content=\"Irmao\" \/>\n<meta name=\"twitter:card\" content=\"summary_large_image\" \/>\n<meta name=\"twitter:label1\" content=\"Escrito por\" \/>\n\t<meta name=\"twitter:data1\" content=\"Irmao\" \/>\n\t<meta name=\"twitter:label2\" content=\"Est. tempo de leitura\" \/>\n\t<meta name=\"twitter:data2\" content=\"2 minutos\" \/>\n<script type=\"application\/ld+json\" class=\"yoast-schema-graph\">{\"@context\":\"https:\/\/schema.org\",\"@graph\":[{\"@type\":\"Article\",\"@id\":\"https:\/\/salmosbiblicos.com.br\/index.php\/2025\/04\/29\/a-importancia-da-gratidao-cultivando-a-felicidade-e-a-paz-interior\/#article\",\"isPartOf\":{\"@id\":\"https:\/\/salmosbiblicos.com.br\/index.php\/2025\/04\/29\/a-importancia-da-gratidao-cultivando-a-felicidade-e-a-paz-interior\/\"},\"author\":{\"name\":\"Irmao\",\"@id\":\"https:\/\/salmosbiblicos.com.br\/#\/schema\/person\/760735259ba35f1e44e89c71c72d79da\"},\"headline\":\"A Import\u00e2ncia da Gratid\u00e3o: Cultivando a Felicidade e a Paz Interior\",\"datePublished\":\"2025-04-30T01:48:02+00:00\",\"mainEntityOfPage\":{\"@id\":\"https:\/\/salmosbiblicos.com.br\/index.php\/2025\/04\/29\/a-importancia-da-gratidao-cultivando-a-felicidade-e-a-paz-interior\/\"},\"wordCount\":488,\"articleSection\":[\"Reflex\u00e3o do Dia\"],\"inLanguage\":\"pt-BR\"},{\"@type\":\"WebPage\",\"@id\":\"https:\/\/salmosbiblicos.com.br\/index.php\/2025\/04\/29\/a-importancia-da-gratidao-cultivando-a-felicidade-e-a-paz-interior\/\",\"url\":\"https:\/\/salmosbiblicos.com.br\/index.php\/2025\/04\/29\/a-importancia-da-gratidao-cultivando-a-felicidade-e-a-paz-interior\/\",\"name\":\"A Import\u00e2ncia da Gratid\u00e3o: Cultivando a Felicidade e a Paz Interior - Salmos B\u00edblicos\",\"isPartOf\":{\"@id\":\"https:\/\/salmosbiblicos.com.br\/#website\"},\"datePublished\":\"2025-04-30T01:48:02+00:00\",\"author\":{\"@id\":\"https:\/\/salmosbiblicos.com.br\/#\/schema\/person\/760735259ba35f1e44e89c71c72d79da\"},\"breadcrumb\":{\"@id\":\"https:\/\/salmosbiblicos.com.br\/index.php\/2025\/04\/29\/a-importancia-da-gratidao-cultivando-a-felicidade-e-a-paz-interior\/#breadcrumb\"},\"inLanguage\":\"pt-BR\",\"potentialAction\":[{\"@type\":\"ReadAction\",\"target\":[\"https:\/\/salmosbiblicos.com.br\/index.php\/2025\/04\/29\/a-importancia-da-gratidao-cultivando-a-felicidade-e-a-paz-interior\/\"]}]},{\"@type\":\"BreadcrumbList\",\"@id\":\"https:\/\/salmosbiblicos.com.br\/index.php\/2025\/04\/29\/a-importancia-da-gratidao-cultivando-a-felicidade-e-a-paz-interior\/#breadcrumb\",\"itemListElement\":[{\"@type\":\"ListItem\",\"position\":1,\"name\":\"Home\",\"item\":\"https:\/\/salmosbiblicos.com.br\/\"},{\"@type\":\"ListItem\",\"position\":2,\"name\":\"A Import\u00e2ncia da Gratid\u00e3o: Cultivando a Felicidade e a Paz Interior\"}]},{\"@type\":\"WebSite\",\"@id\":\"https:\/\/salmosbiblicos.com.br\/#website\",\"url\":\"https:\/\/salmosbiblicos.com.br\/\",\"name\":\"Salmos B\u00edblicos\",\"description\":\"Uma e-Livraria com e-Books novos para voc\u00ea refletir.\",\"potentialAction\":[{\"@type\":\"SearchAction\",\"target\":{\"@type\":\"EntryPoint\",\"urlTemplate\":\"https:\/\/salmosbiblicos.com.br\/?s={search_term_string}\"},\"query-input\":{\"@type\":\"PropertyValueSpecification\",\"valueRequired\":true,\"valueName\":\"search_term_string\"}}],\"inLanguage\":\"pt-BR\"},{\"@type\":\"Person\",\"@id\":\"https:\/\/salmosbiblicos.com.br\/#\/schema\/person\/760735259ba35f1e44e89c71c72d79da\",\"name\":\"Irmao\",\"image\":{\"@type\":\"ImageObject\",\"inLanguage\":\"pt-BR\",\"@id\":\"https:\/\/secure.gravatar.com\/avatar\/?s=96&d=mm&r=g\",\"url\":\"https:\/\/secure.gravatar.com\/avatar\/?s=96&d=mm&r=g\",\"contentUrl\":\"https:\/\/secure.gravatar.com\/avatar\/?s=96&d=mm&r=g\",\"caption\":\"Irmao\"},\"url\":\"https:\/\/salmosbiblicos.com.br\/index.php\/author\/irmao\/\"}]}<\/script>\n<!-- \/ Yoast SEO plugin. -->","yoast_head_json":{"title":"A Import\u00e2ncia da Gratid\u00e3o: Cultivando a Felicidade e a Paz Interior - Salmos B\u00edblicos","robots":{"index":"index","follow":"follow","max-snippet":"max-snippet:-1","max-image-preview":"max-image-preview:large","max-video-preview":"max-video-preview:-1"},"canonical":"https:\/\/salmosbiblicos.com.br\/index.php\/2025\/04\/29\/a-importancia-da-gratidao-cultivando-a-felicidade-e-a-paz-interior\/","og_locale":"pt_BR","og_type":"article","og_title":"A Import\u00e2ncia da Gratid\u00e3o: Cultivando a Felicidade e a Paz Interior - Salmos B\u00edblicos","og_description":"Hoje, gostaria de compartilhar com voc\u00ea uma reflex\u00e3o sobre a import\u00e2ncia de cultivar a gratid\u00e3o em nossas vidas. Em meio a correria do dia a dia, muitas vezes esquecemos de parar um momento para agradecer por todas as b\u00ean\u00e7\u00e3os que recebemos, sejam elas grandes ou pequenas. A gratid\u00e3o \u00e9 uma atitude que nos conecta com [&hellip;]","og_url":"https:\/\/salmosbiblicos.com.br\/index.php\/2025\/04\/29\/a-importancia-da-gratidao-cultivando-a-felicidade-e-a-paz-interior\/","og_site_name":"Salmos B\u00edblicos","article_published_time":"2025-04-30T01:48:02+00:00","author":"Irmao","twitter_card":"summary_large_image","twitter_misc":{"Escrito por":"Irmao","Est. tempo de leitura":"2 minutos"},"schema":{"@context":"https:\/\/schema.org","@graph":[{"@type":"Article","@id":"https:\/\/salmosbiblicos.com.br\/index.php\/2025\/04\/29\/a-importancia-da-gratidao-cultivando-a-felicidade-e-a-paz-interior\/#article","isPartOf":{"@id":"https:\/\/salmosbiblicos.com.br\/index.php\/2025\/04\/29\/a-importancia-da-gratidao-cultivando-a-felicidade-e-a-paz-interior\/"},"author":{"name":"Irmao","@id":"https:\/\/salmosbiblicos.com.br\/#\/schema\/person\/760735259ba35f1e44e89c71c72d79da"},"headline":"A Import\u00e2ncia da Gratid\u00e3o: Cultivando a Felicidade e a Paz Interior","datePublished":"2025-04-30T01:48:02+00:00","mainEntityOfPage":{"@id":"https:\/\/salmosbiblicos.com.br\/index.php\/2025\/04\/29\/a-importancia-da-gratidao-cultivando-a-felicidade-e-a-paz-interior\/"},"wordCount":488,"articleSection":["Reflex\u00e3o do Dia"],"inLanguage":"pt-BR"},{"@type":"WebPage","@id":"https:\/\/salmosbiblicos.com.br\/index.php\/2025\/04\/29\/a-importancia-da-gratidao-cultivando-a-felicidade-e-a-paz-interior\/","url":"https:\/\/salmosbiblicos.com.br\/index.php\/2025\/04\/29\/a-importancia-da-gratidao-cultivando-a-felicidade-e-a-paz-interior\/","name":"A Import\u00e2ncia da Gratid\u00e3o: Cultivando a Felicidade e a Paz Interior - Salmos B\u00edblicos","isPartOf":{"@id":"https:\/\/salmosbiblicos.com.br\/#website"},"datePublished":"2025-04-30T01:48:02+00:00","author":{"@id":"https:\/\/salmosbiblicos.com.br\/#\/schema\/person\/760735259ba35f1e44e89c71c72d79da"},"breadcrumb":{"@id":"https:\/\/salmosbiblicos.com.br\/index.php\/2025\/04\/29\/a-importancia-da-gratidao-cultivando-a-felicidade-e-a-paz-interior\/#breadcrumb"},"inLanguage":"pt-BR","potentialAction":[{"@type":"ReadAction","target":["https:\/\/salmosbiblicos.com.br\/index.php\/2025\/04\/29\/a-importancia-da-gratidao-cultivando-a-felicidade-e-a-paz-interior\/"]}]},{"@type":"BreadcrumbList","@id":"https:\/\/salmosbiblicos.com.br\/index.php\/2025\/04\/29\/a-importancia-da-gratidao-cultivando-a-felicidade-e-a-paz-interior\/#breadcrumb","itemListElement":[{"@type":"ListItem","position":1,"name":"Home","item":"https:\/\/salmosbiblicos.com.br\/"},{"@type":"ListItem","position":2,"name":"A Import\u00e2ncia da Gratid\u00e3o: Cultivando a Felicidade e a Paz Interior"}]},{"@type":"WebSite","@id":"https:\/\/salmosbiblicos.com.br\/#website","url":"https:\/\/salmosbiblicos.com.br\/","name":"Salmos B\u00edblicos","description":"Uma e-Livraria com e-Books novos para voc\u00ea refletir.","potentialAction":[{"@type":"SearchAction","target":{"@type":"EntryPoint","urlTemplate":"https:\/\/salmosbiblicos.com.br\/?s={search_term_string}"},"query-input":{"@type":"PropertyValueSpecification","valueRequired":true,"valueName":"search_term_string"}}],"inLanguage":"pt-BR"},{"@type":"Person","@id":"https:\/\/salmosbiblicos.com.br\/#\/schema\/person\/760735259ba35f1e44e89c71c72d79da","name":"Irmao","image":{"@type":"ImageObject","inLanguage":"pt-BR","@id":"https:\/\/secure.gravatar.com\/avatar\/?s=96&d=mm&r=g","url":"https:\/\/secure.gravatar.com\/avatar\/?s=96&d=mm&r=g","contentUrl":"https:\/\/secure.gravatar.com\/avatar\/?s=96&d=mm&r=g","caption":"Irmao"},"url":"https:\/\/salmosbiblicos.com.br\/index.php\/author\/irmao\/"}]}},"_links":{"self":[{"href":"https:\/\/salmosbiblicos.com.br\/index.php\/wp-json\/wp\/v2\/posts\/4430","targetHints":{"allow":["GET"]}}],"collection":[{"href":"https:\/\/salmosbiblicos.com.br\/index.php\/wp-json\/wp\/v2\/posts"}],"about":[{"href":"https:\/\/salmosbiblicos.com.br\/index.php\/wp-json\/wp\/v2\/types\/post"}],"author":[{"embeddable":true,"href":"https:\/\/salmosbiblicos.com.br\/index.php\/wp-json\/wp\/v2\/users\/2"}],"replies":[{"embeddable":true,"href":"https:\/\/salmosbiblicos.com.br\/index.php\/wp-json\/wp\/v2\/comments?post=4430"}],"version-history":[{"count":0,"href":"https:\/\/salmosbiblicos.com.br\/index.php\/wp-json\/wp\/v2\/posts\/4430\/revisions"}],"wp:attachment":[{"href":"https:\/\/salmosbiblicos.com.br\/index.php\/wp-json\/wp\/v2\/media?parent=4430"}],"wp:term":[{"taxonomy":"category","embeddable":true,"href":"https:\/\/salmosbiblicos.com.br\/index.php\/wp-json\/wp\/v2\/categories?post=4430"},{"taxonomy":"post_tag","embeddable":true,"href":"https:\/\/salmosbiblicos.com.br\/index.php\/wp-json\/wp\/v2\/tags?post=4430"}],"curies":[{"name":"wp","href":"https:\/\/api.w.org\/{rel}","templated":true}]}}