{"id":4432,"date":"2025-04-29T22:48:12","date_gmt":"2025-04-30T01:48:12","guid":{"rendered":"https:\/\/salmosbiblicos.com.br\/?p=4432"},"modified":"2025-04-29T22:48:12","modified_gmt":"2025-04-30T01:48:12","slug":"o-poder-da-gratidao-encontre-paz-e-serenidade-em-sua-vida","status":"publish","type":"post","link":"https:\/\/salmosbiblicos.com.br\/index.php\/2025\/04\/29\/o-poder-da-gratidao-encontre-paz-e-serenidade-em-sua-vida\/","title":{"rendered":"O Poder da Gratid\u00e3o: Encontre Paz e Serenidade em sua Vida"},"content":{"rendered":"<p>Hoje, querido amigo, quero compartilhar com voc\u00ea uma reflex\u00e3o sobre a import\u00e2ncia de cultivar a gratid\u00e3o em nossas vidas. <\/p>\n<p>Em meio \u00e0s correrias do dia a dia, muitas vezes nos pegamos focando apenas nas coisas que nos faltam, nos problemas que enfrentamos e nas dificuldades que surgem em nosso caminho. Mas e se, em vez disso, escolh\u00eassemos olhar para tudo aquilo que j\u00e1 temos e agradecer por cada b\u00ean\u00e7\u00e3o recebida?<\/p>\n<p>A gratid\u00e3o \u00e9 uma poderosa ferramenta espiritual que nos conecta com o divino e nos ajuda a enxergar a beleza e a bondade que est\u00e3o presentes em cada momento de nossas vidas. Quando agradecemos, estamos reconhecendo que somos aben\u00e7oados, que somos amados e que estamos sendo cuidados por uma for\u00e7a maior que nos guia e nos sustenta.<\/p>\n<p>Por isso, mesmo nos momentos de dificuldade, \u00e9 essencial cultivar a gratid\u00e3o em nosso cora\u00e7\u00e3o. Agrade\u00e7a pelo ar que voc\u00ea respira, pela comida que est\u00e1 em sua mesa, pelo sol que brilha l\u00e1 fora. Agrade\u00e7a pelas pessoas que te amam, pelos desafios que te fazem crescer, pelas li\u00e7\u00f5es que te fortalecem. Agrade\u00e7a por cada pequeno detalhe que comp\u00f5e a sua vida, pois \u00e9 atrav\u00e9s da gratid\u00e3o que encontramos a paz e a serenidade que tanto buscamos.<\/p>\n<p>Lembre-se de que a gratid\u00e3o n\u00e3o se limita apenas \u00e0s coisas boas. Mesmo nos momentos de dor e tristeza, podemos encontrar motivos para agradecer. Agrade\u00e7a pela oportunidade de aprender com os obst\u00e1culos, pela chance de superar as adversidades e pela for\u00e7a que surge em meio \u00e0s l\u00e1grimas. Cada desafio \u00e9 uma oportunidade de crescimento, e a gratid\u00e3o nos ajuda a enxergar a luz no fim do t\u00fanel.<\/p>\n<p>Ent\u00e3o, meu amigo, que tal come\u00e7armos hoje mesmo a cultivar a gratid\u00e3o em nossas vidas? Que possamos olhar para cada experi\u00eancia com os olhos do cora\u00e7\u00e3o e agradecer por tudo o que ela nos ensina. Que possamos encher nossos dias com palavras de gratid\u00e3o e nossos cora\u00e7\u00f5es com sentimentos de amor e paz.<\/p>\n<p>Lembre-se: a gratid\u00e3o transforma o que temos em suficiente, e o suficiente em abund\u00e2ncia. Que possamos ser gratos por cada instante de vida, por cada encontro, por cada sorriso. Que a gratid\u00e3o seja a nossa companheira constante, nos guiando pelo caminho da paz e da felicidade.<\/p>\n<p>Que a gratid\u00e3o seja a nossa luz, iluminando o nosso caminho e aquecendo o nosso cora\u00e7\u00e3o.<\/p>\n<p>Assim seja. Am\u00e9m.<\/p>\n","protected":false},"excerpt":{"rendered":"<p>Hoje, querido amigo, quero compartilhar com voc\u00ea uma reflex\u00e3o sobre a import\u00e2ncia de cultivar a gratid\u00e3o em nossas vidas. Em meio \u00e0s correrias do dia a dia, muitas vezes nos pegamos focando apenas nas coisas que nos faltam, nos problemas que enfrentamos e nas dificuldades que surgem em nosso caminho. Mas e se, em vez [&hellip;]<\/p>\n","protected":false},"author":2,"featured_media":0,"comment_status":"closed","ping_status":"open","sticky":false,"template":"","format":"standard","meta":{"footnotes":""},"categories":[6],"tags":[],"class_list":["post-4432","post","type-post","status-publish","format-standard","hentry","category-reflexao-do-dia"],"yoast_head":"<!-- This site is optimized with the Yoast SEO plugin v27.2 - https:\/\/yoast.com\/product\/yoast-seo-wordpress\/ -->\n<title>O Poder da Gratid\u00e3o: Encontre Paz e Serenidade em sua Vida - Salmos B\u00edblicos<\/title>\n<meta name=\"robots\" content=\"index, follow, max-snippet:-1, max-image-preview:large, max-video-preview:-1\" \/>\n<link rel=\"canonical\" href=\"https:\/\/salmosbiblicos.com.br\/index.php\/2025\/04\/29\/o-poder-da-gratidao-encontre-paz-e-serenidade-em-sua-vida\/\" \/>\n<meta property=\"og:locale\" content=\"pt_BR\" \/>\n<meta property=\"og:type\" content=\"article\" \/>\n<meta property=\"og:title\" content=\"O Poder da Gratid\u00e3o: Encontre Paz e Serenidade em sua Vida - Salmos B\u00edblicos\" \/>\n<meta property=\"og:description\" content=\"Hoje, querido amigo, quero compartilhar com voc\u00ea uma reflex\u00e3o sobre a import\u00e2ncia de cultivar a gratid\u00e3o em nossas vidas. Em meio \u00e0s correrias do dia a dia, muitas vezes nos pegamos focando apenas nas coisas que nos faltam, nos problemas que enfrentamos e nas dificuldades que surgem em nosso caminho. Mas e se, em vez [&hellip;]\" \/>\n<meta property=\"og:url\" content=\"https:\/\/salmosbiblicos.com.br\/index.php\/2025\/04\/29\/o-poder-da-gratidao-encontre-paz-e-serenidade-em-sua-vida\/\" \/>\n<meta property=\"og:site_name\" content=\"Salmos B\u00edblicos\" \/>\n<meta property=\"article:published_time\" content=\"2025-04-30T01:48:12+00:00\" \/>\n<meta name=\"author\" content=\"Irmao\" \/>\n<meta name=\"twitter:card\" content=\"summary_large_image\" \/>\n<meta name=\"twitter:label1\" content=\"Escrito por\" \/>\n\t<meta name=\"twitter:data1\" content=\"Irmao\" \/>\n\t<meta name=\"twitter:label2\" content=\"Est. tempo de leitura\" \/>\n\t<meta name=\"twitter:data2\" content=\"2 minutos\" \/>\n<script type=\"application\/ld+json\" class=\"yoast-schema-graph\">{\"@context\":\"https:\/\/schema.org\",\"@graph\":[{\"@type\":\"Article\",\"@id\":\"https:\/\/salmosbiblicos.com.br\/index.php\/2025\/04\/29\/o-poder-da-gratidao-encontre-paz-e-serenidade-em-sua-vida\/#article\",\"isPartOf\":{\"@id\":\"https:\/\/salmosbiblicos.com.br\/index.php\/2025\/04\/29\/o-poder-da-gratidao-encontre-paz-e-serenidade-em-sua-vida\/\"},\"author\":{\"name\":\"Irmao\",\"@id\":\"https:\/\/salmosbiblicos.com.br\/#\/schema\/person\/760735259ba35f1e44e89c71c72d79da\"},\"headline\":\"O Poder da Gratid\u00e3o: Encontre Paz e Serenidade em sua Vida\",\"datePublished\":\"2025-04-30T01:48:12+00:00\",\"mainEntityOfPage\":{\"@id\":\"https:\/\/salmosbiblicos.com.br\/index.php\/2025\/04\/29\/o-poder-da-gratidao-encontre-paz-e-serenidade-em-sua-vida\/\"},\"wordCount\":436,\"articleSection\":[\"Reflex\u00e3o do Dia\"],\"inLanguage\":\"pt-BR\"},{\"@type\":\"WebPage\",\"@id\":\"https:\/\/salmosbiblicos.com.br\/index.php\/2025\/04\/29\/o-poder-da-gratidao-encontre-paz-e-serenidade-em-sua-vida\/\",\"url\":\"https:\/\/salmosbiblicos.com.br\/index.php\/2025\/04\/29\/o-poder-da-gratidao-encontre-paz-e-serenidade-em-sua-vida\/\",\"name\":\"O Poder da Gratid\u00e3o: Encontre Paz e Serenidade em sua Vida - Salmos B\u00edblicos\",\"isPartOf\":{\"@id\":\"https:\/\/salmosbiblicos.com.br\/#website\"},\"datePublished\":\"2025-04-30T01:48:12+00:00\",\"author\":{\"@id\":\"https:\/\/salmosbiblicos.com.br\/#\/schema\/person\/760735259ba35f1e44e89c71c72d79da\"},\"breadcrumb\":{\"@id\":\"https:\/\/salmosbiblicos.com.br\/index.php\/2025\/04\/29\/o-poder-da-gratidao-encontre-paz-e-serenidade-em-sua-vida\/#breadcrumb\"},\"inLanguage\":\"pt-BR\",\"potentialAction\":[{\"@type\":\"ReadAction\",\"target\":[\"https:\/\/salmosbiblicos.com.br\/index.php\/2025\/04\/29\/o-poder-da-gratidao-encontre-paz-e-serenidade-em-sua-vida\/\"]}]},{\"@type\":\"BreadcrumbList\",\"@id\":\"https:\/\/salmosbiblicos.com.br\/index.php\/2025\/04\/29\/o-poder-da-gratidao-encontre-paz-e-serenidade-em-sua-vida\/#breadcrumb\",\"itemListElement\":[{\"@type\":\"ListItem\",\"position\":1,\"name\":\"Home\",\"item\":\"https:\/\/salmosbiblicos.com.br\/\"},{\"@type\":\"ListItem\",\"position\":2,\"name\":\"O Poder da Gratid\u00e3o: Encontre Paz e Serenidade em sua Vida\"}]},{\"@type\":\"WebSite\",\"@id\":\"https:\/\/salmosbiblicos.com.br\/#website\",\"url\":\"https:\/\/salmosbiblicos.com.br\/\",\"name\":\"Salmos B\u00edblicos\",\"description\":\"Uma e-Livraria com e-Books novos para voc\u00ea refletir.\",\"potentialAction\":[{\"@type\":\"SearchAction\",\"target\":{\"@type\":\"EntryPoint\",\"urlTemplate\":\"https:\/\/salmosbiblicos.com.br\/?s={search_term_string}\"},\"query-input\":{\"@type\":\"PropertyValueSpecification\",\"valueRequired\":true,\"valueName\":\"search_term_string\"}}],\"inLanguage\":\"pt-BR\"},{\"@type\":\"Person\",\"@id\":\"https:\/\/salmosbiblicos.com.br\/#\/schema\/person\/760735259ba35f1e44e89c71c72d79da\",\"name\":\"Irmao\",\"image\":{\"@type\":\"ImageObject\",\"inLanguage\":\"pt-BR\",\"@id\":\"https:\/\/secure.gravatar.com\/avatar\/?s=96&d=mm&r=g\",\"url\":\"https:\/\/secure.gravatar.com\/avatar\/?s=96&d=mm&r=g\",\"contentUrl\":\"https:\/\/secure.gravatar.com\/avatar\/?s=96&d=mm&r=g\",\"caption\":\"Irmao\"},\"url\":\"https:\/\/salmosbiblicos.com.br\/index.php\/author\/irmao\/\"}]}<\/script>\n<!-- \/ Yoast SEO plugin. -->","yoast_head_json":{"title":"O Poder da Gratid\u00e3o: Encontre Paz e Serenidade em sua Vida - Salmos B\u00edblicos","robots":{"index":"index","follow":"follow","max-snippet":"max-snippet:-1","max-image-preview":"max-image-preview:large","max-video-preview":"max-video-preview:-1"},"canonical":"https:\/\/salmosbiblicos.com.br\/index.php\/2025\/04\/29\/o-poder-da-gratidao-encontre-paz-e-serenidade-em-sua-vida\/","og_locale":"pt_BR","og_type":"article","og_title":"O Poder da Gratid\u00e3o: Encontre Paz e Serenidade em sua Vida - Salmos B\u00edblicos","og_description":"Hoje, querido amigo, quero compartilhar com voc\u00ea uma reflex\u00e3o sobre a import\u00e2ncia de cultivar a gratid\u00e3o em nossas vidas. Em meio \u00e0s correrias do dia a dia, muitas vezes nos pegamos focando apenas nas coisas que nos faltam, nos problemas que enfrentamos e nas dificuldades que surgem em nosso caminho. Mas e se, em vez [&hellip;]","og_url":"https:\/\/salmosbiblicos.com.br\/index.php\/2025\/04\/29\/o-poder-da-gratidao-encontre-paz-e-serenidade-em-sua-vida\/","og_site_name":"Salmos B\u00edblicos","article_published_time":"2025-04-30T01:48:12+00:00","author":"Irmao","twitter_card":"summary_large_image","twitter_misc":{"Escrito por":"Irmao","Est. tempo de leitura":"2 minutos"},"schema":{"@context":"https:\/\/schema.org","@graph":[{"@type":"Article","@id":"https:\/\/salmosbiblicos.com.br\/index.php\/2025\/04\/29\/o-poder-da-gratidao-encontre-paz-e-serenidade-em-sua-vida\/#article","isPartOf":{"@id":"https:\/\/salmosbiblicos.com.br\/index.php\/2025\/04\/29\/o-poder-da-gratidao-encontre-paz-e-serenidade-em-sua-vida\/"},"author":{"name":"Irmao","@id":"https:\/\/salmosbiblicos.com.br\/#\/schema\/person\/760735259ba35f1e44e89c71c72d79da"},"headline":"O Poder da Gratid\u00e3o: Encontre Paz e Serenidade em sua Vida","datePublished":"2025-04-30T01:48:12+00:00","mainEntityOfPage":{"@id":"https:\/\/salmosbiblicos.com.br\/index.php\/2025\/04\/29\/o-poder-da-gratidao-encontre-paz-e-serenidade-em-sua-vida\/"},"wordCount":436,"articleSection":["Reflex\u00e3o do Dia"],"inLanguage":"pt-BR"},{"@type":"WebPage","@id":"https:\/\/salmosbiblicos.com.br\/index.php\/2025\/04\/29\/o-poder-da-gratidao-encontre-paz-e-serenidade-em-sua-vida\/","url":"https:\/\/salmosbiblicos.com.br\/index.php\/2025\/04\/29\/o-poder-da-gratidao-encontre-paz-e-serenidade-em-sua-vida\/","name":"O Poder da Gratid\u00e3o: Encontre Paz e Serenidade em sua Vida - Salmos B\u00edblicos","isPartOf":{"@id":"https:\/\/salmosbiblicos.com.br\/#website"},"datePublished":"2025-04-30T01:48:12+00:00","author":{"@id":"https:\/\/salmosbiblicos.com.br\/#\/schema\/person\/760735259ba35f1e44e89c71c72d79da"},"breadcrumb":{"@id":"https:\/\/salmosbiblicos.com.br\/index.php\/2025\/04\/29\/o-poder-da-gratidao-encontre-paz-e-serenidade-em-sua-vida\/#breadcrumb"},"inLanguage":"pt-BR","potentialAction":[{"@type":"ReadAction","target":["https:\/\/salmosbiblicos.com.br\/index.php\/2025\/04\/29\/o-poder-da-gratidao-encontre-paz-e-serenidade-em-sua-vida\/"]}]},{"@type":"BreadcrumbList","@id":"https:\/\/salmosbiblicos.com.br\/index.php\/2025\/04\/29\/o-poder-da-gratidao-encontre-paz-e-serenidade-em-sua-vida\/#breadcrumb","itemListElement":[{"@type":"ListItem","position":1,"name":"Home","item":"https:\/\/salmosbiblicos.com.br\/"},{"@type":"ListItem","position":2,"name":"O Poder da Gratid\u00e3o: Encontre Paz e Serenidade em sua Vida"}]},{"@type":"WebSite","@id":"https:\/\/salmosbiblicos.com.br\/#website","url":"https:\/\/salmosbiblicos.com.br\/","name":"Salmos B\u00edblicos","description":"Uma e-Livraria com e-Books novos para voc\u00ea refletir.","potentialAction":[{"@type":"SearchAction","target":{"@type":"EntryPoint","urlTemplate":"https:\/\/salmosbiblicos.com.br\/?s={search_term_string}"},"query-input":{"@type":"PropertyValueSpecification","valueRequired":true,"valueName":"search_term_string"}}],"inLanguage":"pt-BR"},{"@type":"Person","@id":"https:\/\/salmosbiblicos.com.br\/#\/schema\/person\/760735259ba35f1e44e89c71c72d79da","name":"Irmao","image":{"@type":"ImageObject","inLanguage":"pt-BR","@id":"https:\/\/secure.gravatar.com\/avatar\/?s=96&d=mm&r=g","url":"https:\/\/secure.gravatar.com\/avatar\/?s=96&d=mm&r=g","contentUrl":"https:\/\/secure.gravatar.com\/avatar\/?s=96&d=mm&r=g","caption":"Irmao"},"url":"https:\/\/salmosbiblicos.com.br\/index.php\/author\/irmao\/"}]}},"_links":{"self":[{"href":"https:\/\/salmosbiblicos.com.br\/index.php\/wp-json\/wp\/v2\/posts\/4432","targetHints":{"allow":["GET"]}}],"collection":[{"href":"https:\/\/salmosbiblicos.com.br\/index.php\/wp-json\/wp\/v2\/posts"}],"about":[{"href":"https:\/\/salmosbiblicos.com.br\/index.php\/wp-json\/wp\/v2\/types\/post"}],"author":[{"embeddable":true,"href":"https:\/\/salmosbiblicos.com.br\/index.php\/wp-json\/wp\/v2\/users\/2"}],"replies":[{"embeddable":true,"href":"https:\/\/salmosbiblicos.com.br\/index.php\/wp-json\/wp\/v2\/comments?post=4432"}],"version-history":[{"count":0,"href":"https:\/\/salmosbiblicos.com.br\/index.php\/wp-json\/wp\/v2\/posts\/4432\/revisions"}],"wp:attachment":[{"href":"https:\/\/salmosbiblicos.com.br\/index.php\/wp-json\/wp\/v2\/media?parent=4432"}],"wp:term":[{"taxonomy":"category","embeddable":true,"href":"https:\/\/salmosbiblicos.com.br\/index.php\/wp-json\/wp\/v2\/categories?post=4432"},{"taxonomy":"post_tag","embeddable":true,"href":"https:\/\/salmosbiblicos.com.br\/index.php\/wp-json\/wp\/v2\/tags?post=4432"}],"curies":[{"name":"wp","href":"https:\/\/api.w.org\/{rel}","templated":true}]}}