{"id":4434,"date":"2025-04-29T22:48:26","date_gmt":"2025-04-30T01:48:26","guid":{"rendered":"https:\/\/salmosbiblicos.com.br\/?p=4434"},"modified":"2025-04-29T22:48:26","modified_gmt":"2025-04-30T01:48:26","slug":"a-importancia-da-gratidao-a-chave-para-a-abundancia-divina","status":"publish","type":"post","link":"https:\/\/salmosbiblicos.com.br\/index.php\/2025\/04\/29\/a-importancia-da-gratidao-a-chave-para-a-abundancia-divina\/","title":{"rendered":"A Import\u00e2ncia da Gratid\u00e3o: A Chave para a Abund\u00e2ncia Divina"},"content":{"rendered":"<p>Hoje, quero falar com voc\u00ea sobre a import\u00e2ncia da gratid\u00e3o em nossas vidas. Em meio a tantas preocupa\u00e7\u00f5es, problemas e desafios que enfrentamos diariamente, \u00e9 f\u00e1cil nos deixarmos levar pelo pessimismo e esquecermos de agradecer pelas b\u00ean\u00e7\u00e3os que recebemos.<\/p>\n<p>A gratid\u00e3o \u00e9 um sentimento poderoso que nos conecta com o divino e nos ajuda a enxergar a beleza e a bondade ao nosso redor. Quando paramos para agradecer, estamos reconhecendo a presen\u00e7a de Deus em nossas vidas e abrindo espa\u00e7o para mais ben\u00e7\u00e3os se manifestarem.<\/p>\n<p>Mesmo nos momentos dif\u00edceis, \u00e9 importante cultivar a gratid\u00e3o. Pois, ao agradecer, estamos escolhendo focar no que \u00e9 bom e no que nos traz alegria, em vez de nos deixarmos levar pelo des\u00e2nimo e pela tristeza. A gratid\u00e3o nos fortalece, nos renova e nos inspira a seguir em frente com f\u00e9 e esperan\u00e7a.<\/p>\n<p>Por isso, hoje, quero te convidar a praticar a gratid\u00e3o de forma consciente. Reserve um momento do seu dia para refletir sobre tudo o que voc\u00ea tem a agradecer. Pense nas pequenas coisas que fazem diferen\u00e7a, nos gestos de amor e generosidade que recebeu, nas oportunidades que surgiram em seu caminho.<\/p>\n<p>Agrade\u00e7a pela vida, pela sa\u00fade, pela fam\u00edlia, pelos amigos, pelo trabalho, pela natureza, pelo sol que brilha no c\u00e9u, pela chuva que renova a terra, pelo ar que respiramos. Agrade\u00e7a por cada sorriso, por cada abra\u00e7o, por cada palavra de conforto. Agrade\u00e7a por tudo o que te faz feliz e te traz paz.<\/p>\n<p>E quando sentir que a tristeza ou a preocupa\u00e7\u00e3o bate \u00e0 sua porta, lembre-se de que a gratid\u00e3o \u00e9 a chave que abre as portas da abund\u00e2ncia e da felicidade em sua vida. Agrade\u00e7a, mesmo nos momentos mais dif\u00edceis, e ver\u00e1 como a luz divina iluminar\u00e1 o seu caminho e te guiar\u00e1 para longe das trevas.<\/p>\n<p>Que a gratid\u00e3o seja a sua companheira di\u00e1ria, guiando seus passos, fortalecendo sua f\u00e9 e enchendo seu cora\u00e7\u00e3o de amor e paz. Agrade\u00e7a, sempre, e ver\u00e1 como a presen\u00e7a divina se far\u00e1 ainda mais presente em sua vida.<\/p>\n<p>Lembre-se: a gratid\u00e3o transforma o que temos em suficiente, e abre as portas para a abund\u00e2ncia que Deus tem reservada para n\u00f3s.<\/p>\n<p>Que a gratid\u00e3o seja a luz que ilumina o seu caminho e te conduz para a paz que excede todo entendimento. Agrade\u00e7a, sempre, e seja aben\u00e7oado em nome do Pai, do Filho e do Esp\u00edrito Santo. Am\u00e9m.<\/p>\n","protected":false},"excerpt":{"rendered":"<p>Hoje, quero falar com voc\u00ea sobre a import\u00e2ncia da gratid\u00e3o em nossas vidas. Em meio a tantas preocupa\u00e7\u00f5es, problemas e desafios que enfrentamos diariamente, \u00e9 f\u00e1cil nos deixarmos levar pelo pessimismo e esquecermos de agradecer pelas b\u00ean\u00e7\u00e3os que recebemos. A gratid\u00e3o \u00e9 um sentimento poderoso que nos conecta com o divino e nos ajuda a [&hellip;]<\/p>\n","protected":false},"author":2,"featured_media":0,"comment_status":"closed","ping_status":"open","sticky":false,"template":"","format":"standard","meta":{"footnotes":""},"categories":[6],"tags":[],"class_list":["post-4434","post","type-post","status-publish","format-standard","hentry","category-reflexao-do-dia"],"yoast_head":"<!-- This site is optimized with the Yoast SEO plugin v27.2 - https:\/\/yoast.com\/product\/yoast-seo-wordpress\/ -->\n<title>A Import\u00e2ncia da Gratid\u00e3o: A Chave para a Abund\u00e2ncia Divina - Salmos B\u00edblicos<\/title>\n<meta name=\"robots\" content=\"index, follow, max-snippet:-1, max-image-preview:large, max-video-preview:-1\" \/>\n<link rel=\"canonical\" href=\"https:\/\/salmosbiblicos.com.br\/index.php\/2025\/04\/29\/a-importancia-da-gratidao-a-chave-para-a-abundancia-divina\/\" \/>\n<meta property=\"og:locale\" content=\"pt_BR\" \/>\n<meta property=\"og:type\" content=\"article\" \/>\n<meta property=\"og:title\" content=\"A Import\u00e2ncia da Gratid\u00e3o: A Chave para a Abund\u00e2ncia Divina - Salmos B\u00edblicos\" \/>\n<meta property=\"og:description\" content=\"Hoje, quero falar com voc\u00ea sobre a import\u00e2ncia da gratid\u00e3o em nossas vidas. Em meio a tantas preocupa\u00e7\u00f5es, problemas e desafios que enfrentamos diariamente, \u00e9 f\u00e1cil nos deixarmos levar pelo pessimismo e esquecermos de agradecer pelas b\u00ean\u00e7\u00e3os que recebemos. A gratid\u00e3o \u00e9 um sentimento poderoso que nos conecta com o divino e nos ajuda a [&hellip;]\" \/>\n<meta property=\"og:url\" content=\"https:\/\/salmosbiblicos.com.br\/index.php\/2025\/04\/29\/a-importancia-da-gratidao-a-chave-para-a-abundancia-divina\/\" \/>\n<meta property=\"og:site_name\" content=\"Salmos B\u00edblicos\" \/>\n<meta property=\"article:published_time\" content=\"2025-04-30T01:48:26+00:00\" \/>\n<meta name=\"author\" content=\"Irmao\" \/>\n<meta name=\"twitter:card\" content=\"summary_large_image\" \/>\n<meta name=\"twitter:label1\" content=\"Escrito por\" \/>\n\t<meta name=\"twitter:data1\" content=\"Irmao\" \/>\n\t<meta name=\"twitter:label2\" content=\"Est. tempo de leitura\" \/>\n\t<meta name=\"twitter:data2\" content=\"2 minutos\" \/>\n<script type=\"application\/ld+json\" class=\"yoast-schema-graph\">{\"@context\":\"https:\/\/schema.org\",\"@graph\":[{\"@type\":\"Article\",\"@id\":\"https:\/\/salmosbiblicos.com.br\/index.php\/2025\/04\/29\/a-importancia-da-gratidao-a-chave-para-a-abundancia-divina\/#article\",\"isPartOf\":{\"@id\":\"https:\/\/salmosbiblicos.com.br\/index.php\/2025\/04\/29\/a-importancia-da-gratidao-a-chave-para-a-abundancia-divina\/\"},\"author\":{\"name\":\"Irmao\",\"@id\":\"https:\/\/salmosbiblicos.com.br\/#\/schema\/person\/760735259ba35f1e44e89c71c72d79da\"},\"headline\":\"A Import\u00e2ncia da Gratid\u00e3o: A Chave para a Abund\u00e2ncia Divina\",\"datePublished\":\"2025-04-30T01:48:26+00:00\",\"mainEntityOfPage\":{\"@id\":\"https:\/\/salmosbiblicos.com.br\/index.php\/2025\/04\/29\/a-importancia-da-gratidao-a-chave-para-a-abundancia-divina\/\"},\"wordCount\":444,\"articleSection\":[\"Reflex\u00e3o do Dia\"],\"inLanguage\":\"pt-BR\"},{\"@type\":\"WebPage\",\"@id\":\"https:\/\/salmosbiblicos.com.br\/index.php\/2025\/04\/29\/a-importancia-da-gratidao-a-chave-para-a-abundancia-divina\/\",\"url\":\"https:\/\/salmosbiblicos.com.br\/index.php\/2025\/04\/29\/a-importancia-da-gratidao-a-chave-para-a-abundancia-divina\/\",\"name\":\"A Import\u00e2ncia da Gratid\u00e3o: A Chave para a Abund\u00e2ncia Divina - Salmos B\u00edblicos\",\"isPartOf\":{\"@id\":\"https:\/\/salmosbiblicos.com.br\/#website\"},\"datePublished\":\"2025-04-30T01:48:26+00:00\",\"author\":{\"@id\":\"https:\/\/salmosbiblicos.com.br\/#\/schema\/person\/760735259ba35f1e44e89c71c72d79da\"},\"breadcrumb\":{\"@id\":\"https:\/\/salmosbiblicos.com.br\/index.php\/2025\/04\/29\/a-importancia-da-gratidao-a-chave-para-a-abundancia-divina\/#breadcrumb\"},\"inLanguage\":\"pt-BR\",\"potentialAction\":[{\"@type\":\"ReadAction\",\"target\":[\"https:\/\/salmosbiblicos.com.br\/index.php\/2025\/04\/29\/a-importancia-da-gratidao-a-chave-para-a-abundancia-divina\/\"]}]},{\"@type\":\"BreadcrumbList\",\"@id\":\"https:\/\/salmosbiblicos.com.br\/index.php\/2025\/04\/29\/a-importancia-da-gratidao-a-chave-para-a-abundancia-divina\/#breadcrumb\",\"itemListElement\":[{\"@type\":\"ListItem\",\"position\":1,\"name\":\"Home\",\"item\":\"https:\/\/salmosbiblicos.com.br\/\"},{\"@type\":\"ListItem\",\"position\":2,\"name\":\"A Import\u00e2ncia da Gratid\u00e3o: A Chave para a Abund\u00e2ncia Divina\"}]},{\"@type\":\"WebSite\",\"@id\":\"https:\/\/salmosbiblicos.com.br\/#website\",\"url\":\"https:\/\/salmosbiblicos.com.br\/\",\"name\":\"Salmos B\u00edblicos\",\"description\":\"Uma e-Livraria com e-Books novos para voc\u00ea refletir.\",\"potentialAction\":[{\"@type\":\"SearchAction\",\"target\":{\"@type\":\"EntryPoint\",\"urlTemplate\":\"https:\/\/salmosbiblicos.com.br\/?s={search_term_string}\"},\"query-input\":{\"@type\":\"PropertyValueSpecification\",\"valueRequired\":true,\"valueName\":\"search_term_string\"}}],\"inLanguage\":\"pt-BR\"},{\"@type\":\"Person\",\"@id\":\"https:\/\/salmosbiblicos.com.br\/#\/schema\/person\/760735259ba35f1e44e89c71c72d79da\",\"name\":\"Irmao\",\"image\":{\"@type\":\"ImageObject\",\"inLanguage\":\"pt-BR\",\"@id\":\"https:\/\/secure.gravatar.com\/avatar\/?s=96&d=mm&r=g\",\"url\":\"https:\/\/secure.gravatar.com\/avatar\/?s=96&d=mm&r=g\",\"contentUrl\":\"https:\/\/secure.gravatar.com\/avatar\/?s=96&d=mm&r=g\",\"caption\":\"Irmao\"},\"url\":\"https:\/\/salmosbiblicos.com.br\/index.php\/author\/irmao\/\"}]}<\/script>\n<!-- \/ Yoast SEO plugin. -->","yoast_head_json":{"title":"A Import\u00e2ncia da Gratid\u00e3o: A Chave para a Abund\u00e2ncia Divina - Salmos B\u00edblicos","robots":{"index":"index","follow":"follow","max-snippet":"max-snippet:-1","max-image-preview":"max-image-preview:large","max-video-preview":"max-video-preview:-1"},"canonical":"https:\/\/salmosbiblicos.com.br\/index.php\/2025\/04\/29\/a-importancia-da-gratidao-a-chave-para-a-abundancia-divina\/","og_locale":"pt_BR","og_type":"article","og_title":"A Import\u00e2ncia da Gratid\u00e3o: A Chave para a Abund\u00e2ncia Divina - Salmos B\u00edblicos","og_description":"Hoje, quero falar com voc\u00ea sobre a import\u00e2ncia da gratid\u00e3o em nossas vidas. Em meio a tantas preocupa\u00e7\u00f5es, problemas e desafios que enfrentamos diariamente, \u00e9 f\u00e1cil nos deixarmos levar pelo pessimismo e esquecermos de agradecer pelas b\u00ean\u00e7\u00e3os que recebemos. A gratid\u00e3o \u00e9 um sentimento poderoso que nos conecta com o divino e nos ajuda a [&hellip;]","og_url":"https:\/\/salmosbiblicos.com.br\/index.php\/2025\/04\/29\/a-importancia-da-gratidao-a-chave-para-a-abundancia-divina\/","og_site_name":"Salmos B\u00edblicos","article_published_time":"2025-04-30T01:48:26+00:00","author":"Irmao","twitter_card":"summary_large_image","twitter_misc":{"Escrito por":"Irmao","Est. tempo de leitura":"2 minutos"},"schema":{"@context":"https:\/\/schema.org","@graph":[{"@type":"Article","@id":"https:\/\/salmosbiblicos.com.br\/index.php\/2025\/04\/29\/a-importancia-da-gratidao-a-chave-para-a-abundancia-divina\/#article","isPartOf":{"@id":"https:\/\/salmosbiblicos.com.br\/index.php\/2025\/04\/29\/a-importancia-da-gratidao-a-chave-para-a-abundancia-divina\/"},"author":{"name":"Irmao","@id":"https:\/\/salmosbiblicos.com.br\/#\/schema\/person\/760735259ba35f1e44e89c71c72d79da"},"headline":"A Import\u00e2ncia da Gratid\u00e3o: A Chave para a Abund\u00e2ncia Divina","datePublished":"2025-04-30T01:48:26+00:00","mainEntityOfPage":{"@id":"https:\/\/salmosbiblicos.com.br\/index.php\/2025\/04\/29\/a-importancia-da-gratidao-a-chave-para-a-abundancia-divina\/"},"wordCount":444,"articleSection":["Reflex\u00e3o do Dia"],"inLanguage":"pt-BR"},{"@type":"WebPage","@id":"https:\/\/salmosbiblicos.com.br\/index.php\/2025\/04\/29\/a-importancia-da-gratidao-a-chave-para-a-abundancia-divina\/","url":"https:\/\/salmosbiblicos.com.br\/index.php\/2025\/04\/29\/a-importancia-da-gratidao-a-chave-para-a-abundancia-divina\/","name":"A Import\u00e2ncia da Gratid\u00e3o: A Chave para a Abund\u00e2ncia Divina - Salmos B\u00edblicos","isPartOf":{"@id":"https:\/\/salmosbiblicos.com.br\/#website"},"datePublished":"2025-04-30T01:48:26+00:00","author":{"@id":"https:\/\/salmosbiblicos.com.br\/#\/schema\/person\/760735259ba35f1e44e89c71c72d79da"},"breadcrumb":{"@id":"https:\/\/salmosbiblicos.com.br\/index.php\/2025\/04\/29\/a-importancia-da-gratidao-a-chave-para-a-abundancia-divina\/#breadcrumb"},"inLanguage":"pt-BR","potentialAction":[{"@type":"ReadAction","target":["https:\/\/salmosbiblicos.com.br\/index.php\/2025\/04\/29\/a-importancia-da-gratidao-a-chave-para-a-abundancia-divina\/"]}]},{"@type":"BreadcrumbList","@id":"https:\/\/salmosbiblicos.com.br\/index.php\/2025\/04\/29\/a-importancia-da-gratidao-a-chave-para-a-abundancia-divina\/#breadcrumb","itemListElement":[{"@type":"ListItem","position":1,"name":"Home","item":"https:\/\/salmosbiblicos.com.br\/"},{"@type":"ListItem","position":2,"name":"A Import\u00e2ncia da Gratid\u00e3o: A Chave para a Abund\u00e2ncia Divina"}]},{"@type":"WebSite","@id":"https:\/\/salmosbiblicos.com.br\/#website","url":"https:\/\/salmosbiblicos.com.br\/","name":"Salmos B\u00edblicos","description":"Uma e-Livraria com e-Books novos para voc\u00ea refletir.","potentialAction":[{"@type":"SearchAction","target":{"@type":"EntryPoint","urlTemplate":"https:\/\/salmosbiblicos.com.br\/?s={search_term_string}"},"query-input":{"@type":"PropertyValueSpecification","valueRequired":true,"valueName":"search_term_string"}}],"inLanguage":"pt-BR"},{"@type":"Person","@id":"https:\/\/salmosbiblicos.com.br\/#\/schema\/person\/760735259ba35f1e44e89c71c72d79da","name":"Irmao","image":{"@type":"ImageObject","inLanguage":"pt-BR","@id":"https:\/\/secure.gravatar.com\/avatar\/?s=96&d=mm&r=g","url":"https:\/\/secure.gravatar.com\/avatar\/?s=96&d=mm&r=g","contentUrl":"https:\/\/secure.gravatar.com\/avatar\/?s=96&d=mm&r=g","caption":"Irmao"},"url":"https:\/\/salmosbiblicos.com.br\/index.php\/author\/irmao\/"}]}},"_links":{"self":[{"href":"https:\/\/salmosbiblicos.com.br\/index.php\/wp-json\/wp\/v2\/posts\/4434","targetHints":{"allow":["GET"]}}],"collection":[{"href":"https:\/\/salmosbiblicos.com.br\/index.php\/wp-json\/wp\/v2\/posts"}],"about":[{"href":"https:\/\/salmosbiblicos.com.br\/index.php\/wp-json\/wp\/v2\/types\/post"}],"author":[{"embeddable":true,"href":"https:\/\/salmosbiblicos.com.br\/index.php\/wp-json\/wp\/v2\/users\/2"}],"replies":[{"embeddable":true,"href":"https:\/\/salmosbiblicos.com.br\/index.php\/wp-json\/wp\/v2\/comments?post=4434"}],"version-history":[{"count":0,"href":"https:\/\/salmosbiblicos.com.br\/index.php\/wp-json\/wp\/v2\/posts\/4434\/revisions"}],"wp:attachment":[{"href":"https:\/\/salmosbiblicos.com.br\/index.php\/wp-json\/wp\/v2\/media?parent=4434"}],"wp:term":[{"taxonomy":"category","embeddable":true,"href":"https:\/\/salmosbiblicos.com.br\/index.php\/wp-json\/wp\/v2\/categories?post=4434"},{"taxonomy":"post_tag","embeddable":true,"href":"https:\/\/salmosbiblicos.com.br\/index.php\/wp-json\/wp\/v2\/tags?post=4434"}],"curies":[{"name":"wp","href":"https:\/\/api.w.org\/{rel}","templated":true}]}}