{"id":4436,"date":"2025-04-29T22:48:38","date_gmt":"2025-04-30T01:48:38","guid":{"rendered":"https:\/\/salmosbiblicos.com.br\/?p=4436"},"modified":"2025-04-29T22:48:38","modified_gmt":"2025-04-30T01:48:38","slug":"gratidao-a-chave-para-uma-vida-plena-de-bencaos-e-alegria","status":"publish","type":"post","link":"https:\/\/salmosbiblicos.com.br\/index.php\/2025\/04\/29\/gratidao-a-chave-para-uma-vida-plena-de-bencaos-e-alegria\/","title":{"rendered":"Gratid\u00e3o: a chave para uma vida plena de b\u00ean\u00e7\u00e3os e alegria"},"content":{"rendered":"<p>Hoje, quero compartilhar com voc\u00ea uma reflex\u00e3o sobre a import\u00e2ncia de cultivar a gratid\u00e3o em nossas vidas. Em meio \u00e0s turbul\u00eancias e desafios do dia a dia, muitas vezes podemos nos perder em meio \u00e0s preocupa\u00e7\u00f5es e esquecer de agradecer pelas b\u00ean\u00e7\u00e3os que recebemos.<\/p>\n<p>A gratid\u00e3o \u00e9 uma virtude poderosa que nos conecta com o divino e nos ajuda a enxergar a beleza e a generosidade que est\u00e3o ao nosso redor. Quando cultivamos um cora\u00e7\u00e3o grato, somos capazes de reconhecer as pequenas alegrias do cotidiano, os gestos de amor e solidariedade que recebemos, e as oportunidades de crescimento e aprendizado que surgem em nosso caminho.<\/p>\n<p>Ao agradecer, abrimos espa\u00e7o para a abund\u00e2ncia fluir em nossas vidas. Quando reconhecemos e valorizamos as gra\u00e7as que recebemos, estamos sinalizando ao universo que estamos prontos para receber mais. A gratid\u00e3o \u00e9 como um \u00edm\u00e3 que atrai mais motivos para agradecer, mais motivos para sorrir e mais motivos para seguir em frente com f\u00e9 e esperan\u00e7a no cora\u00e7\u00e3o.<\/p>\n<p>Mesmo nos momentos dif\u00edceis, \u00e9 poss\u00edvel encontrar motivos para agradecer. Agrade\u00e7a pela sa\u00fade que voc\u00ea possui, pela fam\u00edlia que o cerca, pelos amigos que est\u00e3o ao seu lado, pelo alimento que sustenta o seu corpo, pela natureza que te encanta com sua beleza. Agrade\u00e7a pelas li\u00e7\u00f5es que a vida lhe ensina, pelas oportunidades de recome\u00e7ar, pelo sol que brilha no c\u00e9u, pela chuva que renova a terra.<\/p>\n<p>A gratid\u00e3o n\u00e3o se limita apenas \u00e0s coisas boas, mas tamb\u00e9m se estende \u00e0s adversidades. Agrade\u00e7a pelas prova\u00e7\u00f5es que o fortalecem, pelos desafios que o fazem crescer, pelas l\u00e1grimas que lavam a alma e purificam o cora\u00e7\u00e3o. Agrade\u00e7a pelas quedas que o ensinam a levantar, pelas perdas que o ensinam a valorizar, pelas dores que o ensinam a amar mais profundamente.<\/p>\n<p>Que a gratid\u00e3o seja a luz que ilumina o seu caminho, a for\u00e7a que impulsiona os seus passos, e a paz que acalma o seu cora\u00e7\u00e3o. Que voc\u00ea possa cultivar a gratid\u00e3o em todas as \u00e1reas da sua vida, celebrando cada momento com alegria e reconhecendo a presen\u00e7a amorosa de Deus em todas as coisas.<\/p>\n<p>Lembre-se: a gratid\u00e3o transforma o que temos em o suficiente. Agrade\u00e7a, confie e siga em frente com f\u00e9, pois o melhor ainda est\u00e1 por vir. Que a paz esteja com voc\u00ea, hoje e sempre. Ame e agrade\u00e7a, sempre.<\/p>\n","protected":false},"excerpt":{"rendered":"<p>Hoje, quero compartilhar com voc\u00ea uma reflex\u00e3o sobre a import\u00e2ncia de cultivar a gratid\u00e3o em nossas vidas. Em meio \u00e0s turbul\u00eancias e desafios do dia a dia, muitas vezes podemos nos perder em meio \u00e0s preocupa\u00e7\u00f5es e esquecer de agradecer pelas b\u00ean\u00e7\u00e3os que recebemos. A gratid\u00e3o \u00e9 uma virtude poderosa que nos conecta com o [&hellip;]<\/p>\n","protected":false},"author":2,"featured_media":0,"comment_status":"closed","ping_status":"open","sticky":false,"template":"","format":"standard","meta":{"footnotes":""},"categories":[6],"tags":[],"class_list":["post-4436","post","type-post","status-publish","format-standard","hentry","category-reflexao-do-dia"],"yoast_head":"<!-- This site is optimized with the Yoast SEO plugin v27.2 - https:\/\/yoast.com\/product\/yoast-seo-wordpress\/ -->\n<title>Gratid\u00e3o: a chave para uma vida plena de b\u00ean\u00e7\u00e3os e alegria - Salmos B\u00edblicos<\/title>\n<meta name=\"robots\" content=\"index, follow, max-snippet:-1, max-image-preview:large, max-video-preview:-1\" \/>\n<link rel=\"canonical\" href=\"https:\/\/salmosbiblicos.com.br\/index.php\/2025\/04\/29\/gratidao-a-chave-para-uma-vida-plena-de-bencaos-e-alegria\/\" \/>\n<meta property=\"og:locale\" content=\"pt_BR\" \/>\n<meta property=\"og:type\" content=\"article\" \/>\n<meta property=\"og:title\" content=\"Gratid\u00e3o: a chave para uma vida plena de b\u00ean\u00e7\u00e3os e alegria - Salmos B\u00edblicos\" \/>\n<meta property=\"og:description\" content=\"Hoje, quero compartilhar com voc\u00ea uma reflex\u00e3o sobre a import\u00e2ncia de cultivar a gratid\u00e3o em nossas vidas. Em meio \u00e0s turbul\u00eancias e desafios do dia a dia, muitas vezes podemos nos perder em meio \u00e0s preocupa\u00e7\u00f5es e esquecer de agradecer pelas b\u00ean\u00e7\u00e3os que recebemos. A gratid\u00e3o \u00e9 uma virtude poderosa que nos conecta com o [&hellip;]\" \/>\n<meta property=\"og:url\" content=\"https:\/\/salmosbiblicos.com.br\/index.php\/2025\/04\/29\/gratidao-a-chave-para-uma-vida-plena-de-bencaos-e-alegria\/\" \/>\n<meta property=\"og:site_name\" content=\"Salmos B\u00edblicos\" \/>\n<meta property=\"article:published_time\" content=\"2025-04-30T01:48:38+00:00\" \/>\n<meta name=\"author\" content=\"Irmao\" \/>\n<meta name=\"twitter:card\" content=\"summary_large_image\" \/>\n<meta name=\"twitter:label1\" content=\"Escrito por\" \/>\n\t<meta name=\"twitter:data1\" content=\"Irmao\" \/>\n\t<meta name=\"twitter:label2\" content=\"Est. tempo de leitura\" \/>\n\t<meta name=\"twitter:data2\" content=\"2 minutos\" \/>\n<script type=\"application\/ld+json\" class=\"yoast-schema-graph\">{\"@context\":\"https:\/\/schema.org\",\"@graph\":[{\"@type\":\"Article\",\"@id\":\"https:\/\/salmosbiblicos.com.br\/index.php\/2025\/04\/29\/gratidao-a-chave-para-uma-vida-plena-de-bencaos-e-alegria\/#article\",\"isPartOf\":{\"@id\":\"https:\/\/salmosbiblicos.com.br\/index.php\/2025\/04\/29\/gratidao-a-chave-para-uma-vida-plena-de-bencaos-e-alegria\/\"},\"author\":{\"name\":\"Irmao\",\"@id\":\"https:\/\/salmosbiblicos.com.br\/#\/schema\/person\/760735259ba35f1e44e89c71c72d79da\"},\"headline\":\"Gratid\u00e3o: a chave para uma vida plena de b\u00ean\u00e7\u00e3os e alegria\",\"datePublished\":\"2025-04-30T01:48:38+00:00\",\"mainEntityOfPage\":{\"@id\":\"https:\/\/salmosbiblicos.com.br\/index.php\/2025\/04\/29\/gratidao-a-chave-para-uma-vida-plena-de-bencaos-e-alegria\/\"},\"wordCount\":437,\"articleSection\":[\"Reflex\u00e3o do Dia\"],\"inLanguage\":\"pt-BR\"},{\"@type\":\"WebPage\",\"@id\":\"https:\/\/salmosbiblicos.com.br\/index.php\/2025\/04\/29\/gratidao-a-chave-para-uma-vida-plena-de-bencaos-e-alegria\/\",\"url\":\"https:\/\/salmosbiblicos.com.br\/index.php\/2025\/04\/29\/gratidao-a-chave-para-uma-vida-plena-de-bencaos-e-alegria\/\",\"name\":\"Gratid\u00e3o: a chave para uma vida plena de b\u00ean\u00e7\u00e3os e alegria - Salmos B\u00edblicos\",\"isPartOf\":{\"@id\":\"https:\/\/salmosbiblicos.com.br\/#website\"},\"datePublished\":\"2025-04-30T01:48:38+00:00\",\"author\":{\"@id\":\"https:\/\/salmosbiblicos.com.br\/#\/schema\/person\/760735259ba35f1e44e89c71c72d79da\"},\"breadcrumb\":{\"@id\":\"https:\/\/salmosbiblicos.com.br\/index.php\/2025\/04\/29\/gratidao-a-chave-para-uma-vida-plena-de-bencaos-e-alegria\/#breadcrumb\"},\"inLanguage\":\"pt-BR\",\"potentialAction\":[{\"@type\":\"ReadAction\",\"target\":[\"https:\/\/salmosbiblicos.com.br\/index.php\/2025\/04\/29\/gratidao-a-chave-para-uma-vida-plena-de-bencaos-e-alegria\/\"]}]},{\"@type\":\"BreadcrumbList\",\"@id\":\"https:\/\/salmosbiblicos.com.br\/index.php\/2025\/04\/29\/gratidao-a-chave-para-uma-vida-plena-de-bencaos-e-alegria\/#breadcrumb\",\"itemListElement\":[{\"@type\":\"ListItem\",\"position\":1,\"name\":\"Home\",\"item\":\"https:\/\/salmosbiblicos.com.br\/\"},{\"@type\":\"ListItem\",\"position\":2,\"name\":\"Gratid\u00e3o: a chave para uma vida plena de b\u00ean\u00e7\u00e3os e alegria\"}]},{\"@type\":\"WebSite\",\"@id\":\"https:\/\/salmosbiblicos.com.br\/#website\",\"url\":\"https:\/\/salmosbiblicos.com.br\/\",\"name\":\"Salmos B\u00edblicos\",\"description\":\"Uma e-Livraria com e-Books novos para voc\u00ea refletir.\",\"potentialAction\":[{\"@type\":\"SearchAction\",\"target\":{\"@type\":\"EntryPoint\",\"urlTemplate\":\"https:\/\/salmosbiblicos.com.br\/?s={search_term_string}\"},\"query-input\":{\"@type\":\"PropertyValueSpecification\",\"valueRequired\":true,\"valueName\":\"search_term_string\"}}],\"inLanguage\":\"pt-BR\"},{\"@type\":\"Person\",\"@id\":\"https:\/\/salmosbiblicos.com.br\/#\/schema\/person\/760735259ba35f1e44e89c71c72d79da\",\"name\":\"Irmao\",\"image\":{\"@type\":\"ImageObject\",\"inLanguage\":\"pt-BR\",\"@id\":\"https:\/\/secure.gravatar.com\/avatar\/?s=96&d=mm&r=g\",\"url\":\"https:\/\/secure.gravatar.com\/avatar\/?s=96&d=mm&r=g\",\"contentUrl\":\"https:\/\/secure.gravatar.com\/avatar\/?s=96&d=mm&r=g\",\"caption\":\"Irmao\"},\"url\":\"https:\/\/salmosbiblicos.com.br\/index.php\/author\/irmao\/\"}]}<\/script>\n<!-- \/ Yoast SEO plugin. -->","yoast_head_json":{"title":"Gratid\u00e3o: a chave para uma vida plena de b\u00ean\u00e7\u00e3os e alegria - Salmos B\u00edblicos","robots":{"index":"index","follow":"follow","max-snippet":"max-snippet:-1","max-image-preview":"max-image-preview:large","max-video-preview":"max-video-preview:-1"},"canonical":"https:\/\/salmosbiblicos.com.br\/index.php\/2025\/04\/29\/gratidao-a-chave-para-uma-vida-plena-de-bencaos-e-alegria\/","og_locale":"pt_BR","og_type":"article","og_title":"Gratid\u00e3o: a chave para uma vida plena de b\u00ean\u00e7\u00e3os e alegria - Salmos B\u00edblicos","og_description":"Hoje, quero compartilhar com voc\u00ea uma reflex\u00e3o sobre a import\u00e2ncia de cultivar a gratid\u00e3o em nossas vidas. Em meio \u00e0s turbul\u00eancias e desafios do dia a dia, muitas vezes podemos nos perder em meio \u00e0s preocupa\u00e7\u00f5es e esquecer de agradecer pelas b\u00ean\u00e7\u00e3os que recebemos. A gratid\u00e3o \u00e9 uma virtude poderosa que nos conecta com o [&hellip;]","og_url":"https:\/\/salmosbiblicos.com.br\/index.php\/2025\/04\/29\/gratidao-a-chave-para-uma-vida-plena-de-bencaos-e-alegria\/","og_site_name":"Salmos B\u00edblicos","article_published_time":"2025-04-30T01:48:38+00:00","author":"Irmao","twitter_card":"summary_large_image","twitter_misc":{"Escrito por":"Irmao","Est. tempo de leitura":"2 minutos"},"schema":{"@context":"https:\/\/schema.org","@graph":[{"@type":"Article","@id":"https:\/\/salmosbiblicos.com.br\/index.php\/2025\/04\/29\/gratidao-a-chave-para-uma-vida-plena-de-bencaos-e-alegria\/#article","isPartOf":{"@id":"https:\/\/salmosbiblicos.com.br\/index.php\/2025\/04\/29\/gratidao-a-chave-para-uma-vida-plena-de-bencaos-e-alegria\/"},"author":{"name":"Irmao","@id":"https:\/\/salmosbiblicos.com.br\/#\/schema\/person\/760735259ba35f1e44e89c71c72d79da"},"headline":"Gratid\u00e3o: a chave para uma vida plena de b\u00ean\u00e7\u00e3os e alegria","datePublished":"2025-04-30T01:48:38+00:00","mainEntityOfPage":{"@id":"https:\/\/salmosbiblicos.com.br\/index.php\/2025\/04\/29\/gratidao-a-chave-para-uma-vida-plena-de-bencaos-e-alegria\/"},"wordCount":437,"articleSection":["Reflex\u00e3o do Dia"],"inLanguage":"pt-BR"},{"@type":"WebPage","@id":"https:\/\/salmosbiblicos.com.br\/index.php\/2025\/04\/29\/gratidao-a-chave-para-uma-vida-plena-de-bencaos-e-alegria\/","url":"https:\/\/salmosbiblicos.com.br\/index.php\/2025\/04\/29\/gratidao-a-chave-para-uma-vida-plena-de-bencaos-e-alegria\/","name":"Gratid\u00e3o: a chave para uma vida plena de b\u00ean\u00e7\u00e3os e alegria - Salmos B\u00edblicos","isPartOf":{"@id":"https:\/\/salmosbiblicos.com.br\/#website"},"datePublished":"2025-04-30T01:48:38+00:00","author":{"@id":"https:\/\/salmosbiblicos.com.br\/#\/schema\/person\/760735259ba35f1e44e89c71c72d79da"},"breadcrumb":{"@id":"https:\/\/salmosbiblicos.com.br\/index.php\/2025\/04\/29\/gratidao-a-chave-para-uma-vida-plena-de-bencaos-e-alegria\/#breadcrumb"},"inLanguage":"pt-BR","potentialAction":[{"@type":"ReadAction","target":["https:\/\/salmosbiblicos.com.br\/index.php\/2025\/04\/29\/gratidao-a-chave-para-uma-vida-plena-de-bencaos-e-alegria\/"]}]},{"@type":"BreadcrumbList","@id":"https:\/\/salmosbiblicos.com.br\/index.php\/2025\/04\/29\/gratidao-a-chave-para-uma-vida-plena-de-bencaos-e-alegria\/#breadcrumb","itemListElement":[{"@type":"ListItem","position":1,"name":"Home","item":"https:\/\/salmosbiblicos.com.br\/"},{"@type":"ListItem","position":2,"name":"Gratid\u00e3o: a chave para uma vida plena de b\u00ean\u00e7\u00e3os e alegria"}]},{"@type":"WebSite","@id":"https:\/\/salmosbiblicos.com.br\/#website","url":"https:\/\/salmosbiblicos.com.br\/","name":"Salmos B\u00edblicos","description":"Uma e-Livraria com e-Books novos para voc\u00ea refletir.","potentialAction":[{"@type":"SearchAction","target":{"@type":"EntryPoint","urlTemplate":"https:\/\/salmosbiblicos.com.br\/?s={search_term_string}"},"query-input":{"@type":"PropertyValueSpecification","valueRequired":true,"valueName":"search_term_string"}}],"inLanguage":"pt-BR"},{"@type":"Person","@id":"https:\/\/salmosbiblicos.com.br\/#\/schema\/person\/760735259ba35f1e44e89c71c72d79da","name":"Irmao","image":{"@type":"ImageObject","inLanguage":"pt-BR","@id":"https:\/\/secure.gravatar.com\/avatar\/?s=96&d=mm&r=g","url":"https:\/\/secure.gravatar.com\/avatar\/?s=96&d=mm&r=g","contentUrl":"https:\/\/secure.gravatar.com\/avatar\/?s=96&d=mm&r=g","caption":"Irmao"},"url":"https:\/\/salmosbiblicos.com.br\/index.php\/author\/irmao\/"}]}},"_links":{"self":[{"href":"https:\/\/salmosbiblicos.com.br\/index.php\/wp-json\/wp\/v2\/posts\/4436","targetHints":{"allow":["GET"]}}],"collection":[{"href":"https:\/\/salmosbiblicos.com.br\/index.php\/wp-json\/wp\/v2\/posts"}],"about":[{"href":"https:\/\/salmosbiblicos.com.br\/index.php\/wp-json\/wp\/v2\/types\/post"}],"author":[{"embeddable":true,"href":"https:\/\/salmosbiblicos.com.br\/index.php\/wp-json\/wp\/v2\/users\/2"}],"replies":[{"embeddable":true,"href":"https:\/\/salmosbiblicos.com.br\/index.php\/wp-json\/wp\/v2\/comments?post=4436"}],"version-history":[{"count":0,"href":"https:\/\/salmosbiblicos.com.br\/index.php\/wp-json\/wp\/v2\/posts\/4436\/revisions"}],"wp:attachment":[{"href":"https:\/\/salmosbiblicos.com.br\/index.php\/wp-json\/wp\/v2\/media?parent=4436"}],"wp:term":[{"taxonomy":"category","embeddable":true,"href":"https:\/\/salmosbiblicos.com.br\/index.php\/wp-json\/wp\/v2\/categories?post=4436"},{"taxonomy":"post_tag","embeddable":true,"href":"https:\/\/salmosbiblicos.com.br\/index.php\/wp-json\/wp\/v2\/tags?post=4436"}],"curies":[{"name":"wp","href":"https:\/\/api.w.org\/{rel}","templated":true}]}}