{"id":4438,"date":"2025-04-29T22:48:48","date_gmt":"2025-04-30T01:48:48","guid":{"rendered":"https:\/\/salmosbiblicos.com.br\/?p=4438"},"modified":"2025-04-29T22:48:48","modified_gmt":"2025-04-30T01:48:48","slug":"encontre-a-paz-interior-conecte-se-com-a-espiritualidade-e-cultive-a-serenidade-em-seu-dia-a-dia","status":"publish","type":"post","link":"https:\/\/salmosbiblicos.com.br\/index.php\/2025\/04\/29\/encontre-a-paz-interior-conecte-se-com-a-espiritualidade-e-cultive-a-serenidade-em-seu-dia-a-dia\/","title":{"rendered":"Encontre a Paz Interior: Conecte-se com a Espiritualidade e Cultive a Serenidade em seu Dia a Dia"},"content":{"rendered":"<p>Hoje, ao olhar para o mundo ao meu redor, percebo como \u00e9 f\u00e1cil se deixar levar pela correria do dia a dia e pelas preocupa\u00e7\u00f5es que nos cercam. \u00c9 como se estiv\u00e9ssemos constantemente em uma maratona, tentando alcan\u00e7ar metas e cumprir obriga\u00e7\u00f5es, esquecendo-nos muitas vezes de cuidar do nosso pr\u00f3prio bem-estar espiritual.<\/p>\n<p>Neste momento, eu gostaria de te lembrar da import\u00e2ncia de reservar um tempo para si mesmo, para se conectar com algo maior, algo que nos transmite paz e serenidade. Independentemente da sua religi\u00e3o, \u00e9 fundamental dedicar um momento do seu dia para se reconectar com a sua espiritualidade, seja atrav\u00e9s da ora\u00e7\u00e3o, medita\u00e7\u00e3o ou simplesmente contemplando a natureza ao seu redor.<\/p>\n<p>Lembre-se de que, mesmo nos momentos mais turbulentos da vida, h\u00e1 sempre um lugar de calma e tranquilidade dentro de n\u00f3s. \u00c9 nesse espa\u00e7o sagrado que podemos encontrar ref\u00fagio e for\u00e7a para enfrentar os desafios que surgem em nosso caminho. Permita-se entrar em sintonia com esse lugar de paz interior, deixando de lado as preocupa\u00e7\u00f5es e ansiedades que tanto nos afligem.<\/p>\n<p>Que possamos nos lembrar de que somos seres espirituais em busca de crescimento e evolu\u00e7\u00e3o, e que a jornada rumo \u00e0 paz interior \u00e9 uma jornada constante e cheia de aprendizados. N\u00e3o se cobre tanto, n\u00e3o se exija al\u00e9m do que \u00e9 humanamente poss\u00edvel. Aprenda a se acolher, a se perdoar e a se amar, pois s\u00f3 assim poder\u00e1 transmitir amor e compaix\u00e3o aos outros.<\/p>\n<p>Que hoje, ao finalizar este texto, voc\u00ea se sinta mais leve e tranquilo, pronto para enfrentar as adversidades com coragem e f\u00e9. Lembre-se de que a paz que procuramos est\u00e1 dentro de n\u00f3s, basta nos conectarmos com ela e permitir que ela se manifeste em nossas vidas.<\/p>\n<p>Que a luz divina ilumine o seu caminho e te guie sempre para a paz que tanto almeja. Acredite em si mesmo e nas suas capacidades, pois voc\u00ea \u00e9 um ser \u00fanico e especial, digno de todo amor e felicidade do mundo.<\/p>\n<p>Que a paz de Deus esteja sempre presente em seu cora\u00e7\u00e3o, guiando seus passos e iluminando seus pensamentos. Acredite no poder do amor e da f\u00e9, pois s\u00e3o esses sentimentos que nos sustentam e nos fortalecem em meio \u00e0s adversidades.<\/p>\n<p>Lembre-se: voc\u00ea \u00e9 amado, voc\u00ea \u00e9 \u00fanico e voc\u00ea \u00e9 capaz de superar qualquer desafio que surgir em seu caminho. Confie em si mesmo e na sabedoria divina que habita em seu ser.<\/p>\n<p>Que a paz esteja com voc\u00ea, hoje e sempre. Ame-se, cuide-se e seja luz na vida daqueles que te cercam. Voc\u00ea \u00e9 um ser de luz, digno de toda felicidade e plenitude.<\/p>\n<p>Que a paz do Senhor esteja contigo, agora e sempre. Ame-se e seja luz no mundo.<\/p>\n<p>Fique em paz, pois voc\u00ea \u00e9 amado e aben\u00e7oado al\u00e9m da medida. Nunca se esque\u00e7a disso.<\/p>\n","protected":false},"excerpt":{"rendered":"<p>Hoje, ao olhar para o mundo ao meu redor, percebo como \u00e9 f\u00e1cil se deixar levar pela correria do dia a dia e pelas preocupa\u00e7\u00f5es que nos cercam. \u00c9 como se estiv\u00e9ssemos constantemente em uma maratona, tentando alcan\u00e7ar metas e cumprir obriga\u00e7\u00f5es, esquecendo-nos muitas vezes de cuidar do nosso pr\u00f3prio bem-estar espiritual. Neste momento, eu [&hellip;]<\/p>\n","protected":false},"author":2,"featured_media":0,"comment_status":"closed","ping_status":"open","sticky":false,"template":"","format":"standard","meta":{"footnotes":""},"categories":[6],"tags":[],"class_list":["post-4438","post","type-post","status-publish","format-standard","hentry","category-reflexao-do-dia"],"yoast_head":"<!-- This site is optimized with the Yoast SEO plugin v27.2 - https:\/\/yoast.com\/product\/yoast-seo-wordpress\/ -->\n<title>Encontre a Paz Interior: Conecte-se com a Espiritualidade e Cultive a Serenidade em seu Dia a Dia - Salmos B\u00edblicos<\/title>\n<meta name=\"robots\" content=\"index, follow, max-snippet:-1, max-image-preview:large, max-video-preview:-1\" \/>\n<link rel=\"canonical\" href=\"https:\/\/salmosbiblicos.com.br\/index.php\/2025\/04\/29\/encontre-a-paz-interior-conecte-se-com-a-espiritualidade-e-cultive-a-serenidade-em-seu-dia-a-dia\/\" \/>\n<meta property=\"og:locale\" content=\"pt_BR\" \/>\n<meta property=\"og:type\" content=\"article\" \/>\n<meta property=\"og:title\" content=\"Encontre a Paz Interior: Conecte-se com a Espiritualidade e Cultive a Serenidade em seu Dia a Dia - Salmos B\u00edblicos\" \/>\n<meta property=\"og:description\" content=\"Hoje, ao olhar para o mundo ao meu redor, percebo como \u00e9 f\u00e1cil se deixar levar pela correria do dia a dia e pelas preocupa\u00e7\u00f5es que nos cercam. \u00c9 como se estiv\u00e9ssemos constantemente em uma maratona, tentando alcan\u00e7ar metas e cumprir obriga\u00e7\u00f5es, esquecendo-nos muitas vezes de cuidar do nosso pr\u00f3prio bem-estar espiritual. Neste momento, eu [&hellip;]\" \/>\n<meta property=\"og:url\" content=\"https:\/\/salmosbiblicos.com.br\/index.php\/2025\/04\/29\/encontre-a-paz-interior-conecte-se-com-a-espiritualidade-e-cultive-a-serenidade-em-seu-dia-a-dia\/\" \/>\n<meta property=\"og:site_name\" content=\"Salmos B\u00edblicos\" \/>\n<meta property=\"article:published_time\" content=\"2025-04-30T01:48:48+00:00\" \/>\n<meta name=\"author\" content=\"Irmao\" \/>\n<meta name=\"twitter:card\" content=\"summary_large_image\" \/>\n<meta name=\"twitter:label1\" content=\"Escrito por\" \/>\n\t<meta name=\"twitter:data1\" content=\"Irmao\" \/>\n\t<meta name=\"twitter:label2\" content=\"Est. tempo de leitura\" \/>\n\t<meta name=\"twitter:data2\" content=\"2 minutos\" \/>\n<script type=\"application\/ld+json\" class=\"yoast-schema-graph\">{\"@context\":\"https:\/\/schema.org\",\"@graph\":[{\"@type\":\"Article\",\"@id\":\"https:\/\/salmosbiblicos.com.br\/index.php\/2025\/04\/29\/encontre-a-paz-interior-conecte-se-com-a-espiritualidade-e-cultive-a-serenidade-em-seu-dia-a-dia\/#article\",\"isPartOf\":{\"@id\":\"https:\/\/salmosbiblicos.com.br\/index.php\/2025\/04\/29\/encontre-a-paz-interior-conecte-se-com-a-espiritualidade-e-cultive-a-serenidade-em-seu-dia-a-dia\/\"},\"author\":{\"name\":\"Irmao\",\"@id\":\"https:\/\/salmosbiblicos.com.br\/#\/schema\/person\/760735259ba35f1e44e89c71c72d79da\"},\"headline\":\"Encontre a Paz Interior: Conecte-se com a Espiritualidade e Cultive a Serenidade em seu Dia a Dia\",\"datePublished\":\"2025-04-30T01:48:48+00:00\",\"mainEntityOfPage\":{\"@id\":\"https:\/\/salmosbiblicos.com.br\/index.php\/2025\/04\/29\/encontre-a-paz-interior-conecte-se-com-a-espiritualidade-e-cultive-a-serenidade-em-seu-dia-a-dia\/\"},\"wordCount\":497,\"articleSection\":[\"Reflex\u00e3o do Dia\"],\"inLanguage\":\"pt-BR\"},{\"@type\":\"WebPage\",\"@id\":\"https:\/\/salmosbiblicos.com.br\/index.php\/2025\/04\/29\/encontre-a-paz-interior-conecte-se-com-a-espiritualidade-e-cultive-a-serenidade-em-seu-dia-a-dia\/\",\"url\":\"https:\/\/salmosbiblicos.com.br\/index.php\/2025\/04\/29\/encontre-a-paz-interior-conecte-se-com-a-espiritualidade-e-cultive-a-serenidade-em-seu-dia-a-dia\/\",\"name\":\"Encontre a Paz Interior: Conecte-se com a Espiritualidade e Cultive a Serenidade em seu Dia a Dia - Salmos B\u00edblicos\",\"isPartOf\":{\"@id\":\"https:\/\/salmosbiblicos.com.br\/#website\"},\"datePublished\":\"2025-04-30T01:48:48+00:00\",\"author\":{\"@id\":\"https:\/\/salmosbiblicos.com.br\/#\/schema\/person\/760735259ba35f1e44e89c71c72d79da\"},\"breadcrumb\":{\"@id\":\"https:\/\/salmosbiblicos.com.br\/index.php\/2025\/04\/29\/encontre-a-paz-interior-conecte-se-com-a-espiritualidade-e-cultive-a-serenidade-em-seu-dia-a-dia\/#breadcrumb\"},\"inLanguage\":\"pt-BR\",\"potentialAction\":[{\"@type\":\"ReadAction\",\"target\":[\"https:\/\/salmosbiblicos.com.br\/index.php\/2025\/04\/29\/encontre-a-paz-interior-conecte-se-com-a-espiritualidade-e-cultive-a-serenidade-em-seu-dia-a-dia\/\"]}]},{\"@type\":\"BreadcrumbList\",\"@id\":\"https:\/\/salmosbiblicos.com.br\/index.php\/2025\/04\/29\/encontre-a-paz-interior-conecte-se-com-a-espiritualidade-e-cultive-a-serenidade-em-seu-dia-a-dia\/#breadcrumb\",\"itemListElement\":[{\"@type\":\"ListItem\",\"position\":1,\"name\":\"Home\",\"item\":\"https:\/\/salmosbiblicos.com.br\/\"},{\"@type\":\"ListItem\",\"position\":2,\"name\":\"Encontre a Paz Interior: Conecte-se com a Espiritualidade e Cultive a Serenidade em seu Dia a Dia\"}]},{\"@type\":\"WebSite\",\"@id\":\"https:\/\/salmosbiblicos.com.br\/#website\",\"url\":\"https:\/\/salmosbiblicos.com.br\/\",\"name\":\"Salmos B\u00edblicos\",\"description\":\"Uma e-Livraria com e-Books novos para voc\u00ea refletir.\",\"potentialAction\":[{\"@type\":\"SearchAction\",\"target\":{\"@type\":\"EntryPoint\",\"urlTemplate\":\"https:\/\/salmosbiblicos.com.br\/?s={search_term_string}\"},\"query-input\":{\"@type\":\"PropertyValueSpecification\",\"valueRequired\":true,\"valueName\":\"search_term_string\"}}],\"inLanguage\":\"pt-BR\"},{\"@type\":\"Person\",\"@id\":\"https:\/\/salmosbiblicos.com.br\/#\/schema\/person\/760735259ba35f1e44e89c71c72d79da\",\"name\":\"Irmao\",\"image\":{\"@type\":\"ImageObject\",\"inLanguage\":\"pt-BR\",\"@id\":\"https:\/\/secure.gravatar.com\/avatar\/?s=96&d=mm&r=g\",\"url\":\"https:\/\/secure.gravatar.com\/avatar\/?s=96&d=mm&r=g\",\"contentUrl\":\"https:\/\/secure.gravatar.com\/avatar\/?s=96&d=mm&r=g\",\"caption\":\"Irmao\"},\"url\":\"https:\/\/salmosbiblicos.com.br\/index.php\/author\/irmao\/\"}]}<\/script>\n<!-- \/ Yoast SEO plugin. -->","yoast_head_json":{"title":"Encontre a Paz Interior: Conecte-se com a Espiritualidade e Cultive a Serenidade em seu Dia a Dia - Salmos B\u00edblicos","robots":{"index":"index","follow":"follow","max-snippet":"max-snippet:-1","max-image-preview":"max-image-preview:large","max-video-preview":"max-video-preview:-1"},"canonical":"https:\/\/salmosbiblicos.com.br\/index.php\/2025\/04\/29\/encontre-a-paz-interior-conecte-se-com-a-espiritualidade-e-cultive-a-serenidade-em-seu-dia-a-dia\/","og_locale":"pt_BR","og_type":"article","og_title":"Encontre a Paz Interior: Conecte-se com a Espiritualidade e Cultive a Serenidade em seu Dia a Dia - Salmos B\u00edblicos","og_description":"Hoje, ao olhar para o mundo ao meu redor, percebo como \u00e9 f\u00e1cil se deixar levar pela correria do dia a dia e pelas preocupa\u00e7\u00f5es que nos cercam. \u00c9 como se estiv\u00e9ssemos constantemente em uma maratona, tentando alcan\u00e7ar metas e cumprir obriga\u00e7\u00f5es, esquecendo-nos muitas vezes de cuidar do nosso pr\u00f3prio bem-estar espiritual. Neste momento, eu [&hellip;]","og_url":"https:\/\/salmosbiblicos.com.br\/index.php\/2025\/04\/29\/encontre-a-paz-interior-conecte-se-com-a-espiritualidade-e-cultive-a-serenidade-em-seu-dia-a-dia\/","og_site_name":"Salmos B\u00edblicos","article_published_time":"2025-04-30T01:48:48+00:00","author":"Irmao","twitter_card":"summary_large_image","twitter_misc":{"Escrito por":"Irmao","Est. tempo de leitura":"2 minutos"},"schema":{"@context":"https:\/\/schema.org","@graph":[{"@type":"Article","@id":"https:\/\/salmosbiblicos.com.br\/index.php\/2025\/04\/29\/encontre-a-paz-interior-conecte-se-com-a-espiritualidade-e-cultive-a-serenidade-em-seu-dia-a-dia\/#article","isPartOf":{"@id":"https:\/\/salmosbiblicos.com.br\/index.php\/2025\/04\/29\/encontre-a-paz-interior-conecte-se-com-a-espiritualidade-e-cultive-a-serenidade-em-seu-dia-a-dia\/"},"author":{"name":"Irmao","@id":"https:\/\/salmosbiblicos.com.br\/#\/schema\/person\/760735259ba35f1e44e89c71c72d79da"},"headline":"Encontre a Paz Interior: Conecte-se com a Espiritualidade e Cultive a Serenidade em seu Dia a Dia","datePublished":"2025-04-30T01:48:48+00:00","mainEntityOfPage":{"@id":"https:\/\/salmosbiblicos.com.br\/index.php\/2025\/04\/29\/encontre-a-paz-interior-conecte-se-com-a-espiritualidade-e-cultive-a-serenidade-em-seu-dia-a-dia\/"},"wordCount":497,"articleSection":["Reflex\u00e3o do Dia"],"inLanguage":"pt-BR"},{"@type":"WebPage","@id":"https:\/\/salmosbiblicos.com.br\/index.php\/2025\/04\/29\/encontre-a-paz-interior-conecte-se-com-a-espiritualidade-e-cultive-a-serenidade-em-seu-dia-a-dia\/","url":"https:\/\/salmosbiblicos.com.br\/index.php\/2025\/04\/29\/encontre-a-paz-interior-conecte-se-com-a-espiritualidade-e-cultive-a-serenidade-em-seu-dia-a-dia\/","name":"Encontre a Paz Interior: Conecte-se com a Espiritualidade e Cultive a Serenidade em seu Dia a Dia - Salmos B\u00edblicos","isPartOf":{"@id":"https:\/\/salmosbiblicos.com.br\/#website"},"datePublished":"2025-04-30T01:48:48+00:00","author":{"@id":"https:\/\/salmosbiblicos.com.br\/#\/schema\/person\/760735259ba35f1e44e89c71c72d79da"},"breadcrumb":{"@id":"https:\/\/salmosbiblicos.com.br\/index.php\/2025\/04\/29\/encontre-a-paz-interior-conecte-se-com-a-espiritualidade-e-cultive-a-serenidade-em-seu-dia-a-dia\/#breadcrumb"},"inLanguage":"pt-BR","potentialAction":[{"@type":"ReadAction","target":["https:\/\/salmosbiblicos.com.br\/index.php\/2025\/04\/29\/encontre-a-paz-interior-conecte-se-com-a-espiritualidade-e-cultive-a-serenidade-em-seu-dia-a-dia\/"]}]},{"@type":"BreadcrumbList","@id":"https:\/\/salmosbiblicos.com.br\/index.php\/2025\/04\/29\/encontre-a-paz-interior-conecte-se-com-a-espiritualidade-e-cultive-a-serenidade-em-seu-dia-a-dia\/#breadcrumb","itemListElement":[{"@type":"ListItem","position":1,"name":"Home","item":"https:\/\/salmosbiblicos.com.br\/"},{"@type":"ListItem","position":2,"name":"Encontre a Paz Interior: Conecte-se com a Espiritualidade e Cultive a Serenidade em seu Dia a Dia"}]},{"@type":"WebSite","@id":"https:\/\/salmosbiblicos.com.br\/#website","url":"https:\/\/salmosbiblicos.com.br\/","name":"Salmos B\u00edblicos","description":"Uma e-Livraria com e-Books novos para voc\u00ea refletir.","potentialAction":[{"@type":"SearchAction","target":{"@type":"EntryPoint","urlTemplate":"https:\/\/salmosbiblicos.com.br\/?s={search_term_string}"},"query-input":{"@type":"PropertyValueSpecification","valueRequired":true,"valueName":"search_term_string"}}],"inLanguage":"pt-BR"},{"@type":"Person","@id":"https:\/\/salmosbiblicos.com.br\/#\/schema\/person\/760735259ba35f1e44e89c71c72d79da","name":"Irmao","image":{"@type":"ImageObject","inLanguage":"pt-BR","@id":"https:\/\/secure.gravatar.com\/avatar\/?s=96&d=mm&r=g","url":"https:\/\/secure.gravatar.com\/avatar\/?s=96&d=mm&r=g","contentUrl":"https:\/\/secure.gravatar.com\/avatar\/?s=96&d=mm&r=g","caption":"Irmao"},"url":"https:\/\/salmosbiblicos.com.br\/index.php\/author\/irmao\/"}]}},"_links":{"self":[{"href":"https:\/\/salmosbiblicos.com.br\/index.php\/wp-json\/wp\/v2\/posts\/4438","targetHints":{"allow":["GET"]}}],"collection":[{"href":"https:\/\/salmosbiblicos.com.br\/index.php\/wp-json\/wp\/v2\/posts"}],"about":[{"href":"https:\/\/salmosbiblicos.com.br\/index.php\/wp-json\/wp\/v2\/types\/post"}],"author":[{"embeddable":true,"href":"https:\/\/salmosbiblicos.com.br\/index.php\/wp-json\/wp\/v2\/users\/2"}],"replies":[{"embeddable":true,"href":"https:\/\/salmosbiblicos.com.br\/index.php\/wp-json\/wp\/v2\/comments?post=4438"}],"version-history":[{"count":0,"href":"https:\/\/salmosbiblicos.com.br\/index.php\/wp-json\/wp\/v2\/posts\/4438\/revisions"}],"wp:attachment":[{"href":"https:\/\/salmosbiblicos.com.br\/index.php\/wp-json\/wp\/v2\/media?parent=4438"}],"wp:term":[{"taxonomy":"category","embeddable":true,"href":"https:\/\/salmosbiblicos.com.br\/index.php\/wp-json\/wp\/v2\/categories?post=4438"},{"taxonomy":"post_tag","embeddable":true,"href":"https:\/\/salmosbiblicos.com.br\/index.php\/wp-json\/wp\/v2\/tags?post=4438"}],"curies":[{"name":"wp","href":"https:\/\/api.w.org\/{rel}","templated":true}]}}