{"id":4447,"date":"2025-04-29T23:04:01","date_gmt":"2025-04-30T02:04:01","guid":{"rendered":"https:\/\/salmosbiblicos.com.br\/?p=4447"},"modified":"2025-04-29T23:04:01","modified_gmt":"2025-04-30T02:04:01","slug":"encontre-a-paz-e-a-esperanca-no-poder-da-fe-voce-e-luz-amor-e-divino","status":"publish","type":"post","link":"https:\/\/salmosbiblicos.com.br\/index.php\/2025\/04\/29\/encontre-a-paz-e-a-esperanca-no-poder-da-fe-voce-e-luz-amor-e-divino\/","title":{"rendered":"Encontre a paz e a esperan\u00e7a no poder da f\u00e9: voc\u00ea \u00e9 luz, amor e divino"},"content":{"rendered":"<p>Hoje, olho para o c\u00e9u e vejo a imensid\u00e3o do universo diante de mim. E em meio a toda essa grandiosidade, me pergunto: qual o meu lugar nesse mundo? Qual o prop\u00f3sito da minha exist\u00eancia? <\/p>\n<p>\u00c9 f\u00e1cil se perder em meio \u00e0s preocupa\u00e7\u00f5es do dia a dia, nas cobran\u00e7as da sociedade, nas expectativas que colocamos sobre n\u00f3s mesmos. Mas, no fundo, sabemos que h\u00e1 algo maior nos esperando, algo que vai al\u00e9m das nossas limita\u00e7\u00f5es e medos. <\/p>\n<p>\u00c9 nesses momentos de reflex\u00e3o que encontro paz na certeza de que n\u00e3o estou sozinho. H\u00e1 uma for\u00e7a maior que guia meus passos, que me acolhe em meio \u00e0s tempestades e me mostra que tudo vai ficar bem. <\/p>\n<p>Deixe de lado as ang\u00fastias, as incertezas e os pensamentos negativos que tentam se instalar em sua mente. Confie no poder do amor, na luz que ilumina seu caminho e na sabedoria que te guia para a verdadeira felicidade. <\/p>\n<p>Lembre-se sempre: voc\u00ea \u00e9 amado, voc\u00ea \u00e9 especial, voc\u00ea \u00e9 parte de algo maior do que pode imaginar. N\u00e3o deixe que nada nem ningu\u00e9m apague a chama da esperan\u00e7a que arde dentro de voc\u00ea. <\/p>\n<p>Ent\u00e3o, respire fundo, sinta a presen\u00e7a divina ao seu redor e permita-se ser guiado pela f\u00e9. Pois, no final das contas, \u00e9 a f\u00e9 que nos sustenta, que nos fortalece e que nos faz acreditar que o melhor ainda est\u00e1 por vir. <\/p>\n<p>Acredite em si mesmo, acredite no poder que habita em seu cora\u00e7\u00e3o e saiba que, n\u00e3o importa o que aconte\u00e7a, voc\u00ea sempre ter\u00e1 o apoio e o amor do universo ao seu lado. <\/p>\n<p>Que essa reflex\u00e3o possa te trazer paz, esperan\u00e7a e a certeza de que voc\u00ea \u00e9 capaz de superar qualquer desafio que surgir em seu caminho. Lembre-se: voc\u00ea \u00e9 luz, voc\u00ea \u00e9 amor, voc\u00ea \u00e9 divino. <\/p>\n<p>Que a f\u00e9 te guie, a esperan\u00e7a te fortale\u00e7a e o amor te envolva em todos os momentos da sua vida. Acredite, confie e siga em frente, pois o melhor ainda est\u00e1 por vir. <\/p>\n<p>Que a paz do universo esteja sempre com voc\u00ea. Am\u00e9m.<\/p>\n","protected":false},"excerpt":{"rendered":"<p>Hoje, olho para o c\u00e9u e vejo a imensid\u00e3o do universo diante de mim. E em meio a toda essa grandiosidade, me pergunto: qual o meu lugar nesse mundo? Qual o prop\u00f3sito da minha exist\u00eancia? \u00c9 f\u00e1cil se perder em meio \u00e0s preocupa\u00e7\u00f5es do dia a dia, nas cobran\u00e7as da sociedade, nas expectativas que colocamos [&hellip;]<\/p>\n","protected":false},"author":2,"featured_media":0,"comment_status":"closed","ping_status":"open","sticky":false,"template":"","format":"standard","meta":{"footnotes":""},"categories":[6],"tags":[],"class_list":["post-4447","post","type-post","status-publish","format-standard","hentry","category-reflexao-do-dia"],"yoast_head":"<!-- This site is optimized with the Yoast SEO plugin v27.2 - https:\/\/yoast.com\/product\/yoast-seo-wordpress\/ -->\n<title>Encontre a paz e a esperan\u00e7a no poder da f\u00e9: voc\u00ea \u00e9 luz, amor e divino - Salmos B\u00edblicos<\/title>\n<meta name=\"robots\" content=\"index, follow, max-snippet:-1, max-image-preview:large, max-video-preview:-1\" \/>\n<link rel=\"canonical\" href=\"https:\/\/salmosbiblicos.com.br\/index.php\/2025\/04\/29\/encontre-a-paz-e-a-esperanca-no-poder-da-fe-voce-e-luz-amor-e-divino\/\" \/>\n<meta property=\"og:locale\" content=\"pt_BR\" \/>\n<meta property=\"og:type\" content=\"article\" \/>\n<meta property=\"og:title\" content=\"Encontre a paz e a esperan\u00e7a no poder da f\u00e9: voc\u00ea \u00e9 luz, amor e divino - Salmos B\u00edblicos\" \/>\n<meta property=\"og:description\" content=\"Hoje, olho para o c\u00e9u e vejo a imensid\u00e3o do universo diante de mim. E em meio a toda essa grandiosidade, me pergunto: qual o meu lugar nesse mundo? Qual o prop\u00f3sito da minha exist\u00eancia? \u00c9 f\u00e1cil se perder em meio \u00e0s preocupa\u00e7\u00f5es do dia a dia, nas cobran\u00e7as da sociedade, nas expectativas que colocamos [&hellip;]\" \/>\n<meta property=\"og:url\" content=\"https:\/\/salmosbiblicos.com.br\/index.php\/2025\/04\/29\/encontre-a-paz-e-a-esperanca-no-poder-da-fe-voce-e-luz-amor-e-divino\/\" \/>\n<meta property=\"og:site_name\" content=\"Salmos B\u00edblicos\" \/>\n<meta property=\"article:published_time\" content=\"2025-04-30T02:04:01+00:00\" \/>\n<meta name=\"author\" content=\"Irmao\" \/>\n<meta name=\"twitter:card\" content=\"summary_large_image\" \/>\n<meta name=\"twitter:label1\" content=\"Escrito por\" \/>\n\t<meta name=\"twitter:data1\" content=\"Irmao\" \/>\n\t<meta name=\"twitter:label2\" content=\"Est. tempo de leitura\" \/>\n\t<meta name=\"twitter:data2\" content=\"2 minutos\" \/>\n<script type=\"application\/ld+json\" class=\"yoast-schema-graph\">{\"@context\":\"https:\/\/schema.org\",\"@graph\":[{\"@type\":\"Article\",\"@id\":\"https:\/\/salmosbiblicos.com.br\/index.php\/2025\/04\/29\/encontre-a-paz-e-a-esperanca-no-poder-da-fe-voce-e-luz-amor-e-divino\/#article\",\"isPartOf\":{\"@id\":\"https:\/\/salmosbiblicos.com.br\/index.php\/2025\/04\/29\/encontre-a-paz-e-a-esperanca-no-poder-da-fe-voce-e-luz-amor-e-divino\/\"},\"author\":{\"name\":\"Irmao\",\"@id\":\"https:\/\/salmosbiblicos.com.br\/#\/schema\/person\/760735259ba35f1e44e89c71c72d79da\"},\"headline\":\"Encontre a paz e a esperan\u00e7a no poder da f\u00e9: voc\u00ea \u00e9 luz, amor e divino\",\"datePublished\":\"2025-04-30T02:04:01+00:00\",\"mainEntityOfPage\":{\"@id\":\"https:\/\/salmosbiblicos.com.br\/index.php\/2025\/04\/29\/encontre-a-paz-e-a-esperanca-no-poder-da-fe-voce-e-luz-amor-e-divino\/\"},\"wordCount\":375,\"articleSection\":[\"Reflex\u00e3o do Dia\"],\"inLanguage\":\"pt-BR\"},{\"@type\":\"WebPage\",\"@id\":\"https:\/\/salmosbiblicos.com.br\/index.php\/2025\/04\/29\/encontre-a-paz-e-a-esperanca-no-poder-da-fe-voce-e-luz-amor-e-divino\/\",\"url\":\"https:\/\/salmosbiblicos.com.br\/index.php\/2025\/04\/29\/encontre-a-paz-e-a-esperanca-no-poder-da-fe-voce-e-luz-amor-e-divino\/\",\"name\":\"Encontre a paz e a esperan\u00e7a no poder da f\u00e9: voc\u00ea \u00e9 luz, amor e divino - Salmos B\u00edblicos\",\"isPartOf\":{\"@id\":\"https:\/\/salmosbiblicos.com.br\/#website\"},\"datePublished\":\"2025-04-30T02:04:01+00:00\",\"author\":{\"@id\":\"https:\/\/salmosbiblicos.com.br\/#\/schema\/person\/760735259ba35f1e44e89c71c72d79da\"},\"breadcrumb\":{\"@id\":\"https:\/\/salmosbiblicos.com.br\/index.php\/2025\/04\/29\/encontre-a-paz-e-a-esperanca-no-poder-da-fe-voce-e-luz-amor-e-divino\/#breadcrumb\"},\"inLanguage\":\"pt-BR\",\"potentialAction\":[{\"@type\":\"ReadAction\",\"target\":[\"https:\/\/salmosbiblicos.com.br\/index.php\/2025\/04\/29\/encontre-a-paz-e-a-esperanca-no-poder-da-fe-voce-e-luz-amor-e-divino\/\"]}]},{\"@type\":\"BreadcrumbList\",\"@id\":\"https:\/\/salmosbiblicos.com.br\/index.php\/2025\/04\/29\/encontre-a-paz-e-a-esperanca-no-poder-da-fe-voce-e-luz-amor-e-divino\/#breadcrumb\",\"itemListElement\":[{\"@type\":\"ListItem\",\"position\":1,\"name\":\"Home\",\"item\":\"https:\/\/salmosbiblicos.com.br\/\"},{\"@type\":\"ListItem\",\"position\":2,\"name\":\"Encontre a paz e a esperan\u00e7a no poder da f\u00e9: voc\u00ea \u00e9 luz, amor e divino\"}]},{\"@type\":\"WebSite\",\"@id\":\"https:\/\/salmosbiblicos.com.br\/#website\",\"url\":\"https:\/\/salmosbiblicos.com.br\/\",\"name\":\"Salmos B\u00edblicos\",\"description\":\"Uma e-Livraria com e-Books novos para voc\u00ea refletir.\",\"potentialAction\":[{\"@type\":\"SearchAction\",\"target\":{\"@type\":\"EntryPoint\",\"urlTemplate\":\"https:\/\/salmosbiblicos.com.br\/?s={search_term_string}\"},\"query-input\":{\"@type\":\"PropertyValueSpecification\",\"valueRequired\":true,\"valueName\":\"search_term_string\"}}],\"inLanguage\":\"pt-BR\"},{\"@type\":\"Person\",\"@id\":\"https:\/\/salmosbiblicos.com.br\/#\/schema\/person\/760735259ba35f1e44e89c71c72d79da\",\"name\":\"Irmao\",\"image\":{\"@type\":\"ImageObject\",\"inLanguage\":\"pt-BR\",\"@id\":\"https:\/\/secure.gravatar.com\/avatar\/?s=96&d=mm&r=g\",\"url\":\"https:\/\/secure.gravatar.com\/avatar\/?s=96&d=mm&r=g\",\"contentUrl\":\"https:\/\/secure.gravatar.com\/avatar\/?s=96&d=mm&r=g\",\"caption\":\"Irmao\"},\"url\":\"https:\/\/salmosbiblicos.com.br\/index.php\/author\/irmao\/\"}]}<\/script>\n<!-- \/ Yoast SEO plugin. -->","yoast_head_json":{"title":"Encontre a paz e a esperan\u00e7a no poder da f\u00e9: voc\u00ea \u00e9 luz, amor e divino - Salmos B\u00edblicos","robots":{"index":"index","follow":"follow","max-snippet":"max-snippet:-1","max-image-preview":"max-image-preview:large","max-video-preview":"max-video-preview:-1"},"canonical":"https:\/\/salmosbiblicos.com.br\/index.php\/2025\/04\/29\/encontre-a-paz-e-a-esperanca-no-poder-da-fe-voce-e-luz-amor-e-divino\/","og_locale":"pt_BR","og_type":"article","og_title":"Encontre a paz e a esperan\u00e7a no poder da f\u00e9: voc\u00ea \u00e9 luz, amor e divino - Salmos B\u00edblicos","og_description":"Hoje, olho para o c\u00e9u e vejo a imensid\u00e3o do universo diante de mim. E em meio a toda essa grandiosidade, me pergunto: qual o meu lugar nesse mundo? Qual o prop\u00f3sito da minha exist\u00eancia? \u00c9 f\u00e1cil se perder em meio \u00e0s preocupa\u00e7\u00f5es do dia a dia, nas cobran\u00e7as da sociedade, nas expectativas que colocamos [&hellip;]","og_url":"https:\/\/salmosbiblicos.com.br\/index.php\/2025\/04\/29\/encontre-a-paz-e-a-esperanca-no-poder-da-fe-voce-e-luz-amor-e-divino\/","og_site_name":"Salmos B\u00edblicos","article_published_time":"2025-04-30T02:04:01+00:00","author":"Irmao","twitter_card":"summary_large_image","twitter_misc":{"Escrito por":"Irmao","Est. tempo de leitura":"2 minutos"},"schema":{"@context":"https:\/\/schema.org","@graph":[{"@type":"Article","@id":"https:\/\/salmosbiblicos.com.br\/index.php\/2025\/04\/29\/encontre-a-paz-e-a-esperanca-no-poder-da-fe-voce-e-luz-amor-e-divino\/#article","isPartOf":{"@id":"https:\/\/salmosbiblicos.com.br\/index.php\/2025\/04\/29\/encontre-a-paz-e-a-esperanca-no-poder-da-fe-voce-e-luz-amor-e-divino\/"},"author":{"name":"Irmao","@id":"https:\/\/salmosbiblicos.com.br\/#\/schema\/person\/760735259ba35f1e44e89c71c72d79da"},"headline":"Encontre a paz e a esperan\u00e7a no poder da f\u00e9: voc\u00ea \u00e9 luz, amor e divino","datePublished":"2025-04-30T02:04:01+00:00","mainEntityOfPage":{"@id":"https:\/\/salmosbiblicos.com.br\/index.php\/2025\/04\/29\/encontre-a-paz-e-a-esperanca-no-poder-da-fe-voce-e-luz-amor-e-divino\/"},"wordCount":375,"articleSection":["Reflex\u00e3o do Dia"],"inLanguage":"pt-BR"},{"@type":"WebPage","@id":"https:\/\/salmosbiblicos.com.br\/index.php\/2025\/04\/29\/encontre-a-paz-e-a-esperanca-no-poder-da-fe-voce-e-luz-amor-e-divino\/","url":"https:\/\/salmosbiblicos.com.br\/index.php\/2025\/04\/29\/encontre-a-paz-e-a-esperanca-no-poder-da-fe-voce-e-luz-amor-e-divino\/","name":"Encontre a paz e a esperan\u00e7a no poder da f\u00e9: voc\u00ea \u00e9 luz, amor e divino - Salmos B\u00edblicos","isPartOf":{"@id":"https:\/\/salmosbiblicos.com.br\/#website"},"datePublished":"2025-04-30T02:04:01+00:00","author":{"@id":"https:\/\/salmosbiblicos.com.br\/#\/schema\/person\/760735259ba35f1e44e89c71c72d79da"},"breadcrumb":{"@id":"https:\/\/salmosbiblicos.com.br\/index.php\/2025\/04\/29\/encontre-a-paz-e-a-esperanca-no-poder-da-fe-voce-e-luz-amor-e-divino\/#breadcrumb"},"inLanguage":"pt-BR","potentialAction":[{"@type":"ReadAction","target":["https:\/\/salmosbiblicos.com.br\/index.php\/2025\/04\/29\/encontre-a-paz-e-a-esperanca-no-poder-da-fe-voce-e-luz-amor-e-divino\/"]}]},{"@type":"BreadcrumbList","@id":"https:\/\/salmosbiblicos.com.br\/index.php\/2025\/04\/29\/encontre-a-paz-e-a-esperanca-no-poder-da-fe-voce-e-luz-amor-e-divino\/#breadcrumb","itemListElement":[{"@type":"ListItem","position":1,"name":"Home","item":"https:\/\/salmosbiblicos.com.br\/"},{"@type":"ListItem","position":2,"name":"Encontre a paz e a esperan\u00e7a no poder da f\u00e9: voc\u00ea \u00e9 luz, amor e divino"}]},{"@type":"WebSite","@id":"https:\/\/salmosbiblicos.com.br\/#website","url":"https:\/\/salmosbiblicos.com.br\/","name":"Salmos B\u00edblicos","description":"Uma e-Livraria com e-Books novos para voc\u00ea refletir.","potentialAction":[{"@type":"SearchAction","target":{"@type":"EntryPoint","urlTemplate":"https:\/\/salmosbiblicos.com.br\/?s={search_term_string}"},"query-input":{"@type":"PropertyValueSpecification","valueRequired":true,"valueName":"search_term_string"}}],"inLanguage":"pt-BR"},{"@type":"Person","@id":"https:\/\/salmosbiblicos.com.br\/#\/schema\/person\/760735259ba35f1e44e89c71c72d79da","name":"Irmao","image":{"@type":"ImageObject","inLanguage":"pt-BR","@id":"https:\/\/secure.gravatar.com\/avatar\/?s=96&d=mm&r=g","url":"https:\/\/secure.gravatar.com\/avatar\/?s=96&d=mm&r=g","contentUrl":"https:\/\/secure.gravatar.com\/avatar\/?s=96&d=mm&r=g","caption":"Irmao"},"url":"https:\/\/salmosbiblicos.com.br\/index.php\/author\/irmao\/"}]}},"_links":{"self":[{"href":"https:\/\/salmosbiblicos.com.br\/index.php\/wp-json\/wp\/v2\/posts\/4447","targetHints":{"allow":["GET"]}}],"collection":[{"href":"https:\/\/salmosbiblicos.com.br\/index.php\/wp-json\/wp\/v2\/posts"}],"about":[{"href":"https:\/\/salmosbiblicos.com.br\/index.php\/wp-json\/wp\/v2\/types\/post"}],"author":[{"embeddable":true,"href":"https:\/\/salmosbiblicos.com.br\/index.php\/wp-json\/wp\/v2\/users\/2"}],"replies":[{"embeddable":true,"href":"https:\/\/salmosbiblicos.com.br\/index.php\/wp-json\/wp\/v2\/comments?post=4447"}],"version-history":[{"count":0,"href":"https:\/\/salmosbiblicos.com.br\/index.php\/wp-json\/wp\/v2\/posts\/4447\/revisions"}],"wp:attachment":[{"href":"https:\/\/salmosbiblicos.com.br\/index.php\/wp-json\/wp\/v2\/media?parent=4447"}],"wp:term":[{"taxonomy":"category","embeddable":true,"href":"https:\/\/salmosbiblicos.com.br\/index.php\/wp-json\/wp\/v2\/categories?post=4447"},{"taxonomy":"post_tag","embeddable":true,"href":"https:\/\/salmosbiblicos.com.br\/index.php\/wp-json\/wp\/v2\/tags?post=4447"}],"curies":[{"name":"wp","href":"https:\/\/api.w.org\/{rel}","templated":true}]}}