{"id":4449,"date":"2025-04-29T23:04:15","date_gmt":"2025-04-30T02:04:15","guid":{"rendered":"https:\/\/salmosbiblicos.com.br\/?p=4449"},"modified":"2025-04-29T23:04:15","modified_gmt":"2025-04-30T02:04:15","slug":"o-poder-transformador-da-gratidao-cultive-a-alegria-e-a-paz-em-seu-coracao","status":"publish","type":"post","link":"https:\/\/salmosbiblicos.com.br\/index.php\/2025\/04\/29\/o-poder-transformador-da-gratidao-cultive-a-alegria-e-a-paz-em-seu-coracao\/","title":{"rendered":"O Poder Transformador da Gratid\u00e3o: Cultive a Alegria e a Paz em seu Cora\u00e7\u00e3o"},"content":{"rendered":"<p>Hoje, quero falar com voc\u00ea sobre o poder da gratid\u00e3o. Em meio a tantas preocupa\u00e7\u00f5es e desafios que enfrentamos diariamente, \u00e9 f\u00e1cil nos perdermos em pensamentos negativos e esquecermos de agradecer pelas b\u00ean\u00e7\u00e3os que recebemos.<\/p>\n<p>A gratid\u00e3o \u00e9 uma virtude poderosa que nos conecta com algo maior do que n\u00f3s mesmos. Quando paramos para refletir sobre tudo o que temos, percebemos o quanto somos aben\u00e7oados. Desde o simples fato de acordarmos todas as manh\u00e3s com vida e sa\u00fade, at\u00e9 as pequenas alegrias do dia a dia, como um sorriso sincero ou um gesto de bondade.<\/p>\n<p>Quando cultivamos a gratid\u00e3o em nosso cora\u00e7\u00e3o, somos capazes de enxergar a beleza nas pequenas coisas e reconhecer a presen\u00e7a de Deus em todos os momentos de nossa vida. Agradecer n\u00e3o significa que tudo em nossa vida \u00e9 perfeito, mas sim que escolhemos focar no que \u00e9 bom e no que nos traz paz.<\/p>\n<p>Mesmo nos momentos de dificuldade, podemos encontrar motivos para agradecer. Pois \u00e9 justamente nas adversidades que somos desafiados a crescer, a fortalecer nossa f\u00e9 e a confiar que tudo acontece por um motivo maior. A gratid\u00e3o nos ajuda a enfrentar os obst\u00e1culos com coragem e esperan\u00e7a, sabendo que n\u00e3o estamos sozinhos nessa jornada.<\/p>\n<p>Ent\u00e3o, hoje eu te convido a praticar a gratid\u00e3o. Reserve um tempo do seu dia para refletir sobre todas as coisas pelas quais voc\u00ea pode agradecer. Seja grato pela fam\u00edlia que te ama, pelos amigos que est\u00e3o ao seu lado, pelo trabalho que te sustenta, pela natureza que te encanta. Agrade\u00e7a por cada experi\u00eancia que te fez crescer, por cada desafio que te tornou mais forte.<\/p>\n<p>E lembre-se, a gratid\u00e3o n\u00e3o precisa ser expressa apenas em palavras. Ela pode ser demonstrada por meio de gestos simples, como ajudar algu\u00e9m em necessidade, ouvir algu\u00e9m que precisa desabafar, sorrir para um estranho na rua. Cada ato de gratid\u00e3o que praticamos torna o mundo um lugar melhor, mais amoroso e mais acolhedor.<\/p>\n<p>Ent\u00e3o, que possamos cultivar a gratid\u00e3o em nossos cora\u00e7\u00f5es, mesmo nos dias mais dif\u00edceis. Que possamos reconhecer a presen\u00e7a de Deus em todas as coisas e agradecer por Sua infinita bondade. E que, acima de tudo, possamos espalhar a gratid\u00e3o por onde passarmos, iluminando a vida daqueles que cruzam nosso caminho.<\/p>\n<p>Lembre-se: a gratid\u00e3o transforma o que temos em suficiente e abre as portas para a felicidade verdadeira. Que a gratid\u00e3o seja a luz que guia os nossos passos e nos enche de paz.<\/p>\n<p>Que a gratid\u00e3o seja a nossa palavra de ordem, hoje e sempre. Que assim seja. Am\u00e9m.<\/p>\n","protected":false},"excerpt":{"rendered":"<p>Hoje, quero falar com voc\u00ea sobre o poder da gratid\u00e3o. Em meio a tantas preocupa\u00e7\u00f5es e desafios que enfrentamos diariamente, \u00e9 f\u00e1cil nos perdermos em pensamentos negativos e esquecermos de agradecer pelas b\u00ean\u00e7\u00e3os que recebemos. A gratid\u00e3o \u00e9 uma virtude poderosa que nos conecta com algo maior do que n\u00f3s mesmos. Quando paramos para refletir [&hellip;]<\/p>\n","protected":false},"author":2,"featured_media":0,"comment_status":"closed","ping_status":"open","sticky":false,"template":"","format":"standard","meta":{"footnotes":""},"categories":[6],"tags":[],"class_list":["post-4449","post","type-post","status-publish","format-standard","hentry","category-reflexao-do-dia"],"yoast_head":"<!-- This site is optimized with the Yoast SEO plugin v27.2 - https:\/\/yoast.com\/product\/yoast-seo-wordpress\/ -->\n<title>O Poder Transformador da Gratid\u00e3o: Cultive a Alegria e a Paz em seu Cora\u00e7\u00e3o - Salmos B\u00edblicos<\/title>\n<meta name=\"robots\" content=\"index, follow, max-snippet:-1, max-image-preview:large, max-video-preview:-1\" \/>\n<link rel=\"canonical\" href=\"https:\/\/salmosbiblicos.com.br\/index.php\/2025\/04\/29\/o-poder-transformador-da-gratidao-cultive-a-alegria-e-a-paz-em-seu-coracao\/\" \/>\n<meta property=\"og:locale\" content=\"pt_BR\" \/>\n<meta property=\"og:type\" content=\"article\" \/>\n<meta property=\"og:title\" content=\"O Poder Transformador da Gratid\u00e3o: Cultive a Alegria e a Paz em seu Cora\u00e7\u00e3o - Salmos B\u00edblicos\" \/>\n<meta property=\"og:description\" content=\"Hoje, quero falar com voc\u00ea sobre o poder da gratid\u00e3o. Em meio a tantas preocupa\u00e7\u00f5es e desafios que enfrentamos diariamente, \u00e9 f\u00e1cil nos perdermos em pensamentos negativos e esquecermos de agradecer pelas b\u00ean\u00e7\u00e3os que recebemos. A gratid\u00e3o \u00e9 uma virtude poderosa que nos conecta com algo maior do que n\u00f3s mesmos. Quando paramos para refletir [&hellip;]\" \/>\n<meta property=\"og:url\" content=\"https:\/\/salmosbiblicos.com.br\/index.php\/2025\/04\/29\/o-poder-transformador-da-gratidao-cultive-a-alegria-e-a-paz-em-seu-coracao\/\" \/>\n<meta property=\"og:site_name\" content=\"Salmos B\u00edblicos\" \/>\n<meta property=\"article:published_time\" content=\"2025-04-30T02:04:15+00:00\" \/>\n<meta name=\"author\" content=\"Irmao\" \/>\n<meta name=\"twitter:card\" content=\"summary_large_image\" \/>\n<meta name=\"twitter:label1\" content=\"Escrito por\" \/>\n\t<meta name=\"twitter:data1\" content=\"Irmao\" \/>\n\t<meta name=\"twitter:label2\" content=\"Est. tempo de leitura\" \/>\n\t<meta name=\"twitter:data2\" content=\"2 minutos\" \/>\n<script type=\"application\/ld+json\" class=\"yoast-schema-graph\">{\"@context\":\"https:\/\/schema.org\",\"@graph\":[{\"@type\":\"Article\",\"@id\":\"https:\/\/salmosbiblicos.com.br\/index.php\/2025\/04\/29\/o-poder-transformador-da-gratidao-cultive-a-alegria-e-a-paz-em-seu-coracao\/#article\",\"isPartOf\":{\"@id\":\"https:\/\/salmosbiblicos.com.br\/index.php\/2025\/04\/29\/o-poder-transformador-da-gratidao-cultive-a-alegria-e-a-paz-em-seu-coracao\/\"},\"author\":{\"name\":\"Irmao\",\"@id\":\"https:\/\/salmosbiblicos.com.br\/#\/schema\/person\/760735259ba35f1e44e89c71c72d79da\"},\"headline\":\"O Poder Transformador da Gratid\u00e3o: Cultive a Alegria e a Paz em seu Cora\u00e7\u00e3o\",\"datePublished\":\"2025-04-30T02:04:15+00:00\",\"mainEntityOfPage\":{\"@id\":\"https:\/\/salmosbiblicos.com.br\/index.php\/2025\/04\/29\/o-poder-transformador-da-gratidao-cultive-a-alegria-e-a-paz-em-seu-coracao\/\"},\"wordCount\":471,\"articleSection\":[\"Reflex\u00e3o do Dia\"],\"inLanguage\":\"pt-BR\"},{\"@type\":\"WebPage\",\"@id\":\"https:\/\/salmosbiblicos.com.br\/index.php\/2025\/04\/29\/o-poder-transformador-da-gratidao-cultive-a-alegria-e-a-paz-em-seu-coracao\/\",\"url\":\"https:\/\/salmosbiblicos.com.br\/index.php\/2025\/04\/29\/o-poder-transformador-da-gratidao-cultive-a-alegria-e-a-paz-em-seu-coracao\/\",\"name\":\"O Poder Transformador da Gratid\u00e3o: Cultive a Alegria e a Paz em seu Cora\u00e7\u00e3o - Salmos B\u00edblicos\",\"isPartOf\":{\"@id\":\"https:\/\/salmosbiblicos.com.br\/#website\"},\"datePublished\":\"2025-04-30T02:04:15+00:00\",\"author\":{\"@id\":\"https:\/\/salmosbiblicos.com.br\/#\/schema\/person\/760735259ba35f1e44e89c71c72d79da\"},\"breadcrumb\":{\"@id\":\"https:\/\/salmosbiblicos.com.br\/index.php\/2025\/04\/29\/o-poder-transformador-da-gratidao-cultive-a-alegria-e-a-paz-em-seu-coracao\/#breadcrumb\"},\"inLanguage\":\"pt-BR\",\"potentialAction\":[{\"@type\":\"ReadAction\",\"target\":[\"https:\/\/salmosbiblicos.com.br\/index.php\/2025\/04\/29\/o-poder-transformador-da-gratidao-cultive-a-alegria-e-a-paz-em-seu-coracao\/\"]}]},{\"@type\":\"BreadcrumbList\",\"@id\":\"https:\/\/salmosbiblicos.com.br\/index.php\/2025\/04\/29\/o-poder-transformador-da-gratidao-cultive-a-alegria-e-a-paz-em-seu-coracao\/#breadcrumb\",\"itemListElement\":[{\"@type\":\"ListItem\",\"position\":1,\"name\":\"Home\",\"item\":\"https:\/\/salmosbiblicos.com.br\/\"},{\"@type\":\"ListItem\",\"position\":2,\"name\":\"O Poder Transformador da Gratid\u00e3o: Cultive a Alegria e a Paz em seu Cora\u00e7\u00e3o\"}]},{\"@type\":\"WebSite\",\"@id\":\"https:\/\/salmosbiblicos.com.br\/#website\",\"url\":\"https:\/\/salmosbiblicos.com.br\/\",\"name\":\"Salmos B\u00edblicos\",\"description\":\"Uma e-Livraria com e-Books novos para voc\u00ea refletir.\",\"potentialAction\":[{\"@type\":\"SearchAction\",\"target\":{\"@type\":\"EntryPoint\",\"urlTemplate\":\"https:\/\/salmosbiblicos.com.br\/?s={search_term_string}\"},\"query-input\":{\"@type\":\"PropertyValueSpecification\",\"valueRequired\":true,\"valueName\":\"search_term_string\"}}],\"inLanguage\":\"pt-BR\"},{\"@type\":\"Person\",\"@id\":\"https:\/\/salmosbiblicos.com.br\/#\/schema\/person\/760735259ba35f1e44e89c71c72d79da\",\"name\":\"Irmao\",\"image\":{\"@type\":\"ImageObject\",\"inLanguage\":\"pt-BR\",\"@id\":\"https:\/\/secure.gravatar.com\/avatar\/?s=96&d=mm&r=g\",\"url\":\"https:\/\/secure.gravatar.com\/avatar\/?s=96&d=mm&r=g\",\"contentUrl\":\"https:\/\/secure.gravatar.com\/avatar\/?s=96&d=mm&r=g\",\"caption\":\"Irmao\"},\"url\":\"https:\/\/salmosbiblicos.com.br\/index.php\/author\/irmao\/\"}]}<\/script>\n<!-- \/ Yoast SEO plugin. -->","yoast_head_json":{"title":"O Poder Transformador da Gratid\u00e3o: Cultive a Alegria e a Paz em seu Cora\u00e7\u00e3o - Salmos B\u00edblicos","robots":{"index":"index","follow":"follow","max-snippet":"max-snippet:-1","max-image-preview":"max-image-preview:large","max-video-preview":"max-video-preview:-1"},"canonical":"https:\/\/salmosbiblicos.com.br\/index.php\/2025\/04\/29\/o-poder-transformador-da-gratidao-cultive-a-alegria-e-a-paz-em-seu-coracao\/","og_locale":"pt_BR","og_type":"article","og_title":"O Poder Transformador da Gratid\u00e3o: Cultive a Alegria e a Paz em seu Cora\u00e7\u00e3o - Salmos B\u00edblicos","og_description":"Hoje, quero falar com voc\u00ea sobre o poder da gratid\u00e3o. Em meio a tantas preocupa\u00e7\u00f5es e desafios que enfrentamos diariamente, \u00e9 f\u00e1cil nos perdermos em pensamentos negativos e esquecermos de agradecer pelas b\u00ean\u00e7\u00e3os que recebemos. A gratid\u00e3o \u00e9 uma virtude poderosa que nos conecta com algo maior do que n\u00f3s mesmos. Quando paramos para refletir [&hellip;]","og_url":"https:\/\/salmosbiblicos.com.br\/index.php\/2025\/04\/29\/o-poder-transformador-da-gratidao-cultive-a-alegria-e-a-paz-em-seu-coracao\/","og_site_name":"Salmos B\u00edblicos","article_published_time":"2025-04-30T02:04:15+00:00","author":"Irmao","twitter_card":"summary_large_image","twitter_misc":{"Escrito por":"Irmao","Est. tempo de leitura":"2 minutos"},"schema":{"@context":"https:\/\/schema.org","@graph":[{"@type":"Article","@id":"https:\/\/salmosbiblicos.com.br\/index.php\/2025\/04\/29\/o-poder-transformador-da-gratidao-cultive-a-alegria-e-a-paz-em-seu-coracao\/#article","isPartOf":{"@id":"https:\/\/salmosbiblicos.com.br\/index.php\/2025\/04\/29\/o-poder-transformador-da-gratidao-cultive-a-alegria-e-a-paz-em-seu-coracao\/"},"author":{"name":"Irmao","@id":"https:\/\/salmosbiblicos.com.br\/#\/schema\/person\/760735259ba35f1e44e89c71c72d79da"},"headline":"O Poder Transformador da Gratid\u00e3o: Cultive a Alegria e a Paz em seu Cora\u00e7\u00e3o","datePublished":"2025-04-30T02:04:15+00:00","mainEntityOfPage":{"@id":"https:\/\/salmosbiblicos.com.br\/index.php\/2025\/04\/29\/o-poder-transformador-da-gratidao-cultive-a-alegria-e-a-paz-em-seu-coracao\/"},"wordCount":471,"articleSection":["Reflex\u00e3o do Dia"],"inLanguage":"pt-BR"},{"@type":"WebPage","@id":"https:\/\/salmosbiblicos.com.br\/index.php\/2025\/04\/29\/o-poder-transformador-da-gratidao-cultive-a-alegria-e-a-paz-em-seu-coracao\/","url":"https:\/\/salmosbiblicos.com.br\/index.php\/2025\/04\/29\/o-poder-transformador-da-gratidao-cultive-a-alegria-e-a-paz-em-seu-coracao\/","name":"O Poder Transformador da Gratid\u00e3o: Cultive a Alegria e a Paz em seu Cora\u00e7\u00e3o - Salmos B\u00edblicos","isPartOf":{"@id":"https:\/\/salmosbiblicos.com.br\/#website"},"datePublished":"2025-04-30T02:04:15+00:00","author":{"@id":"https:\/\/salmosbiblicos.com.br\/#\/schema\/person\/760735259ba35f1e44e89c71c72d79da"},"breadcrumb":{"@id":"https:\/\/salmosbiblicos.com.br\/index.php\/2025\/04\/29\/o-poder-transformador-da-gratidao-cultive-a-alegria-e-a-paz-em-seu-coracao\/#breadcrumb"},"inLanguage":"pt-BR","potentialAction":[{"@type":"ReadAction","target":["https:\/\/salmosbiblicos.com.br\/index.php\/2025\/04\/29\/o-poder-transformador-da-gratidao-cultive-a-alegria-e-a-paz-em-seu-coracao\/"]}]},{"@type":"BreadcrumbList","@id":"https:\/\/salmosbiblicos.com.br\/index.php\/2025\/04\/29\/o-poder-transformador-da-gratidao-cultive-a-alegria-e-a-paz-em-seu-coracao\/#breadcrumb","itemListElement":[{"@type":"ListItem","position":1,"name":"Home","item":"https:\/\/salmosbiblicos.com.br\/"},{"@type":"ListItem","position":2,"name":"O Poder Transformador da Gratid\u00e3o: Cultive a Alegria e a Paz em seu Cora\u00e7\u00e3o"}]},{"@type":"WebSite","@id":"https:\/\/salmosbiblicos.com.br\/#website","url":"https:\/\/salmosbiblicos.com.br\/","name":"Salmos B\u00edblicos","description":"Uma e-Livraria com e-Books novos para voc\u00ea refletir.","potentialAction":[{"@type":"SearchAction","target":{"@type":"EntryPoint","urlTemplate":"https:\/\/salmosbiblicos.com.br\/?s={search_term_string}"},"query-input":{"@type":"PropertyValueSpecification","valueRequired":true,"valueName":"search_term_string"}}],"inLanguage":"pt-BR"},{"@type":"Person","@id":"https:\/\/salmosbiblicos.com.br\/#\/schema\/person\/760735259ba35f1e44e89c71c72d79da","name":"Irmao","image":{"@type":"ImageObject","inLanguage":"pt-BR","@id":"https:\/\/secure.gravatar.com\/avatar\/?s=96&d=mm&r=g","url":"https:\/\/secure.gravatar.com\/avatar\/?s=96&d=mm&r=g","contentUrl":"https:\/\/secure.gravatar.com\/avatar\/?s=96&d=mm&r=g","caption":"Irmao"},"url":"https:\/\/salmosbiblicos.com.br\/index.php\/author\/irmao\/"}]}},"_links":{"self":[{"href":"https:\/\/salmosbiblicos.com.br\/index.php\/wp-json\/wp\/v2\/posts\/4449","targetHints":{"allow":["GET"]}}],"collection":[{"href":"https:\/\/salmosbiblicos.com.br\/index.php\/wp-json\/wp\/v2\/posts"}],"about":[{"href":"https:\/\/salmosbiblicos.com.br\/index.php\/wp-json\/wp\/v2\/types\/post"}],"author":[{"embeddable":true,"href":"https:\/\/salmosbiblicos.com.br\/index.php\/wp-json\/wp\/v2\/users\/2"}],"replies":[{"embeddable":true,"href":"https:\/\/salmosbiblicos.com.br\/index.php\/wp-json\/wp\/v2\/comments?post=4449"}],"version-history":[{"count":0,"href":"https:\/\/salmosbiblicos.com.br\/index.php\/wp-json\/wp\/v2\/posts\/4449\/revisions"}],"wp:attachment":[{"href":"https:\/\/salmosbiblicos.com.br\/index.php\/wp-json\/wp\/v2\/media?parent=4449"}],"wp:term":[{"taxonomy":"category","embeddable":true,"href":"https:\/\/salmosbiblicos.com.br\/index.php\/wp-json\/wp\/v2\/categories?post=4449"},{"taxonomy":"post_tag","embeddable":true,"href":"https:\/\/salmosbiblicos.com.br\/index.php\/wp-json\/wp\/v2\/tags?post=4449"}],"curies":[{"name":"wp","href":"https:\/\/api.w.org\/{rel}","templated":true}]}}