{"id":4451,"date":"2025-04-30T02:28:03","date_gmt":"2025-04-30T05:28:03","guid":{"rendered":"https:\/\/salmosbiblicos.com.br\/?p=4451"},"modified":"2025-04-30T02:28:03","modified_gmt":"2025-04-30T05:28:03","slug":"cultivando-a-paz-interior-encontre-serenidade-e-forca-na-conexao-com-o-divino","status":"publish","type":"post","link":"https:\/\/salmosbiblicos.com.br\/index.php\/2025\/04\/30\/cultivando-a-paz-interior-encontre-serenidade-e-forca-na-conexao-com-o-divino\/","title":{"rendered":"Cultivando a Paz Interior: Encontre Serenidade e For\u00e7a na Conex\u00e3o com o Divino"},"content":{"rendered":"<p>Hoje, eu quero falar com voc\u00ea sobre a import\u00e2ncia de cultivar a paz interior. Em meio a tantas preocupa\u00e7\u00f5es, ansiedades e turbul\u00eancias do dia a dia, \u00e9 fundamental encontrarmos momentos de tranquilidade para nutrir nossa alma e fortalecer nossa f\u00e9.<\/p>\n<p>\u00c0s vezes, nos vemos t\u00e3o envolvidos com as demandas da vida que acabamos esquecendo de cuidar do nosso interior. E \u00e9 exatamente nesses momentos que precisamos nos lembrar da import\u00e2ncia de buscar a paz que s\u00f3 Deus pode nos oferecer.<\/p>\n<p>Quando nos conectamos com o divino, permitimos que a serenidade invada nosso cora\u00e7\u00e3o e nos guie pelos caminhos da vida. \u00c9 como se receb\u00eassemos um abra\u00e7o acolhedor que nos conforta e nos renova, nos dando for\u00e7as para seguir em frente, mesmo diante dos desafios que possam surgir.<\/p>\n<p>Ent\u00e3o, eu te encorajo a reservar um tempo do seu dia para se dedicar \u00e0 medita\u00e7\u00e3o, \u00e0 ora\u00e7\u00e3o e \u00e0 reflex\u00e3o. Busque um lugar tranquilo, onde voc\u00ea possa se conectar consigo mesmo e com o sagrado. Permita-se ouvir a voz suave de Deus sussurrando palavras de amor e paz ao seu cora\u00e7\u00e3o.<\/p>\n<p>Lembre-se de que a paz interior n\u00e3o \u00e9 um estado permanente, mas sim uma pr\u00e1tica di\u00e1ria que requer esfor\u00e7o e dedica\u00e7\u00e3o. Cultivar a paz exige paci\u00eancia, compaix\u00e3o e gratid\u00e3o pelas pequenas coisas da vida. \u00c9 aprender a aceitar o que n\u00e3o podemos mudar e a confiar que tudo acontece no tempo certo.<\/p>\n<p>Quando nos colocamos diante de Deus com humildade e confian\u00e7a, somos transformados pela sua gra\u00e7a e miseric\u00f3rdia. Ele nos ensina a aceitar nossas limita\u00e7\u00f5es, a perdoar nossos erros e a seguir em frente com esperan\u00e7a e f\u00e9.<\/p>\n<p>Ent\u00e3o, n\u00e3o se desespere diante das adversidades, pois o Senhor est\u00e1 ao seu lado, pronto para acalmar a tempestade que possa estar assolando sua vida. Confie no seu amor incondicional e deixe que a paz que excede todo entendimento preencha o seu ser.<\/p>\n<p>Que a luz divina ilumine o seu caminho e que a paz de Deus, que ultrapassa todo o entendimento, guarde o seu cora\u00e7\u00e3o e a sua mente em Cristo Jesus. Am\u00e9m.<\/p>\n<p>Lembre-se: a paz come\u00e7a dentro de voc\u00ea. Busque-a, cultive-a e compartilhe-a com o mundo ao seu redor. Que a paz de Deus seja a sua fortaleza e a sua esperan\u00e7a em todos os momentos da sua vida. Que assim seja.<\/p>\n","protected":false},"excerpt":{"rendered":"<p>Hoje, eu quero falar com voc\u00ea sobre a import\u00e2ncia de cultivar a paz interior. Em meio a tantas preocupa\u00e7\u00f5es, ansiedades e turbul\u00eancias do dia a dia, \u00e9 fundamental encontrarmos momentos de tranquilidade para nutrir nossa alma e fortalecer nossa f\u00e9. \u00c0s vezes, nos vemos t\u00e3o envolvidos com as demandas da vida que acabamos esquecendo de [&hellip;]<\/p>\n","protected":false},"author":2,"featured_media":0,"comment_status":"closed","ping_status":"open","sticky":false,"template":"","format":"standard","meta":{"footnotes":""},"categories":[6],"tags":[],"class_list":["post-4451","post","type-post","status-publish","format-standard","hentry","category-reflexao-do-dia"],"yoast_head":"<!-- This site is optimized with the Yoast SEO plugin v27.2 - https:\/\/yoast.com\/product\/yoast-seo-wordpress\/ -->\n<title>Cultivando a Paz Interior: Encontre Serenidade e For\u00e7a na Conex\u00e3o com o Divino - Salmos B\u00edblicos<\/title>\n<meta name=\"robots\" content=\"index, follow, max-snippet:-1, max-image-preview:large, max-video-preview:-1\" \/>\n<link rel=\"canonical\" href=\"https:\/\/salmosbiblicos.com.br\/index.php\/2025\/04\/30\/cultivando-a-paz-interior-encontre-serenidade-e-forca-na-conexao-com-o-divino\/\" \/>\n<meta property=\"og:locale\" content=\"pt_BR\" \/>\n<meta property=\"og:type\" content=\"article\" \/>\n<meta property=\"og:title\" content=\"Cultivando a Paz Interior: Encontre Serenidade e For\u00e7a na Conex\u00e3o com o Divino - Salmos B\u00edblicos\" \/>\n<meta property=\"og:description\" content=\"Hoje, eu quero falar com voc\u00ea sobre a import\u00e2ncia de cultivar a paz interior. Em meio a tantas preocupa\u00e7\u00f5es, ansiedades e turbul\u00eancias do dia a dia, \u00e9 fundamental encontrarmos momentos de tranquilidade para nutrir nossa alma e fortalecer nossa f\u00e9. \u00c0s vezes, nos vemos t\u00e3o envolvidos com as demandas da vida que acabamos esquecendo de [&hellip;]\" \/>\n<meta property=\"og:url\" content=\"https:\/\/salmosbiblicos.com.br\/index.php\/2025\/04\/30\/cultivando-a-paz-interior-encontre-serenidade-e-forca-na-conexao-com-o-divino\/\" \/>\n<meta property=\"og:site_name\" content=\"Salmos B\u00edblicos\" \/>\n<meta property=\"article:published_time\" content=\"2025-04-30T05:28:03+00:00\" \/>\n<meta name=\"author\" content=\"Irmao\" \/>\n<meta name=\"twitter:card\" content=\"summary_large_image\" \/>\n<meta name=\"twitter:label1\" content=\"Escrito por\" \/>\n\t<meta name=\"twitter:data1\" content=\"Irmao\" \/>\n\t<meta name=\"twitter:label2\" content=\"Est. tempo de leitura\" \/>\n\t<meta name=\"twitter:data2\" content=\"2 minutos\" \/>\n<script type=\"application\/ld+json\" class=\"yoast-schema-graph\">{\"@context\":\"https:\/\/schema.org\",\"@graph\":[{\"@type\":\"Article\",\"@id\":\"https:\/\/salmosbiblicos.com.br\/index.php\/2025\/04\/30\/cultivando-a-paz-interior-encontre-serenidade-e-forca-na-conexao-com-o-divino\/#article\",\"isPartOf\":{\"@id\":\"https:\/\/salmosbiblicos.com.br\/index.php\/2025\/04\/30\/cultivando-a-paz-interior-encontre-serenidade-e-forca-na-conexao-com-o-divino\/\"},\"author\":{\"name\":\"Irmao\",\"@id\":\"https:\/\/salmosbiblicos.com.br\/#\/schema\/person\/760735259ba35f1e44e89c71c72d79da\"},\"headline\":\"Cultivando a Paz Interior: Encontre Serenidade e For\u00e7a na Conex\u00e3o com o Divino\",\"datePublished\":\"2025-04-30T05:28:03+00:00\",\"mainEntityOfPage\":{\"@id\":\"https:\/\/salmosbiblicos.com.br\/index.php\/2025\/04\/30\/cultivando-a-paz-interior-encontre-serenidade-e-forca-na-conexao-com-o-divino\/\"},\"wordCount\":423,\"articleSection\":[\"Reflex\u00e3o do Dia\"],\"inLanguage\":\"pt-BR\"},{\"@type\":\"WebPage\",\"@id\":\"https:\/\/salmosbiblicos.com.br\/index.php\/2025\/04\/30\/cultivando-a-paz-interior-encontre-serenidade-e-forca-na-conexao-com-o-divino\/\",\"url\":\"https:\/\/salmosbiblicos.com.br\/index.php\/2025\/04\/30\/cultivando-a-paz-interior-encontre-serenidade-e-forca-na-conexao-com-o-divino\/\",\"name\":\"Cultivando a Paz Interior: Encontre Serenidade e For\u00e7a na Conex\u00e3o com o Divino - Salmos B\u00edblicos\",\"isPartOf\":{\"@id\":\"https:\/\/salmosbiblicos.com.br\/#website\"},\"datePublished\":\"2025-04-30T05:28:03+00:00\",\"author\":{\"@id\":\"https:\/\/salmosbiblicos.com.br\/#\/schema\/person\/760735259ba35f1e44e89c71c72d79da\"},\"breadcrumb\":{\"@id\":\"https:\/\/salmosbiblicos.com.br\/index.php\/2025\/04\/30\/cultivando-a-paz-interior-encontre-serenidade-e-forca-na-conexao-com-o-divino\/#breadcrumb\"},\"inLanguage\":\"pt-BR\",\"potentialAction\":[{\"@type\":\"ReadAction\",\"target\":[\"https:\/\/salmosbiblicos.com.br\/index.php\/2025\/04\/30\/cultivando-a-paz-interior-encontre-serenidade-e-forca-na-conexao-com-o-divino\/\"]}]},{\"@type\":\"BreadcrumbList\",\"@id\":\"https:\/\/salmosbiblicos.com.br\/index.php\/2025\/04\/30\/cultivando-a-paz-interior-encontre-serenidade-e-forca-na-conexao-com-o-divino\/#breadcrumb\",\"itemListElement\":[{\"@type\":\"ListItem\",\"position\":1,\"name\":\"Home\",\"item\":\"https:\/\/salmosbiblicos.com.br\/\"},{\"@type\":\"ListItem\",\"position\":2,\"name\":\"Cultivando a Paz Interior: Encontre Serenidade e For\u00e7a na Conex\u00e3o com o Divino\"}]},{\"@type\":\"WebSite\",\"@id\":\"https:\/\/salmosbiblicos.com.br\/#website\",\"url\":\"https:\/\/salmosbiblicos.com.br\/\",\"name\":\"Salmos B\u00edblicos\",\"description\":\"Uma e-Livraria com e-Books novos para voc\u00ea refletir.\",\"potentialAction\":[{\"@type\":\"SearchAction\",\"target\":{\"@type\":\"EntryPoint\",\"urlTemplate\":\"https:\/\/salmosbiblicos.com.br\/?s={search_term_string}\"},\"query-input\":{\"@type\":\"PropertyValueSpecification\",\"valueRequired\":true,\"valueName\":\"search_term_string\"}}],\"inLanguage\":\"pt-BR\"},{\"@type\":\"Person\",\"@id\":\"https:\/\/salmosbiblicos.com.br\/#\/schema\/person\/760735259ba35f1e44e89c71c72d79da\",\"name\":\"Irmao\",\"image\":{\"@type\":\"ImageObject\",\"inLanguage\":\"pt-BR\",\"@id\":\"https:\/\/secure.gravatar.com\/avatar\/?s=96&d=mm&r=g\",\"url\":\"https:\/\/secure.gravatar.com\/avatar\/?s=96&d=mm&r=g\",\"contentUrl\":\"https:\/\/secure.gravatar.com\/avatar\/?s=96&d=mm&r=g\",\"caption\":\"Irmao\"},\"url\":\"https:\/\/salmosbiblicos.com.br\/index.php\/author\/irmao\/\"}]}<\/script>\n<!-- \/ Yoast SEO plugin. -->","yoast_head_json":{"title":"Cultivando a Paz Interior: Encontre Serenidade e For\u00e7a na Conex\u00e3o com o Divino - Salmos B\u00edblicos","robots":{"index":"index","follow":"follow","max-snippet":"max-snippet:-1","max-image-preview":"max-image-preview:large","max-video-preview":"max-video-preview:-1"},"canonical":"https:\/\/salmosbiblicos.com.br\/index.php\/2025\/04\/30\/cultivando-a-paz-interior-encontre-serenidade-e-forca-na-conexao-com-o-divino\/","og_locale":"pt_BR","og_type":"article","og_title":"Cultivando a Paz Interior: Encontre Serenidade e For\u00e7a na Conex\u00e3o com o Divino - Salmos B\u00edblicos","og_description":"Hoje, eu quero falar com voc\u00ea sobre a import\u00e2ncia de cultivar a paz interior. Em meio a tantas preocupa\u00e7\u00f5es, ansiedades e turbul\u00eancias do dia a dia, \u00e9 fundamental encontrarmos momentos de tranquilidade para nutrir nossa alma e fortalecer nossa f\u00e9. \u00c0s vezes, nos vemos t\u00e3o envolvidos com as demandas da vida que acabamos esquecendo de [&hellip;]","og_url":"https:\/\/salmosbiblicos.com.br\/index.php\/2025\/04\/30\/cultivando-a-paz-interior-encontre-serenidade-e-forca-na-conexao-com-o-divino\/","og_site_name":"Salmos B\u00edblicos","article_published_time":"2025-04-30T05:28:03+00:00","author":"Irmao","twitter_card":"summary_large_image","twitter_misc":{"Escrito por":"Irmao","Est. tempo de leitura":"2 minutos"},"schema":{"@context":"https:\/\/schema.org","@graph":[{"@type":"Article","@id":"https:\/\/salmosbiblicos.com.br\/index.php\/2025\/04\/30\/cultivando-a-paz-interior-encontre-serenidade-e-forca-na-conexao-com-o-divino\/#article","isPartOf":{"@id":"https:\/\/salmosbiblicos.com.br\/index.php\/2025\/04\/30\/cultivando-a-paz-interior-encontre-serenidade-e-forca-na-conexao-com-o-divino\/"},"author":{"name":"Irmao","@id":"https:\/\/salmosbiblicos.com.br\/#\/schema\/person\/760735259ba35f1e44e89c71c72d79da"},"headline":"Cultivando a Paz Interior: Encontre Serenidade e For\u00e7a na Conex\u00e3o com o Divino","datePublished":"2025-04-30T05:28:03+00:00","mainEntityOfPage":{"@id":"https:\/\/salmosbiblicos.com.br\/index.php\/2025\/04\/30\/cultivando-a-paz-interior-encontre-serenidade-e-forca-na-conexao-com-o-divino\/"},"wordCount":423,"articleSection":["Reflex\u00e3o do Dia"],"inLanguage":"pt-BR"},{"@type":"WebPage","@id":"https:\/\/salmosbiblicos.com.br\/index.php\/2025\/04\/30\/cultivando-a-paz-interior-encontre-serenidade-e-forca-na-conexao-com-o-divino\/","url":"https:\/\/salmosbiblicos.com.br\/index.php\/2025\/04\/30\/cultivando-a-paz-interior-encontre-serenidade-e-forca-na-conexao-com-o-divino\/","name":"Cultivando a Paz Interior: Encontre Serenidade e For\u00e7a na Conex\u00e3o com o Divino - Salmos B\u00edblicos","isPartOf":{"@id":"https:\/\/salmosbiblicos.com.br\/#website"},"datePublished":"2025-04-30T05:28:03+00:00","author":{"@id":"https:\/\/salmosbiblicos.com.br\/#\/schema\/person\/760735259ba35f1e44e89c71c72d79da"},"breadcrumb":{"@id":"https:\/\/salmosbiblicos.com.br\/index.php\/2025\/04\/30\/cultivando-a-paz-interior-encontre-serenidade-e-forca-na-conexao-com-o-divino\/#breadcrumb"},"inLanguage":"pt-BR","potentialAction":[{"@type":"ReadAction","target":["https:\/\/salmosbiblicos.com.br\/index.php\/2025\/04\/30\/cultivando-a-paz-interior-encontre-serenidade-e-forca-na-conexao-com-o-divino\/"]}]},{"@type":"BreadcrumbList","@id":"https:\/\/salmosbiblicos.com.br\/index.php\/2025\/04\/30\/cultivando-a-paz-interior-encontre-serenidade-e-forca-na-conexao-com-o-divino\/#breadcrumb","itemListElement":[{"@type":"ListItem","position":1,"name":"Home","item":"https:\/\/salmosbiblicos.com.br\/"},{"@type":"ListItem","position":2,"name":"Cultivando a Paz Interior: Encontre Serenidade e For\u00e7a na Conex\u00e3o com o Divino"}]},{"@type":"WebSite","@id":"https:\/\/salmosbiblicos.com.br\/#website","url":"https:\/\/salmosbiblicos.com.br\/","name":"Salmos B\u00edblicos","description":"Uma e-Livraria com e-Books novos para voc\u00ea refletir.","potentialAction":[{"@type":"SearchAction","target":{"@type":"EntryPoint","urlTemplate":"https:\/\/salmosbiblicos.com.br\/?s={search_term_string}"},"query-input":{"@type":"PropertyValueSpecification","valueRequired":true,"valueName":"search_term_string"}}],"inLanguage":"pt-BR"},{"@type":"Person","@id":"https:\/\/salmosbiblicos.com.br\/#\/schema\/person\/760735259ba35f1e44e89c71c72d79da","name":"Irmao","image":{"@type":"ImageObject","inLanguage":"pt-BR","@id":"https:\/\/secure.gravatar.com\/avatar\/?s=96&d=mm&r=g","url":"https:\/\/secure.gravatar.com\/avatar\/?s=96&d=mm&r=g","contentUrl":"https:\/\/secure.gravatar.com\/avatar\/?s=96&d=mm&r=g","caption":"Irmao"},"url":"https:\/\/salmosbiblicos.com.br\/index.php\/author\/irmao\/"}]}},"_links":{"self":[{"href":"https:\/\/salmosbiblicos.com.br\/index.php\/wp-json\/wp\/v2\/posts\/4451","targetHints":{"allow":["GET"]}}],"collection":[{"href":"https:\/\/salmosbiblicos.com.br\/index.php\/wp-json\/wp\/v2\/posts"}],"about":[{"href":"https:\/\/salmosbiblicos.com.br\/index.php\/wp-json\/wp\/v2\/types\/post"}],"author":[{"embeddable":true,"href":"https:\/\/salmosbiblicos.com.br\/index.php\/wp-json\/wp\/v2\/users\/2"}],"replies":[{"embeddable":true,"href":"https:\/\/salmosbiblicos.com.br\/index.php\/wp-json\/wp\/v2\/comments?post=4451"}],"version-history":[{"count":0,"href":"https:\/\/salmosbiblicos.com.br\/index.php\/wp-json\/wp\/v2\/posts\/4451\/revisions"}],"wp:attachment":[{"href":"https:\/\/salmosbiblicos.com.br\/index.php\/wp-json\/wp\/v2\/media?parent=4451"}],"wp:term":[{"taxonomy":"category","embeddable":true,"href":"https:\/\/salmosbiblicos.com.br\/index.php\/wp-json\/wp\/v2\/categories?post=4451"},{"taxonomy":"post_tag","embeddable":true,"href":"https:\/\/salmosbiblicos.com.br\/index.php\/wp-json\/wp\/v2\/tags?post=4451"}],"curies":[{"name":"wp","href":"https:\/\/api.w.org\/{rel}","templated":true}]}}