{"id":4453,"date":"2025-04-30T02:28:13","date_gmt":"2025-04-30T05:28:13","guid":{"rendered":"https:\/\/salmosbiblicos.com.br\/?p=4453"},"modified":"2025-04-30T02:28:13","modified_gmt":"2025-04-30T05:28:13","slug":"o-poder-da-gratidao-transformando-a-vida-com-bencaos-e-alegrias","status":"publish","type":"post","link":"https:\/\/salmosbiblicos.com.br\/index.php\/2025\/04\/30\/o-poder-da-gratidao-transformando-a-vida-com-bencaos-e-alegrias\/","title":{"rendered":"O Poder da Gratid\u00e3o: Transformando a Vida com B\u00ean\u00e7\u00e3os e Alegrias"},"content":{"rendered":"<p>Hoje, quero te convidar a refletir sobre a import\u00e2ncia da gratid\u00e3o em nossas vidas. Em meio a tantas preocupa\u00e7\u00f5es, problemas e desafios di\u00e1rios, muitas vezes esquecemos de olhar ao nosso redor e agradecer por todas as b\u00ean\u00e7\u00e3os que recebemos.<\/p>\n<p>A gratid\u00e3o \u00e9 uma virtude poderosa que nos conecta com o divino e nos ajuda a enxergar a beleza e a bondade que existem em cada detalhe da vida. Ao agradecer, reconhecemos a presen\u00e7a de Deus em nossas vidas e abrimos espa\u00e7o para que mais b\u00ean\u00e7\u00e3os possam fluir em nosso caminho.<\/p>\n<p>Mesmo nos momentos dif\u00edceis, \u00e9 importante lembrar que sempre h\u00e1 algo pelo qual podemos ser gratos. Pode ser um simples raio de sol que ilumina o nosso dia, um sorriso acolhedor de um amigo, a sa\u00fade que nos permite viver plenamente, ou at\u00e9 mesmo os desafios que nos fazem crescer e amadurecer.<\/p>\n<p>Quando cultivamos a gratid\u00e3o em nosso cora\u00e7\u00e3o, somos capazes de transformar a nossa realidade e atrair mais positividade para a nossa vida. Agradecer nos torna mais conscientes das d\u00e1divas que recebemos e nos ajuda a valorizar cada momento, cada pessoa e cada experi\u00eancia que faz parte do nosso caminho.<\/p>\n<p>Ent\u00e3o, hoje, convido voc\u00ea a praticar a gratid\u00e3o. Reserve um momento do seu dia para refletir sobre tudo o que voc\u00ea tem a agradecer. Fa\u00e7a uma lista mental ou escrita das b\u00ean\u00e7\u00e3os que recebeu, por menores que pare\u00e7am. E, acima de tudo, agrade\u00e7a de todo o seu cora\u00e7\u00e3o.<\/p>\n<p>Que a gratid\u00e3o seja a luz que ilumina o seu caminho e que te guia rumo \u00e0 paz e \u00e0 felicidade. Lembre-se sempre: a gratid\u00e3o transforma o que temos em suficiente, e abre as portas para que mais b\u00ean\u00e7\u00e3os possam entrar em nossa vida.<\/p>\n<p>Que a sua jornada seja permeada pela gratid\u00e3o, e que voc\u00ea encontre sempre motivos para sorrir e agradecer. A vida \u00e9 um presente precioso, e cada dia \u00e9 uma oportunidade de sermos gratos e felizes.<\/p>\n<p>Que a gratid\u00e3o seja a chave que abre as portas da sua alma para a paz e a plenitude. Agrade\u00e7a, celebre e viva com o cora\u00e7\u00e3o cheio de gratid\u00e3o.<\/p>\n<p>Que a gratid\u00e3o te guie, te proteja e te inspire a cada passo do caminho. Agrade\u00e7a, e ver\u00e1 como a sua vida se transformar\u00e1 em um jardim de b\u00ean\u00e7\u00e3os e alegrias.<\/p>\n<p>Que a gratid\u00e3o seja a sua companheira fiel, iluminando os seus dias e aben\u00e7oando o seu caminho. Agrade\u00e7a, e seja feliz.<\/p>\n","protected":false},"excerpt":{"rendered":"<p>Hoje, quero te convidar a refletir sobre a import\u00e2ncia da gratid\u00e3o em nossas vidas. Em meio a tantas preocupa\u00e7\u00f5es, problemas e desafios di\u00e1rios, muitas vezes esquecemos de olhar ao nosso redor e agradecer por todas as b\u00ean\u00e7\u00e3os que recebemos. A gratid\u00e3o \u00e9 uma virtude poderosa que nos conecta com o divino e nos ajuda a [&hellip;]<\/p>\n","protected":false},"author":2,"featured_media":0,"comment_status":"closed","ping_status":"open","sticky":false,"template":"","format":"standard","meta":{"footnotes":""},"categories":[6],"tags":[],"class_list":["post-4453","post","type-post","status-publish","format-standard","hentry","category-reflexao-do-dia"],"yoast_head":"<!-- This site is optimized with the Yoast SEO plugin v27.2 - https:\/\/yoast.com\/product\/yoast-seo-wordpress\/ -->\n<title>O Poder da Gratid\u00e3o: Transformando a Vida com B\u00ean\u00e7\u00e3os e Alegrias - Salmos B\u00edblicos<\/title>\n<meta name=\"robots\" content=\"index, follow, max-snippet:-1, max-image-preview:large, max-video-preview:-1\" \/>\n<link rel=\"canonical\" href=\"https:\/\/salmosbiblicos.com.br\/index.php\/2025\/04\/30\/o-poder-da-gratidao-transformando-a-vida-com-bencaos-e-alegrias\/\" \/>\n<meta property=\"og:locale\" content=\"pt_BR\" \/>\n<meta property=\"og:type\" content=\"article\" \/>\n<meta property=\"og:title\" content=\"O Poder da Gratid\u00e3o: Transformando a Vida com B\u00ean\u00e7\u00e3os e Alegrias - Salmos B\u00edblicos\" \/>\n<meta property=\"og:description\" content=\"Hoje, quero te convidar a refletir sobre a import\u00e2ncia da gratid\u00e3o em nossas vidas. Em meio a tantas preocupa\u00e7\u00f5es, problemas e desafios di\u00e1rios, muitas vezes esquecemos de olhar ao nosso redor e agradecer por todas as b\u00ean\u00e7\u00e3os que recebemos. A gratid\u00e3o \u00e9 uma virtude poderosa que nos conecta com o divino e nos ajuda a [&hellip;]\" \/>\n<meta property=\"og:url\" content=\"https:\/\/salmosbiblicos.com.br\/index.php\/2025\/04\/30\/o-poder-da-gratidao-transformando-a-vida-com-bencaos-e-alegrias\/\" \/>\n<meta property=\"og:site_name\" content=\"Salmos B\u00edblicos\" \/>\n<meta property=\"article:published_time\" content=\"2025-04-30T05:28:13+00:00\" \/>\n<meta name=\"author\" content=\"Irmao\" \/>\n<meta name=\"twitter:card\" content=\"summary_large_image\" \/>\n<meta name=\"twitter:label1\" content=\"Escrito por\" \/>\n\t<meta name=\"twitter:data1\" content=\"Irmao\" \/>\n\t<meta name=\"twitter:label2\" content=\"Est. tempo de leitura\" \/>\n\t<meta name=\"twitter:data2\" content=\"2 minutos\" \/>\n<script type=\"application\/ld+json\" class=\"yoast-schema-graph\">{\"@context\":\"https:\/\/schema.org\",\"@graph\":[{\"@type\":\"Article\",\"@id\":\"https:\/\/salmosbiblicos.com.br\/index.php\/2025\/04\/30\/o-poder-da-gratidao-transformando-a-vida-com-bencaos-e-alegrias\/#article\",\"isPartOf\":{\"@id\":\"https:\/\/salmosbiblicos.com.br\/index.php\/2025\/04\/30\/o-poder-da-gratidao-transformando-a-vida-com-bencaos-e-alegrias\/\"},\"author\":{\"name\":\"Irmao\",\"@id\":\"https:\/\/salmosbiblicos.com.br\/#\/schema\/person\/760735259ba35f1e44e89c71c72d79da\"},\"headline\":\"O Poder da Gratid\u00e3o: Transformando a Vida com B\u00ean\u00e7\u00e3os e Alegrias\",\"datePublished\":\"2025-04-30T05:28:13+00:00\",\"mainEntityOfPage\":{\"@id\":\"https:\/\/salmosbiblicos.com.br\/index.php\/2025\/04\/30\/o-poder-da-gratidao-transformando-a-vida-com-bencaos-e-alegrias\/\"},\"wordCount\":448,\"articleSection\":[\"Reflex\u00e3o do Dia\"],\"inLanguage\":\"pt-BR\"},{\"@type\":\"WebPage\",\"@id\":\"https:\/\/salmosbiblicos.com.br\/index.php\/2025\/04\/30\/o-poder-da-gratidao-transformando-a-vida-com-bencaos-e-alegrias\/\",\"url\":\"https:\/\/salmosbiblicos.com.br\/index.php\/2025\/04\/30\/o-poder-da-gratidao-transformando-a-vida-com-bencaos-e-alegrias\/\",\"name\":\"O Poder da Gratid\u00e3o: Transformando a Vida com B\u00ean\u00e7\u00e3os e Alegrias - Salmos B\u00edblicos\",\"isPartOf\":{\"@id\":\"https:\/\/salmosbiblicos.com.br\/#website\"},\"datePublished\":\"2025-04-30T05:28:13+00:00\",\"author\":{\"@id\":\"https:\/\/salmosbiblicos.com.br\/#\/schema\/person\/760735259ba35f1e44e89c71c72d79da\"},\"breadcrumb\":{\"@id\":\"https:\/\/salmosbiblicos.com.br\/index.php\/2025\/04\/30\/o-poder-da-gratidao-transformando-a-vida-com-bencaos-e-alegrias\/#breadcrumb\"},\"inLanguage\":\"pt-BR\",\"potentialAction\":[{\"@type\":\"ReadAction\",\"target\":[\"https:\/\/salmosbiblicos.com.br\/index.php\/2025\/04\/30\/o-poder-da-gratidao-transformando-a-vida-com-bencaos-e-alegrias\/\"]}]},{\"@type\":\"BreadcrumbList\",\"@id\":\"https:\/\/salmosbiblicos.com.br\/index.php\/2025\/04\/30\/o-poder-da-gratidao-transformando-a-vida-com-bencaos-e-alegrias\/#breadcrumb\",\"itemListElement\":[{\"@type\":\"ListItem\",\"position\":1,\"name\":\"Home\",\"item\":\"https:\/\/salmosbiblicos.com.br\/\"},{\"@type\":\"ListItem\",\"position\":2,\"name\":\"O Poder da Gratid\u00e3o: Transformando a Vida com B\u00ean\u00e7\u00e3os e Alegrias\"}]},{\"@type\":\"WebSite\",\"@id\":\"https:\/\/salmosbiblicos.com.br\/#website\",\"url\":\"https:\/\/salmosbiblicos.com.br\/\",\"name\":\"Salmos B\u00edblicos\",\"description\":\"Uma e-Livraria com e-Books novos para voc\u00ea refletir.\",\"potentialAction\":[{\"@type\":\"SearchAction\",\"target\":{\"@type\":\"EntryPoint\",\"urlTemplate\":\"https:\/\/salmosbiblicos.com.br\/?s={search_term_string}\"},\"query-input\":{\"@type\":\"PropertyValueSpecification\",\"valueRequired\":true,\"valueName\":\"search_term_string\"}}],\"inLanguage\":\"pt-BR\"},{\"@type\":\"Person\",\"@id\":\"https:\/\/salmosbiblicos.com.br\/#\/schema\/person\/760735259ba35f1e44e89c71c72d79da\",\"name\":\"Irmao\",\"image\":{\"@type\":\"ImageObject\",\"inLanguage\":\"pt-BR\",\"@id\":\"https:\/\/secure.gravatar.com\/avatar\/?s=96&d=mm&r=g\",\"url\":\"https:\/\/secure.gravatar.com\/avatar\/?s=96&d=mm&r=g\",\"contentUrl\":\"https:\/\/secure.gravatar.com\/avatar\/?s=96&d=mm&r=g\",\"caption\":\"Irmao\"},\"url\":\"https:\/\/salmosbiblicos.com.br\/index.php\/author\/irmao\/\"}]}<\/script>\n<!-- \/ Yoast SEO plugin. -->","yoast_head_json":{"title":"O Poder da Gratid\u00e3o: Transformando a Vida com B\u00ean\u00e7\u00e3os e Alegrias - Salmos B\u00edblicos","robots":{"index":"index","follow":"follow","max-snippet":"max-snippet:-1","max-image-preview":"max-image-preview:large","max-video-preview":"max-video-preview:-1"},"canonical":"https:\/\/salmosbiblicos.com.br\/index.php\/2025\/04\/30\/o-poder-da-gratidao-transformando-a-vida-com-bencaos-e-alegrias\/","og_locale":"pt_BR","og_type":"article","og_title":"O Poder da Gratid\u00e3o: Transformando a Vida com B\u00ean\u00e7\u00e3os e Alegrias - Salmos B\u00edblicos","og_description":"Hoje, quero te convidar a refletir sobre a import\u00e2ncia da gratid\u00e3o em nossas vidas. Em meio a tantas preocupa\u00e7\u00f5es, problemas e desafios di\u00e1rios, muitas vezes esquecemos de olhar ao nosso redor e agradecer por todas as b\u00ean\u00e7\u00e3os que recebemos. A gratid\u00e3o \u00e9 uma virtude poderosa que nos conecta com o divino e nos ajuda a [&hellip;]","og_url":"https:\/\/salmosbiblicos.com.br\/index.php\/2025\/04\/30\/o-poder-da-gratidao-transformando-a-vida-com-bencaos-e-alegrias\/","og_site_name":"Salmos B\u00edblicos","article_published_time":"2025-04-30T05:28:13+00:00","author":"Irmao","twitter_card":"summary_large_image","twitter_misc":{"Escrito por":"Irmao","Est. tempo de leitura":"2 minutos"},"schema":{"@context":"https:\/\/schema.org","@graph":[{"@type":"Article","@id":"https:\/\/salmosbiblicos.com.br\/index.php\/2025\/04\/30\/o-poder-da-gratidao-transformando-a-vida-com-bencaos-e-alegrias\/#article","isPartOf":{"@id":"https:\/\/salmosbiblicos.com.br\/index.php\/2025\/04\/30\/o-poder-da-gratidao-transformando-a-vida-com-bencaos-e-alegrias\/"},"author":{"name":"Irmao","@id":"https:\/\/salmosbiblicos.com.br\/#\/schema\/person\/760735259ba35f1e44e89c71c72d79da"},"headline":"O Poder da Gratid\u00e3o: Transformando a Vida com B\u00ean\u00e7\u00e3os e Alegrias","datePublished":"2025-04-30T05:28:13+00:00","mainEntityOfPage":{"@id":"https:\/\/salmosbiblicos.com.br\/index.php\/2025\/04\/30\/o-poder-da-gratidao-transformando-a-vida-com-bencaos-e-alegrias\/"},"wordCount":448,"articleSection":["Reflex\u00e3o do Dia"],"inLanguage":"pt-BR"},{"@type":"WebPage","@id":"https:\/\/salmosbiblicos.com.br\/index.php\/2025\/04\/30\/o-poder-da-gratidao-transformando-a-vida-com-bencaos-e-alegrias\/","url":"https:\/\/salmosbiblicos.com.br\/index.php\/2025\/04\/30\/o-poder-da-gratidao-transformando-a-vida-com-bencaos-e-alegrias\/","name":"O Poder da Gratid\u00e3o: Transformando a Vida com B\u00ean\u00e7\u00e3os e Alegrias - Salmos B\u00edblicos","isPartOf":{"@id":"https:\/\/salmosbiblicos.com.br\/#website"},"datePublished":"2025-04-30T05:28:13+00:00","author":{"@id":"https:\/\/salmosbiblicos.com.br\/#\/schema\/person\/760735259ba35f1e44e89c71c72d79da"},"breadcrumb":{"@id":"https:\/\/salmosbiblicos.com.br\/index.php\/2025\/04\/30\/o-poder-da-gratidao-transformando-a-vida-com-bencaos-e-alegrias\/#breadcrumb"},"inLanguage":"pt-BR","potentialAction":[{"@type":"ReadAction","target":["https:\/\/salmosbiblicos.com.br\/index.php\/2025\/04\/30\/o-poder-da-gratidao-transformando-a-vida-com-bencaos-e-alegrias\/"]}]},{"@type":"BreadcrumbList","@id":"https:\/\/salmosbiblicos.com.br\/index.php\/2025\/04\/30\/o-poder-da-gratidao-transformando-a-vida-com-bencaos-e-alegrias\/#breadcrumb","itemListElement":[{"@type":"ListItem","position":1,"name":"Home","item":"https:\/\/salmosbiblicos.com.br\/"},{"@type":"ListItem","position":2,"name":"O Poder da Gratid\u00e3o: Transformando a Vida com B\u00ean\u00e7\u00e3os e Alegrias"}]},{"@type":"WebSite","@id":"https:\/\/salmosbiblicos.com.br\/#website","url":"https:\/\/salmosbiblicos.com.br\/","name":"Salmos B\u00edblicos","description":"Uma e-Livraria com e-Books novos para voc\u00ea refletir.","potentialAction":[{"@type":"SearchAction","target":{"@type":"EntryPoint","urlTemplate":"https:\/\/salmosbiblicos.com.br\/?s={search_term_string}"},"query-input":{"@type":"PropertyValueSpecification","valueRequired":true,"valueName":"search_term_string"}}],"inLanguage":"pt-BR"},{"@type":"Person","@id":"https:\/\/salmosbiblicos.com.br\/#\/schema\/person\/760735259ba35f1e44e89c71c72d79da","name":"Irmao","image":{"@type":"ImageObject","inLanguage":"pt-BR","@id":"https:\/\/secure.gravatar.com\/avatar\/?s=96&d=mm&r=g","url":"https:\/\/secure.gravatar.com\/avatar\/?s=96&d=mm&r=g","contentUrl":"https:\/\/secure.gravatar.com\/avatar\/?s=96&d=mm&r=g","caption":"Irmao"},"url":"https:\/\/salmosbiblicos.com.br\/index.php\/author\/irmao\/"}]}},"_links":{"self":[{"href":"https:\/\/salmosbiblicos.com.br\/index.php\/wp-json\/wp\/v2\/posts\/4453","targetHints":{"allow":["GET"]}}],"collection":[{"href":"https:\/\/salmosbiblicos.com.br\/index.php\/wp-json\/wp\/v2\/posts"}],"about":[{"href":"https:\/\/salmosbiblicos.com.br\/index.php\/wp-json\/wp\/v2\/types\/post"}],"author":[{"embeddable":true,"href":"https:\/\/salmosbiblicos.com.br\/index.php\/wp-json\/wp\/v2\/users\/2"}],"replies":[{"embeddable":true,"href":"https:\/\/salmosbiblicos.com.br\/index.php\/wp-json\/wp\/v2\/comments?post=4453"}],"version-history":[{"count":0,"href":"https:\/\/salmosbiblicos.com.br\/index.php\/wp-json\/wp\/v2\/posts\/4453\/revisions"}],"wp:attachment":[{"href":"https:\/\/salmosbiblicos.com.br\/index.php\/wp-json\/wp\/v2\/media?parent=4453"}],"wp:term":[{"taxonomy":"category","embeddable":true,"href":"https:\/\/salmosbiblicos.com.br\/index.php\/wp-json\/wp\/v2\/categories?post=4453"},{"taxonomy":"post_tag","embeddable":true,"href":"https:\/\/salmosbiblicos.com.br\/index.php\/wp-json\/wp\/v2\/tags?post=4453"}],"curies":[{"name":"wp","href":"https:\/\/api.w.org\/{rel}","templated":true}]}}