{"id":4455,"date":"2025-04-30T02:28:24","date_gmt":"2025-04-30T05:28:24","guid":{"rendered":"https:\/\/salmosbiblicos.com.br\/?p=4455"},"modified":"2025-04-30T02:28:24","modified_gmt":"2025-04-30T05:28:24","slug":"a-importancia-da-paz-interior-cultivando-a-serenidade-em-meio-ao-caos","status":"publish","type":"post","link":"https:\/\/salmosbiblicos.com.br\/index.php\/2025\/04\/30\/a-importancia-da-paz-interior-cultivando-a-serenidade-em-meio-ao-caos\/","title":{"rendered":"A Import\u00e2ncia da Paz Interior: Cultivando a Serenidade em Meio ao Caos"},"content":{"rendered":"<p>Hoje, quero compartilhar com voc\u00ea uma reflex\u00e3o sobre a import\u00e2ncia de cultivarmos a paz interior em meio ao caos do mundo. Em um mundo agitado e cheio de desafios, \u00e9 f\u00e1cil nos deixarmos levar pela correria do dia a dia e esquecermos de cuidar da nossa paz interior.<\/p>\n<p>\u00c9 normal nos sentirmos sobrecarregados, ansiosos e estressados em determinados momentos da vida. As preocupa\u00e7\u00f5es com o trabalho, a fam\u00edlia, a sa\u00fade e tantas outras quest\u00f5es podem nos deixar inquietos e angustiados. No entanto, \u00e9 fundamental lembrarmos que a paz interior \u00e9 um tesouro precioso que devemos buscar e cultivar diariamente.<\/p>\n<p>Quando estamos em paz conosco mesmos, somos capazes de lidar melhor com os desafios que a vida nos apresenta. A paz interior nos traz equil\u00edbrio, serenidade e tranquilidade para enfrentarmos as adversidades com sabedoria e coragem. Ela nos ajuda a manter a calma em meio \u00e0 tempestade, a enxergar as situa\u00e7\u00f5es com clareza e a tomar decis\u00f5es mais acertadas.<\/p>\n<p>Para cultivarmos a paz interior, \u00e9 importante dedicarmos um tempo para cuidar de n\u00f3s mesmos. Reserve alguns minutos do seu dia para praticar a medita\u00e7\u00e3o, a ora\u00e7\u00e3o ou simplesmente para estar em sil\u00eancio e em contato consigo mesmo. Conecte-se com a sua espiritualidade, busque a presen\u00e7a de Deus, do Universo, ou da for\u00e7a superior em que voc\u00ea acredita, e permita-se sentir a paz que vem Dele.<\/p>\n<p>Al\u00e9m disso, \u00e9 essencial cuidarmos do nosso corpo e da nossa mente. Pratique exerc\u00edcios f\u00edsicos, alimente-se de forma saud\u00e1vel, durma bem e evite o excesso de est\u00edmulos que podem nos deixar ansiosos e perturbados. Cuide das suas emo\u00e7\u00f5es, cultive pensamentos positivos, pratique a gratid\u00e3o e aprenda a perdoar a si mesmo e aos outros.<\/p>\n<p>Lembre-se de que a paz interior n\u00e3o \u00e9 um estado permanente, mas sim um estado que podemos cultivar e fortalecer ao longo da vida. Ela requer esfor\u00e7o, dedica\u00e7\u00e3o e pr\u00e1tica constante. N\u00e3o se cobre tanto, n\u00e3o seja t\u00e3o duro consigo mesmo. Aprenda a ser gentil e amoroso consigo mesmo, a se perdoar e a se aceitar exatamente como voc\u00ea \u00e9.<\/p>\n<p>Quando nos conectamos com a nossa paz interior, somos capazes de irradiar amor, compaix\u00e3o e bondade para o mundo ao nosso redor. Nos tornamos mais tolerantes, pacientes e emp\u00e1ticos com as pessoas, e contribu\u00edmos para a constru\u00e7\u00e3o de um mundo mais harmonioso e pac\u00edfico.<\/p>\n<p>Portanto, cultive a sua paz interior, cuide de si mesmo, busque a presen\u00e7a de Deus em sua vida e permita-se viver em paz, mesmo em meio \u00e0s adversidades. Lembre-se de que a paz come\u00e7a dentro de voc\u00ea e que voc\u00ea \u00e9 capaz de encontr\u00e1-la e mant\u00ea-la em seu cora\u00e7\u00e3o.<\/p>\n<p>Que a paz de Deus esteja sempre contigo, te fortalecendo e te guiando em todos os momentos da sua vida. Lembre-se: a paz interior \u00e9 o caminho para a felicidade plena. Abrace-a e permita-se ser feliz.<\/p>\n","protected":false},"excerpt":{"rendered":"<p>Hoje, quero compartilhar com voc\u00ea uma reflex\u00e3o sobre a import\u00e2ncia de cultivarmos a paz interior em meio ao caos do mundo. Em um mundo agitado e cheio de desafios, \u00e9 f\u00e1cil nos deixarmos levar pela correria do dia a dia e esquecermos de cuidar da nossa paz interior. \u00c9 normal nos sentirmos sobrecarregados, ansiosos e [&hellip;]<\/p>\n","protected":false},"author":2,"featured_media":0,"comment_status":"closed","ping_status":"open","sticky":false,"template":"","format":"standard","meta":{"footnotes":""},"categories":[6],"tags":[],"class_list":["post-4455","post","type-post","status-publish","format-standard","hentry","category-reflexao-do-dia"],"yoast_head":"<!-- This site is optimized with the Yoast SEO plugin v27.2 - https:\/\/yoast.com\/product\/yoast-seo-wordpress\/ -->\n<title>A Import\u00e2ncia da Paz Interior: Cultivando a Serenidade em Meio ao Caos - Salmos B\u00edblicos<\/title>\n<meta name=\"robots\" content=\"index, follow, max-snippet:-1, max-image-preview:large, max-video-preview:-1\" \/>\n<link rel=\"canonical\" href=\"https:\/\/salmosbiblicos.com.br\/index.php\/2025\/04\/30\/a-importancia-da-paz-interior-cultivando-a-serenidade-em-meio-ao-caos\/\" \/>\n<meta property=\"og:locale\" content=\"pt_BR\" \/>\n<meta property=\"og:type\" content=\"article\" \/>\n<meta property=\"og:title\" content=\"A Import\u00e2ncia da Paz Interior: Cultivando a Serenidade em Meio ao Caos - Salmos B\u00edblicos\" \/>\n<meta property=\"og:description\" content=\"Hoje, quero compartilhar com voc\u00ea uma reflex\u00e3o sobre a import\u00e2ncia de cultivarmos a paz interior em meio ao caos do mundo. Em um mundo agitado e cheio de desafios, \u00e9 f\u00e1cil nos deixarmos levar pela correria do dia a dia e esquecermos de cuidar da nossa paz interior. \u00c9 normal nos sentirmos sobrecarregados, ansiosos e [&hellip;]\" \/>\n<meta property=\"og:url\" content=\"https:\/\/salmosbiblicos.com.br\/index.php\/2025\/04\/30\/a-importancia-da-paz-interior-cultivando-a-serenidade-em-meio-ao-caos\/\" \/>\n<meta property=\"og:site_name\" content=\"Salmos B\u00edblicos\" \/>\n<meta property=\"article:published_time\" content=\"2025-04-30T05:28:24+00:00\" \/>\n<meta name=\"author\" content=\"Irmao\" \/>\n<meta name=\"twitter:card\" content=\"summary_large_image\" \/>\n<meta name=\"twitter:label1\" content=\"Escrito por\" \/>\n\t<meta name=\"twitter:data1\" content=\"Irmao\" \/>\n\t<meta name=\"twitter:label2\" content=\"Est. tempo de leitura\" \/>\n\t<meta name=\"twitter:data2\" content=\"2 minutos\" \/>\n<script type=\"application\/ld+json\" class=\"yoast-schema-graph\">{\"@context\":\"https:\/\/schema.org\",\"@graph\":[{\"@type\":\"Article\",\"@id\":\"https:\/\/salmosbiblicos.com.br\/index.php\/2025\/04\/30\/a-importancia-da-paz-interior-cultivando-a-serenidade-em-meio-ao-caos\/#article\",\"isPartOf\":{\"@id\":\"https:\/\/salmosbiblicos.com.br\/index.php\/2025\/04\/30\/a-importancia-da-paz-interior-cultivando-a-serenidade-em-meio-ao-caos\/\"},\"author\":{\"name\":\"Irmao\",\"@id\":\"https:\/\/salmosbiblicos.com.br\/#\/schema\/person\/760735259ba35f1e44e89c71c72d79da\"},\"headline\":\"A Import\u00e2ncia da Paz Interior: Cultivando a Serenidade em Meio ao Caos\",\"datePublished\":\"2025-04-30T05:28:24+00:00\",\"mainEntityOfPage\":{\"@id\":\"https:\/\/salmosbiblicos.com.br\/index.php\/2025\/04\/30\/a-importancia-da-paz-interior-cultivando-a-serenidade-em-meio-ao-caos\/\"},\"wordCount\":509,\"articleSection\":[\"Reflex\u00e3o do Dia\"],\"inLanguage\":\"pt-BR\"},{\"@type\":\"WebPage\",\"@id\":\"https:\/\/salmosbiblicos.com.br\/index.php\/2025\/04\/30\/a-importancia-da-paz-interior-cultivando-a-serenidade-em-meio-ao-caos\/\",\"url\":\"https:\/\/salmosbiblicos.com.br\/index.php\/2025\/04\/30\/a-importancia-da-paz-interior-cultivando-a-serenidade-em-meio-ao-caos\/\",\"name\":\"A Import\u00e2ncia da Paz Interior: Cultivando a Serenidade em Meio ao Caos - Salmos B\u00edblicos\",\"isPartOf\":{\"@id\":\"https:\/\/salmosbiblicos.com.br\/#website\"},\"datePublished\":\"2025-04-30T05:28:24+00:00\",\"author\":{\"@id\":\"https:\/\/salmosbiblicos.com.br\/#\/schema\/person\/760735259ba35f1e44e89c71c72d79da\"},\"breadcrumb\":{\"@id\":\"https:\/\/salmosbiblicos.com.br\/index.php\/2025\/04\/30\/a-importancia-da-paz-interior-cultivando-a-serenidade-em-meio-ao-caos\/#breadcrumb\"},\"inLanguage\":\"pt-BR\",\"potentialAction\":[{\"@type\":\"ReadAction\",\"target\":[\"https:\/\/salmosbiblicos.com.br\/index.php\/2025\/04\/30\/a-importancia-da-paz-interior-cultivando-a-serenidade-em-meio-ao-caos\/\"]}]},{\"@type\":\"BreadcrumbList\",\"@id\":\"https:\/\/salmosbiblicos.com.br\/index.php\/2025\/04\/30\/a-importancia-da-paz-interior-cultivando-a-serenidade-em-meio-ao-caos\/#breadcrumb\",\"itemListElement\":[{\"@type\":\"ListItem\",\"position\":1,\"name\":\"Home\",\"item\":\"https:\/\/salmosbiblicos.com.br\/\"},{\"@type\":\"ListItem\",\"position\":2,\"name\":\"A Import\u00e2ncia da Paz Interior: Cultivando a Serenidade em Meio ao Caos\"}]},{\"@type\":\"WebSite\",\"@id\":\"https:\/\/salmosbiblicos.com.br\/#website\",\"url\":\"https:\/\/salmosbiblicos.com.br\/\",\"name\":\"Salmos B\u00edblicos\",\"description\":\"Uma e-Livraria com e-Books novos para voc\u00ea refletir.\",\"potentialAction\":[{\"@type\":\"SearchAction\",\"target\":{\"@type\":\"EntryPoint\",\"urlTemplate\":\"https:\/\/salmosbiblicos.com.br\/?s={search_term_string}\"},\"query-input\":{\"@type\":\"PropertyValueSpecification\",\"valueRequired\":true,\"valueName\":\"search_term_string\"}}],\"inLanguage\":\"pt-BR\"},{\"@type\":\"Person\",\"@id\":\"https:\/\/salmosbiblicos.com.br\/#\/schema\/person\/760735259ba35f1e44e89c71c72d79da\",\"name\":\"Irmao\",\"image\":{\"@type\":\"ImageObject\",\"inLanguage\":\"pt-BR\",\"@id\":\"https:\/\/secure.gravatar.com\/avatar\/?s=96&d=mm&r=g\",\"url\":\"https:\/\/secure.gravatar.com\/avatar\/?s=96&d=mm&r=g\",\"contentUrl\":\"https:\/\/secure.gravatar.com\/avatar\/?s=96&d=mm&r=g\",\"caption\":\"Irmao\"},\"url\":\"https:\/\/salmosbiblicos.com.br\/index.php\/author\/irmao\/\"}]}<\/script>\n<!-- \/ Yoast SEO plugin. -->","yoast_head_json":{"title":"A Import\u00e2ncia da Paz Interior: Cultivando a Serenidade em Meio ao Caos - Salmos B\u00edblicos","robots":{"index":"index","follow":"follow","max-snippet":"max-snippet:-1","max-image-preview":"max-image-preview:large","max-video-preview":"max-video-preview:-1"},"canonical":"https:\/\/salmosbiblicos.com.br\/index.php\/2025\/04\/30\/a-importancia-da-paz-interior-cultivando-a-serenidade-em-meio-ao-caos\/","og_locale":"pt_BR","og_type":"article","og_title":"A Import\u00e2ncia da Paz Interior: Cultivando a Serenidade em Meio ao Caos - Salmos B\u00edblicos","og_description":"Hoje, quero compartilhar com voc\u00ea uma reflex\u00e3o sobre a import\u00e2ncia de cultivarmos a paz interior em meio ao caos do mundo. Em um mundo agitado e cheio de desafios, \u00e9 f\u00e1cil nos deixarmos levar pela correria do dia a dia e esquecermos de cuidar da nossa paz interior. \u00c9 normal nos sentirmos sobrecarregados, ansiosos e [&hellip;]","og_url":"https:\/\/salmosbiblicos.com.br\/index.php\/2025\/04\/30\/a-importancia-da-paz-interior-cultivando-a-serenidade-em-meio-ao-caos\/","og_site_name":"Salmos B\u00edblicos","article_published_time":"2025-04-30T05:28:24+00:00","author":"Irmao","twitter_card":"summary_large_image","twitter_misc":{"Escrito por":"Irmao","Est. tempo de leitura":"2 minutos"},"schema":{"@context":"https:\/\/schema.org","@graph":[{"@type":"Article","@id":"https:\/\/salmosbiblicos.com.br\/index.php\/2025\/04\/30\/a-importancia-da-paz-interior-cultivando-a-serenidade-em-meio-ao-caos\/#article","isPartOf":{"@id":"https:\/\/salmosbiblicos.com.br\/index.php\/2025\/04\/30\/a-importancia-da-paz-interior-cultivando-a-serenidade-em-meio-ao-caos\/"},"author":{"name":"Irmao","@id":"https:\/\/salmosbiblicos.com.br\/#\/schema\/person\/760735259ba35f1e44e89c71c72d79da"},"headline":"A Import\u00e2ncia da Paz Interior: Cultivando a Serenidade em Meio ao Caos","datePublished":"2025-04-30T05:28:24+00:00","mainEntityOfPage":{"@id":"https:\/\/salmosbiblicos.com.br\/index.php\/2025\/04\/30\/a-importancia-da-paz-interior-cultivando-a-serenidade-em-meio-ao-caos\/"},"wordCount":509,"articleSection":["Reflex\u00e3o do Dia"],"inLanguage":"pt-BR"},{"@type":"WebPage","@id":"https:\/\/salmosbiblicos.com.br\/index.php\/2025\/04\/30\/a-importancia-da-paz-interior-cultivando-a-serenidade-em-meio-ao-caos\/","url":"https:\/\/salmosbiblicos.com.br\/index.php\/2025\/04\/30\/a-importancia-da-paz-interior-cultivando-a-serenidade-em-meio-ao-caos\/","name":"A Import\u00e2ncia da Paz Interior: Cultivando a Serenidade em Meio ao Caos - Salmos B\u00edblicos","isPartOf":{"@id":"https:\/\/salmosbiblicos.com.br\/#website"},"datePublished":"2025-04-30T05:28:24+00:00","author":{"@id":"https:\/\/salmosbiblicos.com.br\/#\/schema\/person\/760735259ba35f1e44e89c71c72d79da"},"breadcrumb":{"@id":"https:\/\/salmosbiblicos.com.br\/index.php\/2025\/04\/30\/a-importancia-da-paz-interior-cultivando-a-serenidade-em-meio-ao-caos\/#breadcrumb"},"inLanguage":"pt-BR","potentialAction":[{"@type":"ReadAction","target":["https:\/\/salmosbiblicos.com.br\/index.php\/2025\/04\/30\/a-importancia-da-paz-interior-cultivando-a-serenidade-em-meio-ao-caos\/"]}]},{"@type":"BreadcrumbList","@id":"https:\/\/salmosbiblicos.com.br\/index.php\/2025\/04\/30\/a-importancia-da-paz-interior-cultivando-a-serenidade-em-meio-ao-caos\/#breadcrumb","itemListElement":[{"@type":"ListItem","position":1,"name":"Home","item":"https:\/\/salmosbiblicos.com.br\/"},{"@type":"ListItem","position":2,"name":"A Import\u00e2ncia da Paz Interior: Cultivando a Serenidade em Meio ao Caos"}]},{"@type":"WebSite","@id":"https:\/\/salmosbiblicos.com.br\/#website","url":"https:\/\/salmosbiblicos.com.br\/","name":"Salmos B\u00edblicos","description":"Uma e-Livraria com e-Books novos para voc\u00ea refletir.","potentialAction":[{"@type":"SearchAction","target":{"@type":"EntryPoint","urlTemplate":"https:\/\/salmosbiblicos.com.br\/?s={search_term_string}"},"query-input":{"@type":"PropertyValueSpecification","valueRequired":true,"valueName":"search_term_string"}}],"inLanguage":"pt-BR"},{"@type":"Person","@id":"https:\/\/salmosbiblicos.com.br\/#\/schema\/person\/760735259ba35f1e44e89c71c72d79da","name":"Irmao","image":{"@type":"ImageObject","inLanguage":"pt-BR","@id":"https:\/\/secure.gravatar.com\/avatar\/?s=96&d=mm&r=g","url":"https:\/\/secure.gravatar.com\/avatar\/?s=96&d=mm&r=g","contentUrl":"https:\/\/secure.gravatar.com\/avatar\/?s=96&d=mm&r=g","caption":"Irmao"},"url":"https:\/\/salmosbiblicos.com.br\/index.php\/author\/irmao\/"}]}},"_links":{"self":[{"href":"https:\/\/salmosbiblicos.com.br\/index.php\/wp-json\/wp\/v2\/posts\/4455","targetHints":{"allow":["GET"]}}],"collection":[{"href":"https:\/\/salmosbiblicos.com.br\/index.php\/wp-json\/wp\/v2\/posts"}],"about":[{"href":"https:\/\/salmosbiblicos.com.br\/index.php\/wp-json\/wp\/v2\/types\/post"}],"author":[{"embeddable":true,"href":"https:\/\/salmosbiblicos.com.br\/index.php\/wp-json\/wp\/v2\/users\/2"}],"replies":[{"embeddable":true,"href":"https:\/\/salmosbiblicos.com.br\/index.php\/wp-json\/wp\/v2\/comments?post=4455"}],"version-history":[{"count":0,"href":"https:\/\/salmosbiblicos.com.br\/index.php\/wp-json\/wp\/v2\/posts\/4455\/revisions"}],"wp:attachment":[{"href":"https:\/\/salmosbiblicos.com.br\/index.php\/wp-json\/wp\/v2\/media?parent=4455"}],"wp:term":[{"taxonomy":"category","embeddable":true,"href":"https:\/\/salmosbiblicos.com.br\/index.php\/wp-json\/wp\/v2\/categories?post=4455"},{"taxonomy":"post_tag","embeddable":true,"href":"https:\/\/salmosbiblicos.com.br\/index.php\/wp-json\/wp\/v2\/tags?post=4455"}],"curies":[{"name":"wp","href":"https:\/\/api.w.org\/{rel}","templated":true}]}}