{"id":4457,"date":"2025-04-30T02:28:32","date_gmt":"2025-04-30T05:28:32","guid":{"rendered":"https:\/\/salmosbiblicos.com.br\/?p=4457"},"modified":"2025-04-30T02:28:32","modified_gmt":"2025-04-30T05:28:32","slug":"refugio-de-paz-encontre-a-serenidade-interior-em-meio-ao-caos-da-vida","status":"publish","type":"post","link":"https:\/\/salmosbiblicos.com.br\/index.php\/2025\/04\/30\/refugio-de-paz-encontre-a-serenidade-interior-em-meio-ao-caos-da-vida\/","title":{"rendered":"Ref\u00fagio de Paz: Encontre a Serenidade Interior em Meio ao Caos da Vida"},"content":{"rendered":"<p>Hoje, quero compartilhar com voc\u00ea uma reflex\u00e3o sobre a import\u00e2ncia de cultivarmos a paz interior em meio \u00e0s turbul\u00eancias da vida. Em um mundo t\u00e3o agitado e cheio de desafios, \u00e9 fundamental encontrarmos um ref\u00fagio de tranquilidade dentro de n\u00f3s mesmos.<\/p>\n<p>Muitas vezes, nos vemos envolvidos em situa\u00e7\u00f5es estressantes, que nos tiram a paz e nos fazem sentir perdidos. \u00c9 nessas horas que precisamos nos lembrar de que a verdadeira paz n\u00e3o depende das circunst\u00e2ncias externas, mas sim do nosso estado de esp\u00edrito interior.<\/p>\n<p>Quando cultivamos a paz em nosso cora\u00e7\u00e3o, somos capazes de enfrentar os desafios com serenidade e equil\u00edbrio. A paz interior nos fortalece, nos guia e nos ajuda a manter a f\u00e9 mesmo nos momentos mais dif\u00edceis.<\/p>\n<p>Para alcan\u00e7ar a paz interior, \u00e9 preciso aprender a se desconectar do caos ao nosso redor e se conectar com a nossa ess\u00eancia mais profunda. Reserve um tempo todos os dias para se recolher em medita\u00e7\u00e3o, ora\u00e7\u00e3o ou simplesmente em sil\u00eancio, e permita-se sentir a presen\u00e7a divina em sua vida.<\/p>\n<p>Lembre-se de que a paz interior n\u00e3o \u00e9 um estado permanente, mas sim uma pr\u00e1tica di\u00e1ria. \u00c9 preciso nutri-la constantemente, assim como regamos uma planta para que ela cres\u00e7a e flores\u00e7a.<\/p>\n<p>Quando nos sentimos em paz, somos capazes de irradiar essa energia para o mundo ao nosso redor. Seja um canal de paz e amor, espalhando bondade e compaix\u00e3o por onde passar. A sua luz interior pode iluminar o caminho de muitos que est\u00e3o perdidos na escurid\u00e3o.<\/p>\n<p>N\u00e3o se deixe levar pelo medo, pela ansiedade ou pelo desespero. Confie que, mesmo nos momentos mais dif\u00edceis, voc\u00ea n\u00e3o est\u00e1 sozinho. H\u00e1 uma for\u00e7a maior que cuida de voc\u00ea, que te sustenta e que te guia em todos os momentos.<\/p>\n<p>Ent\u00e3o, respire fundo, acalme o seu cora\u00e7\u00e3o e confie que tudo vai dar certo. Lembre-se de que a paz que voc\u00ea procura est\u00e1 dentro de voc\u00ea, esperando apenas que voc\u00ea a reconhe\u00e7a e a cultive.<\/p>\n<p>Que a paz de Deus, que excede todo o entendimento, esteja com voc\u00ea hoje e sempre. Confie, respire e siga em frente, sabendo que voc\u00ea \u00e9 amado e protegido em todos os momentos. A paz que voc\u00ea busca est\u00e1 dentro de voc\u00ea. Abrace-a e deixe-a guiar o seu caminho. Voc\u00ea \u00e9 luz, voc\u00ea \u00e9 amor, voc\u00ea \u00e9 paz. Acredite nisso e siga em frente com f\u00e9 e coragem. Am\u00e9m.<\/p>\n","protected":false},"excerpt":{"rendered":"<p>Hoje, quero compartilhar com voc\u00ea uma reflex\u00e3o sobre a import\u00e2ncia de cultivarmos a paz interior em meio \u00e0s turbul\u00eancias da vida. Em um mundo t\u00e3o agitado e cheio de desafios, \u00e9 fundamental encontrarmos um ref\u00fagio de tranquilidade dentro de n\u00f3s mesmos. Muitas vezes, nos vemos envolvidos em situa\u00e7\u00f5es estressantes, que nos tiram a paz e [&hellip;]<\/p>\n","protected":false},"author":2,"featured_media":0,"comment_status":"closed","ping_status":"open","sticky":false,"template":"","format":"standard","meta":{"footnotes":""},"categories":[6],"tags":[],"class_list":["post-4457","post","type-post","status-publish","format-standard","hentry","category-reflexao-do-dia"],"yoast_head":"<!-- This site is optimized with the Yoast SEO plugin v27.2 - https:\/\/yoast.com\/product\/yoast-seo-wordpress\/ -->\n<title>Ref\u00fagio de Paz: Encontre a Serenidade Interior em Meio ao Caos da Vida - Salmos B\u00edblicos<\/title>\n<meta name=\"robots\" content=\"index, follow, max-snippet:-1, max-image-preview:large, max-video-preview:-1\" \/>\n<link rel=\"canonical\" href=\"https:\/\/salmosbiblicos.com.br\/index.php\/2025\/04\/30\/refugio-de-paz-encontre-a-serenidade-interior-em-meio-ao-caos-da-vida\/\" \/>\n<meta property=\"og:locale\" content=\"pt_BR\" \/>\n<meta property=\"og:type\" content=\"article\" \/>\n<meta property=\"og:title\" content=\"Ref\u00fagio de Paz: Encontre a Serenidade Interior em Meio ao Caos da Vida - Salmos B\u00edblicos\" \/>\n<meta property=\"og:description\" content=\"Hoje, quero compartilhar com voc\u00ea uma reflex\u00e3o sobre a import\u00e2ncia de cultivarmos a paz interior em meio \u00e0s turbul\u00eancias da vida. Em um mundo t\u00e3o agitado e cheio de desafios, \u00e9 fundamental encontrarmos um ref\u00fagio de tranquilidade dentro de n\u00f3s mesmos. Muitas vezes, nos vemos envolvidos em situa\u00e7\u00f5es estressantes, que nos tiram a paz e [&hellip;]\" \/>\n<meta property=\"og:url\" content=\"https:\/\/salmosbiblicos.com.br\/index.php\/2025\/04\/30\/refugio-de-paz-encontre-a-serenidade-interior-em-meio-ao-caos-da-vida\/\" \/>\n<meta property=\"og:site_name\" content=\"Salmos B\u00edblicos\" \/>\n<meta property=\"article:published_time\" content=\"2025-04-30T05:28:32+00:00\" \/>\n<meta name=\"author\" content=\"Irmao\" \/>\n<meta name=\"twitter:card\" content=\"summary_large_image\" \/>\n<meta name=\"twitter:label1\" content=\"Escrito por\" \/>\n\t<meta name=\"twitter:data1\" content=\"Irmao\" \/>\n\t<meta name=\"twitter:label2\" content=\"Est. tempo de leitura\" \/>\n\t<meta name=\"twitter:data2\" content=\"2 minutos\" \/>\n<script type=\"application\/ld+json\" class=\"yoast-schema-graph\">{\"@context\":\"https:\/\/schema.org\",\"@graph\":[{\"@type\":\"Article\",\"@id\":\"https:\/\/salmosbiblicos.com.br\/index.php\/2025\/04\/30\/refugio-de-paz-encontre-a-serenidade-interior-em-meio-ao-caos-da-vida\/#article\",\"isPartOf\":{\"@id\":\"https:\/\/salmosbiblicos.com.br\/index.php\/2025\/04\/30\/refugio-de-paz-encontre-a-serenidade-interior-em-meio-ao-caos-da-vida\/\"},\"author\":{\"name\":\"Irmao\",\"@id\":\"https:\/\/salmosbiblicos.com.br\/#\/schema\/person\/760735259ba35f1e44e89c71c72d79da\"},\"headline\":\"Ref\u00fagio de Paz: Encontre a Serenidade Interior em Meio ao Caos da Vida\",\"datePublished\":\"2025-04-30T05:28:32+00:00\",\"mainEntityOfPage\":{\"@id\":\"https:\/\/salmosbiblicos.com.br\/index.php\/2025\/04\/30\/refugio-de-paz-encontre-a-serenidade-interior-em-meio-ao-caos-da-vida\/\"},\"wordCount\":432,\"articleSection\":[\"Reflex\u00e3o do Dia\"],\"inLanguage\":\"pt-BR\"},{\"@type\":\"WebPage\",\"@id\":\"https:\/\/salmosbiblicos.com.br\/index.php\/2025\/04\/30\/refugio-de-paz-encontre-a-serenidade-interior-em-meio-ao-caos-da-vida\/\",\"url\":\"https:\/\/salmosbiblicos.com.br\/index.php\/2025\/04\/30\/refugio-de-paz-encontre-a-serenidade-interior-em-meio-ao-caos-da-vida\/\",\"name\":\"Ref\u00fagio de Paz: Encontre a Serenidade Interior em Meio ao Caos da Vida - Salmos B\u00edblicos\",\"isPartOf\":{\"@id\":\"https:\/\/salmosbiblicos.com.br\/#website\"},\"datePublished\":\"2025-04-30T05:28:32+00:00\",\"author\":{\"@id\":\"https:\/\/salmosbiblicos.com.br\/#\/schema\/person\/760735259ba35f1e44e89c71c72d79da\"},\"breadcrumb\":{\"@id\":\"https:\/\/salmosbiblicos.com.br\/index.php\/2025\/04\/30\/refugio-de-paz-encontre-a-serenidade-interior-em-meio-ao-caos-da-vida\/#breadcrumb\"},\"inLanguage\":\"pt-BR\",\"potentialAction\":[{\"@type\":\"ReadAction\",\"target\":[\"https:\/\/salmosbiblicos.com.br\/index.php\/2025\/04\/30\/refugio-de-paz-encontre-a-serenidade-interior-em-meio-ao-caos-da-vida\/\"]}]},{\"@type\":\"BreadcrumbList\",\"@id\":\"https:\/\/salmosbiblicos.com.br\/index.php\/2025\/04\/30\/refugio-de-paz-encontre-a-serenidade-interior-em-meio-ao-caos-da-vida\/#breadcrumb\",\"itemListElement\":[{\"@type\":\"ListItem\",\"position\":1,\"name\":\"Home\",\"item\":\"https:\/\/salmosbiblicos.com.br\/\"},{\"@type\":\"ListItem\",\"position\":2,\"name\":\"Ref\u00fagio de Paz: Encontre a Serenidade Interior em Meio ao Caos da Vida\"}]},{\"@type\":\"WebSite\",\"@id\":\"https:\/\/salmosbiblicos.com.br\/#website\",\"url\":\"https:\/\/salmosbiblicos.com.br\/\",\"name\":\"Salmos B\u00edblicos\",\"description\":\"Uma e-Livraria com e-Books novos para voc\u00ea refletir.\",\"potentialAction\":[{\"@type\":\"SearchAction\",\"target\":{\"@type\":\"EntryPoint\",\"urlTemplate\":\"https:\/\/salmosbiblicos.com.br\/?s={search_term_string}\"},\"query-input\":{\"@type\":\"PropertyValueSpecification\",\"valueRequired\":true,\"valueName\":\"search_term_string\"}}],\"inLanguage\":\"pt-BR\"},{\"@type\":\"Person\",\"@id\":\"https:\/\/salmosbiblicos.com.br\/#\/schema\/person\/760735259ba35f1e44e89c71c72d79da\",\"name\":\"Irmao\",\"image\":{\"@type\":\"ImageObject\",\"inLanguage\":\"pt-BR\",\"@id\":\"https:\/\/secure.gravatar.com\/avatar\/?s=96&d=mm&r=g\",\"url\":\"https:\/\/secure.gravatar.com\/avatar\/?s=96&d=mm&r=g\",\"contentUrl\":\"https:\/\/secure.gravatar.com\/avatar\/?s=96&d=mm&r=g\",\"caption\":\"Irmao\"},\"url\":\"https:\/\/salmosbiblicos.com.br\/index.php\/author\/irmao\/\"}]}<\/script>\n<!-- \/ Yoast SEO plugin. -->","yoast_head_json":{"title":"Ref\u00fagio de Paz: Encontre a Serenidade Interior em Meio ao Caos da Vida - Salmos B\u00edblicos","robots":{"index":"index","follow":"follow","max-snippet":"max-snippet:-1","max-image-preview":"max-image-preview:large","max-video-preview":"max-video-preview:-1"},"canonical":"https:\/\/salmosbiblicos.com.br\/index.php\/2025\/04\/30\/refugio-de-paz-encontre-a-serenidade-interior-em-meio-ao-caos-da-vida\/","og_locale":"pt_BR","og_type":"article","og_title":"Ref\u00fagio de Paz: Encontre a Serenidade Interior em Meio ao Caos da Vida - Salmos B\u00edblicos","og_description":"Hoje, quero compartilhar com voc\u00ea uma reflex\u00e3o sobre a import\u00e2ncia de cultivarmos a paz interior em meio \u00e0s turbul\u00eancias da vida. Em um mundo t\u00e3o agitado e cheio de desafios, \u00e9 fundamental encontrarmos um ref\u00fagio de tranquilidade dentro de n\u00f3s mesmos. Muitas vezes, nos vemos envolvidos em situa\u00e7\u00f5es estressantes, que nos tiram a paz e [&hellip;]","og_url":"https:\/\/salmosbiblicos.com.br\/index.php\/2025\/04\/30\/refugio-de-paz-encontre-a-serenidade-interior-em-meio-ao-caos-da-vida\/","og_site_name":"Salmos B\u00edblicos","article_published_time":"2025-04-30T05:28:32+00:00","author":"Irmao","twitter_card":"summary_large_image","twitter_misc":{"Escrito por":"Irmao","Est. tempo de leitura":"2 minutos"},"schema":{"@context":"https:\/\/schema.org","@graph":[{"@type":"Article","@id":"https:\/\/salmosbiblicos.com.br\/index.php\/2025\/04\/30\/refugio-de-paz-encontre-a-serenidade-interior-em-meio-ao-caos-da-vida\/#article","isPartOf":{"@id":"https:\/\/salmosbiblicos.com.br\/index.php\/2025\/04\/30\/refugio-de-paz-encontre-a-serenidade-interior-em-meio-ao-caos-da-vida\/"},"author":{"name":"Irmao","@id":"https:\/\/salmosbiblicos.com.br\/#\/schema\/person\/760735259ba35f1e44e89c71c72d79da"},"headline":"Ref\u00fagio de Paz: Encontre a Serenidade Interior em Meio ao Caos da Vida","datePublished":"2025-04-30T05:28:32+00:00","mainEntityOfPage":{"@id":"https:\/\/salmosbiblicos.com.br\/index.php\/2025\/04\/30\/refugio-de-paz-encontre-a-serenidade-interior-em-meio-ao-caos-da-vida\/"},"wordCount":432,"articleSection":["Reflex\u00e3o do Dia"],"inLanguage":"pt-BR"},{"@type":"WebPage","@id":"https:\/\/salmosbiblicos.com.br\/index.php\/2025\/04\/30\/refugio-de-paz-encontre-a-serenidade-interior-em-meio-ao-caos-da-vida\/","url":"https:\/\/salmosbiblicos.com.br\/index.php\/2025\/04\/30\/refugio-de-paz-encontre-a-serenidade-interior-em-meio-ao-caos-da-vida\/","name":"Ref\u00fagio de Paz: Encontre a Serenidade Interior em Meio ao Caos da Vida - Salmos B\u00edblicos","isPartOf":{"@id":"https:\/\/salmosbiblicos.com.br\/#website"},"datePublished":"2025-04-30T05:28:32+00:00","author":{"@id":"https:\/\/salmosbiblicos.com.br\/#\/schema\/person\/760735259ba35f1e44e89c71c72d79da"},"breadcrumb":{"@id":"https:\/\/salmosbiblicos.com.br\/index.php\/2025\/04\/30\/refugio-de-paz-encontre-a-serenidade-interior-em-meio-ao-caos-da-vida\/#breadcrumb"},"inLanguage":"pt-BR","potentialAction":[{"@type":"ReadAction","target":["https:\/\/salmosbiblicos.com.br\/index.php\/2025\/04\/30\/refugio-de-paz-encontre-a-serenidade-interior-em-meio-ao-caos-da-vida\/"]}]},{"@type":"BreadcrumbList","@id":"https:\/\/salmosbiblicos.com.br\/index.php\/2025\/04\/30\/refugio-de-paz-encontre-a-serenidade-interior-em-meio-ao-caos-da-vida\/#breadcrumb","itemListElement":[{"@type":"ListItem","position":1,"name":"Home","item":"https:\/\/salmosbiblicos.com.br\/"},{"@type":"ListItem","position":2,"name":"Ref\u00fagio de Paz: Encontre a Serenidade Interior em Meio ao Caos da Vida"}]},{"@type":"WebSite","@id":"https:\/\/salmosbiblicos.com.br\/#website","url":"https:\/\/salmosbiblicos.com.br\/","name":"Salmos B\u00edblicos","description":"Uma e-Livraria com e-Books novos para voc\u00ea refletir.","potentialAction":[{"@type":"SearchAction","target":{"@type":"EntryPoint","urlTemplate":"https:\/\/salmosbiblicos.com.br\/?s={search_term_string}"},"query-input":{"@type":"PropertyValueSpecification","valueRequired":true,"valueName":"search_term_string"}}],"inLanguage":"pt-BR"},{"@type":"Person","@id":"https:\/\/salmosbiblicos.com.br\/#\/schema\/person\/760735259ba35f1e44e89c71c72d79da","name":"Irmao","image":{"@type":"ImageObject","inLanguage":"pt-BR","@id":"https:\/\/secure.gravatar.com\/avatar\/?s=96&d=mm&r=g","url":"https:\/\/secure.gravatar.com\/avatar\/?s=96&d=mm&r=g","contentUrl":"https:\/\/secure.gravatar.com\/avatar\/?s=96&d=mm&r=g","caption":"Irmao"},"url":"https:\/\/salmosbiblicos.com.br\/index.php\/author\/irmao\/"}]}},"_links":{"self":[{"href":"https:\/\/salmosbiblicos.com.br\/index.php\/wp-json\/wp\/v2\/posts\/4457","targetHints":{"allow":["GET"]}}],"collection":[{"href":"https:\/\/salmosbiblicos.com.br\/index.php\/wp-json\/wp\/v2\/posts"}],"about":[{"href":"https:\/\/salmosbiblicos.com.br\/index.php\/wp-json\/wp\/v2\/types\/post"}],"author":[{"embeddable":true,"href":"https:\/\/salmosbiblicos.com.br\/index.php\/wp-json\/wp\/v2\/users\/2"}],"replies":[{"embeddable":true,"href":"https:\/\/salmosbiblicos.com.br\/index.php\/wp-json\/wp\/v2\/comments?post=4457"}],"version-history":[{"count":0,"href":"https:\/\/salmosbiblicos.com.br\/index.php\/wp-json\/wp\/v2\/posts\/4457\/revisions"}],"wp:attachment":[{"href":"https:\/\/salmosbiblicos.com.br\/index.php\/wp-json\/wp\/v2\/media?parent=4457"}],"wp:term":[{"taxonomy":"category","embeddable":true,"href":"https:\/\/salmosbiblicos.com.br\/index.php\/wp-json\/wp\/v2\/categories?post=4457"},{"taxonomy":"post_tag","embeddable":true,"href":"https:\/\/salmosbiblicos.com.br\/index.php\/wp-json\/wp\/v2\/tags?post=4457"}],"curies":[{"name":"wp","href":"https:\/\/api.w.org\/{rel}","templated":true}]}}