{"id":4459,"date":"2025-04-30T02:28:42","date_gmt":"2025-04-30T05:28:42","guid":{"rendered":"https:\/\/salmosbiblicos.com.br\/?p=4459"},"modified":"2025-04-30T02:28:42","modified_gmt":"2025-04-30T05:28:42","slug":"descubra-a-paz-interior-um-refugio-de-calma-em-meio-ao-caos-do-mundo","status":"publish","type":"post","link":"https:\/\/salmosbiblicos.com.br\/index.php\/2025\/04\/30\/descubra-a-paz-interior-um-refugio-de-calma-em-meio-ao-caos-do-mundo\/","title":{"rendered":"Descubra a Paz Interior: Um Ref\u00fagio de Calma em Meio ao Caos do Mundo"},"content":{"rendered":"<p>Hoje, quero falar com voc\u00ea sobre a import\u00e2ncia de cultivar a paz interior em meio ao caos do mundo. Em tempos de incerteza, ansiedade e turbul\u00eancia, \u00e9 fundamental encontrarmos um ref\u00fagio de calma e tranquilidade dentro de n\u00f3s mesmos.<\/p>\n<p>Muitas vezes, nos deixamos levar pelas preocupa\u00e7\u00f5es do dia a dia, pelos problemas que surgem inesperadamente e pelas not\u00edcias tristes que nos rodeiam. Mas \u00e9 preciso lembrar que a paz n\u00e3o est\u00e1 fora de n\u00f3s, mas sim dentro de n\u00f3s. Ela \u00e9 um estado de esp\u00edrito, uma escolha que podemos fazer a cada instante.<\/p>\n<p>Quando nos conectamos com a nossa ess\u00eancia espiritual, quando buscamos a presen\u00e7a divina em nosso interior, encontramos a paz que tanto almejamos. \u00c9 como se fiz\u00e9ssemos uma viagem para dentro de n\u00f3s mesmos, para um lugar sagrado e tranquilo onde podemos descansar e recarregar as nossas energias.<\/p>\n<p>Nesse espa\u00e7o de paz interior, somos capazes de enxergar as situa\u00e7\u00f5es com mais clareza, de tomar decis\u00f5es com sabedoria e de enfrentar os desafios com coragem. N\u00e3o somos mais dominados pelo medo, pela ang\u00fastia ou pela raiva, mas sim pela serenidade, pela compaix\u00e3o e pela gratid\u00e3o.<\/p>\n<p>\u00c9 importante lembrar que a paz interior n\u00e3o \u00e9 um estado permanente, mas sim um exerc\u00edcio di\u00e1rio. Assim como cuidamos do nosso corpo com alimenta\u00e7\u00e3o saud\u00e1vel e exerc\u00edcios f\u00edsicos, precisamos cuidar da nossa alma com medita\u00e7\u00e3o, ora\u00e7\u00e3o e reflex\u00e3o. \u00c9 um trabalho constante, um caminho de autoconhecimento e autoaceita\u00e7\u00e3o.<\/p>\n<p>Quando nos permitimos mergulhar nesse oceano de paz interior, descobrimos que somos muito mais do que as nossas preocupa\u00e7\u00f5es, do que as nossas dores e do que as nossas limita\u00e7\u00f5es. Descobrimos a nossa verdadeira ess\u00eancia, a nossa liga\u00e7\u00e3o com o divino e a nossa capacidade de amar e ser amados.<\/p>\n<p>Portanto, n\u00e3o se deixe levar pelo tumulto do mundo, pelas not\u00edcias negativas e pelas opini\u00f5es alheias. Cultive a paz interior, fortale\u00e7a a sua f\u00e9 e confie que tudo acontece no tempo certo e da maneira certa. Lembre-se sempre: a paz que procuramos est\u00e1 dentro de n\u00f3s, esperando ser descoberta e vivida plenamente.<\/p>\n<p>Que a luz divina ilumine o seu caminho, que a paz interior guie os seus passos e que o amor inunde o seu cora\u00e7\u00e3o. Acredite em si mesmo, confie na vida e lembre-se de que voc\u00ea \u00e9 um ser de luz, capaz de superar qualquer desafio e de alcan\u00e7ar a felicidade plena.<\/p>\n<p>Que a paz esteja sempre contigo, hoje e sempre. Am\u00e9m.<\/p>\n","protected":false},"excerpt":{"rendered":"<p>Hoje, quero falar com voc\u00ea sobre a import\u00e2ncia de cultivar a paz interior em meio ao caos do mundo. Em tempos de incerteza, ansiedade e turbul\u00eancia, \u00e9 fundamental encontrarmos um ref\u00fagio de calma e tranquilidade dentro de n\u00f3s mesmos. Muitas vezes, nos deixamos levar pelas preocupa\u00e7\u00f5es do dia a dia, pelos problemas que surgem inesperadamente [&hellip;]<\/p>\n","protected":false},"author":2,"featured_media":0,"comment_status":"closed","ping_status":"open","sticky":false,"template":"","format":"standard","meta":{"footnotes":""},"categories":[6],"tags":[],"class_list":["post-4459","post","type-post","status-publish","format-standard","hentry","category-reflexao-do-dia"],"yoast_head":"<!-- This site is optimized with the Yoast SEO plugin v27.2 - https:\/\/yoast.com\/product\/yoast-seo-wordpress\/ -->\n<title>Descubra a Paz Interior: Um Ref\u00fagio de Calma em Meio ao Caos do Mundo - Salmos B\u00edblicos<\/title>\n<meta name=\"robots\" content=\"index, follow, max-snippet:-1, max-image-preview:large, max-video-preview:-1\" \/>\n<link rel=\"canonical\" href=\"https:\/\/salmosbiblicos.com.br\/index.php\/2025\/04\/30\/descubra-a-paz-interior-um-refugio-de-calma-em-meio-ao-caos-do-mundo\/\" \/>\n<meta property=\"og:locale\" content=\"pt_BR\" \/>\n<meta property=\"og:type\" content=\"article\" \/>\n<meta property=\"og:title\" content=\"Descubra a Paz Interior: Um Ref\u00fagio de Calma em Meio ao Caos do Mundo - Salmos B\u00edblicos\" \/>\n<meta property=\"og:description\" content=\"Hoje, quero falar com voc\u00ea sobre a import\u00e2ncia de cultivar a paz interior em meio ao caos do mundo. Em tempos de incerteza, ansiedade e turbul\u00eancia, \u00e9 fundamental encontrarmos um ref\u00fagio de calma e tranquilidade dentro de n\u00f3s mesmos. Muitas vezes, nos deixamos levar pelas preocupa\u00e7\u00f5es do dia a dia, pelos problemas que surgem inesperadamente [&hellip;]\" \/>\n<meta property=\"og:url\" content=\"https:\/\/salmosbiblicos.com.br\/index.php\/2025\/04\/30\/descubra-a-paz-interior-um-refugio-de-calma-em-meio-ao-caos-do-mundo\/\" \/>\n<meta property=\"og:site_name\" content=\"Salmos B\u00edblicos\" \/>\n<meta property=\"article:published_time\" content=\"2025-04-30T05:28:42+00:00\" \/>\n<meta name=\"author\" content=\"Irmao\" \/>\n<meta name=\"twitter:card\" content=\"summary_large_image\" \/>\n<meta name=\"twitter:label1\" content=\"Escrito por\" \/>\n\t<meta name=\"twitter:data1\" content=\"Irmao\" \/>\n\t<meta name=\"twitter:label2\" content=\"Est. tempo de leitura\" \/>\n\t<meta name=\"twitter:data2\" content=\"2 minutos\" \/>\n<script type=\"application\/ld+json\" class=\"yoast-schema-graph\">{\"@context\":\"https:\/\/schema.org\",\"@graph\":[{\"@type\":\"Article\",\"@id\":\"https:\/\/salmosbiblicos.com.br\/index.php\/2025\/04\/30\/descubra-a-paz-interior-um-refugio-de-calma-em-meio-ao-caos-do-mundo\/#article\",\"isPartOf\":{\"@id\":\"https:\/\/salmosbiblicos.com.br\/index.php\/2025\/04\/30\/descubra-a-paz-interior-um-refugio-de-calma-em-meio-ao-caos-do-mundo\/\"},\"author\":{\"name\":\"Irmao\",\"@id\":\"https:\/\/salmosbiblicos.com.br\/#\/schema\/person\/760735259ba35f1e44e89c71c72d79da\"},\"headline\":\"Descubra a Paz Interior: Um Ref\u00fagio de Calma em Meio ao Caos do Mundo\",\"datePublished\":\"2025-04-30T05:28:42+00:00\",\"mainEntityOfPage\":{\"@id\":\"https:\/\/salmosbiblicos.com.br\/index.php\/2025\/04\/30\/descubra-a-paz-interior-um-refugio-de-calma-em-meio-ao-caos-do-mundo\/\"},\"wordCount\":450,\"articleSection\":[\"Reflex\u00e3o do Dia\"],\"inLanguage\":\"pt-BR\"},{\"@type\":\"WebPage\",\"@id\":\"https:\/\/salmosbiblicos.com.br\/index.php\/2025\/04\/30\/descubra-a-paz-interior-um-refugio-de-calma-em-meio-ao-caos-do-mundo\/\",\"url\":\"https:\/\/salmosbiblicos.com.br\/index.php\/2025\/04\/30\/descubra-a-paz-interior-um-refugio-de-calma-em-meio-ao-caos-do-mundo\/\",\"name\":\"Descubra a Paz Interior: Um Ref\u00fagio de Calma em Meio ao Caos do Mundo - Salmos B\u00edblicos\",\"isPartOf\":{\"@id\":\"https:\/\/salmosbiblicos.com.br\/#website\"},\"datePublished\":\"2025-04-30T05:28:42+00:00\",\"author\":{\"@id\":\"https:\/\/salmosbiblicos.com.br\/#\/schema\/person\/760735259ba35f1e44e89c71c72d79da\"},\"breadcrumb\":{\"@id\":\"https:\/\/salmosbiblicos.com.br\/index.php\/2025\/04\/30\/descubra-a-paz-interior-um-refugio-de-calma-em-meio-ao-caos-do-mundo\/#breadcrumb\"},\"inLanguage\":\"pt-BR\",\"potentialAction\":[{\"@type\":\"ReadAction\",\"target\":[\"https:\/\/salmosbiblicos.com.br\/index.php\/2025\/04\/30\/descubra-a-paz-interior-um-refugio-de-calma-em-meio-ao-caos-do-mundo\/\"]}]},{\"@type\":\"BreadcrumbList\",\"@id\":\"https:\/\/salmosbiblicos.com.br\/index.php\/2025\/04\/30\/descubra-a-paz-interior-um-refugio-de-calma-em-meio-ao-caos-do-mundo\/#breadcrumb\",\"itemListElement\":[{\"@type\":\"ListItem\",\"position\":1,\"name\":\"Home\",\"item\":\"https:\/\/salmosbiblicos.com.br\/\"},{\"@type\":\"ListItem\",\"position\":2,\"name\":\"Descubra a Paz Interior: Um Ref\u00fagio de Calma em Meio ao Caos do Mundo\"}]},{\"@type\":\"WebSite\",\"@id\":\"https:\/\/salmosbiblicos.com.br\/#website\",\"url\":\"https:\/\/salmosbiblicos.com.br\/\",\"name\":\"Salmos B\u00edblicos\",\"description\":\"Uma e-Livraria com e-Books novos para voc\u00ea refletir.\",\"potentialAction\":[{\"@type\":\"SearchAction\",\"target\":{\"@type\":\"EntryPoint\",\"urlTemplate\":\"https:\/\/salmosbiblicos.com.br\/?s={search_term_string}\"},\"query-input\":{\"@type\":\"PropertyValueSpecification\",\"valueRequired\":true,\"valueName\":\"search_term_string\"}}],\"inLanguage\":\"pt-BR\"},{\"@type\":\"Person\",\"@id\":\"https:\/\/salmosbiblicos.com.br\/#\/schema\/person\/760735259ba35f1e44e89c71c72d79da\",\"name\":\"Irmao\",\"image\":{\"@type\":\"ImageObject\",\"inLanguage\":\"pt-BR\",\"@id\":\"https:\/\/secure.gravatar.com\/avatar\/?s=96&d=mm&r=g\",\"url\":\"https:\/\/secure.gravatar.com\/avatar\/?s=96&d=mm&r=g\",\"contentUrl\":\"https:\/\/secure.gravatar.com\/avatar\/?s=96&d=mm&r=g\",\"caption\":\"Irmao\"},\"url\":\"https:\/\/salmosbiblicos.com.br\/index.php\/author\/irmao\/\"}]}<\/script>\n<!-- \/ Yoast SEO plugin. -->","yoast_head_json":{"title":"Descubra a Paz Interior: Um Ref\u00fagio de Calma em Meio ao Caos do Mundo - Salmos B\u00edblicos","robots":{"index":"index","follow":"follow","max-snippet":"max-snippet:-1","max-image-preview":"max-image-preview:large","max-video-preview":"max-video-preview:-1"},"canonical":"https:\/\/salmosbiblicos.com.br\/index.php\/2025\/04\/30\/descubra-a-paz-interior-um-refugio-de-calma-em-meio-ao-caos-do-mundo\/","og_locale":"pt_BR","og_type":"article","og_title":"Descubra a Paz Interior: Um Ref\u00fagio de Calma em Meio ao Caos do Mundo - Salmos B\u00edblicos","og_description":"Hoje, quero falar com voc\u00ea sobre a import\u00e2ncia de cultivar a paz interior em meio ao caos do mundo. Em tempos de incerteza, ansiedade e turbul\u00eancia, \u00e9 fundamental encontrarmos um ref\u00fagio de calma e tranquilidade dentro de n\u00f3s mesmos. Muitas vezes, nos deixamos levar pelas preocupa\u00e7\u00f5es do dia a dia, pelos problemas que surgem inesperadamente [&hellip;]","og_url":"https:\/\/salmosbiblicos.com.br\/index.php\/2025\/04\/30\/descubra-a-paz-interior-um-refugio-de-calma-em-meio-ao-caos-do-mundo\/","og_site_name":"Salmos B\u00edblicos","article_published_time":"2025-04-30T05:28:42+00:00","author":"Irmao","twitter_card":"summary_large_image","twitter_misc":{"Escrito por":"Irmao","Est. tempo de leitura":"2 minutos"},"schema":{"@context":"https:\/\/schema.org","@graph":[{"@type":"Article","@id":"https:\/\/salmosbiblicos.com.br\/index.php\/2025\/04\/30\/descubra-a-paz-interior-um-refugio-de-calma-em-meio-ao-caos-do-mundo\/#article","isPartOf":{"@id":"https:\/\/salmosbiblicos.com.br\/index.php\/2025\/04\/30\/descubra-a-paz-interior-um-refugio-de-calma-em-meio-ao-caos-do-mundo\/"},"author":{"name":"Irmao","@id":"https:\/\/salmosbiblicos.com.br\/#\/schema\/person\/760735259ba35f1e44e89c71c72d79da"},"headline":"Descubra a Paz Interior: Um Ref\u00fagio de Calma em Meio ao Caos do Mundo","datePublished":"2025-04-30T05:28:42+00:00","mainEntityOfPage":{"@id":"https:\/\/salmosbiblicos.com.br\/index.php\/2025\/04\/30\/descubra-a-paz-interior-um-refugio-de-calma-em-meio-ao-caos-do-mundo\/"},"wordCount":450,"articleSection":["Reflex\u00e3o do Dia"],"inLanguage":"pt-BR"},{"@type":"WebPage","@id":"https:\/\/salmosbiblicos.com.br\/index.php\/2025\/04\/30\/descubra-a-paz-interior-um-refugio-de-calma-em-meio-ao-caos-do-mundo\/","url":"https:\/\/salmosbiblicos.com.br\/index.php\/2025\/04\/30\/descubra-a-paz-interior-um-refugio-de-calma-em-meio-ao-caos-do-mundo\/","name":"Descubra a Paz Interior: Um Ref\u00fagio de Calma em Meio ao Caos do Mundo - Salmos B\u00edblicos","isPartOf":{"@id":"https:\/\/salmosbiblicos.com.br\/#website"},"datePublished":"2025-04-30T05:28:42+00:00","author":{"@id":"https:\/\/salmosbiblicos.com.br\/#\/schema\/person\/760735259ba35f1e44e89c71c72d79da"},"breadcrumb":{"@id":"https:\/\/salmosbiblicos.com.br\/index.php\/2025\/04\/30\/descubra-a-paz-interior-um-refugio-de-calma-em-meio-ao-caos-do-mundo\/#breadcrumb"},"inLanguage":"pt-BR","potentialAction":[{"@type":"ReadAction","target":["https:\/\/salmosbiblicos.com.br\/index.php\/2025\/04\/30\/descubra-a-paz-interior-um-refugio-de-calma-em-meio-ao-caos-do-mundo\/"]}]},{"@type":"BreadcrumbList","@id":"https:\/\/salmosbiblicos.com.br\/index.php\/2025\/04\/30\/descubra-a-paz-interior-um-refugio-de-calma-em-meio-ao-caos-do-mundo\/#breadcrumb","itemListElement":[{"@type":"ListItem","position":1,"name":"Home","item":"https:\/\/salmosbiblicos.com.br\/"},{"@type":"ListItem","position":2,"name":"Descubra a Paz Interior: Um Ref\u00fagio de Calma em Meio ao Caos do Mundo"}]},{"@type":"WebSite","@id":"https:\/\/salmosbiblicos.com.br\/#website","url":"https:\/\/salmosbiblicos.com.br\/","name":"Salmos B\u00edblicos","description":"Uma e-Livraria com e-Books novos para voc\u00ea refletir.","potentialAction":[{"@type":"SearchAction","target":{"@type":"EntryPoint","urlTemplate":"https:\/\/salmosbiblicos.com.br\/?s={search_term_string}"},"query-input":{"@type":"PropertyValueSpecification","valueRequired":true,"valueName":"search_term_string"}}],"inLanguage":"pt-BR"},{"@type":"Person","@id":"https:\/\/salmosbiblicos.com.br\/#\/schema\/person\/760735259ba35f1e44e89c71c72d79da","name":"Irmao","image":{"@type":"ImageObject","inLanguage":"pt-BR","@id":"https:\/\/secure.gravatar.com\/avatar\/?s=96&d=mm&r=g","url":"https:\/\/secure.gravatar.com\/avatar\/?s=96&d=mm&r=g","contentUrl":"https:\/\/secure.gravatar.com\/avatar\/?s=96&d=mm&r=g","caption":"Irmao"},"url":"https:\/\/salmosbiblicos.com.br\/index.php\/author\/irmao\/"}]}},"_links":{"self":[{"href":"https:\/\/salmosbiblicos.com.br\/index.php\/wp-json\/wp\/v2\/posts\/4459","targetHints":{"allow":["GET"]}}],"collection":[{"href":"https:\/\/salmosbiblicos.com.br\/index.php\/wp-json\/wp\/v2\/posts"}],"about":[{"href":"https:\/\/salmosbiblicos.com.br\/index.php\/wp-json\/wp\/v2\/types\/post"}],"author":[{"embeddable":true,"href":"https:\/\/salmosbiblicos.com.br\/index.php\/wp-json\/wp\/v2\/users\/2"}],"replies":[{"embeddable":true,"href":"https:\/\/salmosbiblicos.com.br\/index.php\/wp-json\/wp\/v2\/comments?post=4459"}],"version-history":[{"count":0,"href":"https:\/\/salmosbiblicos.com.br\/index.php\/wp-json\/wp\/v2\/posts\/4459\/revisions"}],"wp:attachment":[{"href":"https:\/\/salmosbiblicos.com.br\/index.php\/wp-json\/wp\/v2\/media?parent=4459"}],"wp:term":[{"taxonomy":"category","embeddable":true,"href":"https:\/\/salmosbiblicos.com.br\/index.php\/wp-json\/wp\/v2\/categories?post=4459"},{"taxonomy":"post_tag","embeddable":true,"href":"https:\/\/salmosbiblicos.com.br\/index.php\/wp-json\/wp\/v2\/tags?post=4459"}],"curies":[{"name":"wp","href":"https:\/\/api.w.org\/{rel}","templated":true}]}}