{"id":4607,"date":"2025-05-01T18:51:14","date_gmt":"2025-05-01T21:51:14","guid":{"rendered":"https:\/\/salmosbiblicos.com.br\/?p=4607"},"modified":"2025-05-01T18:51:14","modified_gmt":"2025-05-01T21:51:14","slug":"reflexoes-de-pascoa-renovacao-esperanca-e-fe-em-cristo-ressuscitado","status":"publish","type":"post","link":"https:\/\/salmosbiblicos.com.br\/index.php\/2025\/05\/01\/reflexoes-de-pascoa-renovacao-esperanca-e-fe-em-cristo-ressuscitado\/","title":{"rendered":"**Reflex\u00f5es de P\u00e1scoa: Renova\u00e7\u00e3o, Esperan\u00e7a e F\u00e9 em Cristo Ressuscitado**"},"content":{"rendered":"<p>Uma das datas mais significativas do calend\u00e1rio religioso Cat\u00f3lico \u00e9 a P\u00e1scoa, celebrada anualmente no domingo seguinte \u00e0 primeira lua cheia do equin\u00f3cio da primavera. A P\u00e1scoa marca a ressurrei\u00e7\u00e3o de Jesus Cristo, ap\u00f3s sua crucifica\u00e7\u00e3o, e \u00e9 considerada a festa mais importante para os crist\u00e3os.<\/p>\n<p>A origem da P\u00e1scoa remonta \u00e0 tradi\u00e7\u00e3o judaica da celebra\u00e7\u00e3o da P\u00e1scoa, que comemorava a liberta\u00e7\u00e3o do povo hebreu da escravid\u00e3o no Egito. Para os crist\u00e3os, a P\u00e1scoa \u00e9 o momento de celebrar a vit\u00f3ria de Cristo sobre a morte, simbolizando a esperan\u00e7a e a renova\u00e7\u00e3o da vida. \u00c9 um per\u00edodo de reflex\u00e3o, penit\u00eancia e f\u00e9, que culmina no Domingo de P\u00e1scoa, dia de alegria e festividade.<\/p>\n<p>O simbolismo da P\u00e1scoa est\u00e1 presente em diversos elementos, como o ovo, que representa o renascimento e a vida nova, a cruz, que simboliza o sacrif\u00edcio de Cristo, e o cordeiro, que remete ao Cordeiro de Deus que tira o pecado do mundo. Al\u00e9m disso, a cor branca \u00e9 amplamente utilizada na decora\u00e7\u00e3o das igrejas e nas vestimentas dos fi\u00e9is, simbolizando a pureza e a luz de Cristo ressuscitado.<\/p>\n<p>Neste momento t\u00e3o desafiador que estamos vivendo, a mensagem da P\u00e1scoa se torna ainda mais relevante. Em meio \u00e0s incertezas, ao medo e \u00e0 dor, a P\u00e1scoa nos lembra que a esperan\u00e7a nunca deve ser perdida. Assim como Jesus ressuscitou dos mortos, podemos encontrar for\u00e7a e renova\u00e7\u00e3o em nossa f\u00e9, acreditando que dias melhores vir\u00e3o.<\/p>\n<p>Que nesta P\u00e1scoa possamos refletir sobre o verdadeiro significado desta data, renovando nossa f\u00e9 e nossa esperan\u00e7a. Que possamos perdoar, amar e compartilhar a luz de Cristo com aqueles que est\u00e3o ao nosso redor. Que possamos ser instrumentos de paz e solidariedade, levando consolo e esperan\u00e7a a quem mais precisa.<\/p>\n<p>Que a ressurrei\u00e7\u00e3o de Cristo nos inspire a sermos pessoas melhores, mais compassivas e generosas. Que possamos viver de acordo com os ensinamentos de Jesus, espalhando amor e bondade por onde passarmos. Que a luz da P\u00e1scoa ilumine nossos caminhos e nos guie rumo a um mundo mais justo e fraterno.<\/p>\n<p>Que a P\u00e1scoa seja um momento de renova\u00e7\u00e3o e transforma\u00e7\u00e3o em nossas vidas, nos impulsionando a sermos agentes de paz e esperan\u00e7a em um mundo que tanto precisa. Que possamos celebrar a ressurrei\u00e7\u00e3o de Cristo com alegria e gratid\u00e3o, lembrando sempre do imenso amor que Deus tem por cada um de n\u00f3s. Am\u00e9m.<\/p>\n","protected":false},"excerpt":{"rendered":"<p>Uma das datas mais significativas do calend\u00e1rio religioso Cat\u00f3lico \u00e9 a P\u00e1scoa, celebrada anualmente no domingo seguinte \u00e0 primeira lua cheia do equin\u00f3cio da primavera. A P\u00e1scoa marca a ressurrei\u00e7\u00e3o de Jesus Cristo, ap\u00f3s sua crucifica\u00e7\u00e3o, e \u00e9 considerada a festa mais importante para os crist\u00e3os. A origem da P\u00e1scoa remonta \u00e0 tradi\u00e7\u00e3o judaica da [&hellip;]<\/p>\n","protected":false},"author":2,"featured_media":0,"comment_status":"closed","ping_status":"open","sticky":false,"template":"","format":"standard","meta":{"footnotes":""},"categories":[9],"tags":[],"class_list":["post-4607","post","type-post","status-publish","format-standard","hentry","category-data-religiosa"],"yoast_head":"<!-- This site is optimized with the Yoast SEO plugin v27.2 - https:\/\/yoast.com\/product\/yoast-seo-wordpress\/ -->\n<title>**Reflex\u00f5es de P\u00e1scoa: Renova\u00e7\u00e3o, Esperan\u00e7a e F\u00e9 em Cristo Ressuscitado** - Salmos B\u00edblicos<\/title>\n<meta name=\"robots\" content=\"index, follow, max-snippet:-1, max-image-preview:large, max-video-preview:-1\" \/>\n<link rel=\"canonical\" href=\"https:\/\/salmosbiblicos.com.br\/index.php\/2025\/05\/01\/reflexoes-de-pascoa-renovacao-esperanca-e-fe-em-cristo-ressuscitado\/\" \/>\n<meta property=\"og:locale\" content=\"pt_BR\" \/>\n<meta property=\"og:type\" content=\"article\" \/>\n<meta property=\"og:title\" content=\"**Reflex\u00f5es de P\u00e1scoa: Renova\u00e7\u00e3o, Esperan\u00e7a e F\u00e9 em Cristo Ressuscitado** - Salmos B\u00edblicos\" \/>\n<meta property=\"og:description\" content=\"Uma das datas mais significativas do calend\u00e1rio religioso Cat\u00f3lico \u00e9 a P\u00e1scoa, celebrada anualmente no domingo seguinte \u00e0 primeira lua cheia do equin\u00f3cio da primavera. A P\u00e1scoa marca a ressurrei\u00e7\u00e3o de Jesus Cristo, ap\u00f3s sua crucifica\u00e7\u00e3o, e \u00e9 considerada a festa mais importante para os crist\u00e3os. A origem da P\u00e1scoa remonta \u00e0 tradi\u00e7\u00e3o judaica da [&hellip;]\" \/>\n<meta property=\"og:url\" content=\"https:\/\/salmosbiblicos.com.br\/index.php\/2025\/05\/01\/reflexoes-de-pascoa-renovacao-esperanca-e-fe-em-cristo-ressuscitado\/\" \/>\n<meta property=\"og:site_name\" content=\"Salmos B\u00edblicos\" \/>\n<meta property=\"article:published_time\" content=\"2025-05-01T21:51:14+00:00\" \/>\n<meta name=\"author\" content=\"Irmao\" \/>\n<meta name=\"twitter:card\" content=\"summary_large_image\" \/>\n<meta name=\"twitter:label1\" content=\"Escrito por\" \/>\n\t<meta name=\"twitter:data1\" content=\"Irmao\" \/>\n\t<meta name=\"twitter:label2\" content=\"Est. tempo de leitura\" \/>\n\t<meta name=\"twitter:data2\" content=\"2 minutos\" \/>\n<script type=\"application\/ld+json\" class=\"yoast-schema-graph\">{\"@context\":\"https:\/\/schema.org\",\"@graph\":[{\"@type\":\"Article\",\"@id\":\"https:\/\/salmosbiblicos.com.br\/index.php\/2025\/05\/01\/reflexoes-de-pascoa-renovacao-esperanca-e-fe-em-cristo-ressuscitado\/#article\",\"isPartOf\":{\"@id\":\"https:\/\/salmosbiblicos.com.br\/index.php\/2025\/05\/01\/reflexoes-de-pascoa-renovacao-esperanca-e-fe-em-cristo-ressuscitado\/\"},\"author\":{\"name\":\"Irmao\",\"@id\":\"https:\/\/salmosbiblicos.com.br\/#\/schema\/person\/760735259ba35f1e44e89c71c72d79da\"},\"headline\":\"**Reflex\u00f5es de P\u00e1scoa: Renova\u00e7\u00e3o, Esperan\u00e7a e F\u00e9 em Cristo Ressuscitado**\",\"datePublished\":\"2025-05-01T21:51:14+00:00\",\"mainEntityOfPage\":{\"@id\":\"https:\/\/salmosbiblicos.com.br\/index.php\/2025\/05\/01\/reflexoes-de-pascoa-renovacao-esperanca-e-fe-em-cristo-ressuscitado\/\"},\"wordCount\":447,\"articleSection\":[\"Data Religiosa\"],\"inLanguage\":\"pt-BR\"},{\"@type\":\"WebPage\",\"@id\":\"https:\/\/salmosbiblicos.com.br\/index.php\/2025\/05\/01\/reflexoes-de-pascoa-renovacao-esperanca-e-fe-em-cristo-ressuscitado\/\",\"url\":\"https:\/\/salmosbiblicos.com.br\/index.php\/2025\/05\/01\/reflexoes-de-pascoa-renovacao-esperanca-e-fe-em-cristo-ressuscitado\/\",\"name\":\"**Reflex\u00f5es de P\u00e1scoa: Renova\u00e7\u00e3o, Esperan\u00e7a e F\u00e9 em Cristo Ressuscitado** - Salmos B\u00edblicos\",\"isPartOf\":{\"@id\":\"https:\/\/salmosbiblicos.com.br\/#website\"},\"datePublished\":\"2025-05-01T21:51:14+00:00\",\"author\":{\"@id\":\"https:\/\/salmosbiblicos.com.br\/#\/schema\/person\/760735259ba35f1e44e89c71c72d79da\"},\"breadcrumb\":{\"@id\":\"https:\/\/salmosbiblicos.com.br\/index.php\/2025\/05\/01\/reflexoes-de-pascoa-renovacao-esperanca-e-fe-em-cristo-ressuscitado\/#breadcrumb\"},\"inLanguage\":\"pt-BR\",\"potentialAction\":[{\"@type\":\"ReadAction\",\"target\":[\"https:\/\/salmosbiblicos.com.br\/index.php\/2025\/05\/01\/reflexoes-de-pascoa-renovacao-esperanca-e-fe-em-cristo-ressuscitado\/\"]}]},{\"@type\":\"BreadcrumbList\",\"@id\":\"https:\/\/salmosbiblicos.com.br\/index.php\/2025\/05\/01\/reflexoes-de-pascoa-renovacao-esperanca-e-fe-em-cristo-ressuscitado\/#breadcrumb\",\"itemListElement\":[{\"@type\":\"ListItem\",\"position\":1,\"name\":\"Home\",\"item\":\"https:\/\/salmosbiblicos.com.br\/\"},{\"@type\":\"ListItem\",\"position\":2,\"name\":\"**Reflex\u00f5es de P\u00e1scoa: Renova\u00e7\u00e3o, Esperan\u00e7a e F\u00e9 em Cristo Ressuscitado**\"}]},{\"@type\":\"WebSite\",\"@id\":\"https:\/\/salmosbiblicos.com.br\/#website\",\"url\":\"https:\/\/salmosbiblicos.com.br\/\",\"name\":\"Salmos B\u00edblicos\",\"description\":\"Uma e-Livraria com e-Books novos para voc\u00ea refletir.\",\"potentialAction\":[{\"@type\":\"SearchAction\",\"target\":{\"@type\":\"EntryPoint\",\"urlTemplate\":\"https:\/\/salmosbiblicos.com.br\/?s={search_term_string}\"},\"query-input\":{\"@type\":\"PropertyValueSpecification\",\"valueRequired\":true,\"valueName\":\"search_term_string\"}}],\"inLanguage\":\"pt-BR\"},{\"@type\":\"Person\",\"@id\":\"https:\/\/salmosbiblicos.com.br\/#\/schema\/person\/760735259ba35f1e44e89c71c72d79da\",\"name\":\"Irmao\",\"image\":{\"@type\":\"ImageObject\",\"inLanguage\":\"pt-BR\",\"@id\":\"https:\/\/secure.gravatar.com\/avatar\/?s=96&d=mm&r=g\",\"url\":\"https:\/\/secure.gravatar.com\/avatar\/?s=96&d=mm&r=g\",\"contentUrl\":\"https:\/\/secure.gravatar.com\/avatar\/?s=96&d=mm&r=g\",\"caption\":\"Irmao\"},\"url\":\"https:\/\/salmosbiblicos.com.br\/index.php\/author\/irmao\/\"}]}<\/script>\n<!-- \/ Yoast SEO plugin. -->","yoast_head_json":{"title":"**Reflex\u00f5es de P\u00e1scoa: Renova\u00e7\u00e3o, Esperan\u00e7a e F\u00e9 em Cristo Ressuscitado** - Salmos B\u00edblicos","robots":{"index":"index","follow":"follow","max-snippet":"max-snippet:-1","max-image-preview":"max-image-preview:large","max-video-preview":"max-video-preview:-1"},"canonical":"https:\/\/salmosbiblicos.com.br\/index.php\/2025\/05\/01\/reflexoes-de-pascoa-renovacao-esperanca-e-fe-em-cristo-ressuscitado\/","og_locale":"pt_BR","og_type":"article","og_title":"**Reflex\u00f5es de P\u00e1scoa: Renova\u00e7\u00e3o, Esperan\u00e7a e F\u00e9 em Cristo Ressuscitado** - Salmos B\u00edblicos","og_description":"Uma das datas mais significativas do calend\u00e1rio religioso Cat\u00f3lico \u00e9 a P\u00e1scoa, celebrada anualmente no domingo seguinte \u00e0 primeira lua cheia do equin\u00f3cio da primavera. A P\u00e1scoa marca a ressurrei\u00e7\u00e3o de Jesus Cristo, ap\u00f3s sua crucifica\u00e7\u00e3o, e \u00e9 considerada a festa mais importante para os crist\u00e3os. A origem da P\u00e1scoa remonta \u00e0 tradi\u00e7\u00e3o judaica da [&hellip;]","og_url":"https:\/\/salmosbiblicos.com.br\/index.php\/2025\/05\/01\/reflexoes-de-pascoa-renovacao-esperanca-e-fe-em-cristo-ressuscitado\/","og_site_name":"Salmos B\u00edblicos","article_published_time":"2025-05-01T21:51:14+00:00","author":"Irmao","twitter_card":"summary_large_image","twitter_misc":{"Escrito por":"Irmao","Est. tempo de leitura":"2 minutos"},"schema":{"@context":"https:\/\/schema.org","@graph":[{"@type":"Article","@id":"https:\/\/salmosbiblicos.com.br\/index.php\/2025\/05\/01\/reflexoes-de-pascoa-renovacao-esperanca-e-fe-em-cristo-ressuscitado\/#article","isPartOf":{"@id":"https:\/\/salmosbiblicos.com.br\/index.php\/2025\/05\/01\/reflexoes-de-pascoa-renovacao-esperanca-e-fe-em-cristo-ressuscitado\/"},"author":{"name":"Irmao","@id":"https:\/\/salmosbiblicos.com.br\/#\/schema\/person\/760735259ba35f1e44e89c71c72d79da"},"headline":"**Reflex\u00f5es de P\u00e1scoa: Renova\u00e7\u00e3o, Esperan\u00e7a e F\u00e9 em Cristo Ressuscitado**","datePublished":"2025-05-01T21:51:14+00:00","mainEntityOfPage":{"@id":"https:\/\/salmosbiblicos.com.br\/index.php\/2025\/05\/01\/reflexoes-de-pascoa-renovacao-esperanca-e-fe-em-cristo-ressuscitado\/"},"wordCount":447,"articleSection":["Data Religiosa"],"inLanguage":"pt-BR"},{"@type":"WebPage","@id":"https:\/\/salmosbiblicos.com.br\/index.php\/2025\/05\/01\/reflexoes-de-pascoa-renovacao-esperanca-e-fe-em-cristo-ressuscitado\/","url":"https:\/\/salmosbiblicos.com.br\/index.php\/2025\/05\/01\/reflexoes-de-pascoa-renovacao-esperanca-e-fe-em-cristo-ressuscitado\/","name":"**Reflex\u00f5es de P\u00e1scoa: Renova\u00e7\u00e3o, Esperan\u00e7a e F\u00e9 em Cristo Ressuscitado** - Salmos B\u00edblicos","isPartOf":{"@id":"https:\/\/salmosbiblicos.com.br\/#website"},"datePublished":"2025-05-01T21:51:14+00:00","author":{"@id":"https:\/\/salmosbiblicos.com.br\/#\/schema\/person\/760735259ba35f1e44e89c71c72d79da"},"breadcrumb":{"@id":"https:\/\/salmosbiblicos.com.br\/index.php\/2025\/05\/01\/reflexoes-de-pascoa-renovacao-esperanca-e-fe-em-cristo-ressuscitado\/#breadcrumb"},"inLanguage":"pt-BR","potentialAction":[{"@type":"ReadAction","target":["https:\/\/salmosbiblicos.com.br\/index.php\/2025\/05\/01\/reflexoes-de-pascoa-renovacao-esperanca-e-fe-em-cristo-ressuscitado\/"]}]},{"@type":"BreadcrumbList","@id":"https:\/\/salmosbiblicos.com.br\/index.php\/2025\/05\/01\/reflexoes-de-pascoa-renovacao-esperanca-e-fe-em-cristo-ressuscitado\/#breadcrumb","itemListElement":[{"@type":"ListItem","position":1,"name":"Home","item":"https:\/\/salmosbiblicos.com.br\/"},{"@type":"ListItem","position":2,"name":"**Reflex\u00f5es de P\u00e1scoa: Renova\u00e7\u00e3o, Esperan\u00e7a e F\u00e9 em Cristo Ressuscitado**"}]},{"@type":"WebSite","@id":"https:\/\/salmosbiblicos.com.br\/#website","url":"https:\/\/salmosbiblicos.com.br\/","name":"Salmos B\u00edblicos","description":"Uma e-Livraria com e-Books novos para voc\u00ea refletir.","potentialAction":[{"@type":"SearchAction","target":{"@type":"EntryPoint","urlTemplate":"https:\/\/salmosbiblicos.com.br\/?s={search_term_string}"},"query-input":{"@type":"PropertyValueSpecification","valueRequired":true,"valueName":"search_term_string"}}],"inLanguage":"pt-BR"},{"@type":"Person","@id":"https:\/\/salmosbiblicos.com.br\/#\/schema\/person\/760735259ba35f1e44e89c71c72d79da","name":"Irmao","image":{"@type":"ImageObject","inLanguage":"pt-BR","@id":"https:\/\/secure.gravatar.com\/avatar\/?s=96&d=mm&r=g","url":"https:\/\/secure.gravatar.com\/avatar\/?s=96&d=mm&r=g","contentUrl":"https:\/\/secure.gravatar.com\/avatar\/?s=96&d=mm&r=g","caption":"Irmao"},"url":"https:\/\/salmosbiblicos.com.br\/index.php\/author\/irmao\/"}]}},"_links":{"self":[{"href":"https:\/\/salmosbiblicos.com.br\/index.php\/wp-json\/wp\/v2\/posts\/4607","targetHints":{"allow":["GET"]}}],"collection":[{"href":"https:\/\/salmosbiblicos.com.br\/index.php\/wp-json\/wp\/v2\/posts"}],"about":[{"href":"https:\/\/salmosbiblicos.com.br\/index.php\/wp-json\/wp\/v2\/types\/post"}],"author":[{"embeddable":true,"href":"https:\/\/salmosbiblicos.com.br\/index.php\/wp-json\/wp\/v2\/users\/2"}],"replies":[{"embeddable":true,"href":"https:\/\/salmosbiblicos.com.br\/index.php\/wp-json\/wp\/v2\/comments?post=4607"}],"version-history":[{"count":0,"href":"https:\/\/salmosbiblicos.com.br\/index.php\/wp-json\/wp\/v2\/posts\/4607\/revisions"}],"wp:attachment":[{"href":"https:\/\/salmosbiblicos.com.br\/index.php\/wp-json\/wp\/v2\/media?parent=4607"}],"wp:term":[{"taxonomy":"category","embeddable":true,"href":"https:\/\/salmosbiblicos.com.br\/index.php\/wp-json\/wp\/v2\/categories?post=4607"},{"taxonomy":"post_tag","embeddable":true,"href":"https:\/\/salmosbiblicos.com.br\/index.php\/wp-json\/wp\/v2\/tags?post=4607"}],"curies":[{"name":"wp","href":"https:\/\/api.w.org\/{rel}","templated":true}]}}