{"id":4655,"date":"2025-05-03T01:19:11","date_gmt":"2025-05-03T04:19:11","guid":{"rendered":"https:\/\/salmosbiblicos.com.br\/?p=4655"},"modified":"2025-05-03T01:19:11","modified_gmt":"2025-05-03T04:19:11","slug":"fortalecendo-a-fe-uma-oracao-de-gratidao-e-confianca-em-deus","status":"publish","type":"post","link":"https:\/\/salmosbiblicos.com.br\/index.php\/2025\/05\/03\/fortalecendo-a-fe-uma-oracao-de-gratidao-e-confianca-em-deus\/","title":{"rendered":"Fortalecendo a f\u00e9: uma ora\u00e7\u00e3o de gratid\u00e3o e confian\u00e7a em Deus"},"content":{"rendered":"<p>Querido Deus,<\/p>\n<p>Hoje venho at\u00e9 Ti com o cora\u00e7\u00e3o cheio de gratid\u00e3o e amor. Agrade\u00e7o por mais um dia de vida, por cada respira\u00e7\u00e3o, por cada oportunidade de aprendizado e crescimento. Obrigado por estar sempre ao meu lado, mesmo nos momentos mais dif\u00edceis.<\/p>\n<p>Senhor, sei que nem sempre \u00e9 f\u00e1cil manter a f\u00e9 diante dos desafios que surgem em nosso caminho. Por isso, pe\u00e7o que fortale\u00e7as a minha f\u00e9, que me ajudes a confiar em Teu plano para mim e a seguir Teus ensinamentos com humildade e gratid\u00e3o.<\/p>\n<p>Que a Tua luz ilumine o meu caminho, que a Tua paz acalme o meu cora\u00e7\u00e3o e que a Tua sabedoria guie os meus passos. Ajuda-me a enxergar as b\u00ean\u00e7\u00e3os que est\u00e3o ao meu redor, mesmo nos momentos de dificuldade.<\/p>\n<p>Que eu saiba agradecer sempre, n\u00e3o apenas pelas coisas boas, mas tamb\u00e9m pelos desafios que me fazem crescer e evoluir. Que eu seja grato pela oportunidade de aprender com cada experi\u00eancia, por mais dolorosa que ela possa parecer.<\/p>\n<p>Entrego a Ti, \u00f3 Deus, as minhas preocupa\u00e7\u00f5es, medos e anseios. Que a Tua presen\u00e7a me traga paz e confian\u00e7a, sabendo que est\u00e1s sempre comigo, cuidando de mim e me amparando em todos os momentos.<\/p>\n<p>Que a Tua vontade seja feita em minha vida, e que eu saiba aceitar com amor e gratid\u00e3o tudo o que vier de Ti. Confio em Teu amor infinito e na Tua bondade sem limites.<\/p>\n<p>Am\u00e9m. Que a esperan\u00e7a nunca me abandone, pois sei que est\u00e1s sempre comigo.<\/p>\n","protected":false},"excerpt":{"rendered":"<p>Querido Deus, Hoje venho at\u00e9 Ti com o cora\u00e7\u00e3o cheio de gratid\u00e3o e amor. Agrade\u00e7o por mais um dia de vida, por cada respira\u00e7\u00e3o, por cada oportunidade de aprendizado e crescimento. Obrigado por estar sempre ao meu lado, mesmo nos momentos mais dif\u00edceis. Senhor, sei que nem sempre \u00e9 f\u00e1cil manter a f\u00e9 diante dos [&hellip;]<\/p>\n","protected":false},"author":2,"featured_media":0,"comment_status":"closed","ping_status":"open","sticky":false,"template":"","format":"standard","meta":{"footnotes":""},"categories":[8],"tags":[],"class_list":["post-4655","post","type-post","status-publish","format-standard","hentry","category-oracao-do-dia"],"yoast_head":"<!-- This site is optimized with the Yoast SEO plugin v27.2 - https:\/\/yoast.com\/product\/yoast-seo-wordpress\/ -->\n<title>Fortalecendo a f\u00e9: uma ora\u00e7\u00e3o de gratid\u00e3o e confian\u00e7a em Deus - Salmos B\u00edblicos<\/title>\n<meta name=\"robots\" content=\"index, follow, max-snippet:-1, max-image-preview:large, max-video-preview:-1\" \/>\n<link rel=\"canonical\" href=\"http:\/\/salmosbiblicos.com.br\/index.php\/2025\/05\/03\/fortalecendo-a-fe-uma-oracao-de-gratidao-e-confianca-em-deus\/\" \/>\n<meta property=\"og:locale\" content=\"pt_BR\" \/>\n<meta property=\"og:type\" content=\"article\" \/>\n<meta property=\"og:title\" content=\"Fortalecendo a f\u00e9: uma ora\u00e7\u00e3o de gratid\u00e3o e confian\u00e7a em Deus - Salmos B\u00edblicos\" \/>\n<meta property=\"og:description\" content=\"Querido Deus, Hoje venho at\u00e9 Ti com o cora\u00e7\u00e3o cheio de gratid\u00e3o e amor. Agrade\u00e7o por mais um dia de vida, por cada respira\u00e7\u00e3o, por cada oportunidade de aprendizado e crescimento. Obrigado por estar sempre ao meu lado, mesmo nos momentos mais dif\u00edceis. Senhor, sei que nem sempre \u00e9 f\u00e1cil manter a f\u00e9 diante dos [&hellip;]\" \/>\n<meta property=\"og:url\" content=\"http:\/\/salmosbiblicos.com.br\/index.php\/2025\/05\/03\/fortalecendo-a-fe-uma-oracao-de-gratidao-e-confianca-em-deus\/\" \/>\n<meta property=\"og:site_name\" content=\"Salmos B\u00edblicos\" \/>\n<meta property=\"article:published_time\" content=\"2025-05-03T04:19:11+00:00\" \/>\n<meta name=\"author\" content=\"Irmao\" \/>\n<meta name=\"twitter:card\" content=\"summary_large_image\" \/>\n<meta name=\"twitter:label1\" content=\"Escrito por\" \/>\n\t<meta name=\"twitter:data1\" content=\"Irmao\" \/>\n\t<meta name=\"twitter:label2\" content=\"Est. tempo de leitura\" \/>\n\t<meta name=\"twitter:data2\" content=\"1 minuto\" \/>\n<script type=\"application\/ld+json\" class=\"yoast-schema-graph\">{\"@context\":\"https:\/\/schema.org\",\"@graph\":[{\"@type\":\"Article\",\"@id\":\"http:\/\/salmosbiblicos.com.br\/index.php\/2025\/05\/03\/fortalecendo-a-fe-uma-oracao-de-gratidao-e-confianca-em-deus\/#article\",\"isPartOf\":{\"@id\":\"http:\/\/salmosbiblicos.com.br\/index.php\/2025\/05\/03\/fortalecendo-a-fe-uma-oracao-de-gratidao-e-confianca-em-deus\/\"},\"author\":{\"name\":\"Irmao\",\"@id\":\"https:\/\/salmosbiblicos.com.br\/#\/schema\/person\/760735259ba35f1e44e89c71c72d79da\"},\"headline\":\"Fortalecendo a f\u00e9: uma ora\u00e7\u00e3o de gratid\u00e3o e confian\u00e7a em Deus\",\"datePublished\":\"2025-05-03T04:19:11+00:00\",\"mainEntityOfPage\":{\"@id\":\"http:\/\/salmosbiblicos.com.br\/index.php\/2025\/05\/03\/fortalecendo-a-fe-uma-oracao-de-gratidao-e-confianca-em-deus\/\"},\"wordCount\":285,\"articleSection\":[\"Ora\u00e7\u00e3o do Dia\"],\"inLanguage\":\"pt-BR\"},{\"@type\":\"WebPage\",\"@id\":\"http:\/\/salmosbiblicos.com.br\/index.php\/2025\/05\/03\/fortalecendo-a-fe-uma-oracao-de-gratidao-e-confianca-em-deus\/\",\"url\":\"http:\/\/salmosbiblicos.com.br\/index.php\/2025\/05\/03\/fortalecendo-a-fe-uma-oracao-de-gratidao-e-confianca-em-deus\/\",\"name\":\"Fortalecendo a f\u00e9: uma ora\u00e7\u00e3o de gratid\u00e3o e confian\u00e7a em Deus - Salmos B\u00edblicos\",\"isPartOf\":{\"@id\":\"https:\/\/salmosbiblicos.com.br\/#website\"},\"datePublished\":\"2025-05-03T04:19:11+00:00\",\"author\":{\"@id\":\"https:\/\/salmosbiblicos.com.br\/#\/schema\/person\/760735259ba35f1e44e89c71c72d79da\"},\"breadcrumb\":{\"@id\":\"http:\/\/salmosbiblicos.com.br\/index.php\/2025\/05\/03\/fortalecendo-a-fe-uma-oracao-de-gratidao-e-confianca-em-deus\/#breadcrumb\"},\"inLanguage\":\"pt-BR\",\"potentialAction\":[{\"@type\":\"ReadAction\",\"target\":[\"http:\/\/salmosbiblicos.com.br\/index.php\/2025\/05\/03\/fortalecendo-a-fe-uma-oracao-de-gratidao-e-confianca-em-deus\/\"]}]},{\"@type\":\"BreadcrumbList\",\"@id\":\"http:\/\/salmosbiblicos.com.br\/index.php\/2025\/05\/03\/fortalecendo-a-fe-uma-oracao-de-gratidao-e-confianca-em-deus\/#breadcrumb\",\"itemListElement\":[{\"@type\":\"ListItem\",\"position\":1,\"name\":\"Home\",\"item\":\"https:\/\/salmosbiblicos.com.br\/\"},{\"@type\":\"ListItem\",\"position\":2,\"name\":\"Fortalecendo a f\u00e9: uma ora\u00e7\u00e3o de gratid\u00e3o e confian\u00e7a em Deus\"}]},{\"@type\":\"WebSite\",\"@id\":\"https:\/\/salmosbiblicos.com.br\/#website\",\"url\":\"https:\/\/salmosbiblicos.com.br\/\",\"name\":\"Salmos B\u00edblicos\",\"description\":\"Uma e-Livraria com e-Books novos para voc\u00ea refletir.\",\"potentialAction\":[{\"@type\":\"SearchAction\",\"target\":{\"@type\":\"EntryPoint\",\"urlTemplate\":\"https:\/\/salmosbiblicos.com.br\/?s={search_term_string}\"},\"query-input\":{\"@type\":\"PropertyValueSpecification\",\"valueRequired\":true,\"valueName\":\"search_term_string\"}}],\"inLanguage\":\"pt-BR\"},{\"@type\":\"Person\",\"@id\":\"https:\/\/salmosbiblicos.com.br\/#\/schema\/person\/760735259ba35f1e44e89c71c72d79da\",\"name\":\"Irmao\",\"image\":{\"@type\":\"ImageObject\",\"inLanguage\":\"pt-BR\",\"@id\":\"https:\/\/secure.gravatar.com\/avatar\/?s=96&d=mm&r=g\",\"url\":\"https:\/\/secure.gravatar.com\/avatar\/?s=96&d=mm&r=g\",\"contentUrl\":\"https:\/\/secure.gravatar.com\/avatar\/?s=96&d=mm&r=g\",\"caption\":\"Irmao\"},\"url\":\"https:\/\/salmosbiblicos.com.br\/index.php\/author\/irmao\/\"}]}<\/script>\n<!-- \/ Yoast SEO plugin. -->","yoast_head_json":{"title":"Fortalecendo a f\u00e9: uma ora\u00e7\u00e3o de gratid\u00e3o e confian\u00e7a em Deus - Salmos B\u00edblicos","robots":{"index":"index","follow":"follow","max-snippet":"max-snippet:-1","max-image-preview":"max-image-preview:large","max-video-preview":"max-video-preview:-1"},"canonical":"http:\/\/salmosbiblicos.com.br\/index.php\/2025\/05\/03\/fortalecendo-a-fe-uma-oracao-de-gratidao-e-confianca-em-deus\/","og_locale":"pt_BR","og_type":"article","og_title":"Fortalecendo a f\u00e9: uma ora\u00e7\u00e3o de gratid\u00e3o e confian\u00e7a em Deus - Salmos B\u00edblicos","og_description":"Querido Deus, Hoje venho at\u00e9 Ti com o cora\u00e7\u00e3o cheio de gratid\u00e3o e amor. Agrade\u00e7o por mais um dia de vida, por cada respira\u00e7\u00e3o, por cada oportunidade de aprendizado e crescimento. Obrigado por estar sempre ao meu lado, mesmo nos momentos mais dif\u00edceis. Senhor, sei que nem sempre \u00e9 f\u00e1cil manter a f\u00e9 diante dos [&hellip;]","og_url":"http:\/\/salmosbiblicos.com.br\/index.php\/2025\/05\/03\/fortalecendo-a-fe-uma-oracao-de-gratidao-e-confianca-em-deus\/","og_site_name":"Salmos B\u00edblicos","article_published_time":"2025-05-03T04:19:11+00:00","author":"Irmao","twitter_card":"summary_large_image","twitter_misc":{"Escrito por":"Irmao","Est. tempo de leitura":"1 minuto"},"schema":{"@context":"https:\/\/schema.org","@graph":[{"@type":"Article","@id":"http:\/\/salmosbiblicos.com.br\/index.php\/2025\/05\/03\/fortalecendo-a-fe-uma-oracao-de-gratidao-e-confianca-em-deus\/#article","isPartOf":{"@id":"http:\/\/salmosbiblicos.com.br\/index.php\/2025\/05\/03\/fortalecendo-a-fe-uma-oracao-de-gratidao-e-confianca-em-deus\/"},"author":{"name":"Irmao","@id":"https:\/\/salmosbiblicos.com.br\/#\/schema\/person\/760735259ba35f1e44e89c71c72d79da"},"headline":"Fortalecendo a f\u00e9: uma ora\u00e7\u00e3o de gratid\u00e3o e confian\u00e7a em Deus","datePublished":"2025-05-03T04:19:11+00:00","mainEntityOfPage":{"@id":"http:\/\/salmosbiblicos.com.br\/index.php\/2025\/05\/03\/fortalecendo-a-fe-uma-oracao-de-gratidao-e-confianca-em-deus\/"},"wordCount":285,"articleSection":["Ora\u00e7\u00e3o do Dia"],"inLanguage":"pt-BR"},{"@type":"WebPage","@id":"http:\/\/salmosbiblicos.com.br\/index.php\/2025\/05\/03\/fortalecendo-a-fe-uma-oracao-de-gratidao-e-confianca-em-deus\/","url":"http:\/\/salmosbiblicos.com.br\/index.php\/2025\/05\/03\/fortalecendo-a-fe-uma-oracao-de-gratidao-e-confianca-em-deus\/","name":"Fortalecendo a f\u00e9: uma ora\u00e7\u00e3o de gratid\u00e3o e confian\u00e7a em Deus - Salmos B\u00edblicos","isPartOf":{"@id":"https:\/\/salmosbiblicos.com.br\/#website"},"datePublished":"2025-05-03T04:19:11+00:00","author":{"@id":"https:\/\/salmosbiblicos.com.br\/#\/schema\/person\/760735259ba35f1e44e89c71c72d79da"},"breadcrumb":{"@id":"http:\/\/salmosbiblicos.com.br\/index.php\/2025\/05\/03\/fortalecendo-a-fe-uma-oracao-de-gratidao-e-confianca-em-deus\/#breadcrumb"},"inLanguage":"pt-BR","potentialAction":[{"@type":"ReadAction","target":["http:\/\/salmosbiblicos.com.br\/index.php\/2025\/05\/03\/fortalecendo-a-fe-uma-oracao-de-gratidao-e-confianca-em-deus\/"]}]},{"@type":"BreadcrumbList","@id":"http:\/\/salmosbiblicos.com.br\/index.php\/2025\/05\/03\/fortalecendo-a-fe-uma-oracao-de-gratidao-e-confianca-em-deus\/#breadcrumb","itemListElement":[{"@type":"ListItem","position":1,"name":"Home","item":"https:\/\/salmosbiblicos.com.br\/"},{"@type":"ListItem","position":2,"name":"Fortalecendo a f\u00e9: uma ora\u00e7\u00e3o de gratid\u00e3o e confian\u00e7a em Deus"}]},{"@type":"WebSite","@id":"https:\/\/salmosbiblicos.com.br\/#website","url":"https:\/\/salmosbiblicos.com.br\/","name":"Salmos B\u00edblicos","description":"Uma e-Livraria com e-Books novos para voc\u00ea refletir.","potentialAction":[{"@type":"SearchAction","target":{"@type":"EntryPoint","urlTemplate":"https:\/\/salmosbiblicos.com.br\/?s={search_term_string}"},"query-input":{"@type":"PropertyValueSpecification","valueRequired":true,"valueName":"search_term_string"}}],"inLanguage":"pt-BR"},{"@type":"Person","@id":"https:\/\/salmosbiblicos.com.br\/#\/schema\/person\/760735259ba35f1e44e89c71c72d79da","name":"Irmao","image":{"@type":"ImageObject","inLanguage":"pt-BR","@id":"https:\/\/secure.gravatar.com\/avatar\/?s=96&d=mm&r=g","url":"https:\/\/secure.gravatar.com\/avatar\/?s=96&d=mm&r=g","contentUrl":"https:\/\/secure.gravatar.com\/avatar\/?s=96&d=mm&r=g","caption":"Irmao"},"url":"https:\/\/salmosbiblicos.com.br\/index.php\/author\/irmao\/"}]}},"_links":{"self":[{"href":"https:\/\/salmosbiblicos.com.br\/index.php\/wp-json\/wp\/v2\/posts\/4655","targetHints":{"allow":["GET"]}}],"collection":[{"href":"https:\/\/salmosbiblicos.com.br\/index.php\/wp-json\/wp\/v2\/posts"}],"about":[{"href":"https:\/\/salmosbiblicos.com.br\/index.php\/wp-json\/wp\/v2\/types\/post"}],"author":[{"embeddable":true,"href":"https:\/\/salmosbiblicos.com.br\/index.php\/wp-json\/wp\/v2\/users\/2"}],"replies":[{"embeddable":true,"href":"https:\/\/salmosbiblicos.com.br\/index.php\/wp-json\/wp\/v2\/comments?post=4655"}],"version-history":[{"count":0,"href":"https:\/\/salmosbiblicos.com.br\/index.php\/wp-json\/wp\/v2\/posts\/4655\/revisions"}],"wp:attachment":[{"href":"https:\/\/salmosbiblicos.com.br\/index.php\/wp-json\/wp\/v2\/media?parent=4655"}],"wp:term":[{"taxonomy":"category","embeddable":true,"href":"https:\/\/salmosbiblicos.com.br\/index.php\/wp-json\/wp\/v2\/categories?post=4655"},{"taxonomy":"post_tag","embeddable":true,"href":"https:\/\/salmosbiblicos.com.br\/index.php\/wp-json\/wp\/v2\/tags?post=4655"}],"curies":[{"name":"wp","href":"https:\/\/api.w.org\/{rel}","templated":true}]}}