{"id":4657,"date":"2025-05-03T01:19:26","date_gmt":"2025-05-03T04:19:26","guid":{"rendered":"https:\/\/salmosbiblicos.com.br\/?p=4657"},"modified":"2025-05-03T01:19:26","modified_gmt":"2025-05-03T04:19:26","slug":"fortalecendo-a-fe-uma-oracao-de-gratidao-e-confianca-em-deus-2","status":"publish","type":"post","link":"https:\/\/salmosbiblicos.com.br\/index.php\/2025\/05\/03\/fortalecendo-a-fe-uma-oracao-de-gratidao-e-confianca-em-deus-2\/","title":{"rendered":"Fortalecendo a F\u00e9: Uma Ora\u00e7\u00e3o de Gratid\u00e3o e Confian\u00e7a em Deus"},"content":{"rendered":"<p>Querido Deus,<\/p>\n<p>Hoje me dirijo a Ti com um cora\u00e7\u00e3o cheio de gratid\u00e3o e f\u00e9. Agrade\u00e7o por mais um dia de vida que me concedeu, por cada respira\u00e7\u00e3o, por cada oportunidade de crescimento e aprendizado. Reconhe\u00e7o, Senhor, que nem sempre sou merecedor de tantas b\u00ean\u00e7\u00e3os, mas mesmo assim, Tu permaneces ao meu lado, guiando meus passos e iluminando meu caminho.<\/p>\n<p>Neste momento de incertezas e desafios, pe\u00e7o, Senhor, que fortale\u00e7as a minha f\u00e9. Que me ajudes a confiar em Teu plano para mim, mesmo quando as dificuldades parecem insuper\u00e1veis. D\u00e1-me a serenidade para aceitar o que n\u00e3o posso mudar, a coragem para enfrentar o que est\u00e1 ao meu alcance e a sabedoria para discernir entre os dois.<\/p>\n<p>Que a Tua presen\u00e7a, \u00f3 Deus, seja a minha fortaleza nos momentos de ang\u00fastia e a minha paz nos momentos de turbul\u00eancia. Que eu possa sentir o Teu amor a me envolver e a me proteger, dando-me a certeza de que nunca estou sozinho.<\/p>\n<p>Que a minha f\u00e9 seja como uma luz que ilumina o meu caminho, mesmo nas noites mais escuras. Que eu possa confiar plenamente em Ti, sabendo que Tu \u00e9s o meu ref\u00fagio e a minha salva\u00e7\u00e3o.<\/p>\n<p>Que a Tua vontade se cumpra em mim, Senhor, pois sei que Tu \u00e9s bom e misericordioso. Que eu possa entregar a Ti os meus medos, as minhas preocupa\u00e7\u00f5es e as minhas alegrias, sabendo que Tu sempre cuidas de mim.<\/p>\n<p>Que a minha f\u00e9 seja inabal\u00e1vel, como uma rocha firme no meio da tempestade. Que eu possa descansar em Ti, confiando que tudo est\u00e1 sob o Teu controle.<\/p>\n<p>Am\u00e9m.<\/p>\n<p>Que a esperan\u00e7a nos guie e a f\u00e9 nos fortale\u00e7a.<\/p>\n","protected":false},"excerpt":{"rendered":"<p>Querido Deus, Hoje me dirijo a Ti com um cora\u00e7\u00e3o cheio de gratid\u00e3o e f\u00e9. Agrade\u00e7o por mais um dia de vida que me concedeu, por cada respira\u00e7\u00e3o, por cada oportunidade de crescimento e aprendizado. Reconhe\u00e7o, Senhor, que nem sempre sou merecedor de tantas b\u00ean\u00e7\u00e3os, mas mesmo assim, Tu permaneces ao meu lado, guiando meus [&hellip;]<\/p>\n","protected":false},"author":2,"featured_media":0,"comment_status":"closed","ping_status":"open","sticky":false,"template":"","format":"standard","meta":{"footnotes":""},"categories":[8],"tags":[],"class_list":["post-4657","post","type-post","status-publish","format-standard","hentry","category-oracao-do-dia"],"yoast_head":"<!-- This site is optimized with the Yoast SEO plugin v27.2 - https:\/\/yoast.com\/product\/yoast-seo-wordpress\/ -->\n<title>Fortalecendo a F\u00e9: Uma Ora\u00e7\u00e3o de Gratid\u00e3o e Confian\u00e7a em Deus - Salmos B\u00edblicos<\/title>\n<meta name=\"robots\" content=\"index, follow, max-snippet:-1, max-image-preview:large, max-video-preview:-1\" \/>\n<link rel=\"canonical\" href=\"http:\/\/salmosbiblicos.com.br\/index.php\/2025\/05\/03\/fortalecendo-a-fe-uma-oracao-de-gratidao-e-confianca-em-deus-2\/\" \/>\n<meta property=\"og:locale\" content=\"pt_BR\" \/>\n<meta property=\"og:type\" content=\"article\" \/>\n<meta property=\"og:title\" content=\"Fortalecendo a F\u00e9: Uma Ora\u00e7\u00e3o de Gratid\u00e3o e Confian\u00e7a em Deus - Salmos B\u00edblicos\" \/>\n<meta property=\"og:description\" content=\"Querido Deus, Hoje me dirijo a Ti com um cora\u00e7\u00e3o cheio de gratid\u00e3o e f\u00e9. Agrade\u00e7o por mais um dia de vida que me concedeu, por cada respira\u00e7\u00e3o, por cada oportunidade de crescimento e aprendizado. Reconhe\u00e7o, Senhor, que nem sempre sou merecedor de tantas b\u00ean\u00e7\u00e3os, mas mesmo assim, Tu permaneces ao meu lado, guiando meus [&hellip;]\" \/>\n<meta property=\"og:url\" content=\"http:\/\/salmosbiblicos.com.br\/index.php\/2025\/05\/03\/fortalecendo-a-fe-uma-oracao-de-gratidao-e-confianca-em-deus-2\/\" \/>\n<meta property=\"og:site_name\" content=\"Salmos B\u00edblicos\" \/>\n<meta property=\"article:published_time\" content=\"2025-05-03T04:19:26+00:00\" \/>\n<meta name=\"author\" content=\"Irmao\" \/>\n<meta name=\"twitter:card\" content=\"summary_large_image\" \/>\n<meta name=\"twitter:label1\" content=\"Escrito por\" \/>\n\t<meta name=\"twitter:data1\" content=\"Irmao\" \/>\n\t<meta name=\"twitter:label2\" content=\"Est. tempo de leitura\" \/>\n\t<meta name=\"twitter:data2\" content=\"1 minuto\" \/>\n<script type=\"application\/ld+json\" class=\"yoast-schema-graph\">{\"@context\":\"https:\/\/schema.org\",\"@graph\":[{\"@type\":\"Article\",\"@id\":\"http:\/\/salmosbiblicos.com.br\/index.php\/2025\/05\/03\/fortalecendo-a-fe-uma-oracao-de-gratidao-e-confianca-em-deus-2\/#article\",\"isPartOf\":{\"@id\":\"http:\/\/salmosbiblicos.com.br\/index.php\/2025\/05\/03\/fortalecendo-a-fe-uma-oracao-de-gratidao-e-confianca-em-deus-2\/\"},\"author\":{\"name\":\"Irmao\",\"@id\":\"https:\/\/salmosbiblicos.com.br\/#\/schema\/person\/760735259ba35f1e44e89c71c72d79da\"},\"headline\":\"Fortalecendo a F\u00e9: Uma Ora\u00e7\u00e3o de Gratid\u00e3o e Confian\u00e7a em Deus\",\"datePublished\":\"2025-05-03T04:19:26+00:00\",\"mainEntityOfPage\":{\"@id\":\"http:\/\/salmosbiblicos.com.br\/index.php\/2025\/05\/03\/fortalecendo-a-fe-uma-oracao-de-gratidao-e-confianca-em-deus-2\/\"},\"wordCount\":311,\"articleSection\":[\"Ora\u00e7\u00e3o do Dia\"],\"inLanguage\":\"pt-BR\"},{\"@type\":\"WebPage\",\"@id\":\"http:\/\/salmosbiblicos.com.br\/index.php\/2025\/05\/03\/fortalecendo-a-fe-uma-oracao-de-gratidao-e-confianca-em-deus-2\/\",\"url\":\"http:\/\/salmosbiblicos.com.br\/index.php\/2025\/05\/03\/fortalecendo-a-fe-uma-oracao-de-gratidao-e-confianca-em-deus-2\/\",\"name\":\"Fortalecendo a F\u00e9: Uma Ora\u00e7\u00e3o de Gratid\u00e3o e Confian\u00e7a em Deus - Salmos B\u00edblicos\",\"isPartOf\":{\"@id\":\"https:\/\/salmosbiblicos.com.br\/#website\"},\"datePublished\":\"2025-05-03T04:19:26+00:00\",\"author\":{\"@id\":\"https:\/\/salmosbiblicos.com.br\/#\/schema\/person\/760735259ba35f1e44e89c71c72d79da\"},\"breadcrumb\":{\"@id\":\"http:\/\/salmosbiblicos.com.br\/index.php\/2025\/05\/03\/fortalecendo-a-fe-uma-oracao-de-gratidao-e-confianca-em-deus-2\/#breadcrumb\"},\"inLanguage\":\"pt-BR\",\"potentialAction\":[{\"@type\":\"ReadAction\",\"target\":[\"http:\/\/salmosbiblicos.com.br\/index.php\/2025\/05\/03\/fortalecendo-a-fe-uma-oracao-de-gratidao-e-confianca-em-deus-2\/\"]}]},{\"@type\":\"BreadcrumbList\",\"@id\":\"http:\/\/salmosbiblicos.com.br\/index.php\/2025\/05\/03\/fortalecendo-a-fe-uma-oracao-de-gratidao-e-confianca-em-deus-2\/#breadcrumb\",\"itemListElement\":[{\"@type\":\"ListItem\",\"position\":1,\"name\":\"Home\",\"item\":\"https:\/\/salmosbiblicos.com.br\/\"},{\"@type\":\"ListItem\",\"position\":2,\"name\":\"Fortalecendo a F\u00e9: Uma Ora\u00e7\u00e3o de Gratid\u00e3o e Confian\u00e7a em Deus\"}]},{\"@type\":\"WebSite\",\"@id\":\"https:\/\/salmosbiblicos.com.br\/#website\",\"url\":\"https:\/\/salmosbiblicos.com.br\/\",\"name\":\"Salmos B\u00edblicos\",\"description\":\"Uma e-Livraria com e-Books novos para voc\u00ea refletir.\",\"potentialAction\":[{\"@type\":\"SearchAction\",\"target\":{\"@type\":\"EntryPoint\",\"urlTemplate\":\"https:\/\/salmosbiblicos.com.br\/?s={search_term_string}\"},\"query-input\":{\"@type\":\"PropertyValueSpecification\",\"valueRequired\":true,\"valueName\":\"search_term_string\"}}],\"inLanguage\":\"pt-BR\"},{\"@type\":\"Person\",\"@id\":\"https:\/\/salmosbiblicos.com.br\/#\/schema\/person\/760735259ba35f1e44e89c71c72d79da\",\"name\":\"Irmao\",\"image\":{\"@type\":\"ImageObject\",\"inLanguage\":\"pt-BR\",\"@id\":\"https:\/\/secure.gravatar.com\/avatar\/?s=96&d=mm&r=g\",\"url\":\"https:\/\/secure.gravatar.com\/avatar\/?s=96&d=mm&r=g\",\"contentUrl\":\"https:\/\/secure.gravatar.com\/avatar\/?s=96&d=mm&r=g\",\"caption\":\"Irmao\"},\"url\":\"https:\/\/salmosbiblicos.com.br\/index.php\/author\/irmao\/\"}]}<\/script>\n<!-- \/ Yoast SEO plugin. -->","yoast_head_json":{"title":"Fortalecendo a F\u00e9: Uma Ora\u00e7\u00e3o de Gratid\u00e3o e Confian\u00e7a em Deus - Salmos B\u00edblicos","robots":{"index":"index","follow":"follow","max-snippet":"max-snippet:-1","max-image-preview":"max-image-preview:large","max-video-preview":"max-video-preview:-1"},"canonical":"http:\/\/salmosbiblicos.com.br\/index.php\/2025\/05\/03\/fortalecendo-a-fe-uma-oracao-de-gratidao-e-confianca-em-deus-2\/","og_locale":"pt_BR","og_type":"article","og_title":"Fortalecendo a F\u00e9: Uma Ora\u00e7\u00e3o de Gratid\u00e3o e Confian\u00e7a em Deus - Salmos B\u00edblicos","og_description":"Querido Deus, Hoje me dirijo a Ti com um cora\u00e7\u00e3o cheio de gratid\u00e3o e f\u00e9. Agrade\u00e7o por mais um dia de vida que me concedeu, por cada respira\u00e7\u00e3o, por cada oportunidade de crescimento e aprendizado. Reconhe\u00e7o, Senhor, que nem sempre sou merecedor de tantas b\u00ean\u00e7\u00e3os, mas mesmo assim, Tu permaneces ao meu lado, guiando meus [&hellip;]","og_url":"http:\/\/salmosbiblicos.com.br\/index.php\/2025\/05\/03\/fortalecendo-a-fe-uma-oracao-de-gratidao-e-confianca-em-deus-2\/","og_site_name":"Salmos B\u00edblicos","article_published_time":"2025-05-03T04:19:26+00:00","author":"Irmao","twitter_card":"summary_large_image","twitter_misc":{"Escrito por":"Irmao","Est. tempo de leitura":"1 minuto"},"schema":{"@context":"https:\/\/schema.org","@graph":[{"@type":"Article","@id":"http:\/\/salmosbiblicos.com.br\/index.php\/2025\/05\/03\/fortalecendo-a-fe-uma-oracao-de-gratidao-e-confianca-em-deus-2\/#article","isPartOf":{"@id":"http:\/\/salmosbiblicos.com.br\/index.php\/2025\/05\/03\/fortalecendo-a-fe-uma-oracao-de-gratidao-e-confianca-em-deus-2\/"},"author":{"name":"Irmao","@id":"https:\/\/salmosbiblicos.com.br\/#\/schema\/person\/760735259ba35f1e44e89c71c72d79da"},"headline":"Fortalecendo a F\u00e9: Uma Ora\u00e7\u00e3o de Gratid\u00e3o e Confian\u00e7a em Deus","datePublished":"2025-05-03T04:19:26+00:00","mainEntityOfPage":{"@id":"http:\/\/salmosbiblicos.com.br\/index.php\/2025\/05\/03\/fortalecendo-a-fe-uma-oracao-de-gratidao-e-confianca-em-deus-2\/"},"wordCount":311,"articleSection":["Ora\u00e7\u00e3o do Dia"],"inLanguage":"pt-BR"},{"@type":"WebPage","@id":"http:\/\/salmosbiblicos.com.br\/index.php\/2025\/05\/03\/fortalecendo-a-fe-uma-oracao-de-gratidao-e-confianca-em-deus-2\/","url":"http:\/\/salmosbiblicos.com.br\/index.php\/2025\/05\/03\/fortalecendo-a-fe-uma-oracao-de-gratidao-e-confianca-em-deus-2\/","name":"Fortalecendo a F\u00e9: Uma Ora\u00e7\u00e3o de Gratid\u00e3o e Confian\u00e7a em Deus - Salmos B\u00edblicos","isPartOf":{"@id":"https:\/\/salmosbiblicos.com.br\/#website"},"datePublished":"2025-05-03T04:19:26+00:00","author":{"@id":"https:\/\/salmosbiblicos.com.br\/#\/schema\/person\/760735259ba35f1e44e89c71c72d79da"},"breadcrumb":{"@id":"http:\/\/salmosbiblicos.com.br\/index.php\/2025\/05\/03\/fortalecendo-a-fe-uma-oracao-de-gratidao-e-confianca-em-deus-2\/#breadcrumb"},"inLanguage":"pt-BR","potentialAction":[{"@type":"ReadAction","target":["http:\/\/salmosbiblicos.com.br\/index.php\/2025\/05\/03\/fortalecendo-a-fe-uma-oracao-de-gratidao-e-confianca-em-deus-2\/"]}]},{"@type":"BreadcrumbList","@id":"http:\/\/salmosbiblicos.com.br\/index.php\/2025\/05\/03\/fortalecendo-a-fe-uma-oracao-de-gratidao-e-confianca-em-deus-2\/#breadcrumb","itemListElement":[{"@type":"ListItem","position":1,"name":"Home","item":"https:\/\/salmosbiblicos.com.br\/"},{"@type":"ListItem","position":2,"name":"Fortalecendo a F\u00e9: Uma Ora\u00e7\u00e3o de Gratid\u00e3o e Confian\u00e7a em Deus"}]},{"@type":"WebSite","@id":"https:\/\/salmosbiblicos.com.br\/#website","url":"https:\/\/salmosbiblicos.com.br\/","name":"Salmos B\u00edblicos","description":"Uma e-Livraria com e-Books novos para voc\u00ea refletir.","potentialAction":[{"@type":"SearchAction","target":{"@type":"EntryPoint","urlTemplate":"https:\/\/salmosbiblicos.com.br\/?s={search_term_string}"},"query-input":{"@type":"PropertyValueSpecification","valueRequired":true,"valueName":"search_term_string"}}],"inLanguage":"pt-BR"},{"@type":"Person","@id":"https:\/\/salmosbiblicos.com.br\/#\/schema\/person\/760735259ba35f1e44e89c71c72d79da","name":"Irmao","image":{"@type":"ImageObject","inLanguage":"pt-BR","@id":"https:\/\/secure.gravatar.com\/avatar\/?s=96&d=mm&r=g","url":"https:\/\/secure.gravatar.com\/avatar\/?s=96&d=mm&r=g","contentUrl":"https:\/\/secure.gravatar.com\/avatar\/?s=96&d=mm&r=g","caption":"Irmao"},"url":"https:\/\/salmosbiblicos.com.br\/index.php\/author\/irmao\/"}]}},"_links":{"self":[{"href":"https:\/\/salmosbiblicos.com.br\/index.php\/wp-json\/wp\/v2\/posts\/4657","targetHints":{"allow":["GET"]}}],"collection":[{"href":"https:\/\/salmosbiblicos.com.br\/index.php\/wp-json\/wp\/v2\/posts"}],"about":[{"href":"https:\/\/salmosbiblicos.com.br\/index.php\/wp-json\/wp\/v2\/types\/post"}],"author":[{"embeddable":true,"href":"https:\/\/salmosbiblicos.com.br\/index.php\/wp-json\/wp\/v2\/users\/2"}],"replies":[{"embeddable":true,"href":"https:\/\/salmosbiblicos.com.br\/index.php\/wp-json\/wp\/v2\/comments?post=4657"}],"version-history":[{"count":0,"href":"https:\/\/salmosbiblicos.com.br\/index.php\/wp-json\/wp\/v2\/posts\/4657\/revisions"}],"wp:attachment":[{"href":"https:\/\/salmosbiblicos.com.br\/index.php\/wp-json\/wp\/v2\/media?parent=4657"}],"wp:term":[{"taxonomy":"category","embeddable":true,"href":"https:\/\/salmosbiblicos.com.br\/index.php\/wp-json\/wp\/v2\/categories?post=4657"},{"taxonomy":"post_tag","embeddable":true,"href":"https:\/\/salmosbiblicos.com.br\/index.php\/wp-json\/wp\/v2\/tags?post=4657"}],"curies":[{"name":"wp","href":"https:\/\/api.w.org\/{rel}","templated":true}]}}