{"id":4665,"date":"2025-05-03T01:19:52","date_gmt":"2025-05-03T04:19:52","guid":{"rendered":"https:\/\/salmosbiblicos.com.br\/?p=4665"},"modified":"2025-05-03T01:19:52","modified_gmt":"2025-05-03T04:19:52","slug":"reflexoes-de-pascoa-renovacao-da-fe-e-esperanca-em-cristo","status":"publish","type":"post","link":"https:\/\/salmosbiblicos.com.br\/index.php\/2025\/05\/03\/reflexoes-de-pascoa-renovacao-da-fe-e-esperanca-em-cristo\/","title":{"rendered":"Reflex\u00f5es de P\u00e1scoa: Renova\u00e7\u00e3o da F\u00e9 e Esperan\u00e7a em Cristo."},"content":{"rendered":"<p>A P\u00e1scoa \u00e9 uma das datas mais importantes do calend\u00e1rio religioso Cat\u00f3lico. Ela celebra a ressurrei\u00e7\u00e3o de Jesus Cristo, tr\u00eas dias ap\u00f3s sua crucifica\u00e7\u00e3o, e \u00e9 considerada o \u00e1pice da f\u00e9 crist\u00e3. A origem da P\u00e1scoa remonta aos tempos b\u00edblicos, quando Jesus foi crucificado e ressuscitou no terceiro dia, cumprindo as profecias e trazendo a salva\u00e7\u00e3o para toda a humanidade.<\/p>\n<p>O simbolismo da P\u00e1scoa \u00e9 rico e profundo. O ovo, por exemplo, representa o renascimento e a vida nova que surge com a ressurrei\u00e7\u00e3o de Cristo. O coelho simboliza a fertilidade e a esperan\u00e7a que a P\u00e1scoa traz para todos os crist\u00e3os. A cruz vazia nos lembra que a morte n\u00e3o teve poder sobre Jesus, e que Ele venceu o pecado e a morte para nos dar a vida eterna.<\/p>\n<p>A P\u00e1scoa \u00e9 um momento de reflex\u00e3o e renova\u00e7\u00e3o da f\u00e9. \u00c9 tempo de nos lembrarmos do sacrif\u00edcio de Cristo na cruz e da vit\u00f3ria da ressurrei\u00e7\u00e3o. \u00c9 tamb\u00e9m um momento de perd\u00e3o e reconcilia\u00e7\u00e3o, de nos abrirmos para a gra\u00e7a de Deus e para o amor incondicional que Ele nos oferece.<\/p>\n<p>Neste per\u00edodo de P\u00e1scoa, convido voc\u00ea a refletir sobre o significado mais profundo desta data. A ressurrei\u00e7\u00e3o de Jesus n\u00e3o \u00e9 apenas um evento do passado, mas uma realidade presente em nossas vidas. Assim como Cristo ressuscitou dos mortos, tamb\u00e9m n\u00f3s podemos renascer das nossas fraquezas, dos nossos pecados, das nossas dores. Podemos experimentar a gra\u00e7a e a miseric\u00f3rdia de Deus, que nos d\u00e1 a esperan\u00e7a de uma vida nova e plena em Cristo.<\/p>\n<p>Que nesta P\u00e1scoa, possamos nos abrir para a luz e a vida que Cristo nos oferece. Que possamos renovar nossa f\u00e9, nossa esperan\u00e7a e nosso amor por Ele e pelos nossos irm\u00e3os. Que possamos viver a P\u00e1scoa n\u00e3o apenas como uma data no calend\u00e1rio, mas como uma experi\u00eancia de ressurrei\u00e7\u00e3o e transforma\u00e7\u00e3o em nossas vidas.<\/p>\n<p>Que a P\u00e1scoa seja para todos n\u00f3s um tempo de alegria, de paz e de renova\u00e7\u00e3o espiritual. Que possamos celebrar a ressurrei\u00e7\u00e3o de Cristo com gratid\u00e3o e humildade, sabendo que Ele \u00e9 o Caminho, a Verdade e a Vida. Que possamos seguir seus passos, vivendo o amor, a justi\u00e7a e a compaix\u00e3o em todas as \u00e1reas de nossas vidas.<\/p>\n<p>Que a luz da ressurrei\u00e7\u00e3o brilhe em nossos cora\u00e7\u00f5es e nos guie pelo caminho da f\u00e9, da esperan\u00e7a e do amor. Am\u00e9m.<\/p>\n","protected":false},"excerpt":{"rendered":"<p>A P\u00e1scoa \u00e9 uma das datas mais importantes do calend\u00e1rio religioso Cat\u00f3lico. Ela celebra a ressurrei\u00e7\u00e3o de Jesus Cristo, tr\u00eas dias ap\u00f3s sua crucifica\u00e7\u00e3o, e \u00e9 considerada o \u00e1pice da f\u00e9 crist\u00e3. A origem da P\u00e1scoa remonta aos tempos b\u00edblicos, quando Jesus foi crucificado e ressuscitou no terceiro dia, cumprindo as profecias e trazendo a [&hellip;]<\/p>\n","protected":false},"author":2,"featured_media":0,"comment_status":"closed","ping_status":"open","sticky":false,"template":"","format":"standard","meta":{"footnotes":""},"categories":[9],"tags":[],"class_list":["post-4665","post","type-post","status-publish","format-standard","hentry","category-data-religiosa"],"yoast_head":"<!-- This site is optimized with the Yoast SEO plugin v27.2 - https:\/\/yoast.com\/product\/yoast-seo-wordpress\/ -->\n<title>Reflex\u00f5es de P\u00e1scoa: Renova\u00e7\u00e3o da F\u00e9 e Esperan\u00e7a em Cristo. - Salmos B\u00edblicos<\/title>\n<meta name=\"robots\" content=\"index, follow, max-snippet:-1, max-image-preview:large, max-video-preview:-1\" \/>\n<link rel=\"canonical\" href=\"https:\/\/salmosbiblicos.com.br\/index.php\/2025\/05\/03\/reflexoes-de-pascoa-renovacao-da-fe-e-esperanca-em-cristo\/\" \/>\n<meta property=\"og:locale\" content=\"pt_BR\" \/>\n<meta property=\"og:type\" content=\"article\" \/>\n<meta property=\"og:title\" content=\"Reflex\u00f5es de P\u00e1scoa: Renova\u00e7\u00e3o da F\u00e9 e Esperan\u00e7a em Cristo. - Salmos B\u00edblicos\" \/>\n<meta property=\"og:description\" content=\"A P\u00e1scoa \u00e9 uma das datas mais importantes do calend\u00e1rio religioso Cat\u00f3lico. Ela celebra a ressurrei\u00e7\u00e3o de Jesus Cristo, tr\u00eas dias ap\u00f3s sua crucifica\u00e7\u00e3o, e \u00e9 considerada o \u00e1pice da f\u00e9 crist\u00e3. A origem da P\u00e1scoa remonta aos tempos b\u00edblicos, quando Jesus foi crucificado e ressuscitou no terceiro dia, cumprindo as profecias e trazendo a [&hellip;]\" \/>\n<meta property=\"og:url\" content=\"https:\/\/salmosbiblicos.com.br\/index.php\/2025\/05\/03\/reflexoes-de-pascoa-renovacao-da-fe-e-esperanca-em-cristo\/\" \/>\n<meta property=\"og:site_name\" content=\"Salmos B\u00edblicos\" \/>\n<meta property=\"article:published_time\" content=\"2025-05-03T04:19:52+00:00\" \/>\n<meta name=\"author\" content=\"Irmao\" \/>\n<meta name=\"twitter:card\" content=\"summary_large_image\" \/>\n<meta name=\"twitter:label1\" content=\"Escrito por\" \/>\n\t<meta name=\"twitter:data1\" content=\"Irmao\" \/>\n\t<meta name=\"twitter:label2\" content=\"Est. tempo de leitura\" \/>\n\t<meta name=\"twitter:data2\" content=\"2 minutos\" \/>\n<script type=\"application\/ld+json\" class=\"yoast-schema-graph\">{\"@context\":\"https:\/\/schema.org\",\"@graph\":[{\"@type\":\"Article\",\"@id\":\"https:\/\/salmosbiblicos.com.br\/index.php\/2025\/05\/03\/reflexoes-de-pascoa-renovacao-da-fe-e-esperanca-em-cristo\/#article\",\"isPartOf\":{\"@id\":\"https:\/\/salmosbiblicos.com.br\/index.php\/2025\/05\/03\/reflexoes-de-pascoa-renovacao-da-fe-e-esperanca-em-cristo\/\"},\"author\":{\"name\":\"Irmao\",\"@id\":\"https:\/\/salmosbiblicos.com.br\/#\/schema\/person\/760735259ba35f1e44e89c71c72d79da\"},\"headline\":\"Reflex\u00f5es de P\u00e1scoa: Renova\u00e7\u00e3o da F\u00e9 e Esperan\u00e7a em Cristo.\",\"datePublished\":\"2025-05-03T04:19:52+00:00\",\"mainEntityOfPage\":{\"@id\":\"https:\/\/salmosbiblicos.com.br\/index.php\/2025\/05\/03\/reflexoes-de-pascoa-renovacao-da-fe-e-esperanca-em-cristo\/\"},\"wordCount\":453,\"articleSection\":[\"Data Religiosa\"],\"inLanguage\":\"pt-BR\"},{\"@type\":\"WebPage\",\"@id\":\"https:\/\/salmosbiblicos.com.br\/index.php\/2025\/05\/03\/reflexoes-de-pascoa-renovacao-da-fe-e-esperanca-em-cristo\/\",\"url\":\"https:\/\/salmosbiblicos.com.br\/index.php\/2025\/05\/03\/reflexoes-de-pascoa-renovacao-da-fe-e-esperanca-em-cristo\/\",\"name\":\"Reflex\u00f5es de P\u00e1scoa: Renova\u00e7\u00e3o da F\u00e9 e Esperan\u00e7a em Cristo. - Salmos B\u00edblicos\",\"isPartOf\":{\"@id\":\"https:\/\/salmosbiblicos.com.br\/#website\"},\"datePublished\":\"2025-05-03T04:19:52+00:00\",\"author\":{\"@id\":\"https:\/\/salmosbiblicos.com.br\/#\/schema\/person\/760735259ba35f1e44e89c71c72d79da\"},\"breadcrumb\":{\"@id\":\"https:\/\/salmosbiblicos.com.br\/index.php\/2025\/05\/03\/reflexoes-de-pascoa-renovacao-da-fe-e-esperanca-em-cristo\/#breadcrumb\"},\"inLanguage\":\"pt-BR\",\"potentialAction\":[{\"@type\":\"ReadAction\",\"target\":[\"https:\/\/salmosbiblicos.com.br\/index.php\/2025\/05\/03\/reflexoes-de-pascoa-renovacao-da-fe-e-esperanca-em-cristo\/\"]}]},{\"@type\":\"BreadcrumbList\",\"@id\":\"https:\/\/salmosbiblicos.com.br\/index.php\/2025\/05\/03\/reflexoes-de-pascoa-renovacao-da-fe-e-esperanca-em-cristo\/#breadcrumb\",\"itemListElement\":[{\"@type\":\"ListItem\",\"position\":1,\"name\":\"Home\",\"item\":\"https:\/\/salmosbiblicos.com.br\/\"},{\"@type\":\"ListItem\",\"position\":2,\"name\":\"Reflex\u00f5es de P\u00e1scoa: Renova\u00e7\u00e3o da F\u00e9 e Esperan\u00e7a em Cristo.\"}]},{\"@type\":\"WebSite\",\"@id\":\"https:\/\/salmosbiblicos.com.br\/#website\",\"url\":\"https:\/\/salmosbiblicos.com.br\/\",\"name\":\"Salmos B\u00edblicos\",\"description\":\"Uma e-Livraria com e-Books novos para voc\u00ea refletir.\",\"potentialAction\":[{\"@type\":\"SearchAction\",\"target\":{\"@type\":\"EntryPoint\",\"urlTemplate\":\"https:\/\/salmosbiblicos.com.br\/?s={search_term_string}\"},\"query-input\":{\"@type\":\"PropertyValueSpecification\",\"valueRequired\":true,\"valueName\":\"search_term_string\"}}],\"inLanguage\":\"pt-BR\"},{\"@type\":\"Person\",\"@id\":\"https:\/\/salmosbiblicos.com.br\/#\/schema\/person\/760735259ba35f1e44e89c71c72d79da\",\"name\":\"Irmao\",\"image\":{\"@type\":\"ImageObject\",\"inLanguage\":\"pt-BR\",\"@id\":\"https:\/\/secure.gravatar.com\/avatar\/?s=96&d=mm&r=g\",\"url\":\"https:\/\/secure.gravatar.com\/avatar\/?s=96&d=mm&r=g\",\"contentUrl\":\"https:\/\/secure.gravatar.com\/avatar\/?s=96&d=mm&r=g\",\"caption\":\"Irmao\"},\"url\":\"https:\/\/salmosbiblicos.com.br\/index.php\/author\/irmao\/\"}]}<\/script>\n<!-- \/ Yoast SEO plugin. -->","yoast_head_json":{"title":"Reflex\u00f5es de P\u00e1scoa: Renova\u00e7\u00e3o da F\u00e9 e Esperan\u00e7a em Cristo. - Salmos B\u00edblicos","robots":{"index":"index","follow":"follow","max-snippet":"max-snippet:-1","max-image-preview":"max-image-preview:large","max-video-preview":"max-video-preview:-1"},"canonical":"https:\/\/salmosbiblicos.com.br\/index.php\/2025\/05\/03\/reflexoes-de-pascoa-renovacao-da-fe-e-esperanca-em-cristo\/","og_locale":"pt_BR","og_type":"article","og_title":"Reflex\u00f5es de P\u00e1scoa: Renova\u00e7\u00e3o da F\u00e9 e Esperan\u00e7a em Cristo. - Salmos B\u00edblicos","og_description":"A P\u00e1scoa \u00e9 uma das datas mais importantes do calend\u00e1rio religioso Cat\u00f3lico. Ela celebra a ressurrei\u00e7\u00e3o de Jesus Cristo, tr\u00eas dias ap\u00f3s sua crucifica\u00e7\u00e3o, e \u00e9 considerada o \u00e1pice da f\u00e9 crist\u00e3. A origem da P\u00e1scoa remonta aos tempos b\u00edblicos, quando Jesus foi crucificado e ressuscitou no terceiro dia, cumprindo as profecias e trazendo a [&hellip;]","og_url":"https:\/\/salmosbiblicos.com.br\/index.php\/2025\/05\/03\/reflexoes-de-pascoa-renovacao-da-fe-e-esperanca-em-cristo\/","og_site_name":"Salmos B\u00edblicos","article_published_time":"2025-05-03T04:19:52+00:00","author":"Irmao","twitter_card":"summary_large_image","twitter_misc":{"Escrito por":"Irmao","Est. tempo de leitura":"2 minutos"},"schema":{"@context":"https:\/\/schema.org","@graph":[{"@type":"Article","@id":"https:\/\/salmosbiblicos.com.br\/index.php\/2025\/05\/03\/reflexoes-de-pascoa-renovacao-da-fe-e-esperanca-em-cristo\/#article","isPartOf":{"@id":"https:\/\/salmosbiblicos.com.br\/index.php\/2025\/05\/03\/reflexoes-de-pascoa-renovacao-da-fe-e-esperanca-em-cristo\/"},"author":{"name":"Irmao","@id":"https:\/\/salmosbiblicos.com.br\/#\/schema\/person\/760735259ba35f1e44e89c71c72d79da"},"headline":"Reflex\u00f5es de P\u00e1scoa: Renova\u00e7\u00e3o da F\u00e9 e Esperan\u00e7a em Cristo.","datePublished":"2025-05-03T04:19:52+00:00","mainEntityOfPage":{"@id":"https:\/\/salmosbiblicos.com.br\/index.php\/2025\/05\/03\/reflexoes-de-pascoa-renovacao-da-fe-e-esperanca-em-cristo\/"},"wordCount":453,"articleSection":["Data Religiosa"],"inLanguage":"pt-BR"},{"@type":"WebPage","@id":"https:\/\/salmosbiblicos.com.br\/index.php\/2025\/05\/03\/reflexoes-de-pascoa-renovacao-da-fe-e-esperanca-em-cristo\/","url":"https:\/\/salmosbiblicos.com.br\/index.php\/2025\/05\/03\/reflexoes-de-pascoa-renovacao-da-fe-e-esperanca-em-cristo\/","name":"Reflex\u00f5es de P\u00e1scoa: Renova\u00e7\u00e3o da F\u00e9 e Esperan\u00e7a em Cristo. - Salmos B\u00edblicos","isPartOf":{"@id":"https:\/\/salmosbiblicos.com.br\/#website"},"datePublished":"2025-05-03T04:19:52+00:00","author":{"@id":"https:\/\/salmosbiblicos.com.br\/#\/schema\/person\/760735259ba35f1e44e89c71c72d79da"},"breadcrumb":{"@id":"https:\/\/salmosbiblicos.com.br\/index.php\/2025\/05\/03\/reflexoes-de-pascoa-renovacao-da-fe-e-esperanca-em-cristo\/#breadcrumb"},"inLanguage":"pt-BR","potentialAction":[{"@type":"ReadAction","target":["https:\/\/salmosbiblicos.com.br\/index.php\/2025\/05\/03\/reflexoes-de-pascoa-renovacao-da-fe-e-esperanca-em-cristo\/"]}]},{"@type":"BreadcrumbList","@id":"https:\/\/salmosbiblicos.com.br\/index.php\/2025\/05\/03\/reflexoes-de-pascoa-renovacao-da-fe-e-esperanca-em-cristo\/#breadcrumb","itemListElement":[{"@type":"ListItem","position":1,"name":"Home","item":"https:\/\/salmosbiblicos.com.br\/"},{"@type":"ListItem","position":2,"name":"Reflex\u00f5es de P\u00e1scoa: Renova\u00e7\u00e3o da F\u00e9 e Esperan\u00e7a em Cristo."}]},{"@type":"WebSite","@id":"https:\/\/salmosbiblicos.com.br\/#website","url":"https:\/\/salmosbiblicos.com.br\/","name":"Salmos B\u00edblicos","description":"Uma e-Livraria com e-Books novos para voc\u00ea refletir.","potentialAction":[{"@type":"SearchAction","target":{"@type":"EntryPoint","urlTemplate":"https:\/\/salmosbiblicos.com.br\/?s={search_term_string}"},"query-input":{"@type":"PropertyValueSpecification","valueRequired":true,"valueName":"search_term_string"}}],"inLanguage":"pt-BR"},{"@type":"Person","@id":"https:\/\/salmosbiblicos.com.br\/#\/schema\/person\/760735259ba35f1e44e89c71c72d79da","name":"Irmao","image":{"@type":"ImageObject","inLanguage":"pt-BR","@id":"https:\/\/secure.gravatar.com\/avatar\/?s=96&d=mm&r=g","url":"https:\/\/secure.gravatar.com\/avatar\/?s=96&d=mm&r=g","contentUrl":"https:\/\/secure.gravatar.com\/avatar\/?s=96&d=mm&r=g","caption":"Irmao"},"url":"https:\/\/salmosbiblicos.com.br\/index.php\/author\/irmao\/"}]}},"_links":{"self":[{"href":"https:\/\/salmosbiblicos.com.br\/index.php\/wp-json\/wp\/v2\/posts\/4665","targetHints":{"allow":["GET"]}}],"collection":[{"href":"https:\/\/salmosbiblicos.com.br\/index.php\/wp-json\/wp\/v2\/posts"}],"about":[{"href":"https:\/\/salmosbiblicos.com.br\/index.php\/wp-json\/wp\/v2\/types\/post"}],"author":[{"embeddable":true,"href":"https:\/\/salmosbiblicos.com.br\/index.php\/wp-json\/wp\/v2\/users\/2"}],"replies":[{"embeddable":true,"href":"https:\/\/salmosbiblicos.com.br\/index.php\/wp-json\/wp\/v2\/comments?post=4665"}],"version-history":[{"count":0,"href":"https:\/\/salmosbiblicos.com.br\/index.php\/wp-json\/wp\/v2\/posts\/4665\/revisions"}],"wp:attachment":[{"href":"https:\/\/salmosbiblicos.com.br\/index.php\/wp-json\/wp\/v2\/media?parent=4665"}],"wp:term":[{"taxonomy":"category","embeddable":true,"href":"https:\/\/salmosbiblicos.com.br\/index.php\/wp-json\/wp\/v2\/categories?post=4665"},{"taxonomy":"post_tag","embeddable":true,"href":"https:\/\/salmosbiblicos.com.br\/index.php\/wp-json\/wp\/v2\/tags?post=4665"}],"curies":[{"name":"wp","href":"https:\/\/api.w.org\/{rel}","templated":true}]}}