{"id":4669,"date":"2025-05-03T01:20:07","date_gmt":"2025-05-03T04:20:07","guid":{"rendered":"https:\/\/salmosbiblicos.com.br\/?p=4669"},"modified":"2025-05-03T01:20:07","modified_gmt":"2025-05-03T04:20:07","slug":"a-importancia-da-festa-da-imaculada-conceicao-reflexoes-sobre-pureza-e-santidade","status":"publish","type":"post","link":"https:\/\/salmosbiblicos.com.br\/index.php\/2025\/05\/03\/a-importancia-da-festa-da-imaculada-conceicao-reflexoes-sobre-pureza-e-santidade\/","title":{"rendered":"A Import\u00e2ncia da Festa da Imaculada Concei\u00e7\u00e3o: Reflex\u00f5es sobre Pureza e Santidade"},"content":{"rendered":"<p>Hoje, gostaria de falar sobre uma data muito significativa para os cat\u00f3licos: a Festa da Imaculada Concei\u00e7\u00e3o, celebrada no dia 8 de dezembro. Esta data nos remete \u00e0 concep\u00e7\u00e3o de Maria sem mancha de pecado original, um dogma de f\u00e9 proclamado pela Igreja Cat\u00f3lica.<\/p>\n<p>A origem da Festa da Imaculada Concei\u00e7\u00e3o remonta ao s\u00e9culo VII, quando a Igreja Oriental come\u00e7ou a celebrar a concep\u00e7\u00e3o de Maria sem pecado. No s\u00e9culo XI, a festa foi introduzida no calend\u00e1rio lit\u00fargico da Igreja Ocidental, e em 1854, o Papa Pio IX proclamou o dogma da Imaculada Concei\u00e7\u00e3o, afirmando que Maria foi preservada do pecado desde o momento de sua concep\u00e7\u00e3o.<\/p>\n<p>O simbolismo por tr\u00e1s desta data \u00e9 profundo e inspirador. Maria, concebida sem pecado, \u00e9 um modelo de pureza e santidade para todos os crist\u00e3os. Sua vida exemplar nos ensina a confiar em Deus, a obedecer \u00e0 Sua vontade e a viver em conformidade com os ensinamentos de Jesus Cristo.<\/p>\n<p>Neste dia, somos convidados a refletir sobre a import\u00e2ncia da pureza de cora\u00e7\u00e3o e da busca pela santidade em nossa vida. Assim como Maria, devemos nos esfor\u00e7ar para viver de acordo com a vontade de Deus, buscando a cada dia a convers\u00e3o do nosso cora\u00e7\u00e3o e a renova\u00e7\u00e3o da nossa f\u00e9.<\/p>\n<p>Uma sugest\u00e3o de reflex\u00e3o para este dia \u00e9 meditar sobre a import\u00e2ncia da pureza de cora\u00e7\u00e3o em nossa vida espiritual. Assim como Maria foi preservada do pecado, tamb\u00e9m somos chamados a buscar a pureza em nossos pensamentos, palavras e a\u00e7\u00f5es. Que a Festa da Imaculada Concei\u00e7\u00e3o seja para n\u00f3s um momento de renova\u00e7\u00e3o espiritual, de convers\u00e3o e de entrega total a Deus.<\/p>\n<p>Que a intercess\u00e3o de Maria, a Imaculada Concei\u00e7\u00e3o, nos ajude a viver de acordo com a vontade de Deus, a crescer na santidade e a testemunhar o amor de Cristo ao mundo. Que possamos seguir o exemplo de pureza e devo\u00e7\u00e3o de Nossa Senhora, e assim, trilhar o caminho da santidade e da salva\u00e7\u00e3o.<\/p>\n<p>Que neste dia, possamos nos voltar para Maria, a Imaculada Concei\u00e7\u00e3o, e pedir sua intercess\u00e3o por nossas vidas, para que possamos ser purificados de todo pecado e viver em comunh\u00e3o com Deus. Que a Festa da Imaculada Concei\u00e7\u00e3o seja para n\u00f3s um momento de gra\u00e7a e de b\u00ean\u00e7\u00e3o, de renova\u00e7\u00e3o espiritual e de convers\u00e3o do cora\u00e7\u00e3o. Que possamos seguir o exemplo de Maria e nos tornar verdadeiros disc\u00edpulos de Cristo, testemunhas do Seu amor e da Sua miseric\u00f3rdia para com todos os homens. Que a Imaculada Concei\u00e7\u00e3o nos ensine a viver em conformidade com a vontade de Deus, a buscar a santidade em todas as coisas e a testemunhar o Evangelho com a nossa vida. Que a Festa da Imaculada Concei\u00e7\u00e3o seja para n\u00f3s um momento de encontro com Deus, de convers\u00e3o do cora\u00e7\u00e3o e de renova\u00e7\u00e3o espiritual. Que possamos acolher a gra\u00e7a de Deus em nossas vidas, seguindo o exemplo de Maria, a Imaculada Concei\u00e7\u00e3o, e testemunhando o Seu amor e a Sua miseric\u00f3rdia para com todos os homens. Que a Imaculada Concei\u00e7\u00e3o interceda por n\u00f3s, nos proteja e nos conduza pelos caminhos da vida, rumo \u00e0 eternidade prometida por Deus em Cristo Jesus. Am\u00e9m.<\/p>\n","protected":false},"excerpt":{"rendered":"<p>Hoje, gostaria de falar sobre uma data muito significativa para os cat\u00f3licos: a Festa da Imaculada Concei\u00e7\u00e3o, celebrada no dia 8 de dezembro. Esta data nos remete \u00e0 concep\u00e7\u00e3o de Maria sem mancha de pecado original, um dogma de f\u00e9 proclamado pela Igreja Cat\u00f3lica. A origem da Festa da Imaculada Concei\u00e7\u00e3o remonta ao s\u00e9culo VII, [&hellip;]<\/p>\n","protected":false},"author":2,"featured_media":0,"comment_status":"closed","ping_status":"open","sticky":false,"template":"","format":"standard","meta":{"footnotes":""},"categories":[9],"tags":[],"class_list":["post-4669","post","type-post","status-publish","format-standard","hentry","category-data-religiosa"],"yoast_head":"<!-- This site is optimized with the Yoast SEO plugin v27.2 - https:\/\/yoast.com\/product\/yoast-seo-wordpress\/ -->\n<title>A Import\u00e2ncia da Festa da Imaculada Concei\u00e7\u00e3o: Reflex\u00f5es sobre Pureza e Santidade - Salmos B\u00edblicos<\/title>\n<meta name=\"robots\" content=\"index, follow, max-snippet:-1, max-image-preview:large, max-video-preview:-1\" \/>\n<link rel=\"canonical\" href=\"https:\/\/salmosbiblicos.com.br\/index.php\/2025\/05\/03\/a-importancia-da-festa-da-imaculada-conceicao-reflexoes-sobre-pureza-e-santidade\/\" \/>\n<meta property=\"og:locale\" content=\"pt_BR\" \/>\n<meta property=\"og:type\" content=\"article\" \/>\n<meta property=\"og:title\" content=\"A Import\u00e2ncia da Festa da Imaculada Concei\u00e7\u00e3o: Reflex\u00f5es sobre Pureza e Santidade - Salmos B\u00edblicos\" \/>\n<meta property=\"og:description\" content=\"Hoje, gostaria de falar sobre uma data muito significativa para os cat\u00f3licos: a Festa da Imaculada Concei\u00e7\u00e3o, celebrada no dia 8 de dezembro. Esta data nos remete \u00e0 concep\u00e7\u00e3o de Maria sem mancha de pecado original, um dogma de f\u00e9 proclamado pela Igreja Cat\u00f3lica. A origem da Festa da Imaculada Concei\u00e7\u00e3o remonta ao s\u00e9culo VII, [&hellip;]\" \/>\n<meta property=\"og:url\" content=\"https:\/\/salmosbiblicos.com.br\/index.php\/2025\/05\/03\/a-importancia-da-festa-da-imaculada-conceicao-reflexoes-sobre-pureza-e-santidade\/\" \/>\n<meta property=\"og:site_name\" content=\"Salmos B\u00edblicos\" \/>\n<meta property=\"article:published_time\" content=\"2025-05-03T04:20:07+00:00\" \/>\n<meta name=\"author\" content=\"Irmao\" \/>\n<meta name=\"twitter:card\" content=\"summary_large_image\" \/>\n<meta name=\"twitter:label1\" content=\"Escrito por\" \/>\n\t<meta name=\"twitter:data1\" content=\"Irmao\" \/>\n\t<meta name=\"twitter:label2\" content=\"Est. tempo de leitura\" \/>\n\t<meta name=\"twitter:data2\" content=\"3 minutos\" \/>\n<script type=\"application\/ld+json\" class=\"yoast-schema-graph\">{\"@context\":\"https:\/\/schema.org\",\"@graph\":[{\"@type\":\"Article\",\"@id\":\"https:\/\/salmosbiblicos.com.br\/index.php\/2025\/05\/03\/a-importancia-da-festa-da-imaculada-conceicao-reflexoes-sobre-pureza-e-santidade\/#article\",\"isPartOf\":{\"@id\":\"https:\/\/salmosbiblicos.com.br\/index.php\/2025\/05\/03\/a-importancia-da-festa-da-imaculada-conceicao-reflexoes-sobre-pureza-e-santidade\/\"},\"author\":{\"name\":\"Irmao\",\"@id\":\"https:\/\/salmosbiblicos.com.br\/#\/schema\/person\/760735259ba35f1e44e89c71c72d79da\"},\"headline\":\"A Import\u00e2ncia da Festa da Imaculada Concei\u00e7\u00e3o: Reflex\u00f5es sobre Pureza e Santidade\",\"datePublished\":\"2025-05-03T04:20:07+00:00\",\"mainEntityOfPage\":{\"@id\":\"https:\/\/salmosbiblicos.com.br\/index.php\/2025\/05\/03\/a-importancia-da-festa-da-imaculada-conceicao-reflexoes-sobre-pureza-e-santidade\/\"},\"wordCount\":587,\"articleSection\":[\"Data Religiosa\"],\"inLanguage\":\"pt-BR\"},{\"@type\":\"WebPage\",\"@id\":\"https:\/\/salmosbiblicos.com.br\/index.php\/2025\/05\/03\/a-importancia-da-festa-da-imaculada-conceicao-reflexoes-sobre-pureza-e-santidade\/\",\"url\":\"https:\/\/salmosbiblicos.com.br\/index.php\/2025\/05\/03\/a-importancia-da-festa-da-imaculada-conceicao-reflexoes-sobre-pureza-e-santidade\/\",\"name\":\"A Import\u00e2ncia da Festa da Imaculada Concei\u00e7\u00e3o: Reflex\u00f5es sobre Pureza e Santidade - Salmos B\u00edblicos\",\"isPartOf\":{\"@id\":\"https:\/\/salmosbiblicos.com.br\/#website\"},\"datePublished\":\"2025-05-03T04:20:07+00:00\",\"author\":{\"@id\":\"https:\/\/salmosbiblicos.com.br\/#\/schema\/person\/760735259ba35f1e44e89c71c72d79da\"},\"breadcrumb\":{\"@id\":\"https:\/\/salmosbiblicos.com.br\/index.php\/2025\/05\/03\/a-importancia-da-festa-da-imaculada-conceicao-reflexoes-sobre-pureza-e-santidade\/#breadcrumb\"},\"inLanguage\":\"pt-BR\",\"potentialAction\":[{\"@type\":\"ReadAction\",\"target\":[\"https:\/\/salmosbiblicos.com.br\/index.php\/2025\/05\/03\/a-importancia-da-festa-da-imaculada-conceicao-reflexoes-sobre-pureza-e-santidade\/\"]}]},{\"@type\":\"BreadcrumbList\",\"@id\":\"https:\/\/salmosbiblicos.com.br\/index.php\/2025\/05\/03\/a-importancia-da-festa-da-imaculada-conceicao-reflexoes-sobre-pureza-e-santidade\/#breadcrumb\",\"itemListElement\":[{\"@type\":\"ListItem\",\"position\":1,\"name\":\"Home\",\"item\":\"https:\/\/salmosbiblicos.com.br\/\"},{\"@type\":\"ListItem\",\"position\":2,\"name\":\"A Import\u00e2ncia da Festa da Imaculada Concei\u00e7\u00e3o: Reflex\u00f5es sobre Pureza e Santidade\"}]},{\"@type\":\"WebSite\",\"@id\":\"https:\/\/salmosbiblicos.com.br\/#website\",\"url\":\"https:\/\/salmosbiblicos.com.br\/\",\"name\":\"Salmos B\u00edblicos\",\"description\":\"Uma e-Livraria com e-Books novos para voc\u00ea refletir.\",\"potentialAction\":[{\"@type\":\"SearchAction\",\"target\":{\"@type\":\"EntryPoint\",\"urlTemplate\":\"https:\/\/salmosbiblicos.com.br\/?s={search_term_string}\"},\"query-input\":{\"@type\":\"PropertyValueSpecification\",\"valueRequired\":true,\"valueName\":\"search_term_string\"}}],\"inLanguage\":\"pt-BR\"},{\"@type\":\"Person\",\"@id\":\"https:\/\/salmosbiblicos.com.br\/#\/schema\/person\/760735259ba35f1e44e89c71c72d79da\",\"name\":\"Irmao\",\"image\":{\"@type\":\"ImageObject\",\"inLanguage\":\"pt-BR\",\"@id\":\"https:\/\/secure.gravatar.com\/avatar\/?s=96&d=mm&r=g\",\"url\":\"https:\/\/secure.gravatar.com\/avatar\/?s=96&d=mm&r=g\",\"contentUrl\":\"https:\/\/secure.gravatar.com\/avatar\/?s=96&d=mm&r=g\",\"caption\":\"Irmao\"},\"url\":\"https:\/\/salmosbiblicos.com.br\/index.php\/author\/irmao\/\"}]}<\/script>\n<!-- \/ Yoast SEO plugin. -->","yoast_head_json":{"title":"A Import\u00e2ncia da Festa da Imaculada Concei\u00e7\u00e3o: Reflex\u00f5es sobre Pureza e Santidade - Salmos B\u00edblicos","robots":{"index":"index","follow":"follow","max-snippet":"max-snippet:-1","max-image-preview":"max-image-preview:large","max-video-preview":"max-video-preview:-1"},"canonical":"https:\/\/salmosbiblicos.com.br\/index.php\/2025\/05\/03\/a-importancia-da-festa-da-imaculada-conceicao-reflexoes-sobre-pureza-e-santidade\/","og_locale":"pt_BR","og_type":"article","og_title":"A Import\u00e2ncia da Festa da Imaculada Concei\u00e7\u00e3o: Reflex\u00f5es sobre Pureza e Santidade - Salmos B\u00edblicos","og_description":"Hoje, gostaria de falar sobre uma data muito significativa para os cat\u00f3licos: a Festa da Imaculada Concei\u00e7\u00e3o, celebrada no dia 8 de dezembro. Esta data nos remete \u00e0 concep\u00e7\u00e3o de Maria sem mancha de pecado original, um dogma de f\u00e9 proclamado pela Igreja Cat\u00f3lica. A origem da Festa da Imaculada Concei\u00e7\u00e3o remonta ao s\u00e9culo VII, [&hellip;]","og_url":"https:\/\/salmosbiblicos.com.br\/index.php\/2025\/05\/03\/a-importancia-da-festa-da-imaculada-conceicao-reflexoes-sobre-pureza-e-santidade\/","og_site_name":"Salmos B\u00edblicos","article_published_time":"2025-05-03T04:20:07+00:00","author":"Irmao","twitter_card":"summary_large_image","twitter_misc":{"Escrito por":"Irmao","Est. tempo de leitura":"3 minutos"},"schema":{"@context":"https:\/\/schema.org","@graph":[{"@type":"Article","@id":"https:\/\/salmosbiblicos.com.br\/index.php\/2025\/05\/03\/a-importancia-da-festa-da-imaculada-conceicao-reflexoes-sobre-pureza-e-santidade\/#article","isPartOf":{"@id":"https:\/\/salmosbiblicos.com.br\/index.php\/2025\/05\/03\/a-importancia-da-festa-da-imaculada-conceicao-reflexoes-sobre-pureza-e-santidade\/"},"author":{"name":"Irmao","@id":"https:\/\/salmosbiblicos.com.br\/#\/schema\/person\/760735259ba35f1e44e89c71c72d79da"},"headline":"A Import\u00e2ncia da Festa da Imaculada Concei\u00e7\u00e3o: Reflex\u00f5es sobre Pureza e Santidade","datePublished":"2025-05-03T04:20:07+00:00","mainEntityOfPage":{"@id":"https:\/\/salmosbiblicos.com.br\/index.php\/2025\/05\/03\/a-importancia-da-festa-da-imaculada-conceicao-reflexoes-sobre-pureza-e-santidade\/"},"wordCount":587,"articleSection":["Data Religiosa"],"inLanguage":"pt-BR"},{"@type":"WebPage","@id":"https:\/\/salmosbiblicos.com.br\/index.php\/2025\/05\/03\/a-importancia-da-festa-da-imaculada-conceicao-reflexoes-sobre-pureza-e-santidade\/","url":"https:\/\/salmosbiblicos.com.br\/index.php\/2025\/05\/03\/a-importancia-da-festa-da-imaculada-conceicao-reflexoes-sobre-pureza-e-santidade\/","name":"A Import\u00e2ncia da Festa da Imaculada Concei\u00e7\u00e3o: Reflex\u00f5es sobre Pureza e Santidade - Salmos B\u00edblicos","isPartOf":{"@id":"https:\/\/salmosbiblicos.com.br\/#website"},"datePublished":"2025-05-03T04:20:07+00:00","author":{"@id":"https:\/\/salmosbiblicos.com.br\/#\/schema\/person\/760735259ba35f1e44e89c71c72d79da"},"breadcrumb":{"@id":"https:\/\/salmosbiblicos.com.br\/index.php\/2025\/05\/03\/a-importancia-da-festa-da-imaculada-conceicao-reflexoes-sobre-pureza-e-santidade\/#breadcrumb"},"inLanguage":"pt-BR","potentialAction":[{"@type":"ReadAction","target":["https:\/\/salmosbiblicos.com.br\/index.php\/2025\/05\/03\/a-importancia-da-festa-da-imaculada-conceicao-reflexoes-sobre-pureza-e-santidade\/"]}]},{"@type":"BreadcrumbList","@id":"https:\/\/salmosbiblicos.com.br\/index.php\/2025\/05\/03\/a-importancia-da-festa-da-imaculada-conceicao-reflexoes-sobre-pureza-e-santidade\/#breadcrumb","itemListElement":[{"@type":"ListItem","position":1,"name":"Home","item":"https:\/\/salmosbiblicos.com.br\/"},{"@type":"ListItem","position":2,"name":"A Import\u00e2ncia da Festa da Imaculada Concei\u00e7\u00e3o: Reflex\u00f5es sobre Pureza e Santidade"}]},{"@type":"WebSite","@id":"https:\/\/salmosbiblicos.com.br\/#website","url":"https:\/\/salmosbiblicos.com.br\/","name":"Salmos B\u00edblicos","description":"Uma e-Livraria com e-Books novos para voc\u00ea refletir.","potentialAction":[{"@type":"SearchAction","target":{"@type":"EntryPoint","urlTemplate":"https:\/\/salmosbiblicos.com.br\/?s={search_term_string}"},"query-input":{"@type":"PropertyValueSpecification","valueRequired":true,"valueName":"search_term_string"}}],"inLanguage":"pt-BR"},{"@type":"Person","@id":"https:\/\/salmosbiblicos.com.br\/#\/schema\/person\/760735259ba35f1e44e89c71c72d79da","name":"Irmao","image":{"@type":"ImageObject","inLanguage":"pt-BR","@id":"https:\/\/secure.gravatar.com\/avatar\/?s=96&d=mm&r=g","url":"https:\/\/secure.gravatar.com\/avatar\/?s=96&d=mm&r=g","contentUrl":"https:\/\/secure.gravatar.com\/avatar\/?s=96&d=mm&r=g","caption":"Irmao"},"url":"https:\/\/salmosbiblicos.com.br\/index.php\/author\/irmao\/"}]}},"_links":{"self":[{"href":"https:\/\/salmosbiblicos.com.br\/index.php\/wp-json\/wp\/v2\/posts\/4669","targetHints":{"allow":["GET"]}}],"collection":[{"href":"https:\/\/salmosbiblicos.com.br\/index.php\/wp-json\/wp\/v2\/posts"}],"about":[{"href":"https:\/\/salmosbiblicos.com.br\/index.php\/wp-json\/wp\/v2\/types\/post"}],"author":[{"embeddable":true,"href":"https:\/\/salmosbiblicos.com.br\/index.php\/wp-json\/wp\/v2\/users\/2"}],"replies":[{"embeddable":true,"href":"https:\/\/salmosbiblicos.com.br\/index.php\/wp-json\/wp\/v2\/comments?post=4669"}],"version-history":[{"count":0,"href":"https:\/\/salmosbiblicos.com.br\/index.php\/wp-json\/wp\/v2\/posts\/4669\/revisions"}],"wp:attachment":[{"href":"https:\/\/salmosbiblicos.com.br\/index.php\/wp-json\/wp\/v2\/media?parent=4669"}],"wp:term":[{"taxonomy":"category","embeddable":true,"href":"https:\/\/salmosbiblicos.com.br\/index.php\/wp-json\/wp\/v2\/categories?post=4669"},{"taxonomy":"post_tag","embeddable":true,"href":"https:\/\/salmosbiblicos.com.br\/index.php\/wp-json\/wp\/v2\/tags?post=4669"}],"curies":[{"name":"wp","href":"https:\/\/api.w.org\/{rel}","templated":true}]}}