{"id":4671,"date":"2025-05-03T01:20:14","date_gmt":"2025-05-03T04:20:14","guid":{"rendered":"https:\/\/salmosbiblicos.com.br\/?p=4671"},"modified":"2025-05-03T01:20:14","modified_gmt":"2025-05-03T04:20:14","slug":"reflexoes-e-renovacao-vivenciando-a-quaresma-com-intensidade-espiritual","status":"publish","type":"post","link":"https:\/\/salmosbiblicos.com.br\/index.php\/2025\/05\/03\/reflexoes-e-renovacao-vivenciando-a-quaresma-com-intensidade-espiritual\/","title":{"rendered":"Reflex\u00f5es e renova\u00e7\u00e3o: vivenciando a Quaresma com intensidade espiritual"},"content":{"rendered":"<p>A Quaresma \u00e9 um per\u00edodo de 40 dias de prepara\u00e7\u00e3o para a P\u00e1scoa, que \u00e9 uma das datas mais importantes do calend\u00e1rio religioso Cat\u00f3lico. Come\u00e7a na Quarta-feira de Cinzas e termina no Domingo de P\u00e1scoa. Durante a Quaresma, os fi\u00e9is s\u00e3o convidados a praticar a ora\u00e7\u00e3o, o jejum e a caridade, refletindo sobre suas vidas e se preparando espiritualmente para a celebra\u00e7\u00e3o da ressurrei\u00e7\u00e3o de Jesus Cristo.<\/p>\n<p>A origem da Quaresma remonta aos primeiros s\u00e9culos do Cristianismo, quando os fi\u00e9is come\u00e7aram a se preparar para a P\u00e1scoa atrav\u00e9s de um per\u00edodo de jejum e penit\u00eancia. O n\u00famero 40 tem um significado simb\u00f3lico na B\u00edblia, representando um per\u00edodo de prepara\u00e7\u00e3o, purifica\u00e7\u00e3o e renova\u00e7\u00e3o. Assim, a Quaresma \u00e9 um tempo de reflex\u00e3o, de convers\u00e3o, de renova\u00e7\u00e3o da f\u00e9 e de crescimento espiritual.<\/p>\n<p>Durante a Quaresma, os fi\u00e9is s\u00e3o convidados a se recolherem em ora\u00e7\u00e3o, a jejuarem, a se absterem de certos prazeres e a praticarem a caridade. \u00c9 um tempo de interioriza\u00e7\u00e3o, de escuta da Palavra de Deus, de reconcilia\u00e7\u00e3o consigo mesmo, com os outros e com Deus. \u00c9 um tempo de ren\u00fancia, de desapego, de generosidade. \u00c9 um tempo de olhar para dentro de si, de reconhecer as pr\u00f3prias fragilidades, de se arrepender dos pecados e de se abrir \u00e0 a\u00e7\u00e3o transformadora do Esp\u00edrito Santo.<\/p>\n<p>Neste tempo de Quaresma, convido voc\u00ea a fazer uma reflex\u00e3o profunda sobre a sua vida espiritual. Como est\u00e1 a sua rela\u00e7\u00e3o com Deus? Como est\u00e3o as suas pr\u00e1ticas de ora\u00e7\u00e3o, de jejum e de caridade? Que mudan\u00e7as voc\u00ea precisa fazer para se tornar uma pessoa melhor, mais pr\u00f3xima de Deus e mais solid\u00e1ria com o pr\u00f3ximo? Que atitudes concretas voc\u00ea pode tomar para viver mais intensamente este tempo favor\u00e1vel de gra\u00e7a e de convers\u00e3o?<\/p>\n<p>Que a Quaresma seja para voc\u00ea um tempo de reconcilia\u00e7\u00e3o, de perd\u00e3o, de cura, de renova\u00e7\u00e3o. Que voc\u00ea possa se abrir \u00e0 a\u00e7\u00e3o do Esp\u00edrito Santo, que transforma os cora\u00e7\u00f5es e as vidas. Que voc\u00ea possa se deixar conduzir por Deus, que \u00e9 miseric\u00f3rdia, amor e paz. Que a Quaresma seja um tempo de gra\u00e7a, de b\u00ean\u00e7\u00e3o e de salva\u00e7\u00e3o para voc\u00ea e para todos os que est\u00e3o ao seu redor.<\/p>\n<p>Que a Quaresma seja um tempo de amadurecimento espiritual e de crescimento na f\u00e9. Que voc\u00ea possa viver este per\u00edodo com intensidade, sinceridade e generosidade. Que a Quaresma seja um tempo de encontro com Deus e consigo mesmo. Que a Quaresma seja um tempo de renova\u00e7\u00e3o e de transforma\u00e7\u00e3o. Que a Quaresma seja um tempo de gra\u00e7a e de b\u00ean\u00e7\u00e3o. Am\u00e9m.<\/p>\n","protected":false},"excerpt":{"rendered":"<p>A Quaresma \u00e9 um per\u00edodo de 40 dias de prepara\u00e7\u00e3o para a P\u00e1scoa, que \u00e9 uma das datas mais importantes do calend\u00e1rio religioso Cat\u00f3lico. Come\u00e7a na Quarta-feira de Cinzas e termina no Domingo de P\u00e1scoa. Durante a Quaresma, os fi\u00e9is s\u00e3o convidados a praticar a ora\u00e7\u00e3o, o jejum e a caridade, refletindo sobre suas vidas [&hellip;]<\/p>\n","protected":false},"author":2,"featured_media":0,"comment_status":"closed","ping_status":"open","sticky":false,"template":"","format":"standard","meta":{"footnotes":""},"categories":[9],"tags":[],"class_list":["post-4671","post","type-post","status-publish","format-standard","hentry","category-data-religiosa"],"yoast_head":"<!-- This site is optimized with the Yoast SEO plugin v27.2 - https:\/\/yoast.com\/product\/yoast-seo-wordpress\/ -->\n<title>Reflex\u00f5es e renova\u00e7\u00e3o: vivenciando a Quaresma com intensidade espiritual - Salmos B\u00edblicos<\/title>\n<meta name=\"robots\" content=\"index, follow, max-snippet:-1, max-image-preview:large, max-video-preview:-1\" \/>\n<link rel=\"canonical\" href=\"https:\/\/salmosbiblicos.com.br\/index.php\/2025\/05\/03\/reflexoes-e-renovacao-vivenciando-a-quaresma-com-intensidade-espiritual\/\" \/>\n<meta property=\"og:locale\" content=\"pt_BR\" \/>\n<meta property=\"og:type\" content=\"article\" \/>\n<meta property=\"og:title\" content=\"Reflex\u00f5es e renova\u00e7\u00e3o: vivenciando a Quaresma com intensidade espiritual - Salmos B\u00edblicos\" \/>\n<meta property=\"og:description\" content=\"A Quaresma \u00e9 um per\u00edodo de 40 dias de prepara\u00e7\u00e3o para a P\u00e1scoa, que \u00e9 uma das datas mais importantes do calend\u00e1rio religioso Cat\u00f3lico. Come\u00e7a na Quarta-feira de Cinzas e termina no Domingo de P\u00e1scoa. Durante a Quaresma, os fi\u00e9is s\u00e3o convidados a praticar a ora\u00e7\u00e3o, o jejum e a caridade, refletindo sobre suas vidas [&hellip;]\" \/>\n<meta property=\"og:url\" content=\"https:\/\/salmosbiblicos.com.br\/index.php\/2025\/05\/03\/reflexoes-e-renovacao-vivenciando-a-quaresma-com-intensidade-espiritual\/\" \/>\n<meta property=\"og:site_name\" content=\"Salmos B\u00edblicos\" \/>\n<meta property=\"article:published_time\" content=\"2025-05-03T04:20:14+00:00\" \/>\n<meta name=\"author\" content=\"Irmao\" \/>\n<meta name=\"twitter:card\" content=\"summary_large_image\" \/>\n<meta name=\"twitter:label1\" content=\"Escrito por\" \/>\n\t<meta name=\"twitter:data1\" content=\"Irmao\" \/>\n\t<meta name=\"twitter:label2\" content=\"Est. tempo de leitura\" \/>\n\t<meta name=\"twitter:data2\" content=\"2 minutos\" \/>\n<script type=\"application\/ld+json\" class=\"yoast-schema-graph\">{\"@context\":\"https:\/\/schema.org\",\"@graph\":[{\"@type\":\"Article\",\"@id\":\"https:\/\/salmosbiblicos.com.br\/index.php\/2025\/05\/03\/reflexoes-e-renovacao-vivenciando-a-quaresma-com-intensidade-espiritual\/#article\",\"isPartOf\":{\"@id\":\"https:\/\/salmosbiblicos.com.br\/index.php\/2025\/05\/03\/reflexoes-e-renovacao-vivenciando-a-quaresma-com-intensidade-espiritual\/\"},\"author\":{\"name\":\"Irmao\",\"@id\":\"https:\/\/salmosbiblicos.com.br\/#\/schema\/person\/760735259ba35f1e44e89c71c72d79da\"},\"headline\":\"Reflex\u00f5es e renova\u00e7\u00e3o: vivenciando a Quaresma com intensidade espiritual\",\"datePublished\":\"2025-05-03T04:20:14+00:00\",\"mainEntityOfPage\":{\"@id\":\"https:\/\/salmosbiblicos.com.br\/index.php\/2025\/05\/03\/reflexoes-e-renovacao-vivenciando-a-quaresma-com-intensidade-espiritual\/\"},\"wordCount\":489,\"articleSection\":[\"Data Religiosa\"],\"inLanguage\":\"pt-BR\"},{\"@type\":\"WebPage\",\"@id\":\"https:\/\/salmosbiblicos.com.br\/index.php\/2025\/05\/03\/reflexoes-e-renovacao-vivenciando-a-quaresma-com-intensidade-espiritual\/\",\"url\":\"https:\/\/salmosbiblicos.com.br\/index.php\/2025\/05\/03\/reflexoes-e-renovacao-vivenciando-a-quaresma-com-intensidade-espiritual\/\",\"name\":\"Reflex\u00f5es e renova\u00e7\u00e3o: vivenciando a Quaresma com intensidade espiritual - Salmos B\u00edblicos\",\"isPartOf\":{\"@id\":\"https:\/\/salmosbiblicos.com.br\/#website\"},\"datePublished\":\"2025-05-03T04:20:14+00:00\",\"author\":{\"@id\":\"https:\/\/salmosbiblicos.com.br\/#\/schema\/person\/760735259ba35f1e44e89c71c72d79da\"},\"breadcrumb\":{\"@id\":\"https:\/\/salmosbiblicos.com.br\/index.php\/2025\/05\/03\/reflexoes-e-renovacao-vivenciando-a-quaresma-com-intensidade-espiritual\/#breadcrumb\"},\"inLanguage\":\"pt-BR\",\"potentialAction\":[{\"@type\":\"ReadAction\",\"target\":[\"https:\/\/salmosbiblicos.com.br\/index.php\/2025\/05\/03\/reflexoes-e-renovacao-vivenciando-a-quaresma-com-intensidade-espiritual\/\"]}]},{\"@type\":\"BreadcrumbList\",\"@id\":\"https:\/\/salmosbiblicos.com.br\/index.php\/2025\/05\/03\/reflexoes-e-renovacao-vivenciando-a-quaresma-com-intensidade-espiritual\/#breadcrumb\",\"itemListElement\":[{\"@type\":\"ListItem\",\"position\":1,\"name\":\"Home\",\"item\":\"https:\/\/salmosbiblicos.com.br\/\"},{\"@type\":\"ListItem\",\"position\":2,\"name\":\"Reflex\u00f5es e renova\u00e7\u00e3o: vivenciando a Quaresma com intensidade espiritual\"}]},{\"@type\":\"WebSite\",\"@id\":\"https:\/\/salmosbiblicos.com.br\/#website\",\"url\":\"https:\/\/salmosbiblicos.com.br\/\",\"name\":\"Salmos B\u00edblicos\",\"description\":\"Uma e-Livraria com e-Books novos para voc\u00ea refletir.\",\"potentialAction\":[{\"@type\":\"SearchAction\",\"target\":{\"@type\":\"EntryPoint\",\"urlTemplate\":\"https:\/\/salmosbiblicos.com.br\/?s={search_term_string}\"},\"query-input\":{\"@type\":\"PropertyValueSpecification\",\"valueRequired\":true,\"valueName\":\"search_term_string\"}}],\"inLanguage\":\"pt-BR\"},{\"@type\":\"Person\",\"@id\":\"https:\/\/salmosbiblicos.com.br\/#\/schema\/person\/760735259ba35f1e44e89c71c72d79da\",\"name\":\"Irmao\",\"image\":{\"@type\":\"ImageObject\",\"inLanguage\":\"pt-BR\",\"@id\":\"https:\/\/secure.gravatar.com\/avatar\/?s=96&d=mm&r=g\",\"url\":\"https:\/\/secure.gravatar.com\/avatar\/?s=96&d=mm&r=g\",\"contentUrl\":\"https:\/\/secure.gravatar.com\/avatar\/?s=96&d=mm&r=g\",\"caption\":\"Irmao\"},\"url\":\"https:\/\/salmosbiblicos.com.br\/index.php\/author\/irmao\/\"}]}<\/script>\n<!-- \/ Yoast SEO plugin. -->","yoast_head_json":{"title":"Reflex\u00f5es e renova\u00e7\u00e3o: vivenciando a Quaresma com intensidade espiritual - Salmos B\u00edblicos","robots":{"index":"index","follow":"follow","max-snippet":"max-snippet:-1","max-image-preview":"max-image-preview:large","max-video-preview":"max-video-preview:-1"},"canonical":"https:\/\/salmosbiblicos.com.br\/index.php\/2025\/05\/03\/reflexoes-e-renovacao-vivenciando-a-quaresma-com-intensidade-espiritual\/","og_locale":"pt_BR","og_type":"article","og_title":"Reflex\u00f5es e renova\u00e7\u00e3o: vivenciando a Quaresma com intensidade espiritual - Salmos B\u00edblicos","og_description":"A Quaresma \u00e9 um per\u00edodo de 40 dias de prepara\u00e7\u00e3o para a P\u00e1scoa, que \u00e9 uma das datas mais importantes do calend\u00e1rio religioso Cat\u00f3lico. Come\u00e7a na Quarta-feira de Cinzas e termina no Domingo de P\u00e1scoa. Durante a Quaresma, os fi\u00e9is s\u00e3o convidados a praticar a ora\u00e7\u00e3o, o jejum e a caridade, refletindo sobre suas vidas [&hellip;]","og_url":"https:\/\/salmosbiblicos.com.br\/index.php\/2025\/05\/03\/reflexoes-e-renovacao-vivenciando-a-quaresma-com-intensidade-espiritual\/","og_site_name":"Salmos B\u00edblicos","article_published_time":"2025-05-03T04:20:14+00:00","author":"Irmao","twitter_card":"summary_large_image","twitter_misc":{"Escrito por":"Irmao","Est. tempo de leitura":"2 minutos"},"schema":{"@context":"https:\/\/schema.org","@graph":[{"@type":"Article","@id":"https:\/\/salmosbiblicos.com.br\/index.php\/2025\/05\/03\/reflexoes-e-renovacao-vivenciando-a-quaresma-com-intensidade-espiritual\/#article","isPartOf":{"@id":"https:\/\/salmosbiblicos.com.br\/index.php\/2025\/05\/03\/reflexoes-e-renovacao-vivenciando-a-quaresma-com-intensidade-espiritual\/"},"author":{"name":"Irmao","@id":"https:\/\/salmosbiblicos.com.br\/#\/schema\/person\/760735259ba35f1e44e89c71c72d79da"},"headline":"Reflex\u00f5es e renova\u00e7\u00e3o: vivenciando a Quaresma com intensidade espiritual","datePublished":"2025-05-03T04:20:14+00:00","mainEntityOfPage":{"@id":"https:\/\/salmosbiblicos.com.br\/index.php\/2025\/05\/03\/reflexoes-e-renovacao-vivenciando-a-quaresma-com-intensidade-espiritual\/"},"wordCount":489,"articleSection":["Data Religiosa"],"inLanguage":"pt-BR"},{"@type":"WebPage","@id":"https:\/\/salmosbiblicos.com.br\/index.php\/2025\/05\/03\/reflexoes-e-renovacao-vivenciando-a-quaresma-com-intensidade-espiritual\/","url":"https:\/\/salmosbiblicos.com.br\/index.php\/2025\/05\/03\/reflexoes-e-renovacao-vivenciando-a-quaresma-com-intensidade-espiritual\/","name":"Reflex\u00f5es e renova\u00e7\u00e3o: vivenciando a Quaresma com intensidade espiritual - Salmos B\u00edblicos","isPartOf":{"@id":"https:\/\/salmosbiblicos.com.br\/#website"},"datePublished":"2025-05-03T04:20:14+00:00","author":{"@id":"https:\/\/salmosbiblicos.com.br\/#\/schema\/person\/760735259ba35f1e44e89c71c72d79da"},"breadcrumb":{"@id":"https:\/\/salmosbiblicos.com.br\/index.php\/2025\/05\/03\/reflexoes-e-renovacao-vivenciando-a-quaresma-com-intensidade-espiritual\/#breadcrumb"},"inLanguage":"pt-BR","potentialAction":[{"@type":"ReadAction","target":["https:\/\/salmosbiblicos.com.br\/index.php\/2025\/05\/03\/reflexoes-e-renovacao-vivenciando-a-quaresma-com-intensidade-espiritual\/"]}]},{"@type":"BreadcrumbList","@id":"https:\/\/salmosbiblicos.com.br\/index.php\/2025\/05\/03\/reflexoes-e-renovacao-vivenciando-a-quaresma-com-intensidade-espiritual\/#breadcrumb","itemListElement":[{"@type":"ListItem","position":1,"name":"Home","item":"https:\/\/salmosbiblicos.com.br\/"},{"@type":"ListItem","position":2,"name":"Reflex\u00f5es e renova\u00e7\u00e3o: vivenciando a Quaresma com intensidade espiritual"}]},{"@type":"WebSite","@id":"https:\/\/salmosbiblicos.com.br\/#website","url":"https:\/\/salmosbiblicos.com.br\/","name":"Salmos B\u00edblicos","description":"Uma e-Livraria com e-Books novos para voc\u00ea refletir.","potentialAction":[{"@type":"SearchAction","target":{"@type":"EntryPoint","urlTemplate":"https:\/\/salmosbiblicos.com.br\/?s={search_term_string}"},"query-input":{"@type":"PropertyValueSpecification","valueRequired":true,"valueName":"search_term_string"}}],"inLanguage":"pt-BR"},{"@type":"Person","@id":"https:\/\/salmosbiblicos.com.br\/#\/schema\/person\/760735259ba35f1e44e89c71c72d79da","name":"Irmao","image":{"@type":"ImageObject","inLanguage":"pt-BR","@id":"https:\/\/secure.gravatar.com\/avatar\/?s=96&d=mm&r=g","url":"https:\/\/secure.gravatar.com\/avatar\/?s=96&d=mm&r=g","contentUrl":"https:\/\/secure.gravatar.com\/avatar\/?s=96&d=mm&r=g","caption":"Irmao"},"url":"https:\/\/salmosbiblicos.com.br\/index.php\/author\/irmao\/"}]}},"_links":{"self":[{"href":"https:\/\/salmosbiblicos.com.br\/index.php\/wp-json\/wp\/v2\/posts\/4671","targetHints":{"allow":["GET"]}}],"collection":[{"href":"https:\/\/salmosbiblicos.com.br\/index.php\/wp-json\/wp\/v2\/posts"}],"about":[{"href":"https:\/\/salmosbiblicos.com.br\/index.php\/wp-json\/wp\/v2\/types\/post"}],"author":[{"embeddable":true,"href":"https:\/\/salmosbiblicos.com.br\/index.php\/wp-json\/wp\/v2\/users\/2"}],"replies":[{"embeddable":true,"href":"https:\/\/salmosbiblicos.com.br\/index.php\/wp-json\/wp\/v2\/comments?post=4671"}],"version-history":[{"count":0,"href":"https:\/\/salmosbiblicos.com.br\/index.php\/wp-json\/wp\/v2\/posts\/4671\/revisions"}],"wp:attachment":[{"href":"https:\/\/salmosbiblicos.com.br\/index.php\/wp-json\/wp\/v2\/media?parent=4671"}],"wp:term":[{"taxonomy":"category","embeddable":true,"href":"https:\/\/salmosbiblicos.com.br\/index.php\/wp-json\/wp\/v2\/categories?post=4671"},{"taxonomy":"post_tag","embeddable":true,"href":"https:\/\/salmosbiblicos.com.br\/index.php\/wp-json\/wp\/v2\/tags?post=4671"}],"curies":[{"name":"wp","href":"https:\/\/api.w.org\/{rel}","templated":true}]}}