{"id":4673,"date":"2025-05-03T01:20:24","date_gmt":"2025-05-03T04:20:24","guid":{"rendered":"https:\/\/salmosbiblicos.com.br\/?p=4673"},"modified":"2025-05-03T01:20:24","modified_gmt":"2025-05-03T04:20:24","slug":"reflexoes-e-renovacao-a-importancia-da-pascoa-na-vida-crista","status":"publish","type":"post","link":"https:\/\/salmosbiblicos.com.br\/index.php\/2025\/05\/03\/reflexoes-e-renovacao-a-importancia-da-pascoa-na-vida-crista\/","title":{"rendered":"Reflex\u00f5es e Renova\u00e7\u00e3o: A Import\u00e2ncia da P\u00e1scoa na Vida Crist\u00e3"},"content":{"rendered":"<p>Uma das datas mais importantes do calend\u00e1rio religioso cat\u00f3lico \u00e9 a P\u00e1scoa. Celebrada anualmente, a P\u00e1scoa marca a ressurrei\u00e7\u00e3o de Jesus Cristo, ap\u00f3s sua crucifica\u00e7\u00e3o, de acordo com a tradi\u00e7\u00e3o crist\u00e3. A origem da P\u00e1scoa remonta aos tempos b\u00edblicos, quando os judeus celebravam a liberta\u00e7\u00e3o do povo hebreu da escravid\u00e3o no Egito, atrav\u00e9s da passagem do Anjo da Morte pelas casas marcadas com o sangue do cordeiro.<\/p>\n<p>Para os crist\u00e3os, a P\u00e1scoa \u00e9 o evento mais importante do calend\u00e1rio, pois representa a vit\u00f3ria de Cristo sobre a morte e o pecado. \u00c9 um momento de renova\u00e7\u00e3o da f\u00e9, de perd\u00e3o e de esperan\u00e7a. A ressurrei\u00e7\u00e3o de Jesus simboliza a promessa de vida eterna para todos aqueles que seguem seus ensinamentos e acreditam nele como o Salvador.<\/p>\n<p>A P\u00e1scoa \u00e9 tamb\u00e9m um per\u00edodo de reflex\u00e3o e de renova\u00e7\u00e3o espiritual. \u00c9 um momento para avaliarmos nossas atitudes, pedirmos perd\u00e3o pelos nossos pecados e nos reconciliarmos com Deus e com o pr\u00f3ximo. \u00c9 um convite para vivermos de acordo com os ensinamentos de Jesus, praticando a caridade, a compaix\u00e3o e o amor ao pr\u00f3ximo.<\/p>\n<p>Neste tempo de P\u00e1scoa, \u00e9 importante que busquemos a paz interior, a serenidade e a gratid\u00e3o pela vida e pelas b\u00ean\u00e7\u00e3os que recebemos diariamente. \u00c9 um momento para nos reconectarmos com a nossa espiritualidade e para fortalecermos a nossa f\u00e9.<\/p>\n<p>Como sugest\u00e3o de reflex\u00e3o para este per\u00edodo de P\u00e1scoa, convido voc\u00ea a dedicar um momento do seu dia para a ora\u00e7\u00e3o e a medita\u00e7\u00e3o. Reflita sobre o significado da ressurrei\u00e7\u00e3o de Jesus em sua vida e sobre como voc\u00ea pode seguir seus ensinamentos no seu dia a dia. Aproveite este tempo para se reconciliar com aqueles que magoamos, pedir perd\u00e3o por nossos erros e renovar nosso compromisso com uma vida de amor, compaix\u00e3o e solidariedade.<\/p>\n<p>Que a P\u00e1scoa seja para todos n\u00f3s um momento de renova\u00e7\u00e3o espiritual, de paz e de esperan\u00e7a. Que possamos viver de acordo com o exemplo de Jesus, sendo instrumentos de amor e de bondade neste mundo. Que a luz da ressurrei\u00e7\u00e3o ilumine nossos caminhos e nos guie para uma vida plena e feliz. Am\u00e9m.<\/p>\n","protected":false},"excerpt":{"rendered":"<p>Uma das datas mais importantes do calend\u00e1rio religioso cat\u00f3lico \u00e9 a P\u00e1scoa. Celebrada anualmente, a P\u00e1scoa marca a ressurrei\u00e7\u00e3o de Jesus Cristo, ap\u00f3s sua crucifica\u00e7\u00e3o, de acordo com a tradi\u00e7\u00e3o crist\u00e3. A origem da P\u00e1scoa remonta aos tempos b\u00edblicos, quando os judeus celebravam a liberta\u00e7\u00e3o do povo hebreu da escravid\u00e3o no Egito, atrav\u00e9s da passagem [&hellip;]<\/p>\n","protected":false},"author":2,"featured_media":0,"comment_status":"closed","ping_status":"open","sticky":false,"template":"","format":"standard","meta":{"footnotes":""},"categories":[9],"tags":[],"class_list":["post-4673","post","type-post","status-publish","format-standard","hentry","category-data-religiosa"],"yoast_head":"<!-- This site is optimized with the Yoast SEO plugin v27.2 - https:\/\/yoast.com\/product\/yoast-seo-wordpress\/ -->\n<title>Reflex\u00f5es e Renova\u00e7\u00e3o: A Import\u00e2ncia da P\u00e1scoa na Vida Crist\u00e3 - Salmos B\u00edblicos<\/title>\n<meta name=\"robots\" content=\"index, follow, max-snippet:-1, max-image-preview:large, max-video-preview:-1\" \/>\n<link rel=\"canonical\" href=\"https:\/\/salmosbiblicos.com.br\/index.php\/2025\/05\/03\/reflexoes-e-renovacao-a-importancia-da-pascoa-na-vida-crista\/\" \/>\n<meta property=\"og:locale\" content=\"pt_BR\" \/>\n<meta property=\"og:type\" content=\"article\" \/>\n<meta property=\"og:title\" content=\"Reflex\u00f5es e Renova\u00e7\u00e3o: A Import\u00e2ncia da P\u00e1scoa na Vida Crist\u00e3 - Salmos B\u00edblicos\" \/>\n<meta property=\"og:description\" content=\"Uma das datas mais importantes do calend\u00e1rio religioso cat\u00f3lico \u00e9 a P\u00e1scoa. Celebrada anualmente, a P\u00e1scoa marca a ressurrei\u00e7\u00e3o de Jesus Cristo, ap\u00f3s sua crucifica\u00e7\u00e3o, de acordo com a tradi\u00e7\u00e3o crist\u00e3. A origem da P\u00e1scoa remonta aos tempos b\u00edblicos, quando os judeus celebravam a liberta\u00e7\u00e3o do povo hebreu da escravid\u00e3o no Egito, atrav\u00e9s da passagem [&hellip;]\" \/>\n<meta property=\"og:url\" content=\"https:\/\/salmosbiblicos.com.br\/index.php\/2025\/05\/03\/reflexoes-e-renovacao-a-importancia-da-pascoa-na-vida-crista\/\" \/>\n<meta property=\"og:site_name\" content=\"Salmos B\u00edblicos\" \/>\n<meta property=\"article:published_time\" content=\"2025-05-03T04:20:24+00:00\" \/>\n<meta name=\"author\" content=\"Irmao\" \/>\n<meta name=\"twitter:card\" content=\"summary_large_image\" \/>\n<meta name=\"twitter:label1\" content=\"Escrito por\" \/>\n\t<meta name=\"twitter:data1\" content=\"Irmao\" \/>\n\t<meta name=\"twitter:label2\" content=\"Est. tempo de leitura\" \/>\n\t<meta name=\"twitter:data2\" content=\"2 minutos\" \/>\n<script type=\"application\/ld+json\" class=\"yoast-schema-graph\">{\"@context\":\"https:\/\/schema.org\",\"@graph\":[{\"@type\":\"Article\",\"@id\":\"https:\/\/salmosbiblicos.com.br\/index.php\/2025\/05\/03\/reflexoes-e-renovacao-a-importancia-da-pascoa-na-vida-crista\/#article\",\"isPartOf\":{\"@id\":\"https:\/\/salmosbiblicos.com.br\/index.php\/2025\/05\/03\/reflexoes-e-renovacao-a-importancia-da-pascoa-na-vida-crista\/\"},\"author\":{\"name\":\"Irmao\",\"@id\":\"https:\/\/salmosbiblicos.com.br\/#\/schema\/person\/760735259ba35f1e44e89c71c72d79da\"},\"headline\":\"Reflex\u00f5es e Renova\u00e7\u00e3o: A Import\u00e2ncia da P\u00e1scoa na Vida Crist\u00e3\",\"datePublished\":\"2025-05-03T04:20:24+00:00\",\"mainEntityOfPage\":{\"@id\":\"https:\/\/salmosbiblicos.com.br\/index.php\/2025\/05\/03\/reflexoes-e-renovacao-a-importancia-da-pascoa-na-vida-crista\/\"},\"wordCount\":405,\"articleSection\":[\"Data Religiosa\"],\"inLanguage\":\"pt-BR\"},{\"@type\":\"WebPage\",\"@id\":\"https:\/\/salmosbiblicos.com.br\/index.php\/2025\/05\/03\/reflexoes-e-renovacao-a-importancia-da-pascoa-na-vida-crista\/\",\"url\":\"https:\/\/salmosbiblicos.com.br\/index.php\/2025\/05\/03\/reflexoes-e-renovacao-a-importancia-da-pascoa-na-vida-crista\/\",\"name\":\"Reflex\u00f5es e Renova\u00e7\u00e3o: A Import\u00e2ncia da P\u00e1scoa na Vida Crist\u00e3 - Salmos B\u00edblicos\",\"isPartOf\":{\"@id\":\"https:\/\/salmosbiblicos.com.br\/#website\"},\"datePublished\":\"2025-05-03T04:20:24+00:00\",\"author\":{\"@id\":\"https:\/\/salmosbiblicos.com.br\/#\/schema\/person\/760735259ba35f1e44e89c71c72d79da\"},\"breadcrumb\":{\"@id\":\"https:\/\/salmosbiblicos.com.br\/index.php\/2025\/05\/03\/reflexoes-e-renovacao-a-importancia-da-pascoa-na-vida-crista\/#breadcrumb\"},\"inLanguage\":\"pt-BR\",\"potentialAction\":[{\"@type\":\"ReadAction\",\"target\":[\"https:\/\/salmosbiblicos.com.br\/index.php\/2025\/05\/03\/reflexoes-e-renovacao-a-importancia-da-pascoa-na-vida-crista\/\"]}]},{\"@type\":\"BreadcrumbList\",\"@id\":\"https:\/\/salmosbiblicos.com.br\/index.php\/2025\/05\/03\/reflexoes-e-renovacao-a-importancia-da-pascoa-na-vida-crista\/#breadcrumb\",\"itemListElement\":[{\"@type\":\"ListItem\",\"position\":1,\"name\":\"Home\",\"item\":\"https:\/\/salmosbiblicos.com.br\/\"},{\"@type\":\"ListItem\",\"position\":2,\"name\":\"Reflex\u00f5es e Renova\u00e7\u00e3o: A Import\u00e2ncia da P\u00e1scoa na Vida Crist\u00e3\"}]},{\"@type\":\"WebSite\",\"@id\":\"https:\/\/salmosbiblicos.com.br\/#website\",\"url\":\"https:\/\/salmosbiblicos.com.br\/\",\"name\":\"Salmos B\u00edblicos\",\"description\":\"Uma e-Livraria com e-Books novos para voc\u00ea refletir.\",\"potentialAction\":[{\"@type\":\"SearchAction\",\"target\":{\"@type\":\"EntryPoint\",\"urlTemplate\":\"https:\/\/salmosbiblicos.com.br\/?s={search_term_string}\"},\"query-input\":{\"@type\":\"PropertyValueSpecification\",\"valueRequired\":true,\"valueName\":\"search_term_string\"}}],\"inLanguage\":\"pt-BR\"},{\"@type\":\"Person\",\"@id\":\"https:\/\/salmosbiblicos.com.br\/#\/schema\/person\/760735259ba35f1e44e89c71c72d79da\",\"name\":\"Irmao\",\"image\":{\"@type\":\"ImageObject\",\"inLanguage\":\"pt-BR\",\"@id\":\"https:\/\/secure.gravatar.com\/avatar\/?s=96&d=mm&r=g\",\"url\":\"https:\/\/secure.gravatar.com\/avatar\/?s=96&d=mm&r=g\",\"contentUrl\":\"https:\/\/secure.gravatar.com\/avatar\/?s=96&d=mm&r=g\",\"caption\":\"Irmao\"},\"url\":\"https:\/\/salmosbiblicos.com.br\/index.php\/author\/irmao\/\"}]}<\/script>\n<!-- \/ Yoast SEO plugin. -->","yoast_head_json":{"title":"Reflex\u00f5es e Renova\u00e7\u00e3o: A Import\u00e2ncia da P\u00e1scoa na Vida Crist\u00e3 - Salmos B\u00edblicos","robots":{"index":"index","follow":"follow","max-snippet":"max-snippet:-1","max-image-preview":"max-image-preview:large","max-video-preview":"max-video-preview:-1"},"canonical":"https:\/\/salmosbiblicos.com.br\/index.php\/2025\/05\/03\/reflexoes-e-renovacao-a-importancia-da-pascoa-na-vida-crista\/","og_locale":"pt_BR","og_type":"article","og_title":"Reflex\u00f5es e Renova\u00e7\u00e3o: A Import\u00e2ncia da P\u00e1scoa na Vida Crist\u00e3 - Salmos B\u00edblicos","og_description":"Uma das datas mais importantes do calend\u00e1rio religioso cat\u00f3lico \u00e9 a P\u00e1scoa. Celebrada anualmente, a P\u00e1scoa marca a ressurrei\u00e7\u00e3o de Jesus Cristo, ap\u00f3s sua crucifica\u00e7\u00e3o, de acordo com a tradi\u00e7\u00e3o crist\u00e3. A origem da P\u00e1scoa remonta aos tempos b\u00edblicos, quando os judeus celebravam a liberta\u00e7\u00e3o do povo hebreu da escravid\u00e3o no Egito, atrav\u00e9s da passagem [&hellip;]","og_url":"https:\/\/salmosbiblicos.com.br\/index.php\/2025\/05\/03\/reflexoes-e-renovacao-a-importancia-da-pascoa-na-vida-crista\/","og_site_name":"Salmos B\u00edblicos","article_published_time":"2025-05-03T04:20:24+00:00","author":"Irmao","twitter_card":"summary_large_image","twitter_misc":{"Escrito por":"Irmao","Est. tempo de leitura":"2 minutos"},"schema":{"@context":"https:\/\/schema.org","@graph":[{"@type":"Article","@id":"https:\/\/salmosbiblicos.com.br\/index.php\/2025\/05\/03\/reflexoes-e-renovacao-a-importancia-da-pascoa-na-vida-crista\/#article","isPartOf":{"@id":"https:\/\/salmosbiblicos.com.br\/index.php\/2025\/05\/03\/reflexoes-e-renovacao-a-importancia-da-pascoa-na-vida-crista\/"},"author":{"name":"Irmao","@id":"https:\/\/salmosbiblicos.com.br\/#\/schema\/person\/760735259ba35f1e44e89c71c72d79da"},"headline":"Reflex\u00f5es e Renova\u00e7\u00e3o: A Import\u00e2ncia da P\u00e1scoa na Vida Crist\u00e3","datePublished":"2025-05-03T04:20:24+00:00","mainEntityOfPage":{"@id":"https:\/\/salmosbiblicos.com.br\/index.php\/2025\/05\/03\/reflexoes-e-renovacao-a-importancia-da-pascoa-na-vida-crista\/"},"wordCount":405,"articleSection":["Data Religiosa"],"inLanguage":"pt-BR"},{"@type":"WebPage","@id":"https:\/\/salmosbiblicos.com.br\/index.php\/2025\/05\/03\/reflexoes-e-renovacao-a-importancia-da-pascoa-na-vida-crista\/","url":"https:\/\/salmosbiblicos.com.br\/index.php\/2025\/05\/03\/reflexoes-e-renovacao-a-importancia-da-pascoa-na-vida-crista\/","name":"Reflex\u00f5es e Renova\u00e7\u00e3o: A Import\u00e2ncia da P\u00e1scoa na Vida Crist\u00e3 - Salmos B\u00edblicos","isPartOf":{"@id":"https:\/\/salmosbiblicos.com.br\/#website"},"datePublished":"2025-05-03T04:20:24+00:00","author":{"@id":"https:\/\/salmosbiblicos.com.br\/#\/schema\/person\/760735259ba35f1e44e89c71c72d79da"},"breadcrumb":{"@id":"https:\/\/salmosbiblicos.com.br\/index.php\/2025\/05\/03\/reflexoes-e-renovacao-a-importancia-da-pascoa-na-vida-crista\/#breadcrumb"},"inLanguage":"pt-BR","potentialAction":[{"@type":"ReadAction","target":["https:\/\/salmosbiblicos.com.br\/index.php\/2025\/05\/03\/reflexoes-e-renovacao-a-importancia-da-pascoa-na-vida-crista\/"]}]},{"@type":"BreadcrumbList","@id":"https:\/\/salmosbiblicos.com.br\/index.php\/2025\/05\/03\/reflexoes-e-renovacao-a-importancia-da-pascoa-na-vida-crista\/#breadcrumb","itemListElement":[{"@type":"ListItem","position":1,"name":"Home","item":"https:\/\/salmosbiblicos.com.br\/"},{"@type":"ListItem","position":2,"name":"Reflex\u00f5es e Renova\u00e7\u00e3o: A Import\u00e2ncia da P\u00e1scoa na Vida Crist\u00e3"}]},{"@type":"WebSite","@id":"https:\/\/salmosbiblicos.com.br\/#website","url":"https:\/\/salmosbiblicos.com.br\/","name":"Salmos B\u00edblicos","description":"Uma e-Livraria com e-Books novos para voc\u00ea refletir.","potentialAction":[{"@type":"SearchAction","target":{"@type":"EntryPoint","urlTemplate":"https:\/\/salmosbiblicos.com.br\/?s={search_term_string}"},"query-input":{"@type":"PropertyValueSpecification","valueRequired":true,"valueName":"search_term_string"}}],"inLanguage":"pt-BR"},{"@type":"Person","@id":"https:\/\/salmosbiblicos.com.br\/#\/schema\/person\/760735259ba35f1e44e89c71c72d79da","name":"Irmao","image":{"@type":"ImageObject","inLanguage":"pt-BR","@id":"https:\/\/secure.gravatar.com\/avatar\/?s=96&d=mm&r=g","url":"https:\/\/secure.gravatar.com\/avatar\/?s=96&d=mm&r=g","contentUrl":"https:\/\/secure.gravatar.com\/avatar\/?s=96&d=mm&r=g","caption":"Irmao"},"url":"https:\/\/salmosbiblicos.com.br\/index.php\/author\/irmao\/"}]}},"_links":{"self":[{"href":"https:\/\/salmosbiblicos.com.br\/index.php\/wp-json\/wp\/v2\/posts\/4673","targetHints":{"allow":["GET"]}}],"collection":[{"href":"https:\/\/salmosbiblicos.com.br\/index.php\/wp-json\/wp\/v2\/posts"}],"about":[{"href":"https:\/\/salmosbiblicos.com.br\/index.php\/wp-json\/wp\/v2\/types\/post"}],"author":[{"embeddable":true,"href":"https:\/\/salmosbiblicos.com.br\/index.php\/wp-json\/wp\/v2\/users\/2"}],"replies":[{"embeddable":true,"href":"https:\/\/salmosbiblicos.com.br\/index.php\/wp-json\/wp\/v2\/comments?post=4673"}],"version-history":[{"count":0,"href":"https:\/\/salmosbiblicos.com.br\/index.php\/wp-json\/wp\/v2\/posts\/4673\/revisions"}],"wp:attachment":[{"href":"https:\/\/salmosbiblicos.com.br\/index.php\/wp-json\/wp\/v2\/media?parent=4673"}],"wp:term":[{"taxonomy":"category","embeddable":true,"href":"https:\/\/salmosbiblicos.com.br\/index.php\/wp-json\/wp\/v2\/categories?post=4673"},{"taxonomy":"post_tag","embeddable":true,"href":"https:\/\/salmosbiblicos.com.br\/index.php\/wp-json\/wp\/v2\/tags?post=4673"}],"curies":[{"name":"wp","href":"https:\/\/api.w.org\/{rel}","templated":true}]}}