{"id":4725,"date":"2025-05-04T00:24:49","date_gmt":"2025-05-04T03:24:49","guid":{"rendered":"https:\/\/salmosbiblicos.com.br\/?p=4725"},"modified":"2025-05-04T00:24:49","modified_gmt":"2025-05-04T03:24:49","slug":"renascimento-e-esperanca-reflexoes-profundas-sobre-a-pascoa-crista","status":"publish","type":"post","link":"https:\/\/salmosbiblicos.com.br\/index.php\/2025\/05\/04\/renascimento-e-esperanca-reflexoes-profundas-sobre-a-pascoa-crista\/","title":{"rendered":"Renascimento e Esperan\u00e7a: Reflex\u00f5es Profundas sobre a P\u00e1scoa Crist\u00e3"},"content":{"rendered":"<p>A P\u00e1scoa \u00e9 uma das datas mais importantes do calend\u00e1rio religioso Cat\u00f3lico. Ela celebra a ressurrei\u00e7\u00e3o de Jesus Cristo, que segundo a tradi\u00e7\u00e3o ocorreu no terceiro dia ap\u00f3s a sua crucifica\u00e7\u00e3o. A origem da P\u00e1scoa remonta \u00e0 tradi\u00e7\u00e3o judaica da festa da P\u00e1scoa, que celebrava a liberta\u00e7\u00e3o do povo hebreu da escravid\u00e3o no Egito. Para os crist\u00e3os, a P\u00e1scoa representa a vit\u00f3ria sobre o pecado e a morte, e a promessa da vida eterna.<\/p>\n<p>O simbolismo da P\u00e1scoa \u00e9 rico e profundo. O ovo, por exemplo, representa o renascimento e a fertilidade, enquanto o coelho simboliza a vida nova e a esperan\u00e7a. A cruz, por sua vez, \u00e9 o s\u00edmbolo da reden\u00e7\u00e3o e do sacrif\u00edcio de Jesus pela humanidade. A luz, que \u00e9 acesa durante a Vig\u00edlia Pascal, representa a presen\u00e7a de Cristo que ilumina as trevas e traz esperan\u00e7a aos cora\u00e7\u00f5es.<\/p>\n<p>Neste tempo de P\u00e1scoa, somos convidados a refletir sobre o significado da ressurrei\u00e7\u00e3o de Cristo em nossas vidas. Assim como Jesus venceu a morte, n\u00f3s tamb\u00e9m podemos superar as nossas dificuldades e renascer para uma vida nova. A P\u00e1scoa nos lembra que, mesmo diante das tribula\u00e7\u00f5es, h\u00e1 sempre a possibilidade de recome\u00e7ar e de encontrar a luz no fim do t\u00fanel.<\/p>\n<p>Uma sugest\u00e3o de reflex\u00e3o para este tempo de P\u00e1scoa \u00e9 meditar sobre a import\u00e2ncia da esperan\u00e7a em nossa jornada espiritual. Assim como os disc\u00edpulos de Jesus foram surpreendidos pela ressurrei\u00e7\u00e3o, n\u00f3s tamb\u00e9m podemos ser renovados pela esperan\u00e7a de um futuro melhor. Que possamos olhar para al\u00e9m das nossas dificuldades e confiar que, assim como a P\u00e1scoa traz a promessa da vida eterna, tamb\u00e9m podemos encontrar a renova\u00e7\u00e3o e a transforma\u00e7\u00e3o em nossas vidas.<\/p>\n<p>Que a luz da P\u00e1scoa ilumine os nossos caminhos e nos guie rumo \u00e0 plenitude da vida em Cristo. Que possamos celebrar a ressurrei\u00e7\u00e3o n\u00e3o apenas como um evento hist\u00f3rico, mas como uma realidade presente em nossas vidas, que nos convida a viver com f\u00e9, esperan\u00e7a e amor. Que a P\u00e1scoa seja para n\u00f3s n\u00e3o apenas uma data no calend\u00e1rio, mas uma experi\u00eancia espiritual profunda que nos inspire a sermos portadores da luz de Cristo neste mundo.<\/p>\n","protected":false},"excerpt":{"rendered":"<p>A P\u00e1scoa \u00e9 uma das datas mais importantes do calend\u00e1rio religioso Cat\u00f3lico. Ela celebra a ressurrei\u00e7\u00e3o de Jesus Cristo, que segundo a tradi\u00e7\u00e3o ocorreu no terceiro dia ap\u00f3s a sua crucifica\u00e7\u00e3o. A origem da P\u00e1scoa remonta \u00e0 tradi\u00e7\u00e3o judaica da festa da P\u00e1scoa, que celebrava a liberta\u00e7\u00e3o do povo hebreu da escravid\u00e3o no Egito. Para [&hellip;]<\/p>\n","protected":false},"author":2,"featured_media":0,"comment_status":"closed","ping_status":"open","sticky":false,"template":"","format":"standard","meta":{"footnotes":""},"categories":[9],"tags":[],"class_list":["post-4725","post","type-post","status-publish","format-standard","hentry","category-data-religiosa"],"yoast_head":"<!-- This site is optimized with the Yoast SEO plugin v27.2 - https:\/\/yoast.com\/product\/yoast-seo-wordpress\/ -->\n<title>Renascimento e Esperan\u00e7a: Reflex\u00f5es Profundas sobre a P\u00e1scoa Crist\u00e3 - Salmos B\u00edblicos<\/title>\n<meta name=\"robots\" content=\"index, follow, max-snippet:-1, max-image-preview:large, max-video-preview:-1\" \/>\n<link rel=\"canonical\" href=\"https:\/\/salmosbiblicos.com.br\/index.php\/2025\/05\/04\/renascimento-e-esperanca-reflexoes-profundas-sobre-a-pascoa-crista\/\" \/>\n<meta property=\"og:locale\" content=\"pt_BR\" \/>\n<meta property=\"og:type\" content=\"article\" \/>\n<meta property=\"og:title\" content=\"Renascimento e Esperan\u00e7a: Reflex\u00f5es Profundas sobre a P\u00e1scoa Crist\u00e3 - Salmos B\u00edblicos\" \/>\n<meta property=\"og:description\" content=\"A P\u00e1scoa \u00e9 uma das datas mais importantes do calend\u00e1rio religioso Cat\u00f3lico. Ela celebra a ressurrei\u00e7\u00e3o de Jesus Cristo, que segundo a tradi\u00e7\u00e3o ocorreu no terceiro dia ap\u00f3s a sua crucifica\u00e7\u00e3o. A origem da P\u00e1scoa remonta \u00e0 tradi\u00e7\u00e3o judaica da festa da P\u00e1scoa, que celebrava a liberta\u00e7\u00e3o do povo hebreu da escravid\u00e3o no Egito. Para [&hellip;]\" \/>\n<meta property=\"og:url\" content=\"https:\/\/salmosbiblicos.com.br\/index.php\/2025\/05\/04\/renascimento-e-esperanca-reflexoes-profundas-sobre-a-pascoa-crista\/\" \/>\n<meta property=\"og:site_name\" content=\"Salmos B\u00edblicos\" \/>\n<meta property=\"article:published_time\" content=\"2025-05-04T03:24:49+00:00\" \/>\n<meta name=\"author\" content=\"Irmao\" \/>\n<meta name=\"twitter:card\" content=\"summary_large_image\" \/>\n<meta name=\"twitter:label1\" content=\"Escrito por\" \/>\n\t<meta name=\"twitter:data1\" content=\"Irmao\" \/>\n\t<meta name=\"twitter:label2\" content=\"Est. tempo de leitura\" \/>\n\t<meta name=\"twitter:data2\" content=\"2 minutos\" \/>\n<script type=\"application\/ld+json\" class=\"yoast-schema-graph\">{\"@context\":\"https:\/\/schema.org\",\"@graph\":[{\"@type\":\"Article\",\"@id\":\"https:\/\/salmosbiblicos.com.br\/index.php\/2025\/05\/04\/renascimento-e-esperanca-reflexoes-profundas-sobre-a-pascoa-crista\/#article\",\"isPartOf\":{\"@id\":\"https:\/\/salmosbiblicos.com.br\/index.php\/2025\/05\/04\/renascimento-e-esperanca-reflexoes-profundas-sobre-a-pascoa-crista\/\"},\"author\":{\"name\":\"Irmao\",\"@id\":\"https:\/\/salmosbiblicos.com.br\/#\/schema\/person\/760735259ba35f1e44e89c71c72d79da\"},\"headline\":\"Renascimento e Esperan\u00e7a: Reflex\u00f5es Profundas sobre a P\u00e1scoa Crist\u00e3\",\"datePublished\":\"2025-05-04T03:24:49+00:00\",\"mainEntityOfPage\":{\"@id\":\"https:\/\/salmosbiblicos.com.br\/index.php\/2025\/05\/04\/renascimento-e-esperanca-reflexoes-profundas-sobre-a-pascoa-crista\/\"},\"wordCount\":415,\"articleSection\":[\"Data Religiosa\"],\"inLanguage\":\"pt-BR\"},{\"@type\":\"WebPage\",\"@id\":\"https:\/\/salmosbiblicos.com.br\/index.php\/2025\/05\/04\/renascimento-e-esperanca-reflexoes-profundas-sobre-a-pascoa-crista\/\",\"url\":\"https:\/\/salmosbiblicos.com.br\/index.php\/2025\/05\/04\/renascimento-e-esperanca-reflexoes-profundas-sobre-a-pascoa-crista\/\",\"name\":\"Renascimento e Esperan\u00e7a: Reflex\u00f5es Profundas sobre a P\u00e1scoa Crist\u00e3 - Salmos B\u00edblicos\",\"isPartOf\":{\"@id\":\"https:\/\/salmosbiblicos.com.br\/#website\"},\"datePublished\":\"2025-05-04T03:24:49+00:00\",\"author\":{\"@id\":\"https:\/\/salmosbiblicos.com.br\/#\/schema\/person\/760735259ba35f1e44e89c71c72d79da\"},\"breadcrumb\":{\"@id\":\"https:\/\/salmosbiblicos.com.br\/index.php\/2025\/05\/04\/renascimento-e-esperanca-reflexoes-profundas-sobre-a-pascoa-crista\/#breadcrumb\"},\"inLanguage\":\"pt-BR\",\"potentialAction\":[{\"@type\":\"ReadAction\",\"target\":[\"https:\/\/salmosbiblicos.com.br\/index.php\/2025\/05\/04\/renascimento-e-esperanca-reflexoes-profundas-sobre-a-pascoa-crista\/\"]}]},{\"@type\":\"BreadcrumbList\",\"@id\":\"https:\/\/salmosbiblicos.com.br\/index.php\/2025\/05\/04\/renascimento-e-esperanca-reflexoes-profundas-sobre-a-pascoa-crista\/#breadcrumb\",\"itemListElement\":[{\"@type\":\"ListItem\",\"position\":1,\"name\":\"Home\",\"item\":\"https:\/\/salmosbiblicos.com.br\/\"},{\"@type\":\"ListItem\",\"position\":2,\"name\":\"Renascimento e Esperan\u00e7a: Reflex\u00f5es Profundas sobre a P\u00e1scoa Crist\u00e3\"}]},{\"@type\":\"WebSite\",\"@id\":\"https:\/\/salmosbiblicos.com.br\/#website\",\"url\":\"https:\/\/salmosbiblicos.com.br\/\",\"name\":\"Salmos B\u00edblicos\",\"description\":\"Uma e-Livraria com e-Books novos para voc\u00ea refletir.\",\"potentialAction\":[{\"@type\":\"SearchAction\",\"target\":{\"@type\":\"EntryPoint\",\"urlTemplate\":\"https:\/\/salmosbiblicos.com.br\/?s={search_term_string}\"},\"query-input\":{\"@type\":\"PropertyValueSpecification\",\"valueRequired\":true,\"valueName\":\"search_term_string\"}}],\"inLanguage\":\"pt-BR\"},{\"@type\":\"Person\",\"@id\":\"https:\/\/salmosbiblicos.com.br\/#\/schema\/person\/760735259ba35f1e44e89c71c72d79da\",\"name\":\"Irmao\",\"image\":{\"@type\":\"ImageObject\",\"inLanguage\":\"pt-BR\",\"@id\":\"https:\/\/secure.gravatar.com\/avatar\/?s=96&d=mm&r=g\",\"url\":\"https:\/\/secure.gravatar.com\/avatar\/?s=96&d=mm&r=g\",\"contentUrl\":\"https:\/\/secure.gravatar.com\/avatar\/?s=96&d=mm&r=g\",\"caption\":\"Irmao\"},\"url\":\"https:\/\/salmosbiblicos.com.br\/index.php\/author\/irmao\/\"}]}<\/script>\n<!-- \/ Yoast SEO plugin. -->","yoast_head_json":{"title":"Renascimento e Esperan\u00e7a: Reflex\u00f5es Profundas sobre a P\u00e1scoa Crist\u00e3 - Salmos B\u00edblicos","robots":{"index":"index","follow":"follow","max-snippet":"max-snippet:-1","max-image-preview":"max-image-preview:large","max-video-preview":"max-video-preview:-1"},"canonical":"https:\/\/salmosbiblicos.com.br\/index.php\/2025\/05\/04\/renascimento-e-esperanca-reflexoes-profundas-sobre-a-pascoa-crista\/","og_locale":"pt_BR","og_type":"article","og_title":"Renascimento e Esperan\u00e7a: Reflex\u00f5es Profundas sobre a P\u00e1scoa Crist\u00e3 - Salmos B\u00edblicos","og_description":"A P\u00e1scoa \u00e9 uma das datas mais importantes do calend\u00e1rio religioso Cat\u00f3lico. Ela celebra a ressurrei\u00e7\u00e3o de Jesus Cristo, que segundo a tradi\u00e7\u00e3o ocorreu no terceiro dia ap\u00f3s a sua crucifica\u00e7\u00e3o. A origem da P\u00e1scoa remonta \u00e0 tradi\u00e7\u00e3o judaica da festa da P\u00e1scoa, que celebrava a liberta\u00e7\u00e3o do povo hebreu da escravid\u00e3o no Egito. Para [&hellip;]","og_url":"https:\/\/salmosbiblicos.com.br\/index.php\/2025\/05\/04\/renascimento-e-esperanca-reflexoes-profundas-sobre-a-pascoa-crista\/","og_site_name":"Salmos B\u00edblicos","article_published_time":"2025-05-04T03:24:49+00:00","author":"Irmao","twitter_card":"summary_large_image","twitter_misc":{"Escrito por":"Irmao","Est. tempo de leitura":"2 minutos"},"schema":{"@context":"https:\/\/schema.org","@graph":[{"@type":"Article","@id":"https:\/\/salmosbiblicos.com.br\/index.php\/2025\/05\/04\/renascimento-e-esperanca-reflexoes-profundas-sobre-a-pascoa-crista\/#article","isPartOf":{"@id":"https:\/\/salmosbiblicos.com.br\/index.php\/2025\/05\/04\/renascimento-e-esperanca-reflexoes-profundas-sobre-a-pascoa-crista\/"},"author":{"name":"Irmao","@id":"https:\/\/salmosbiblicos.com.br\/#\/schema\/person\/760735259ba35f1e44e89c71c72d79da"},"headline":"Renascimento e Esperan\u00e7a: Reflex\u00f5es Profundas sobre a P\u00e1scoa Crist\u00e3","datePublished":"2025-05-04T03:24:49+00:00","mainEntityOfPage":{"@id":"https:\/\/salmosbiblicos.com.br\/index.php\/2025\/05\/04\/renascimento-e-esperanca-reflexoes-profundas-sobre-a-pascoa-crista\/"},"wordCount":415,"articleSection":["Data Religiosa"],"inLanguage":"pt-BR"},{"@type":"WebPage","@id":"https:\/\/salmosbiblicos.com.br\/index.php\/2025\/05\/04\/renascimento-e-esperanca-reflexoes-profundas-sobre-a-pascoa-crista\/","url":"https:\/\/salmosbiblicos.com.br\/index.php\/2025\/05\/04\/renascimento-e-esperanca-reflexoes-profundas-sobre-a-pascoa-crista\/","name":"Renascimento e Esperan\u00e7a: Reflex\u00f5es Profundas sobre a P\u00e1scoa Crist\u00e3 - Salmos B\u00edblicos","isPartOf":{"@id":"https:\/\/salmosbiblicos.com.br\/#website"},"datePublished":"2025-05-04T03:24:49+00:00","author":{"@id":"https:\/\/salmosbiblicos.com.br\/#\/schema\/person\/760735259ba35f1e44e89c71c72d79da"},"breadcrumb":{"@id":"https:\/\/salmosbiblicos.com.br\/index.php\/2025\/05\/04\/renascimento-e-esperanca-reflexoes-profundas-sobre-a-pascoa-crista\/#breadcrumb"},"inLanguage":"pt-BR","potentialAction":[{"@type":"ReadAction","target":["https:\/\/salmosbiblicos.com.br\/index.php\/2025\/05\/04\/renascimento-e-esperanca-reflexoes-profundas-sobre-a-pascoa-crista\/"]}]},{"@type":"BreadcrumbList","@id":"https:\/\/salmosbiblicos.com.br\/index.php\/2025\/05\/04\/renascimento-e-esperanca-reflexoes-profundas-sobre-a-pascoa-crista\/#breadcrumb","itemListElement":[{"@type":"ListItem","position":1,"name":"Home","item":"https:\/\/salmosbiblicos.com.br\/"},{"@type":"ListItem","position":2,"name":"Renascimento e Esperan\u00e7a: Reflex\u00f5es Profundas sobre a P\u00e1scoa Crist\u00e3"}]},{"@type":"WebSite","@id":"https:\/\/salmosbiblicos.com.br\/#website","url":"https:\/\/salmosbiblicos.com.br\/","name":"Salmos B\u00edblicos","description":"Uma e-Livraria com e-Books novos para voc\u00ea refletir.","potentialAction":[{"@type":"SearchAction","target":{"@type":"EntryPoint","urlTemplate":"https:\/\/salmosbiblicos.com.br\/?s={search_term_string}"},"query-input":{"@type":"PropertyValueSpecification","valueRequired":true,"valueName":"search_term_string"}}],"inLanguage":"pt-BR"},{"@type":"Person","@id":"https:\/\/salmosbiblicos.com.br\/#\/schema\/person\/760735259ba35f1e44e89c71c72d79da","name":"Irmao","image":{"@type":"ImageObject","inLanguage":"pt-BR","@id":"https:\/\/secure.gravatar.com\/avatar\/?s=96&d=mm&r=g","url":"https:\/\/secure.gravatar.com\/avatar\/?s=96&d=mm&r=g","contentUrl":"https:\/\/secure.gravatar.com\/avatar\/?s=96&d=mm&r=g","caption":"Irmao"},"url":"https:\/\/salmosbiblicos.com.br\/index.php\/author\/irmao\/"}]}},"_links":{"self":[{"href":"https:\/\/salmosbiblicos.com.br\/index.php\/wp-json\/wp\/v2\/posts\/4725","targetHints":{"allow":["GET"]}}],"collection":[{"href":"https:\/\/salmosbiblicos.com.br\/index.php\/wp-json\/wp\/v2\/posts"}],"about":[{"href":"https:\/\/salmosbiblicos.com.br\/index.php\/wp-json\/wp\/v2\/types\/post"}],"author":[{"embeddable":true,"href":"https:\/\/salmosbiblicos.com.br\/index.php\/wp-json\/wp\/v2\/users\/2"}],"replies":[{"embeddable":true,"href":"https:\/\/salmosbiblicos.com.br\/index.php\/wp-json\/wp\/v2\/comments?post=4725"}],"version-history":[{"count":0,"href":"https:\/\/salmosbiblicos.com.br\/index.php\/wp-json\/wp\/v2\/posts\/4725\/revisions"}],"wp:attachment":[{"href":"https:\/\/salmosbiblicos.com.br\/index.php\/wp-json\/wp\/v2\/media?parent=4725"}],"wp:term":[{"taxonomy":"category","embeddable":true,"href":"https:\/\/salmosbiblicos.com.br\/index.php\/wp-json\/wp\/v2\/categories?post=4725"},{"taxonomy":"post_tag","embeddable":true,"href":"https:\/\/salmosbiblicos.com.br\/index.php\/wp-json\/wp\/v2\/tags?post=4725"}],"curies":[{"name":"wp","href":"https:\/\/api.w.org\/{rel}","templated":true}]}}