{"id":4731,"date":"2025-05-04T00:25:09","date_gmt":"2025-05-04T03:25:09","guid":{"rendered":"https:\/\/salmosbiblicos.com.br\/?p=4731"},"modified":"2025-05-04T00:25:09","modified_gmt":"2025-05-04T03:25:09","slug":"quarta-feira-de-cinzas-o-inicio-de-uma-jornada-espiritual-de-renovacao-e-reflexao","status":"publish","type":"post","link":"https:\/\/salmosbiblicos.com.br\/index.php\/2025\/05\/04\/quarta-feira-de-cinzas-o-inicio-de-uma-jornada-espiritual-de-renovacao-e-reflexao\/","title":{"rendered":"Quarta-feira de Cinzas: O in\u00edcio de uma jornada espiritual de renova\u00e7\u00e3o e reflex\u00e3o"},"content":{"rendered":"<p>A Quarta-feira de Cinzas \u00e9 uma data muito significativa para os cat\u00f3licos, pois marca o in\u00edcio da Quaresma, um per\u00edodo de reflex\u00e3o, penit\u00eancia e prepara\u00e7\u00e3o para a P\u00e1scoa. Esta data \u00e9 celebrada sempre 46 dias antes da P\u00e1scoa, sendo o primeiro dia ap\u00f3s o Carnaval.<\/p>\n<p>A origem da Quarta-feira de Cinzas remonta aos primeiros s\u00e9culos do Cristianismo, quando os fi\u00e9is que haviam cometido pecados graves eram publicamente penitenciados na Quaresma. Eles se apresentavam diante da comunidade vestindo roupas de saco e cobertos de cinzas, como sinal de arrependimento e humildade. Com o passar do tempo, a pr\u00e1tica foi se modificando at\u00e9 chegar \u00e0 forma como a conhecemos hoje.<\/p>\n<p>O simbolismo das cinzas est\u00e1 diretamente ligado \u00e0 ideia de morte e renascimento. Ao receber as cinzas na testa, os fi\u00e9is s\u00e3o lembrados da sua fragilidade e finitude, assim como da necessidade de se arrependerem de seus pecados e se renovarem espiritualmente. As cinzas tamb\u00e9m nos recordam da passagem b\u00edblica que diz: &#8220;Lembra-te, \u00f3 homem, que \u00e9s p\u00f3 e em p\u00f3 te h\u00e1s de tornar&#8221; (G\u00eanesis 3:19).<\/p>\n<p>Neste momento de pandemia e incertezas, a Quarta-feira de Cinzas ganha ainda mais relev\u00e2ncia. \u00c9 um convite \u00e0 interioridade, ao sil\u00eancio e \u00e0 contempla\u00e7\u00e3o. \u00c9 um tempo para olharmos para dentro de n\u00f3s mesmos, identificarmos nossas fraquezas e buscar a reconcilia\u00e7\u00e3o com Deus e com o pr\u00f3ximo.<\/p>\n<p>Diante disso, sugiro que neste per\u00edodo da Quaresma, dediquemos um tempo di\u00e1rio para a ora\u00e7\u00e3o e a medita\u00e7\u00e3o. Que possamos refletir sobre nossas atitudes, pedir perd\u00e3o por nossos erros e buscar a reconcilia\u00e7\u00e3o com aqueles que magoamos. Que as cinzas que recebemos na Quarta-feira de Cinzas nos lembrem da nossa fragilidade e nos impulsionem a buscar uma vida mais pr\u00f3xima de Deus e dos nossos irm\u00e3os.<\/p>\n<p>Que este tempo de Quaresma seja um tempo de convers\u00e3o e renova\u00e7\u00e3o espiritual, para que possamos viver de forma mais plena e em comunh\u00e3o com o amor de Deus. Que a Quarta-feira de Cinzas seja o in\u00edcio de uma jornada de crescimento e fortalecimento da nossa f\u00e9.<\/p>\n<p>Que possamos deixar que a luz de Cristo ilumine nossos caminhos e nos guie na viv\u00eancia da Quaresma, para que possamos ressurgir com Ele na alegria da P\u00e1scoa. Am\u00e9m.<\/p>\n","protected":false},"excerpt":{"rendered":"<p>A Quarta-feira de Cinzas \u00e9 uma data muito significativa para os cat\u00f3licos, pois marca o in\u00edcio da Quaresma, um per\u00edodo de reflex\u00e3o, penit\u00eancia e prepara\u00e7\u00e3o para a P\u00e1scoa. Esta data \u00e9 celebrada sempre 46 dias antes da P\u00e1scoa, sendo o primeiro dia ap\u00f3s o Carnaval. A origem da Quarta-feira de Cinzas remonta aos primeiros s\u00e9culos [&hellip;]<\/p>\n","protected":false},"author":2,"featured_media":0,"comment_status":"closed","ping_status":"open","sticky":false,"template":"","format":"standard","meta":{"footnotes":""},"categories":[9],"tags":[],"class_list":["post-4731","post","type-post","status-publish","format-standard","hentry","category-data-religiosa"],"yoast_head":"<!-- This site is optimized with the Yoast SEO plugin v27.2 - https:\/\/yoast.com\/product\/yoast-seo-wordpress\/ -->\n<title>Quarta-feira de Cinzas: O in\u00edcio de uma jornada espiritual de renova\u00e7\u00e3o e reflex\u00e3o - Salmos B\u00edblicos<\/title>\n<meta name=\"robots\" content=\"index, follow, max-snippet:-1, max-image-preview:large, max-video-preview:-1\" \/>\n<link rel=\"canonical\" href=\"http:\/\/salmosbiblicos.com.br\/index.php\/2025\/05\/04\/quarta-feira-de-cinzas-o-inicio-de-uma-jornada-espiritual-de-renovacao-e-reflexao\/\" \/>\n<meta property=\"og:locale\" content=\"pt_BR\" \/>\n<meta property=\"og:type\" content=\"article\" \/>\n<meta property=\"og:title\" content=\"Quarta-feira de Cinzas: O in\u00edcio de uma jornada espiritual de renova\u00e7\u00e3o e reflex\u00e3o - Salmos B\u00edblicos\" \/>\n<meta property=\"og:description\" content=\"A Quarta-feira de Cinzas \u00e9 uma data muito significativa para os cat\u00f3licos, pois marca o in\u00edcio da Quaresma, um per\u00edodo de reflex\u00e3o, penit\u00eancia e prepara\u00e7\u00e3o para a P\u00e1scoa. Esta data \u00e9 celebrada sempre 46 dias antes da P\u00e1scoa, sendo o primeiro dia ap\u00f3s o Carnaval. A origem da Quarta-feira de Cinzas remonta aos primeiros s\u00e9culos [&hellip;]\" \/>\n<meta property=\"og:url\" content=\"http:\/\/salmosbiblicos.com.br\/index.php\/2025\/05\/04\/quarta-feira-de-cinzas-o-inicio-de-uma-jornada-espiritual-de-renovacao-e-reflexao\/\" \/>\n<meta property=\"og:site_name\" content=\"Salmos B\u00edblicos\" \/>\n<meta property=\"article:published_time\" content=\"2025-05-04T03:25:09+00:00\" \/>\n<meta name=\"author\" content=\"Irmao\" \/>\n<meta name=\"twitter:card\" content=\"summary_large_image\" \/>\n<meta name=\"twitter:label1\" content=\"Escrito por\" \/>\n\t<meta name=\"twitter:data1\" content=\"Irmao\" \/>\n\t<meta name=\"twitter:label2\" content=\"Est. tempo de leitura\" \/>\n\t<meta name=\"twitter:data2\" content=\"2 minutos\" \/>\n<script type=\"application\/ld+json\" class=\"yoast-schema-graph\">{\"@context\":\"https:\/\/schema.org\",\"@graph\":[{\"@type\":\"Article\",\"@id\":\"http:\/\/salmosbiblicos.com.br\/index.php\/2025\/05\/04\/quarta-feira-de-cinzas-o-inicio-de-uma-jornada-espiritual-de-renovacao-e-reflexao\/#article\",\"isPartOf\":{\"@id\":\"http:\/\/salmosbiblicos.com.br\/index.php\/2025\/05\/04\/quarta-feira-de-cinzas-o-inicio-de-uma-jornada-espiritual-de-renovacao-e-reflexao\/\"},\"author\":{\"name\":\"Irmao\",\"@id\":\"https:\/\/salmosbiblicos.com.br\/#\/schema\/person\/760735259ba35f1e44e89c71c72d79da\"},\"headline\":\"Quarta-feira de Cinzas: O in\u00edcio de uma jornada espiritual de renova\u00e7\u00e3o e reflex\u00e3o\",\"datePublished\":\"2025-05-04T03:25:09+00:00\",\"mainEntityOfPage\":{\"@id\":\"http:\/\/salmosbiblicos.com.br\/index.php\/2025\/05\/04\/quarta-feira-de-cinzas-o-inicio-de-uma-jornada-espiritual-de-renovacao-e-reflexao\/\"},\"wordCount\":408,\"articleSection\":[\"Data Religiosa\"],\"inLanguage\":\"pt-BR\"},{\"@type\":\"WebPage\",\"@id\":\"http:\/\/salmosbiblicos.com.br\/index.php\/2025\/05\/04\/quarta-feira-de-cinzas-o-inicio-de-uma-jornada-espiritual-de-renovacao-e-reflexao\/\",\"url\":\"http:\/\/salmosbiblicos.com.br\/index.php\/2025\/05\/04\/quarta-feira-de-cinzas-o-inicio-de-uma-jornada-espiritual-de-renovacao-e-reflexao\/\",\"name\":\"Quarta-feira de Cinzas: O in\u00edcio de uma jornada espiritual de renova\u00e7\u00e3o e reflex\u00e3o - Salmos B\u00edblicos\",\"isPartOf\":{\"@id\":\"https:\/\/salmosbiblicos.com.br\/#website\"},\"datePublished\":\"2025-05-04T03:25:09+00:00\",\"author\":{\"@id\":\"https:\/\/salmosbiblicos.com.br\/#\/schema\/person\/760735259ba35f1e44e89c71c72d79da\"},\"breadcrumb\":{\"@id\":\"http:\/\/salmosbiblicos.com.br\/index.php\/2025\/05\/04\/quarta-feira-de-cinzas-o-inicio-de-uma-jornada-espiritual-de-renovacao-e-reflexao\/#breadcrumb\"},\"inLanguage\":\"pt-BR\",\"potentialAction\":[{\"@type\":\"ReadAction\",\"target\":[\"http:\/\/salmosbiblicos.com.br\/index.php\/2025\/05\/04\/quarta-feira-de-cinzas-o-inicio-de-uma-jornada-espiritual-de-renovacao-e-reflexao\/\"]}]},{\"@type\":\"BreadcrumbList\",\"@id\":\"http:\/\/salmosbiblicos.com.br\/index.php\/2025\/05\/04\/quarta-feira-de-cinzas-o-inicio-de-uma-jornada-espiritual-de-renovacao-e-reflexao\/#breadcrumb\",\"itemListElement\":[{\"@type\":\"ListItem\",\"position\":1,\"name\":\"Home\",\"item\":\"https:\/\/salmosbiblicos.com.br\/\"},{\"@type\":\"ListItem\",\"position\":2,\"name\":\"Quarta-feira de Cinzas: O in\u00edcio de uma jornada espiritual de renova\u00e7\u00e3o e reflex\u00e3o\"}]},{\"@type\":\"WebSite\",\"@id\":\"https:\/\/salmosbiblicos.com.br\/#website\",\"url\":\"https:\/\/salmosbiblicos.com.br\/\",\"name\":\"Salmos B\u00edblicos\",\"description\":\"Uma e-Livraria com e-Books novos para voc\u00ea refletir.\",\"potentialAction\":[{\"@type\":\"SearchAction\",\"target\":{\"@type\":\"EntryPoint\",\"urlTemplate\":\"https:\/\/salmosbiblicos.com.br\/?s={search_term_string}\"},\"query-input\":{\"@type\":\"PropertyValueSpecification\",\"valueRequired\":true,\"valueName\":\"search_term_string\"}}],\"inLanguage\":\"pt-BR\"},{\"@type\":\"Person\",\"@id\":\"https:\/\/salmosbiblicos.com.br\/#\/schema\/person\/760735259ba35f1e44e89c71c72d79da\",\"name\":\"Irmao\",\"image\":{\"@type\":\"ImageObject\",\"inLanguage\":\"pt-BR\",\"@id\":\"https:\/\/secure.gravatar.com\/avatar\/?s=96&d=mm&r=g\",\"url\":\"https:\/\/secure.gravatar.com\/avatar\/?s=96&d=mm&r=g\",\"contentUrl\":\"https:\/\/secure.gravatar.com\/avatar\/?s=96&d=mm&r=g\",\"caption\":\"Irmao\"},\"url\":\"https:\/\/salmosbiblicos.com.br\/index.php\/author\/irmao\/\"}]}<\/script>\n<!-- \/ Yoast SEO plugin. -->","yoast_head_json":{"title":"Quarta-feira de Cinzas: O in\u00edcio de uma jornada espiritual de renova\u00e7\u00e3o e reflex\u00e3o - Salmos B\u00edblicos","robots":{"index":"index","follow":"follow","max-snippet":"max-snippet:-1","max-image-preview":"max-image-preview:large","max-video-preview":"max-video-preview:-1"},"canonical":"http:\/\/salmosbiblicos.com.br\/index.php\/2025\/05\/04\/quarta-feira-de-cinzas-o-inicio-de-uma-jornada-espiritual-de-renovacao-e-reflexao\/","og_locale":"pt_BR","og_type":"article","og_title":"Quarta-feira de Cinzas: O in\u00edcio de uma jornada espiritual de renova\u00e7\u00e3o e reflex\u00e3o - Salmos B\u00edblicos","og_description":"A Quarta-feira de Cinzas \u00e9 uma data muito significativa para os cat\u00f3licos, pois marca o in\u00edcio da Quaresma, um per\u00edodo de reflex\u00e3o, penit\u00eancia e prepara\u00e7\u00e3o para a P\u00e1scoa. Esta data \u00e9 celebrada sempre 46 dias antes da P\u00e1scoa, sendo o primeiro dia ap\u00f3s o Carnaval. A origem da Quarta-feira de Cinzas remonta aos primeiros s\u00e9culos [&hellip;]","og_url":"http:\/\/salmosbiblicos.com.br\/index.php\/2025\/05\/04\/quarta-feira-de-cinzas-o-inicio-de-uma-jornada-espiritual-de-renovacao-e-reflexao\/","og_site_name":"Salmos B\u00edblicos","article_published_time":"2025-05-04T03:25:09+00:00","author":"Irmao","twitter_card":"summary_large_image","twitter_misc":{"Escrito por":"Irmao","Est. tempo de leitura":"2 minutos"},"schema":{"@context":"https:\/\/schema.org","@graph":[{"@type":"Article","@id":"http:\/\/salmosbiblicos.com.br\/index.php\/2025\/05\/04\/quarta-feira-de-cinzas-o-inicio-de-uma-jornada-espiritual-de-renovacao-e-reflexao\/#article","isPartOf":{"@id":"http:\/\/salmosbiblicos.com.br\/index.php\/2025\/05\/04\/quarta-feira-de-cinzas-o-inicio-de-uma-jornada-espiritual-de-renovacao-e-reflexao\/"},"author":{"name":"Irmao","@id":"https:\/\/salmosbiblicos.com.br\/#\/schema\/person\/760735259ba35f1e44e89c71c72d79da"},"headline":"Quarta-feira de Cinzas: O in\u00edcio de uma jornada espiritual de renova\u00e7\u00e3o e reflex\u00e3o","datePublished":"2025-05-04T03:25:09+00:00","mainEntityOfPage":{"@id":"http:\/\/salmosbiblicos.com.br\/index.php\/2025\/05\/04\/quarta-feira-de-cinzas-o-inicio-de-uma-jornada-espiritual-de-renovacao-e-reflexao\/"},"wordCount":408,"articleSection":["Data Religiosa"],"inLanguage":"pt-BR"},{"@type":"WebPage","@id":"http:\/\/salmosbiblicos.com.br\/index.php\/2025\/05\/04\/quarta-feira-de-cinzas-o-inicio-de-uma-jornada-espiritual-de-renovacao-e-reflexao\/","url":"http:\/\/salmosbiblicos.com.br\/index.php\/2025\/05\/04\/quarta-feira-de-cinzas-o-inicio-de-uma-jornada-espiritual-de-renovacao-e-reflexao\/","name":"Quarta-feira de Cinzas: O in\u00edcio de uma jornada espiritual de renova\u00e7\u00e3o e reflex\u00e3o - Salmos B\u00edblicos","isPartOf":{"@id":"https:\/\/salmosbiblicos.com.br\/#website"},"datePublished":"2025-05-04T03:25:09+00:00","author":{"@id":"https:\/\/salmosbiblicos.com.br\/#\/schema\/person\/760735259ba35f1e44e89c71c72d79da"},"breadcrumb":{"@id":"http:\/\/salmosbiblicos.com.br\/index.php\/2025\/05\/04\/quarta-feira-de-cinzas-o-inicio-de-uma-jornada-espiritual-de-renovacao-e-reflexao\/#breadcrumb"},"inLanguage":"pt-BR","potentialAction":[{"@type":"ReadAction","target":["http:\/\/salmosbiblicos.com.br\/index.php\/2025\/05\/04\/quarta-feira-de-cinzas-o-inicio-de-uma-jornada-espiritual-de-renovacao-e-reflexao\/"]}]},{"@type":"BreadcrumbList","@id":"http:\/\/salmosbiblicos.com.br\/index.php\/2025\/05\/04\/quarta-feira-de-cinzas-o-inicio-de-uma-jornada-espiritual-de-renovacao-e-reflexao\/#breadcrumb","itemListElement":[{"@type":"ListItem","position":1,"name":"Home","item":"https:\/\/salmosbiblicos.com.br\/"},{"@type":"ListItem","position":2,"name":"Quarta-feira de Cinzas: O in\u00edcio de uma jornada espiritual de renova\u00e7\u00e3o e reflex\u00e3o"}]},{"@type":"WebSite","@id":"https:\/\/salmosbiblicos.com.br\/#website","url":"https:\/\/salmosbiblicos.com.br\/","name":"Salmos B\u00edblicos","description":"Uma e-Livraria com e-Books novos para voc\u00ea refletir.","potentialAction":[{"@type":"SearchAction","target":{"@type":"EntryPoint","urlTemplate":"https:\/\/salmosbiblicos.com.br\/?s={search_term_string}"},"query-input":{"@type":"PropertyValueSpecification","valueRequired":true,"valueName":"search_term_string"}}],"inLanguage":"pt-BR"},{"@type":"Person","@id":"https:\/\/salmosbiblicos.com.br\/#\/schema\/person\/760735259ba35f1e44e89c71c72d79da","name":"Irmao","image":{"@type":"ImageObject","inLanguage":"pt-BR","@id":"https:\/\/secure.gravatar.com\/avatar\/?s=96&d=mm&r=g","url":"https:\/\/secure.gravatar.com\/avatar\/?s=96&d=mm&r=g","contentUrl":"https:\/\/secure.gravatar.com\/avatar\/?s=96&d=mm&r=g","caption":"Irmao"},"url":"https:\/\/salmosbiblicos.com.br\/index.php\/author\/irmao\/"}]}},"_links":{"self":[{"href":"https:\/\/salmosbiblicos.com.br\/index.php\/wp-json\/wp\/v2\/posts\/4731","targetHints":{"allow":["GET"]}}],"collection":[{"href":"https:\/\/salmosbiblicos.com.br\/index.php\/wp-json\/wp\/v2\/posts"}],"about":[{"href":"https:\/\/salmosbiblicos.com.br\/index.php\/wp-json\/wp\/v2\/types\/post"}],"author":[{"embeddable":true,"href":"https:\/\/salmosbiblicos.com.br\/index.php\/wp-json\/wp\/v2\/users\/2"}],"replies":[{"embeddable":true,"href":"https:\/\/salmosbiblicos.com.br\/index.php\/wp-json\/wp\/v2\/comments?post=4731"}],"version-history":[{"count":0,"href":"https:\/\/salmosbiblicos.com.br\/index.php\/wp-json\/wp\/v2\/posts\/4731\/revisions"}],"wp:attachment":[{"href":"https:\/\/salmosbiblicos.com.br\/index.php\/wp-json\/wp\/v2\/media?parent=4731"}],"wp:term":[{"taxonomy":"category","embeddable":true,"href":"https:\/\/salmosbiblicos.com.br\/index.php\/wp-json\/wp\/v2\/categories?post=4731"},{"taxonomy":"post_tag","embeddable":true,"href":"https:\/\/salmosbiblicos.com.br\/index.php\/wp-json\/wp\/v2\/tags?post=4731"}],"curies":[{"name":"wp","href":"https:\/\/api.w.org\/{rel}","templated":true}]}}