{"id":4733,"date":"2025-05-04T00:25:16","date_gmt":"2025-05-04T03:25:16","guid":{"rendered":"https:\/\/salmosbiblicos.com.br\/?p=4733"},"modified":"2025-05-04T00:25:16","modified_gmt":"2025-05-04T03:25:16","slug":"sexta-feira-santa-reflexoes-sobre-o-sacrificio-de-jesus-e-a-redencao-da-humanidade","status":"publish","type":"post","link":"https:\/\/salmosbiblicos.com.br\/index.php\/2025\/05\/04\/sexta-feira-santa-reflexoes-sobre-o-sacrificio-de-jesus-e-a-redencao-da-humanidade\/","title":{"rendered":"**Sexta-feira Santa: Reflex\u00f5es sobre o sacrif\u00edcio de Jesus e a reden\u00e7\u00e3o da humanidade**"},"content":{"rendered":"<p>Uma data que \u00e9 de extrema import\u00e2ncia para os cat\u00f3licos \u00e9 a Sexta-feira Santa, que marca a crucifica\u00e7\u00e3o e morte de Jesus Cristo. Este dia \u00e9 celebrado na sexta-feira que antecede o Domingo de P\u00e1scoa, uma das festividades mais significativas para os crist\u00e3os em todo o mundo.<\/p>\n<p>A origem da Sexta-feira Santa remonta aos relatos b\u00edblicos do Novo Testamento, que descrevem como Jesus foi tra\u00eddo por Judas Iscariotes, preso pelas autoridades religiosas judaicas e romanas, julgado injustamente, condenado \u00e0 morte por crucifica\u00e7\u00e3o e finalmente crucificado. Para os cat\u00f3licos, esse \u00e9 um momento de profunda reflex\u00e3o sobre o sacrif\u00edcio de Jesus em prol da humanidade e sobre o significado da reden\u00e7\u00e3o atrav\u00e9s de sua morte.<\/p>\n<p>O simbolismo da Sexta-feira Santa \u00e9 marcado pela dor, sofrimento e sacrif\u00edcio de Jesus, que se entregou por amor a n\u00f3s. \u00c9 um dia de penit\u00eancia e devo\u00e7\u00e3o, no qual os fi\u00e9is s\u00e3o convidados a meditar sobre o significado da morte de Cristo e a renovar sua f\u00e9 na ressurrei\u00e7\u00e3o que ser\u00e1 celebrada no Domingo de P\u00e1scoa.<\/p>\n<p>Neste momento t\u00e3o especial, \u00e9 importante lembrar que a Sexta-feira Santa n\u00e3o \u00e9 apenas um feriado religioso, mas tamb\u00e9m uma oportunidade de nos conectarmos mais profundamente com a nossa espiritualidade e com o verdadeiro significado da f\u00e9 crist\u00e3. Podemos aproveitar este dia para participar das liturgias e celebra\u00e7\u00f5es da Paix\u00e3o de Cristo, para fazer ora\u00e7\u00f5es de agradecimento e arrependimento, e para refletir sobre como podemos seguir o exemplo de amor e sacrif\u00edcio de Jesus em nossas vidas.<\/p>\n<p>Como sugest\u00e3o de reflex\u00e3o para este dia, convido voc\u00ea a se perguntar: de que forma posso viver de maneira mais plena o amor e a compaix\u00e3o que Jesus nos ensinou atrav\u00e9s de sua morte na cruz? Como posso me tornar um instrumento de paz e reconcilia\u00e7\u00e3o no mundo, seguindo os passos do Filho de Deus que deu sua vida por n\u00f3s?<\/p>\n<p>Que a celebra\u00e7\u00e3o da Sexta-feira Santa seja para todos n\u00f3s um momento de renova\u00e7\u00e3o espiritual, de perd\u00e3o e de esperan\u00e7a, lembrando-nos sempre do grande amor de Deus manifestado em Jesus Cristo. Que possamos viver cada dia com gratid\u00e3o e humildade, sabendo que fomos redimidos pelo sacrif\u00edcio de Cristo na cruz. Am\u00e9m.<\/p>\n","protected":false},"excerpt":{"rendered":"<p>Uma data que \u00e9 de extrema import\u00e2ncia para os cat\u00f3licos \u00e9 a Sexta-feira Santa, que marca a crucifica\u00e7\u00e3o e morte de Jesus Cristo. Este dia \u00e9 celebrado na sexta-feira que antecede o Domingo de P\u00e1scoa, uma das festividades mais significativas para os crist\u00e3os em todo o mundo. A origem da Sexta-feira Santa remonta aos relatos [&hellip;]<\/p>\n","protected":false},"author":2,"featured_media":0,"comment_status":"closed","ping_status":"open","sticky":false,"template":"","format":"standard","meta":{"footnotes":""},"categories":[9],"tags":[],"class_list":["post-4733","post","type-post","status-publish","format-standard","hentry","category-data-religiosa"],"yoast_head":"<!-- This site is optimized with the Yoast SEO plugin v27.2 - https:\/\/yoast.com\/product\/yoast-seo-wordpress\/ -->\n<title>**Sexta-feira Santa: Reflex\u00f5es sobre o sacrif\u00edcio de Jesus e a reden\u00e7\u00e3o da humanidade** - Salmos B\u00edblicos<\/title>\n<meta name=\"robots\" content=\"index, follow, max-snippet:-1, max-image-preview:large, max-video-preview:-1\" \/>\n<link rel=\"canonical\" href=\"https:\/\/salmosbiblicos.com.br\/index.php\/2025\/05\/04\/sexta-feira-santa-reflexoes-sobre-o-sacrificio-de-jesus-e-a-redencao-da-humanidade\/\" \/>\n<meta property=\"og:locale\" content=\"pt_BR\" \/>\n<meta property=\"og:type\" content=\"article\" \/>\n<meta property=\"og:title\" content=\"**Sexta-feira Santa: Reflex\u00f5es sobre o sacrif\u00edcio de Jesus e a reden\u00e7\u00e3o da humanidade** - Salmos B\u00edblicos\" \/>\n<meta property=\"og:description\" content=\"Uma data que \u00e9 de extrema import\u00e2ncia para os cat\u00f3licos \u00e9 a Sexta-feira Santa, que marca a crucifica\u00e7\u00e3o e morte de Jesus Cristo. Este dia \u00e9 celebrado na sexta-feira que antecede o Domingo de P\u00e1scoa, uma das festividades mais significativas para os crist\u00e3os em todo o mundo. A origem da Sexta-feira Santa remonta aos relatos [&hellip;]\" \/>\n<meta property=\"og:url\" content=\"https:\/\/salmosbiblicos.com.br\/index.php\/2025\/05\/04\/sexta-feira-santa-reflexoes-sobre-o-sacrificio-de-jesus-e-a-redencao-da-humanidade\/\" \/>\n<meta property=\"og:site_name\" content=\"Salmos B\u00edblicos\" \/>\n<meta property=\"article:published_time\" content=\"2025-05-04T03:25:16+00:00\" \/>\n<meta name=\"author\" content=\"Irmao\" \/>\n<meta name=\"twitter:card\" content=\"summary_large_image\" \/>\n<meta name=\"twitter:label1\" content=\"Escrito por\" \/>\n\t<meta name=\"twitter:data1\" content=\"Irmao\" \/>\n\t<meta name=\"twitter:label2\" content=\"Est. tempo de leitura\" \/>\n\t<meta name=\"twitter:data2\" content=\"2 minutos\" \/>\n<script type=\"application\/ld+json\" class=\"yoast-schema-graph\">{\"@context\":\"https:\/\/schema.org\",\"@graph\":[{\"@type\":\"Article\",\"@id\":\"https:\/\/salmosbiblicos.com.br\/index.php\/2025\/05\/04\/sexta-feira-santa-reflexoes-sobre-o-sacrificio-de-jesus-e-a-redencao-da-humanidade\/#article\",\"isPartOf\":{\"@id\":\"https:\/\/salmosbiblicos.com.br\/index.php\/2025\/05\/04\/sexta-feira-santa-reflexoes-sobre-o-sacrificio-de-jesus-e-a-redencao-da-humanidade\/\"},\"author\":{\"name\":\"Irmao\",\"@id\":\"https:\/\/salmosbiblicos.com.br\/#\/schema\/person\/760735259ba35f1e44e89c71c72d79da\"},\"headline\":\"**Sexta-feira Santa: Reflex\u00f5es sobre o sacrif\u00edcio de Jesus e a reden\u00e7\u00e3o da humanidade**\",\"datePublished\":\"2025-05-04T03:25:16+00:00\",\"mainEntityOfPage\":{\"@id\":\"https:\/\/salmosbiblicos.com.br\/index.php\/2025\/05\/04\/sexta-feira-santa-reflexoes-sobre-o-sacrificio-de-jesus-e-a-redencao-da-humanidade\/\"},\"wordCount\":409,\"articleSection\":[\"Data Religiosa\"],\"inLanguage\":\"pt-BR\"},{\"@type\":\"WebPage\",\"@id\":\"https:\/\/salmosbiblicos.com.br\/index.php\/2025\/05\/04\/sexta-feira-santa-reflexoes-sobre-o-sacrificio-de-jesus-e-a-redencao-da-humanidade\/\",\"url\":\"https:\/\/salmosbiblicos.com.br\/index.php\/2025\/05\/04\/sexta-feira-santa-reflexoes-sobre-o-sacrificio-de-jesus-e-a-redencao-da-humanidade\/\",\"name\":\"**Sexta-feira Santa: Reflex\u00f5es sobre o sacrif\u00edcio de Jesus e a reden\u00e7\u00e3o da humanidade** - Salmos B\u00edblicos\",\"isPartOf\":{\"@id\":\"https:\/\/salmosbiblicos.com.br\/#website\"},\"datePublished\":\"2025-05-04T03:25:16+00:00\",\"author\":{\"@id\":\"https:\/\/salmosbiblicos.com.br\/#\/schema\/person\/760735259ba35f1e44e89c71c72d79da\"},\"breadcrumb\":{\"@id\":\"https:\/\/salmosbiblicos.com.br\/index.php\/2025\/05\/04\/sexta-feira-santa-reflexoes-sobre-o-sacrificio-de-jesus-e-a-redencao-da-humanidade\/#breadcrumb\"},\"inLanguage\":\"pt-BR\",\"potentialAction\":[{\"@type\":\"ReadAction\",\"target\":[\"https:\/\/salmosbiblicos.com.br\/index.php\/2025\/05\/04\/sexta-feira-santa-reflexoes-sobre-o-sacrificio-de-jesus-e-a-redencao-da-humanidade\/\"]}]},{\"@type\":\"BreadcrumbList\",\"@id\":\"https:\/\/salmosbiblicos.com.br\/index.php\/2025\/05\/04\/sexta-feira-santa-reflexoes-sobre-o-sacrificio-de-jesus-e-a-redencao-da-humanidade\/#breadcrumb\",\"itemListElement\":[{\"@type\":\"ListItem\",\"position\":1,\"name\":\"Home\",\"item\":\"https:\/\/salmosbiblicos.com.br\/\"},{\"@type\":\"ListItem\",\"position\":2,\"name\":\"**Sexta-feira Santa: Reflex\u00f5es sobre o sacrif\u00edcio de Jesus e a reden\u00e7\u00e3o da humanidade**\"}]},{\"@type\":\"WebSite\",\"@id\":\"https:\/\/salmosbiblicos.com.br\/#website\",\"url\":\"https:\/\/salmosbiblicos.com.br\/\",\"name\":\"Salmos B\u00edblicos\",\"description\":\"Uma e-Livraria com e-Books novos para voc\u00ea refletir.\",\"potentialAction\":[{\"@type\":\"SearchAction\",\"target\":{\"@type\":\"EntryPoint\",\"urlTemplate\":\"https:\/\/salmosbiblicos.com.br\/?s={search_term_string}\"},\"query-input\":{\"@type\":\"PropertyValueSpecification\",\"valueRequired\":true,\"valueName\":\"search_term_string\"}}],\"inLanguage\":\"pt-BR\"},{\"@type\":\"Person\",\"@id\":\"https:\/\/salmosbiblicos.com.br\/#\/schema\/person\/760735259ba35f1e44e89c71c72d79da\",\"name\":\"Irmao\",\"image\":{\"@type\":\"ImageObject\",\"inLanguage\":\"pt-BR\",\"@id\":\"https:\/\/secure.gravatar.com\/avatar\/?s=96&d=mm&r=g\",\"url\":\"https:\/\/secure.gravatar.com\/avatar\/?s=96&d=mm&r=g\",\"contentUrl\":\"https:\/\/secure.gravatar.com\/avatar\/?s=96&d=mm&r=g\",\"caption\":\"Irmao\"},\"url\":\"https:\/\/salmosbiblicos.com.br\/index.php\/author\/irmao\/\"}]}<\/script>\n<!-- \/ Yoast SEO plugin. -->","yoast_head_json":{"title":"**Sexta-feira Santa: Reflex\u00f5es sobre o sacrif\u00edcio de Jesus e a reden\u00e7\u00e3o da humanidade** - Salmos B\u00edblicos","robots":{"index":"index","follow":"follow","max-snippet":"max-snippet:-1","max-image-preview":"max-image-preview:large","max-video-preview":"max-video-preview:-1"},"canonical":"https:\/\/salmosbiblicos.com.br\/index.php\/2025\/05\/04\/sexta-feira-santa-reflexoes-sobre-o-sacrificio-de-jesus-e-a-redencao-da-humanidade\/","og_locale":"pt_BR","og_type":"article","og_title":"**Sexta-feira Santa: Reflex\u00f5es sobre o sacrif\u00edcio de Jesus e a reden\u00e7\u00e3o da humanidade** - Salmos B\u00edblicos","og_description":"Uma data que \u00e9 de extrema import\u00e2ncia para os cat\u00f3licos \u00e9 a Sexta-feira Santa, que marca a crucifica\u00e7\u00e3o e morte de Jesus Cristo. Este dia \u00e9 celebrado na sexta-feira que antecede o Domingo de P\u00e1scoa, uma das festividades mais significativas para os crist\u00e3os em todo o mundo. A origem da Sexta-feira Santa remonta aos relatos [&hellip;]","og_url":"https:\/\/salmosbiblicos.com.br\/index.php\/2025\/05\/04\/sexta-feira-santa-reflexoes-sobre-o-sacrificio-de-jesus-e-a-redencao-da-humanidade\/","og_site_name":"Salmos B\u00edblicos","article_published_time":"2025-05-04T03:25:16+00:00","author":"Irmao","twitter_card":"summary_large_image","twitter_misc":{"Escrito por":"Irmao","Est. tempo de leitura":"2 minutos"},"schema":{"@context":"https:\/\/schema.org","@graph":[{"@type":"Article","@id":"https:\/\/salmosbiblicos.com.br\/index.php\/2025\/05\/04\/sexta-feira-santa-reflexoes-sobre-o-sacrificio-de-jesus-e-a-redencao-da-humanidade\/#article","isPartOf":{"@id":"https:\/\/salmosbiblicos.com.br\/index.php\/2025\/05\/04\/sexta-feira-santa-reflexoes-sobre-o-sacrificio-de-jesus-e-a-redencao-da-humanidade\/"},"author":{"name":"Irmao","@id":"https:\/\/salmosbiblicos.com.br\/#\/schema\/person\/760735259ba35f1e44e89c71c72d79da"},"headline":"**Sexta-feira Santa: Reflex\u00f5es sobre o sacrif\u00edcio de Jesus e a reden\u00e7\u00e3o da humanidade**","datePublished":"2025-05-04T03:25:16+00:00","mainEntityOfPage":{"@id":"https:\/\/salmosbiblicos.com.br\/index.php\/2025\/05\/04\/sexta-feira-santa-reflexoes-sobre-o-sacrificio-de-jesus-e-a-redencao-da-humanidade\/"},"wordCount":409,"articleSection":["Data Religiosa"],"inLanguage":"pt-BR"},{"@type":"WebPage","@id":"https:\/\/salmosbiblicos.com.br\/index.php\/2025\/05\/04\/sexta-feira-santa-reflexoes-sobre-o-sacrificio-de-jesus-e-a-redencao-da-humanidade\/","url":"https:\/\/salmosbiblicos.com.br\/index.php\/2025\/05\/04\/sexta-feira-santa-reflexoes-sobre-o-sacrificio-de-jesus-e-a-redencao-da-humanidade\/","name":"**Sexta-feira Santa: Reflex\u00f5es sobre o sacrif\u00edcio de Jesus e a reden\u00e7\u00e3o da humanidade** - Salmos B\u00edblicos","isPartOf":{"@id":"https:\/\/salmosbiblicos.com.br\/#website"},"datePublished":"2025-05-04T03:25:16+00:00","author":{"@id":"https:\/\/salmosbiblicos.com.br\/#\/schema\/person\/760735259ba35f1e44e89c71c72d79da"},"breadcrumb":{"@id":"https:\/\/salmosbiblicos.com.br\/index.php\/2025\/05\/04\/sexta-feira-santa-reflexoes-sobre-o-sacrificio-de-jesus-e-a-redencao-da-humanidade\/#breadcrumb"},"inLanguage":"pt-BR","potentialAction":[{"@type":"ReadAction","target":["https:\/\/salmosbiblicos.com.br\/index.php\/2025\/05\/04\/sexta-feira-santa-reflexoes-sobre-o-sacrificio-de-jesus-e-a-redencao-da-humanidade\/"]}]},{"@type":"BreadcrumbList","@id":"https:\/\/salmosbiblicos.com.br\/index.php\/2025\/05\/04\/sexta-feira-santa-reflexoes-sobre-o-sacrificio-de-jesus-e-a-redencao-da-humanidade\/#breadcrumb","itemListElement":[{"@type":"ListItem","position":1,"name":"Home","item":"https:\/\/salmosbiblicos.com.br\/"},{"@type":"ListItem","position":2,"name":"**Sexta-feira Santa: Reflex\u00f5es sobre o sacrif\u00edcio de Jesus e a reden\u00e7\u00e3o da humanidade**"}]},{"@type":"WebSite","@id":"https:\/\/salmosbiblicos.com.br\/#website","url":"https:\/\/salmosbiblicos.com.br\/","name":"Salmos B\u00edblicos","description":"Uma e-Livraria com e-Books novos para voc\u00ea refletir.","potentialAction":[{"@type":"SearchAction","target":{"@type":"EntryPoint","urlTemplate":"https:\/\/salmosbiblicos.com.br\/?s={search_term_string}"},"query-input":{"@type":"PropertyValueSpecification","valueRequired":true,"valueName":"search_term_string"}}],"inLanguage":"pt-BR"},{"@type":"Person","@id":"https:\/\/salmosbiblicos.com.br\/#\/schema\/person\/760735259ba35f1e44e89c71c72d79da","name":"Irmao","image":{"@type":"ImageObject","inLanguage":"pt-BR","@id":"https:\/\/secure.gravatar.com\/avatar\/?s=96&d=mm&r=g","url":"https:\/\/secure.gravatar.com\/avatar\/?s=96&d=mm&r=g","contentUrl":"https:\/\/secure.gravatar.com\/avatar\/?s=96&d=mm&r=g","caption":"Irmao"},"url":"https:\/\/salmosbiblicos.com.br\/index.php\/author\/irmao\/"}]}},"_links":{"self":[{"href":"https:\/\/salmosbiblicos.com.br\/index.php\/wp-json\/wp\/v2\/posts\/4733","targetHints":{"allow":["GET"]}}],"collection":[{"href":"https:\/\/salmosbiblicos.com.br\/index.php\/wp-json\/wp\/v2\/posts"}],"about":[{"href":"https:\/\/salmosbiblicos.com.br\/index.php\/wp-json\/wp\/v2\/types\/post"}],"author":[{"embeddable":true,"href":"https:\/\/salmosbiblicos.com.br\/index.php\/wp-json\/wp\/v2\/users\/2"}],"replies":[{"embeddable":true,"href":"https:\/\/salmosbiblicos.com.br\/index.php\/wp-json\/wp\/v2\/comments?post=4733"}],"version-history":[{"count":0,"href":"https:\/\/salmosbiblicos.com.br\/index.php\/wp-json\/wp\/v2\/posts\/4733\/revisions"}],"wp:attachment":[{"href":"https:\/\/salmosbiblicos.com.br\/index.php\/wp-json\/wp\/v2\/media?parent=4733"}],"wp:term":[{"taxonomy":"category","embeddable":true,"href":"https:\/\/salmosbiblicos.com.br\/index.php\/wp-json\/wp\/v2\/categories?post=4733"},{"taxonomy":"post_tag","embeddable":true,"href":"https:\/\/salmosbiblicos.com.br\/index.php\/wp-json\/wp\/v2\/tags?post=4733"}],"curies":[{"name":"wp","href":"https:\/\/api.w.org\/{rel}","templated":true}]}}