{"id":4789,"date":"2025-05-04T13:15:36","date_gmt":"2025-05-04T16:15:36","guid":{"rendered":"https:\/\/salmosbiblicos.com.br\/?p=4789"},"modified":"2025-05-04T13:15:36","modified_gmt":"2025-05-04T16:15:36","slug":"a-presenca-viva-de-jesus-reflexoes-sobre-a-solenidade-de-corpus-christi","status":"publish","type":"post","link":"https:\/\/salmosbiblicos.com.br\/index.php\/2025\/05\/04\/a-presenca-viva-de-jesus-reflexoes-sobre-a-solenidade-de-corpus-christi\/","title":{"rendered":"A Presen\u00e7a Viva de Jesus: Reflex\u00f5es sobre a Solenidade de Corpus Christi"},"content":{"rendered":"<p>Uma data muito significativa para os cat\u00f3licos \u00e9 a Solenidade de Corpus Christi, celebrada sempre na quinta-feira seguinte ao domingo da Sant\u00edssima Trindade, em mem\u00f3ria da institui\u00e7\u00e3o da Eucaristia por Jesus Cristo durante a \u00daltima Ceia. Esta festa \u00e9 uma oportunidade para refletirmos sobre a presen\u00e7a real de Jesus na Sagrada Eucaristia e renovarmos nossa f\u00e9 naquele que se faz presente de forma t\u00e3o \u00edntima e profunda em nossas vidas.<\/p>\n<p>A origem da Solenidade de Corpus Christi remonta ao s\u00e9culo XIII, quando a freira belga Juliana de Cornillon teve vis\u00f5es de Jesus pedindo a institui\u00e7\u00e3o de uma festa em honra ao Sant\u00edssimo Sacramento do Altar. O Papa Urbano IV, ao ouvir sobre estas vis\u00f5es, instituiu a festa para toda a Igreja em 1264, atrav\u00e9s da bula &#8216;Transiturus de hoc mundo&#8217;. Desde ent\u00e3o, a Solenidade de Corpus Christi \u00e9 celebrada com grande devo\u00e7\u00e3o e alegria em todo o mundo cat\u00f3lico.<\/p>\n<p>O simbolismo desta data est\u00e1 intrinsecamente ligado \u00e0 presen\u00e7a real de Jesus na Eucaristia. Ao celebrarmos Corpus Christi, reafirmamos nossa cren\u00e7a na transubstancia\u00e7\u00e3o do p\u00e3o e do vinho no Corpo e Sangue de Cristo durante a Santa Missa. \u00c9 um momento de profunda adora\u00e7\u00e3o e gratid\u00e3o pela presen\u00e7a viva do Senhor entre n\u00f3s, alimentando-nos espiritualmente e renovando nossa comunh\u00e3o com Ele.<\/p>\n<p>Neste momento t\u00e3o desafiador que vivemos, em meio a tantas incertezas e medos, a Solenidade de Corpus Christi nos convida a renovar nossa f\u00e9 na presen\u00e7a real de Jesus na Eucaristia. Diante de tantas dificuldades, \u00e9 na Eucaristia que encontramos for\u00e7a, consolo e esperan\u00e7a para seguirmos em frente, confiando no amor e na miseric\u00f3rdia de Deus. Que possamos, neste dia, nos unir em ora\u00e7\u00e3o e adora\u00e7\u00e3o ao Sant\u00edssimo Sacramento, reconhecendo a presen\u00e7a de Jesus em nosso meio e permitindo que Ele transforme nossas vidas.<\/p>\n<p>Como sugest\u00e3o de reflex\u00e3o, convido voc\u00ea a reservar um momento de adora\u00e7\u00e3o ao Sant\u00edssimo Sacramento, seja na igreja, em casa ou em um lugar tranquilo. Medite sobre a presen\u00e7a real de Jesus na Eucaristia e permita que Ele fale ao seu cora\u00e7\u00e3o, renovando sua f\u00e9 e fortalecendo sua esperan\u00e7a. Que a Solenidade de Corpus Christi seja para voc\u00ea um momento de encontro pessoal com o Senhor, que se faz presente de forma t\u00e3o sublime e amorosa em nosso meio. Que a Eucaristia seja fonte de vida e de gra\u00e7a em sua jornada espiritual. Am\u00e9m.<\/p>\n","protected":false},"excerpt":{"rendered":"<p>Uma data muito significativa para os cat\u00f3licos \u00e9 a Solenidade de Corpus Christi, celebrada sempre na quinta-feira seguinte ao domingo da Sant\u00edssima Trindade, em mem\u00f3ria da institui\u00e7\u00e3o da Eucaristia por Jesus Cristo durante a \u00daltima Ceia. Esta festa \u00e9 uma oportunidade para refletirmos sobre a presen\u00e7a real de Jesus na Sagrada Eucaristia e renovarmos nossa [&hellip;]<\/p>\n","protected":false},"author":2,"featured_media":0,"comment_status":"closed","ping_status":"open","sticky":false,"template":"","format":"standard","meta":{"footnotes":""},"categories":[9],"tags":[],"class_list":["post-4789","post","type-post","status-publish","format-standard","hentry","category-data-religiosa"],"yoast_head":"<!-- This site is optimized with the Yoast SEO plugin v27.2 - https:\/\/yoast.com\/product\/yoast-seo-wordpress\/ -->\n<title>A Presen\u00e7a Viva de Jesus: Reflex\u00f5es sobre a Solenidade de Corpus Christi - Salmos B\u00edblicos<\/title>\n<meta name=\"robots\" content=\"index, follow, max-snippet:-1, max-image-preview:large, max-video-preview:-1\" \/>\n<link rel=\"canonical\" href=\"https:\/\/salmosbiblicos.com.br\/index.php\/2025\/05\/04\/a-presenca-viva-de-jesus-reflexoes-sobre-a-solenidade-de-corpus-christi\/\" \/>\n<meta property=\"og:locale\" content=\"pt_BR\" \/>\n<meta property=\"og:type\" content=\"article\" \/>\n<meta property=\"og:title\" content=\"A Presen\u00e7a Viva de Jesus: Reflex\u00f5es sobre a Solenidade de Corpus Christi - Salmos B\u00edblicos\" \/>\n<meta property=\"og:description\" content=\"Uma data muito significativa para os cat\u00f3licos \u00e9 a Solenidade de Corpus Christi, celebrada sempre na quinta-feira seguinte ao domingo da Sant\u00edssima Trindade, em mem\u00f3ria da institui\u00e7\u00e3o da Eucaristia por Jesus Cristo durante a \u00daltima Ceia. Esta festa \u00e9 uma oportunidade para refletirmos sobre a presen\u00e7a real de Jesus na Sagrada Eucaristia e renovarmos nossa [&hellip;]\" \/>\n<meta property=\"og:url\" content=\"https:\/\/salmosbiblicos.com.br\/index.php\/2025\/05\/04\/a-presenca-viva-de-jesus-reflexoes-sobre-a-solenidade-de-corpus-christi\/\" \/>\n<meta property=\"og:site_name\" content=\"Salmos B\u00edblicos\" \/>\n<meta property=\"article:published_time\" content=\"2025-05-04T16:15:36+00:00\" \/>\n<meta name=\"author\" content=\"Irmao\" \/>\n<meta name=\"twitter:card\" content=\"summary_large_image\" \/>\n<meta name=\"twitter:label1\" content=\"Escrito por\" \/>\n\t<meta name=\"twitter:data1\" content=\"Irmao\" \/>\n\t<meta name=\"twitter:label2\" content=\"Est. tempo de leitura\" \/>\n\t<meta name=\"twitter:data2\" content=\"2 minutos\" \/>\n<script type=\"application\/ld+json\" class=\"yoast-schema-graph\">{\"@context\":\"https:\/\/schema.org\",\"@graph\":[{\"@type\":\"Article\",\"@id\":\"https:\/\/salmosbiblicos.com.br\/index.php\/2025\/05\/04\/a-presenca-viva-de-jesus-reflexoes-sobre-a-solenidade-de-corpus-christi\/#article\",\"isPartOf\":{\"@id\":\"https:\/\/salmosbiblicos.com.br\/index.php\/2025\/05\/04\/a-presenca-viva-de-jesus-reflexoes-sobre-a-solenidade-de-corpus-christi\/\"},\"author\":{\"name\":\"Irmao\",\"@id\":\"https:\/\/salmosbiblicos.com.br\/#\/schema\/person\/760735259ba35f1e44e89c71c72d79da\"},\"headline\":\"A Presen\u00e7a Viva de Jesus: Reflex\u00f5es sobre a Solenidade de Corpus Christi\",\"datePublished\":\"2025-05-04T16:15:36+00:00\",\"mainEntityOfPage\":{\"@id\":\"https:\/\/salmosbiblicos.com.br\/index.php\/2025\/05\/04\/a-presenca-viva-de-jesus-reflexoes-sobre-a-solenidade-de-corpus-christi\/\"},\"wordCount\":438,\"articleSection\":[\"Data Religiosa\"],\"inLanguage\":\"pt-BR\"},{\"@type\":\"WebPage\",\"@id\":\"https:\/\/salmosbiblicos.com.br\/index.php\/2025\/05\/04\/a-presenca-viva-de-jesus-reflexoes-sobre-a-solenidade-de-corpus-christi\/\",\"url\":\"https:\/\/salmosbiblicos.com.br\/index.php\/2025\/05\/04\/a-presenca-viva-de-jesus-reflexoes-sobre-a-solenidade-de-corpus-christi\/\",\"name\":\"A Presen\u00e7a Viva de Jesus: Reflex\u00f5es sobre a Solenidade de Corpus Christi - Salmos B\u00edblicos\",\"isPartOf\":{\"@id\":\"https:\/\/salmosbiblicos.com.br\/#website\"},\"datePublished\":\"2025-05-04T16:15:36+00:00\",\"author\":{\"@id\":\"https:\/\/salmosbiblicos.com.br\/#\/schema\/person\/760735259ba35f1e44e89c71c72d79da\"},\"breadcrumb\":{\"@id\":\"https:\/\/salmosbiblicos.com.br\/index.php\/2025\/05\/04\/a-presenca-viva-de-jesus-reflexoes-sobre-a-solenidade-de-corpus-christi\/#breadcrumb\"},\"inLanguage\":\"pt-BR\",\"potentialAction\":[{\"@type\":\"ReadAction\",\"target\":[\"https:\/\/salmosbiblicos.com.br\/index.php\/2025\/05\/04\/a-presenca-viva-de-jesus-reflexoes-sobre-a-solenidade-de-corpus-christi\/\"]}]},{\"@type\":\"BreadcrumbList\",\"@id\":\"https:\/\/salmosbiblicos.com.br\/index.php\/2025\/05\/04\/a-presenca-viva-de-jesus-reflexoes-sobre-a-solenidade-de-corpus-christi\/#breadcrumb\",\"itemListElement\":[{\"@type\":\"ListItem\",\"position\":1,\"name\":\"Home\",\"item\":\"https:\/\/salmosbiblicos.com.br\/\"},{\"@type\":\"ListItem\",\"position\":2,\"name\":\"A Presen\u00e7a Viva de Jesus: Reflex\u00f5es sobre a Solenidade de Corpus Christi\"}]},{\"@type\":\"WebSite\",\"@id\":\"https:\/\/salmosbiblicos.com.br\/#website\",\"url\":\"https:\/\/salmosbiblicos.com.br\/\",\"name\":\"Salmos B\u00edblicos\",\"description\":\"Uma e-Livraria com e-Books novos para voc\u00ea refletir.\",\"potentialAction\":[{\"@type\":\"SearchAction\",\"target\":{\"@type\":\"EntryPoint\",\"urlTemplate\":\"https:\/\/salmosbiblicos.com.br\/?s={search_term_string}\"},\"query-input\":{\"@type\":\"PropertyValueSpecification\",\"valueRequired\":true,\"valueName\":\"search_term_string\"}}],\"inLanguage\":\"pt-BR\"},{\"@type\":\"Person\",\"@id\":\"https:\/\/salmosbiblicos.com.br\/#\/schema\/person\/760735259ba35f1e44e89c71c72d79da\",\"name\":\"Irmao\",\"image\":{\"@type\":\"ImageObject\",\"inLanguage\":\"pt-BR\",\"@id\":\"https:\/\/secure.gravatar.com\/avatar\/?s=96&d=mm&r=g\",\"url\":\"https:\/\/secure.gravatar.com\/avatar\/?s=96&d=mm&r=g\",\"contentUrl\":\"https:\/\/secure.gravatar.com\/avatar\/?s=96&d=mm&r=g\",\"caption\":\"Irmao\"},\"url\":\"https:\/\/salmosbiblicos.com.br\/index.php\/author\/irmao\/\"}]}<\/script>\n<!-- \/ Yoast SEO plugin. -->","yoast_head_json":{"title":"A Presen\u00e7a Viva de Jesus: Reflex\u00f5es sobre a Solenidade de Corpus Christi - Salmos B\u00edblicos","robots":{"index":"index","follow":"follow","max-snippet":"max-snippet:-1","max-image-preview":"max-image-preview:large","max-video-preview":"max-video-preview:-1"},"canonical":"https:\/\/salmosbiblicos.com.br\/index.php\/2025\/05\/04\/a-presenca-viva-de-jesus-reflexoes-sobre-a-solenidade-de-corpus-christi\/","og_locale":"pt_BR","og_type":"article","og_title":"A Presen\u00e7a Viva de Jesus: Reflex\u00f5es sobre a Solenidade de Corpus Christi - Salmos B\u00edblicos","og_description":"Uma data muito significativa para os cat\u00f3licos \u00e9 a Solenidade de Corpus Christi, celebrada sempre na quinta-feira seguinte ao domingo da Sant\u00edssima Trindade, em mem\u00f3ria da institui\u00e7\u00e3o da Eucaristia por Jesus Cristo durante a \u00daltima Ceia. Esta festa \u00e9 uma oportunidade para refletirmos sobre a presen\u00e7a real de Jesus na Sagrada Eucaristia e renovarmos nossa [&hellip;]","og_url":"https:\/\/salmosbiblicos.com.br\/index.php\/2025\/05\/04\/a-presenca-viva-de-jesus-reflexoes-sobre-a-solenidade-de-corpus-christi\/","og_site_name":"Salmos B\u00edblicos","article_published_time":"2025-05-04T16:15:36+00:00","author":"Irmao","twitter_card":"summary_large_image","twitter_misc":{"Escrito por":"Irmao","Est. tempo de leitura":"2 minutos"},"schema":{"@context":"https:\/\/schema.org","@graph":[{"@type":"Article","@id":"https:\/\/salmosbiblicos.com.br\/index.php\/2025\/05\/04\/a-presenca-viva-de-jesus-reflexoes-sobre-a-solenidade-de-corpus-christi\/#article","isPartOf":{"@id":"https:\/\/salmosbiblicos.com.br\/index.php\/2025\/05\/04\/a-presenca-viva-de-jesus-reflexoes-sobre-a-solenidade-de-corpus-christi\/"},"author":{"name":"Irmao","@id":"https:\/\/salmosbiblicos.com.br\/#\/schema\/person\/760735259ba35f1e44e89c71c72d79da"},"headline":"A Presen\u00e7a Viva de Jesus: Reflex\u00f5es sobre a Solenidade de Corpus Christi","datePublished":"2025-05-04T16:15:36+00:00","mainEntityOfPage":{"@id":"https:\/\/salmosbiblicos.com.br\/index.php\/2025\/05\/04\/a-presenca-viva-de-jesus-reflexoes-sobre-a-solenidade-de-corpus-christi\/"},"wordCount":438,"articleSection":["Data Religiosa"],"inLanguage":"pt-BR"},{"@type":"WebPage","@id":"https:\/\/salmosbiblicos.com.br\/index.php\/2025\/05\/04\/a-presenca-viva-de-jesus-reflexoes-sobre-a-solenidade-de-corpus-christi\/","url":"https:\/\/salmosbiblicos.com.br\/index.php\/2025\/05\/04\/a-presenca-viva-de-jesus-reflexoes-sobre-a-solenidade-de-corpus-christi\/","name":"A Presen\u00e7a Viva de Jesus: Reflex\u00f5es sobre a Solenidade de Corpus Christi - Salmos B\u00edblicos","isPartOf":{"@id":"https:\/\/salmosbiblicos.com.br\/#website"},"datePublished":"2025-05-04T16:15:36+00:00","author":{"@id":"https:\/\/salmosbiblicos.com.br\/#\/schema\/person\/760735259ba35f1e44e89c71c72d79da"},"breadcrumb":{"@id":"https:\/\/salmosbiblicos.com.br\/index.php\/2025\/05\/04\/a-presenca-viva-de-jesus-reflexoes-sobre-a-solenidade-de-corpus-christi\/#breadcrumb"},"inLanguage":"pt-BR","potentialAction":[{"@type":"ReadAction","target":["https:\/\/salmosbiblicos.com.br\/index.php\/2025\/05\/04\/a-presenca-viva-de-jesus-reflexoes-sobre-a-solenidade-de-corpus-christi\/"]}]},{"@type":"BreadcrumbList","@id":"https:\/\/salmosbiblicos.com.br\/index.php\/2025\/05\/04\/a-presenca-viva-de-jesus-reflexoes-sobre-a-solenidade-de-corpus-christi\/#breadcrumb","itemListElement":[{"@type":"ListItem","position":1,"name":"Home","item":"https:\/\/salmosbiblicos.com.br\/"},{"@type":"ListItem","position":2,"name":"A Presen\u00e7a Viva de Jesus: Reflex\u00f5es sobre a Solenidade de Corpus Christi"}]},{"@type":"WebSite","@id":"https:\/\/salmosbiblicos.com.br\/#website","url":"https:\/\/salmosbiblicos.com.br\/","name":"Salmos B\u00edblicos","description":"Uma e-Livraria com e-Books novos para voc\u00ea refletir.","potentialAction":[{"@type":"SearchAction","target":{"@type":"EntryPoint","urlTemplate":"https:\/\/salmosbiblicos.com.br\/?s={search_term_string}"},"query-input":{"@type":"PropertyValueSpecification","valueRequired":true,"valueName":"search_term_string"}}],"inLanguage":"pt-BR"},{"@type":"Person","@id":"https:\/\/salmosbiblicos.com.br\/#\/schema\/person\/760735259ba35f1e44e89c71c72d79da","name":"Irmao","image":{"@type":"ImageObject","inLanguage":"pt-BR","@id":"https:\/\/secure.gravatar.com\/avatar\/?s=96&d=mm&r=g","url":"https:\/\/secure.gravatar.com\/avatar\/?s=96&d=mm&r=g","contentUrl":"https:\/\/secure.gravatar.com\/avatar\/?s=96&d=mm&r=g","caption":"Irmao"},"url":"https:\/\/salmosbiblicos.com.br\/index.php\/author\/irmao\/"}]}},"_links":{"self":[{"href":"https:\/\/salmosbiblicos.com.br\/index.php\/wp-json\/wp\/v2\/posts\/4789","targetHints":{"allow":["GET"]}}],"collection":[{"href":"https:\/\/salmosbiblicos.com.br\/index.php\/wp-json\/wp\/v2\/posts"}],"about":[{"href":"https:\/\/salmosbiblicos.com.br\/index.php\/wp-json\/wp\/v2\/types\/post"}],"author":[{"embeddable":true,"href":"https:\/\/salmosbiblicos.com.br\/index.php\/wp-json\/wp\/v2\/users\/2"}],"replies":[{"embeddable":true,"href":"https:\/\/salmosbiblicos.com.br\/index.php\/wp-json\/wp\/v2\/comments?post=4789"}],"version-history":[{"count":0,"href":"https:\/\/salmosbiblicos.com.br\/index.php\/wp-json\/wp\/v2\/posts\/4789\/revisions"}],"wp:attachment":[{"href":"https:\/\/salmosbiblicos.com.br\/index.php\/wp-json\/wp\/v2\/media?parent=4789"}],"wp:term":[{"taxonomy":"category","embeddable":true,"href":"https:\/\/salmosbiblicos.com.br\/index.php\/wp-json\/wp\/v2\/categories?post=4789"},{"taxonomy":"post_tag","embeddable":true,"href":"https:\/\/salmosbiblicos.com.br\/index.php\/wp-json\/wp\/v2\/tags?post=4789"}],"curies":[{"name":"wp","href":"https:\/\/api.w.org\/{rel}","templated":true}]}}