{"id":4795,"date":"2025-05-04T13:15:58","date_gmt":"2025-05-04T16:15:58","guid":{"rendered":"https:\/\/salmosbiblicos.com.br\/?p=4795"},"modified":"2025-05-04T13:15:58","modified_gmt":"2025-05-04T16:15:58","slug":"renove-sua-fe-e-celebre-a-ressurreicao-de-cristo-nesta-pascoa","status":"publish","type":"post","link":"https:\/\/salmosbiblicos.com.br\/index.php\/2025\/05\/04\/renove-sua-fe-e-celebre-a-ressurreicao-de-cristo-nesta-pascoa\/","title":{"rendered":"Renove sua f\u00e9 e celebre a ressurrei\u00e7\u00e3o de Cristo nesta P\u00e1scoa!"},"content":{"rendered":"<p>A P\u00e1scoa \u00e9 uma das datas mais importantes do calend\u00e1rio religioso cat\u00f3lico. Ela celebra a ressurrei\u00e7\u00e3o de Jesus Cristo, ap\u00f3s sua crucifica\u00e7\u00e3o, e \u00e9 considerada o \u00e1pice da f\u00e9 crist\u00e3. A origem da P\u00e1scoa remonta \u00e0 tradi\u00e7\u00e3o judaica da festa da P\u00e1scoa, que celebrava a liberta\u00e7\u00e3o do povo hebreu da escravid\u00e3o no Egito. Com a vinda de Jesus, a P\u00e1scoa ganhou um novo significado, passando a simbolizar a vit\u00f3ria sobre o pecado e a morte.<\/p>\n<p>A P\u00e1scoa \u00e9 celebrada no primeiro domingo ap\u00f3s a lua cheia que ocorre no equin\u00f3cio da primavera no hemisf\u00e9rio norte. Ela \u00e9 precedida pela Quaresma, per\u00edodo de 40 dias de jejum, ora\u00e7\u00e3o e penit\u00eancia, que simboliza os 40 dias que Jesus passou no deserto antes de iniciar seu minist\u00e9rio p\u00fablico. A Semana Santa, que antecede a P\u00e1scoa, \u00e9 marcada por eventos como a entrada triunfal de Jesus em Jerusal\u00e9m, a \u00daltima Ceia, a crucifica\u00e7\u00e3o e a ressurrei\u00e7\u00e3o.<\/p>\n<p>O simbolismo da P\u00e1scoa \u00e9 profundo e inspirador. A ressurrei\u00e7\u00e3o de Jesus representa a vit\u00f3ria da vida sobre a morte, da luz sobre as trevas. \u00c9 um lembrete do amor incondicional de Deus por seus filhos e da esperan\u00e7a que ele nos oferece. A P\u00e1scoa nos convida a renovar nossa f\u00e9, a acreditar no poder da ressurrei\u00e7\u00e3o e a viver de acordo com os ensinamentos de Cristo.<\/p>\n<p>Neste momento atual, marcado por desafios e incertezas, a P\u00e1scoa nos convida a renovar nossa esperan\u00e7a e nossa confian\u00e7a em Deus. Ela nos lembra que, mesmo nos momentos mais sombrios, a luz de Cristo brilha e nos guia. \u00c9 um convite para refletirmos sobre o verdadeiro significado da vida e sobre a import\u00e2ncia de vivermos em comunh\u00e3o com Deus e com nossos irm\u00e3os.<\/p>\n<p>Que nesta P\u00e1scoa possamos nos abrir ao amor de Deus, permitindo que ele transforme nossos cora\u00e7\u00f5es e nos guie no caminho da verdade e da justi\u00e7a. Que possamos ser testemunhas vivas da ressurrei\u00e7\u00e3o de Cristo, levando sua luz e seu amor a todos que encontrarmos pelo caminho. Que possamos viver a P\u00e1scoa n\u00e3o apenas como uma data no calend\u00e1rio, mas como um estado de esp\u00edrito, marcado pela esperan\u00e7a, pela alegria e pela paz que s\u00f3 Cristo pode nos oferecer.<\/p>\n<p>Que a P\u00e1scoa seja para n\u00f3s um tempo de renova\u00e7\u00e3o e de transforma\u00e7\u00e3o, um tempo de encontro com o Cristo ressuscitado que vive em n\u00f3s e nos convida a viver em plenitude o amor que ele nos ensinou.<\/p>\n<p>Feliz P\u00e1scoa!<\/p>\n","protected":false},"excerpt":{"rendered":"<p>A P\u00e1scoa \u00e9 uma das datas mais importantes do calend\u00e1rio religioso cat\u00f3lico. Ela celebra a ressurrei\u00e7\u00e3o de Jesus Cristo, ap\u00f3s sua crucifica\u00e7\u00e3o, e \u00e9 considerada o \u00e1pice da f\u00e9 crist\u00e3. A origem da P\u00e1scoa remonta \u00e0 tradi\u00e7\u00e3o judaica da festa da P\u00e1scoa, que celebrava a liberta\u00e7\u00e3o do povo hebreu da escravid\u00e3o no Egito. Com a [&hellip;]<\/p>\n","protected":false},"author":2,"featured_media":0,"comment_status":"closed","ping_status":"open","sticky":false,"template":"","format":"standard","meta":{"footnotes":""},"categories":[9],"tags":[],"class_list":["post-4795","post","type-post","status-publish","format-standard","hentry","category-data-religiosa"],"yoast_head":"<!-- This site is optimized with the Yoast SEO plugin v27.2 - https:\/\/yoast.com\/product\/yoast-seo-wordpress\/ -->\n<title>Renove sua f\u00e9 e celebre a ressurrei\u00e7\u00e3o de Cristo nesta P\u00e1scoa! - Salmos B\u00edblicos<\/title>\n<meta name=\"robots\" content=\"index, follow, max-snippet:-1, max-image-preview:large, max-video-preview:-1\" \/>\n<link rel=\"canonical\" href=\"https:\/\/salmosbiblicos.com.br\/index.php\/2025\/05\/04\/renove-sua-fe-e-celebre-a-ressurreicao-de-cristo-nesta-pascoa\/\" \/>\n<meta property=\"og:locale\" content=\"pt_BR\" \/>\n<meta property=\"og:type\" content=\"article\" \/>\n<meta property=\"og:title\" content=\"Renove sua f\u00e9 e celebre a ressurrei\u00e7\u00e3o de Cristo nesta P\u00e1scoa! - Salmos B\u00edblicos\" \/>\n<meta property=\"og:description\" content=\"A P\u00e1scoa \u00e9 uma das datas mais importantes do calend\u00e1rio religioso cat\u00f3lico. Ela celebra a ressurrei\u00e7\u00e3o de Jesus Cristo, ap\u00f3s sua crucifica\u00e7\u00e3o, e \u00e9 considerada o \u00e1pice da f\u00e9 crist\u00e3. A origem da P\u00e1scoa remonta \u00e0 tradi\u00e7\u00e3o judaica da festa da P\u00e1scoa, que celebrava a liberta\u00e7\u00e3o do povo hebreu da escravid\u00e3o no Egito. Com a [&hellip;]\" \/>\n<meta property=\"og:url\" content=\"https:\/\/salmosbiblicos.com.br\/index.php\/2025\/05\/04\/renove-sua-fe-e-celebre-a-ressurreicao-de-cristo-nesta-pascoa\/\" \/>\n<meta property=\"og:site_name\" content=\"Salmos B\u00edblicos\" \/>\n<meta property=\"article:published_time\" content=\"2025-05-04T16:15:58+00:00\" \/>\n<meta name=\"author\" content=\"Irmao\" \/>\n<meta name=\"twitter:card\" content=\"summary_large_image\" \/>\n<meta name=\"twitter:label1\" content=\"Escrito por\" \/>\n\t<meta name=\"twitter:data1\" content=\"Irmao\" \/>\n\t<meta name=\"twitter:label2\" content=\"Est. tempo de leitura\" \/>\n\t<meta name=\"twitter:data2\" content=\"2 minutos\" \/>\n<script type=\"application\/ld+json\" class=\"yoast-schema-graph\">{\"@context\":\"https:\/\/schema.org\",\"@graph\":[{\"@type\":\"Article\",\"@id\":\"https:\/\/salmosbiblicos.com.br\/index.php\/2025\/05\/04\/renove-sua-fe-e-celebre-a-ressurreicao-de-cristo-nesta-pascoa\/#article\",\"isPartOf\":{\"@id\":\"https:\/\/salmosbiblicos.com.br\/index.php\/2025\/05\/04\/renove-sua-fe-e-celebre-a-ressurreicao-de-cristo-nesta-pascoa\/\"},\"author\":{\"name\":\"Irmao\",\"@id\":\"https:\/\/salmosbiblicos.com.br\/#\/schema\/person\/760735259ba35f1e44e89c71c72d79da\"},\"headline\":\"Renove sua f\u00e9 e celebre a ressurrei\u00e7\u00e3o de Cristo nesta P\u00e1scoa!\",\"datePublished\":\"2025-05-04T16:15:58+00:00\",\"mainEntityOfPage\":{\"@id\":\"https:\/\/salmosbiblicos.com.br\/index.php\/2025\/05\/04\/renove-sua-fe-e-celebre-a-ressurreicao-de-cristo-nesta-pascoa\/\"},\"wordCount\":456,\"articleSection\":[\"Data Religiosa\"],\"inLanguage\":\"pt-BR\"},{\"@type\":\"WebPage\",\"@id\":\"https:\/\/salmosbiblicos.com.br\/index.php\/2025\/05\/04\/renove-sua-fe-e-celebre-a-ressurreicao-de-cristo-nesta-pascoa\/\",\"url\":\"https:\/\/salmosbiblicos.com.br\/index.php\/2025\/05\/04\/renove-sua-fe-e-celebre-a-ressurreicao-de-cristo-nesta-pascoa\/\",\"name\":\"Renove sua f\u00e9 e celebre a ressurrei\u00e7\u00e3o de Cristo nesta P\u00e1scoa! - Salmos B\u00edblicos\",\"isPartOf\":{\"@id\":\"https:\/\/salmosbiblicos.com.br\/#website\"},\"datePublished\":\"2025-05-04T16:15:58+00:00\",\"author\":{\"@id\":\"https:\/\/salmosbiblicos.com.br\/#\/schema\/person\/760735259ba35f1e44e89c71c72d79da\"},\"breadcrumb\":{\"@id\":\"https:\/\/salmosbiblicos.com.br\/index.php\/2025\/05\/04\/renove-sua-fe-e-celebre-a-ressurreicao-de-cristo-nesta-pascoa\/#breadcrumb\"},\"inLanguage\":\"pt-BR\",\"potentialAction\":[{\"@type\":\"ReadAction\",\"target\":[\"https:\/\/salmosbiblicos.com.br\/index.php\/2025\/05\/04\/renove-sua-fe-e-celebre-a-ressurreicao-de-cristo-nesta-pascoa\/\"]}]},{\"@type\":\"BreadcrumbList\",\"@id\":\"https:\/\/salmosbiblicos.com.br\/index.php\/2025\/05\/04\/renove-sua-fe-e-celebre-a-ressurreicao-de-cristo-nesta-pascoa\/#breadcrumb\",\"itemListElement\":[{\"@type\":\"ListItem\",\"position\":1,\"name\":\"Home\",\"item\":\"https:\/\/salmosbiblicos.com.br\/\"},{\"@type\":\"ListItem\",\"position\":2,\"name\":\"Renove sua f\u00e9 e celebre a ressurrei\u00e7\u00e3o de Cristo nesta P\u00e1scoa!\"}]},{\"@type\":\"WebSite\",\"@id\":\"https:\/\/salmosbiblicos.com.br\/#website\",\"url\":\"https:\/\/salmosbiblicos.com.br\/\",\"name\":\"Salmos B\u00edblicos\",\"description\":\"Uma e-Livraria com e-Books novos para voc\u00ea refletir.\",\"potentialAction\":[{\"@type\":\"SearchAction\",\"target\":{\"@type\":\"EntryPoint\",\"urlTemplate\":\"https:\/\/salmosbiblicos.com.br\/?s={search_term_string}\"},\"query-input\":{\"@type\":\"PropertyValueSpecification\",\"valueRequired\":true,\"valueName\":\"search_term_string\"}}],\"inLanguage\":\"pt-BR\"},{\"@type\":\"Person\",\"@id\":\"https:\/\/salmosbiblicos.com.br\/#\/schema\/person\/760735259ba35f1e44e89c71c72d79da\",\"name\":\"Irmao\",\"image\":{\"@type\":\"ImageObject\",\"inLanguage\":\"pt-BR\",\"@id\":\"https:\/\/secure.gravatar.com\/avatar\/?s=96&d=mm&r=g\",\"url\":\"https:\/\/secure.gravatar.com\/avatar\/?s=96&d=mm&r=g\",\"contentUrl\":\"https:\/\/secure.gravatar.com\/avatar\/?s=96&d=mm&r=g\",\"caption\":\"Irmao\"},\"url\":\"https:\/\/salmosbiblicos.com.br\/index.php\/author\/irmao\/\"}]}<\/script>\n<!-- \/ Yoast SEO plugin. -->","yoast_head_json":{"title":"Renove sua f\u00e9 e celebre a ressurrei\u00e7\u00e3o de Cristo nesta P\u00e1scoa! - Salmos B\u00edblicos","robots":{"index":"index","follow":"follow","max-snippet":"max-snippet:-1","max-image-preview":"max-image-preview:large","max-video-preview":"max-video-preview:-1"},"canonical":"https:\/\/salmosbiblicos.com.br\/index.php\/2025\/05\/04\/renove-sua-fe-e-celebre-a-ressurreicao-de-cristo-nesta-pascoa\/","og_locale":"pt_BR","og_type":"article","og_title":"Renove sua f\u00e9 e celebre a ressurrei\u00e7\u00e3o de Cristo nesta P\u00e1scoa! - Salmos B\u00edblicos","og_description":"A P\u00e1scoa \u00e9 uma das datas mais importantes do calend\u00e1rio religioso cat\u00f3lico. Ela celebra a ressurrei\u00e7\u00e3o de Jesus Cristo, ap\u00f3s sua crucifica\u00e7\u00e3o, e \u00e9 considerada o \u00e1pice da f\u00e9 crist\u00e3. A origem da P\u00e1scoa remonta \u00e0 tradi\u00e7\u00e3o judaica da festa da P\u00e1scoa, que celebrava a liberta\u00e7\u00e3o do povo hebreu da escravid\u00e3o no Egito. Com a [&hellip;]","og_url":"https:\/\/salmosbiblicos.com.br\/index.php\/2025\/05\/04\/renove-sua-fe-e-celebre-a-ressurreicao-de-cristo-nesta-pascoa\/","og_site_name":"Salmos B\u00edblicos","article_published_time":"2025-05-04T16:15:58+00:00","author":"Irmao","twitter_card":"summary_large_image","twitter_misc":{"Escrito por":"Irmao","Est. tempo de leitura":"2 minutos"},"schema":{"@context":"https:\/\/schema.org","@graph":[{"@type":"Article","@id":"https:\/\/salmosbiblicos.com.br\/index.php\/2025\/05\/04\/renove-sua-fe-e-celebre-a-ressurreicao-de-cristo-nesta-pascoa\/#article","isPartOf":{"@id":"https:\/\/salmosbiblicos.com.br\/index.php\/2025\/05\/04\/renove-sua-fe-e-celebre-a-ressurreicao-de-cristo-nesta-pascoa\/"},"author":{"name":"Irmao","@id":"https:\/\/salmosbiblicos.com.br\/#\/schema\/person\/760735259ba35f1e44e89c71c72d79da"},"headline":"Renove sua f\u00e9 e celebre a ressurrei\u00e7\u00e3o de Cristo nesta P\u00e1scoa!","datePublished":"2025-05-04T16:15:58+00:00","mainEntityOfPage":{"@id":"https:\/\/salmosbiblicos.com.br\/index.php\/2025\/05\/04\/renove-sua-fe-e-celebre-a-ressurreicao-de-cristo-nesta-pascoa\/"},"wordCount":456,"articleSection":["Data Religiosa"],"inLanguage":"pt-BR"},{"@type":"WebPage","@id":"https:\/\/salmosbiblicos.com.br\/index.php\/2025\/05\/04\/renove-sua-fe-e-celebre-a-ressurreicao-de-cristo-nesta-pascoa\/","url":"https:\/\/salmosbiblicos.com.br\/index.php\/2025\/05\/04\/renove-sua-fe-e-celebre-a-ressurreicao-de-cristo-nesta-pascoa\/","name":"Renove sua f\u00e9 e celebre a ressurrei\u00e7\u00e3o de Cristo nesta P\u00e1scoa! - Salmos B\u00edblicos","isPartOf":{"@id":"https:\/\/salmosbiblicos.com.br\/#website"},"datePublished":"2025-05-04T16:15:58+00:00","author":{"@id":"https:\/\/salmosbiblicos.com.br\/#\/schema\/person\/760735259ba35f1e44e89c71c72d79da"},"breadcrumb":{"@id":"https:\/\/salmosbiblicos.com.br\/index.php\/2025\/05\/04\/renove-sua-fe-e-celebre-a-ressurreicao-de-cristo-nesta-pascoa\/#breadcrumb"},"inLanguage":"pt-BR","potentialAction":[{"@type":"ReadAction","target":["https:\/\/salmosbiblicos.com.br\/index.php\/2025\/05\/04\/renove-sua-fe-e-celebre-a-ressurreicao-de-cristo-nesta-pascoa\/"]}]},{"@type":"BreadcrumbList","@id":"https:\/\/salmosbiblicos.com.br\/index.php\/2025\/05\/04\/renove-sua-fe-e-celebre-a-ressurreicao-de-cristo-nesta-pascoa\/#breadcrumb","itemListElement":[{"@type":"ListItem","position":1,"name":"Home","item":"https:\/\/salmosbiblicos.com.br\/"},{"@type":"ListItem","position":2,"name":"Renove sua f\u00e9 e celebre a ressurrei\u00e7\u00e3o de Cristo nesta P\u00e1scoa!"}]},{"@type":"WebSite","@id":"https:\/\/salmosbiblicos.com.br\/#website","url":"https:\/\/salmosbiblicos.com.br\/","name":"Salmos B\u00edblicos","description":"Uma e-Livraria com e-Books novos para voc\u00ea refletir.","potentialAction":[{"@type":"SearchAction","target":{"@type":"EntryPoint","urlTemplate":"https:\/\/salmosbiblicos.com.br\/?s={search_term_string}"},"query-input":{"@type":"PropertyValueSpecification","valueRequired":true,"valueName":"search_term_string"}}],"inLanguage":"pt-BR"},{"@type":"Person","@id":"https:\/\/salmosbiblicos.com.br\/#\/schema\/person\/760735259ba35f1e44e89c71c72d79da","name":"Irmao","image":{"@type":"ImageObject","inLanguage":"pt-BR","@id":"https:\/\/secure.gravatar.com\/avatar\/?s=96&d=mm&r=g","url":"https:\/\/secure.gravatar.com\/avatar\/?s=96&d=mm&r=g","contentUrl":"https:\/\/secure.gravatar.com\/avatar\/?s=96&d=mm&r=g","caption":"Irmao"},"url":"https:\/\/salmosbiblicos.com.br\/index.php\/author\/irmao\/"}]}},"_links":{"self":[{"href":"https:\/\/salmosbiblicos.com.br\/index.php\/wp-json\/wp\/v2\/posts\/4795","targetHints":{"allow":["GET"]}}],"collection":[{"href":"https:\/\/salmosbiblicos.com.br\/index.php\/wp-json\/wp\/v2\/posts"}],"about":[{"href":"https:\/\/salmosbiblicos.com.br\/index.php\/wp-json\/wp\/v2\/types\/post"}],"author":[{"embeddable":true,"href":"https:\/\/salmosbiblicos.com.br\/index.php\/wp-json\/wp\/v2\/users\/2"}],"replies":[{"embeddable":true,"href":"https:\/\/salmosbiblicos.com.br\/index.php\/wp-json\/wp\/v2\/comments?post=4795"}],"version-history":[{"count":0,"href":"https:\/\/salmosbiblicos.com.br\/index.php\/wp-json\/wp\/v2\/posts\/4795\/revisions"}],"wp:attachment":[{"href":"https:\/\/salmosbiblicos.com.br\/index.php\/wp-json\/wp\/v2\/media?parent=4795"}],"wp:term":[{"taxonomy":"category","embeddable":true,"href":"https:\/\/salmosbiblicos.com.br\/index.php\/wp-json\/wp\/v2\/categories?post=4795"},{"taxonomy":"post_tag","embeddable":true,"href":"https:\/\/salmosbiblicos.com.br\/index.php\/wp-json\/wp\/v2\/tags?post=4795"}],"curies":[{"name":"wp","href":"https:\/\/api.w.org\/{rel}","templated":true}]}}