{"id":4899,"date":"2025-05-07T12:29:59","date_gmt":"2025-05-07T15:29:59","guid":{"rendered":"https:\/\/salmosbiblicos.com.br\/?p=4899"},"modified":"2025-05-07T12:29:59","modified_gmt":"2025-05-07T15:29:59","slug":"oracao-de-gratidao-e-fe-enchendo-o-coracao-de-paz-e-confianca-em-deus","status":"publish","type":"post","link":"https:\/\/salmosbiblicos.com.br\/index.php\/2025\/05\/07\/oracao-de-gratidao-e-fe-enchendo-o-coracao-de-paz-e-confianca-em-deus\/","title":{"rendered":"Ora\u00e7\u00e3o de Gratid\u00e3o e F\u00e9: Enchendo o Cora\u00e7\u00e3o de Paz e Confian\u00e7a em Deus"},"content":{"rendered":"<p>Querido Deus,<\/p>\n<p>Hoje venho at\u00e9 Ti com o cora\u00e7\u00e3o cheio de gratid\u00e3o e f\u00e9. Agrade\u00e7o por mais um dia de vida, por cada respira\u00e7\u00e3o, por cada sorriso e por cada desafio que me faz crescer. Sei que est\u00e1s sempre ao meu lado, guiando os meus passos e iluminando o meu caminho.<\/p>\n<p>Pe\u00e7o, Senhor, que fortale\u00e7as a minha f\u00e9 a cada dia, que me ajudes a confiar em Ti, mesmo nos momentos mais dif\u00edceis. Que a Tua presen\u00e7a esteja sempre comigo, acalmando o meu cora\u00e7\u00e3o e trazendo paz \u00e0 minha alma. Que eu possa sentir o Teu amor em cada gesto, em cada palavra e em cada situa\u00e7\u00e3o que eu enfrentar.<\/p>\n<p>Ajuda-me a enxergar a Tua vontade em tudo o que acontece ao meu redor, e a aceitar com serenidade aquilo que n\u00e3o posso mudar. Que eu possa ser instrumento da Tua paz e do Teu amor, levando consolo e esperan\u00e7a a todos que cruzarem o meu caminho.<\/p>\n<p>Que a minha vida seja um reflexo da Tua luz, da Tua bondade e da Tua miseric\u00f3rdia. Que eu possa viver cada dia com gratid\u00e3o no cora\u00e7\u00e3o, sabendo que tudo o que tenho vem de Ti.<\/p>\n<p>Entrego a Ti, Senhor, os meus medos, as minhas preocupa\u00e7\u00f5es e as minhas ang\u00fastias. Confio que Tu est\u00e1s no controle de todas as coisas, e que nada escapa ao Teu poder e \u00e0 Tua sabedoria.<\/p>\n<p>Que a Tua paz, que excede todo o entendimento, encha o meu cora\u00e7\u00e3o e me fa\u00e7a confiar em Ti, mesmo quando tudo parecer incerto.<\/p>\n<p>Am\u00e9m.<\/p>\n<p>Que a esperan\u00e7a nos guie e a f\u00e9 nos fortale\u00e7a.<\/p>\n","protected":false},"excerpt":{"rendered":"<p>Querido Deus, Hoje venho at\u00e9 Ti com o cora\u00e7\u00e3o cheio de gratid\u00e3o e f\u00e9. Agrade\u00e7o por mais um dia de vida, por cada respira\u00e7\u00e3o, por cada sorriso e por cada desafio que me faz crescer. Sei que est\u00e1s sempre ao meu lado, guiando os meus passos e iluminando o meu caminho. Pe\u00e7o, Senhor, que fortale\u00e7as [&hellip;]<\/p>\n","protected":false},"author":2,"featured_media":0,"comment_status":"closed","ping_status":"open","sticky":false,"template":"","format":"standard","meta":{"footnotes":""},"categories":[8],"tags":[],"class_list":["post-4899","post","type-post","status-publish","format-standard","hentry","category-oracao-do-dia"],"yoast_head":"<!-- This site is optimized with the Yoast SEO plugin v27.2 - https:\/\/yoast.com\/product\/yoast-seo-wordpress\/ -->\n<title>Ora\u00e7\u00e3o de Gratid\u00e3o e F\u00e9: Enchendo o Cora\u00e7\u00e3o de Paz e Confian\u00e7a em Deus - Salmos B\u00edblicos<\/title>\n<meta name=\"robots\" content=\"index, follow, max-snippet:-1, max-image-preview:large, max-video-preview:-1\" \/>\n<link rel=\"canonical\" href=\"https:\/\/salmosbiblicos.com.br\/index.php\/2025\/05\/07\/oracao-de-gratidao-e-fe-enchendo-o-coracao-de-paz-e-confianca-em-deus\/\" \/>\n<meta property=\"og:locale\" content=\"pt_BR\" \/>\n<meta property=\"og:type\" content=\"article\" \/>\n<meta property=\"og:title\" content=\"Ora\u00e7\u00e3o de Gratid\u00e3o e F\u00e9: Enchendo o Cora\u00e7\u00e3o de Paz e Confian\u00e7a em Deus - Salmos B\u00edblicos\" \/>\n<meta property=\"og:description\" content=\"Querido Deus, Hoje venho at\u00e9 Ti com o cora\u00e7\u00e3o cheio de gratid\u00e3o e f\u00e9. Agrade\u00e7o por mais um dia de vida, por cada respira\u00e7\u00e3o, por cada sorriso e por cada desafio que me faz crescer. Sei que est\u00e1s sempre ao meu lado, guiando os meus passos e iluminando o meu caminho. Pe\u00e7o, Senhor, que fortale\u00e7as [&hellip;]\" \/>\n<meta property=\"og:url\" content=\"https:\/\/salmosbiblicos.com.br\/index.php\/2025\/05\/07\/oracao-de-gratidao-e-fe-enchendo-o-coracao-de-paz-e-confianca-em-deus\/\" \/>\n<meta property=\"og:site_name\" content=\"Salmos B\u00edblicos\" \/>\n<meta property=\"article:published_time\" content=\"2025-05-07T15:29:59+00:00\" \/>\n<meta name=\"author\" content=\"Irmao\" \/>\n<meta name=\"twitter:card\" content=\"summary_large_image\" \/>\n<meta name=\"twitter:label1\" content=\"Escrito por\" \/>\n\t<meta name=\"twitter:data1\" content=\"Irmao\" \/>\n\t<meta name=\"twitter:label2\" content=\"Est. tempo de leitura\" \/>\n\t<meta name=\"twitter:data2\" content=\"1 minuto\" \/>\n<script type=\"application\/ld+json\" class=\"yoast-schema-graph\">{\"@context\":\"https:\/\/schema.org\",\"@graph\":[{\"@type\":\"Article\",\"@id\":\"https:\/\/salmosbiblicos.com.br\/index.php\/2025\/05\/07\/oracao-de-gratidao-e-fe-enchendo-o-coracao-de-paz-e-confianca-em-deus\/#article\",\"isPartOf\":{\"@id\":\"https:\/\/salmosbiblicos.com.br\/index.php\/2025\/05\/07\/oracao-de-gratidao-e-fe-enchendo-o-coracao-de-paz-e-confianca-em-deus\/\"},\"author\":{\"name\":\"Irmao\",\"@id\":\"https:\/\/salmosbiblicos.com.br\/#\/schema\/person\/760735259ba35f1e44e89c71c72d79da\"},\"headline\":\"Ora\u00e7\u00e3o de Gratid\u00e3o e F\u00e9: Enchendo o Cora\u00e7\u00e3o de Paz e Confian\u00e7a em Deus\",\"datePublished\":\"2025-05-07T15:29:59+00:00\",\"mainEntityOfPage\":{\"@id\":\"https:\/\/salmosbiblicos.com.br\/index.php\/2025\/05\/07\/oracao-de-gratidao-e-fe-enchendo-o-coracao-de-paz-e-confianca-em-deus\/\"},\"wordCount\":303,\"articleSection\":[\"Ora\u00e7\u00e3o do Dia\"],\"inLanguage\":\"pt-BR\"},{\"@type\":\"WebPage\",\"@id\":\"https:\/\/salmosbiblicos.com.br\/index.php\/2025\/05\/07\/oracao-de-gratidao-e-fe-enchendo-o-coracao-de-paz-e-confianca-em-deus\/\",\"url\":\"https:\/\/salmosbiblicos.com.br\/index.php\/2025\/05\/07\/oracao-de-gratidao-e-fe-enchendo-o-coracao-de-paz-e-confianca-em-deus\/\",\"name\":\"Ora\u00e7\u00e3o de Gratid\u00e3o e F\u00e9: Enchendo o Cora\u00e7\u00e3o de Paz e Confian\u00e7a em Deus - Salmos B\u00edblicos\",\"isPartOf\":{\"@id\":\"https:\/\/salmosbiblicos.com.br\/#website\"},\"datePublished\":\"2025-05-07T15:29:59+00:00\",\"author\":{\"@id\":\"https:\/\/salmosbiblicos.com.br\/#\/schema\/person\/760735259ba35f1e44e89c71c72d79da\"},\"breadcrumb\":{\"@id\":\"https:\/\/salmosbiblicos.com.br\/index.php\/2025\/05\/07\/oracao-de-gratidao-e-fe-enchendo-o-coracao-de-paz-e-confianca-em-deus\/#breadcrumb\"},\"inLanguage\":\"pt-BR\",\"potentialAction\":[{\"@type\":\"ReadAction\",\"target\":[\"https:\/\/salmosbiblicos.com.br\/index.php\/2025\/05\/07\/oracao-de-gratidao-e-fe-enchendo-o-coracao-de-paz-e-confianca-em-deus\/\"]}]},{\"@type\":\"BreadcrumbList\",\"@id\":\"https:\/\/salmosbiblicos.com.br\/index.php\/2025\/05\/07\/oracao-de-gratidao-e-fe-enchendo-o-coracao-de-paz-e-confianca-em-deus\/#breadcrumb\",\"itemListElement\":[{\"@type\":\"ListItem\",\"position\":1,\"name\":\"Home\",\"item\":\"https:\/\/salmosbiblicos.com.br\/\"},{\"@type\":\"ListItem\",\"position\":2,\"name\":\"Ora\u00e7\u00e3o de Gratid\u00e3o e F\u00e9: Enchendo o Cora\u00e7\u00e3o de Paz e Confian\u00e7a em Deus\"}]},{\"@type\":\"WebSite\",\"@id\":\"https:\/\/salmosbiblicos.com.br\/#website\",\"url\":\"https:\/\/salmosbiblicos.com.br\/\",\"name\":\"Salmos B\u00edblicos\",\"description\":\"Uma e-Livraria com e-Books novos para voc\u00ea refletir.\",\"potentialAction\":[{\"@type\":\"SearchAction\",\"target\":{\"@type\":\"EntryPoint\",\"urlTemplate\":\"https:\/\/salmosbiblicos.com.br\/?s={search_term_string}\"},\"query-input\":{\"@type\":\"PropertyValueSpecification\",\"valueRequired\":true,\"valueName\":\"search_term_string\"}}],\"inLanguage\":\"pt-BR\"},{\"@type\":\"Person\",\"@id\":\"https:\/\/salmosbiblicos.com.br\/#\/schema\/person\/760735259ba35f1e44e89c71c72d79da\",\"name\":\"Irmao\",\"image\":{\"@type\":\"ImageObject\",\"inLanguage\":\"pt-BR\",\"@id\":\"https:\/\/secure.gravatar.com\/avatar\/?s=96&d=mm&r=g\",\"url\":\"https:\/\/secure.gravatar.com\/avatar\/?s=96&d=mm&r=g\",\"contentUrl\":\"https:\/\/secure.gravatar.com\/avatar\/?s=96&d=mm&r=g\",\"caption\":\"Irmao\"},\"url\":\"https:\/\/salmosbiblicos.com.br\/index.php\/author\/irmao\/\"}]}<\/script>\n<!-- \/ Yoast SEO plugin. -->","yoast_head_json":{"title":"Ora\u00e7\u00e3o de Gratid\u00e3o e F\u00e9: Enchendo o Cora\u00e7\u00e3o de Paz e Confian\u00e7a em Deus - Salmos B\u00edblicos","robots":{"index":"index","follow":"follow","max-snippet":"max-snippet:-1","max-image-preview":"max-image-preview:large","max-video-preview":"max-video-preview:-1"},"canonical":"https:\/\/salmosbiblicos.com.br\/index.php\/2025\/05\/07\/oracao-de-gratidao-e-fe-enchendo-o-coracao-de-paz-e-confianca-em-deus\/","og_locale":"pt_BR","og_type":"article","og_title":"Ora\u00e7\u00e3o de Gratid\u00e3o e F\u00e9: Enchendo o Cora\u00e7\u00e3o de Paz e Confian\u00e7a em Deus - Salmos B\u00edblicos","og_description":"Querido Deus, Hoje venho at\u00e9 Ti com o cora\u00e7\u00e3o cheio de gratid\u00e3o e f\u00e9. Agrade\u00e7o por mais um dia de vida, por cada respira\u00e7\u00e3o, por cada sorriso e por cada desafio que me faz crescer. Sei que est\u00e1s sempre ao meu lado, guiando os meus passos e iluminando o meu caminho. Pe\u00e7o, Senhor, que fortale\u00e7as [&hellip;]","og_url":"https:\/\/salmosbiblicos.com.br\/index.php\/2025\/05\/07\/oracao-de-gratidao-e-fe-enchendo-o-coracao-de-paz-e-confianca-em-deus\/","og_site_name":"Salmos B\u00edblicos","article_published_time":"2025-05-07T15:29:59+00:00","author":"Irmao","twitter_card":"summary_large_image","twitter_misc":{"Escrito por":"Irmao","Est. tempo de leitura":"1 minuto"},"schema":{"@context":"https:\/\/schema.org","@graph":[{"@type":"Article","@id":"https:\/\/salmosbiblicos.com.br\/index.php\/2025\/05\/07\/oracao-de-gratidao-e-fe-enchendo-o-coracao-de-paz-e-confianca-em-deus\/#article","isPartOf":{"@id":"https:\/\/salmosbiblicos.com.br\/index.php\/2025\/05\/07\/oracao-de-gratidao-e-fe-enchendo-o-coracao-de-paz-e-confianca-em-deus\/"},"author":{"name":"Irmao","@id":"https:\/\/salmosbiblicos.com.br\/#\/schema\/person\/760735259ba35f1e44e89c71c72d79da"},"headline":"Ora\u00e7\u00e3o de Gratid\u00e3o e F\u00e9: Enchendo o Cora\u00e7\u00e3o de Paz e Confian\u00e7a em Deus","datePublished":"2025-05-07T15:29:59+00:00","mainEntityOfPage":{"@id":"https:\/\/salmosbiblicos.com.br\/index.php\/2025\/05\/07\/oracao-de-gratidao-e-fe-enchendo-o-coracao-de-paz-e-confianca-em-deus\/"},"wordCount":303,"articleSection":["Ora\u00e7\u00e3o do Dia"],"inLanguage":"pt-BR"},{"@type":"WebPage","@id":"https:\/\/salmosbiblicos.com.br\/index.php\/2025\/05\/07\/oracao-de-gratidao-e-fe-enchendo-o-coracao-de-paz-e-confianca-em-deus\/","url":"https:\/\/salmosbiblicos.com.br\/index.php\/2025\/05\/07\/oracao-de-gratidao-e-fe-enchendo-o-coracao-de-paz-e-confianca-em-deus\/","name":"Ora\u00e7\u00e3o de Gratid\u00e3o e F\u00e9: Enchendo o Cora\u00e7\u00e3o de Paz e Confian\u00e7a em Deus - Salmos B\u00edblicos","isPartOf":{"@id":"https:\/\/salmosbiblicos.com.br\/#website"},"datePublished":"2025-05-07T15:29:59+00:00","author":{"@id":"https:\/\/salmosbiblicos.com.br\/#\/schema\/person\/760735259ba35f1e44e89c71c72d79da"},"breadcrumb":{"@id":"https:\/\/salmosbiblicos.com.br\/index.php\/2025\/05\/07\/oracao-de-gratidao-e-fe-enchendo-o-coracao-de-paz-e-confianca-em-deus\/#breadcrumb"},"inLanguage":"pt-BR","potentialAction":[{"@type":"ReadAction","target":["https:\/\/salmosbiblicos.com.br\/index.php\/2025\/05\/07\/oracao-de-gratidao-e-fe-enchendo-o-coracao-de-paz-e-confianca-em-deus\/"]}]},{"@type":"BreadcrumbList","@id":"https:\/\/salmosbiblicos.com.br\/index.php\/2025\/05\/07\/oracao-de-gratidao-e-fe-enchendo-o-coracao-de-paz-e-confianca-em-deus\/#breadcrumb","itemListElement":[{"@type":"ListItem","position":1,"name":"Home","item":"https:\/\/salmosbiblicos.com.br\/"},{"@type":"ListItem","position":2,"name":"Ora\u00e7\u00e3o de Gratid\u00e3o e F\u00e9: Enchendo o Cora\u00e7\u00e3o de Paz e Confian\u00e7a em Deus"}]},{"@type":"WebSite","@id":"https:\/\/salmosbiblicos.com.br\/#website","url":"https:\/\/salmosbiblicos.com.br\/","name":"Salmos B\u00edblicos","description":"Uma e-Livraria com e-Books novos para voc\u00ea refletir.","potentialAction":[{"@type":"SearchAction","target":{"@type":"EntryPoint","urlTemplate":"https:\/\/salmosbiblicos.com.br\/?s={search_term_string}"},"query-input":{"@type":"PropertyValueSpecification","valueRequired":true,"valueName":"search_term_string"}}],"inLanguage":"pt-BR"},{"@type":"Person","@id":"https:\/\/salmosbiblicos.com.br\/#\/schema\/person\/760735259ba35f1e44e89c71c72d79da","name":"Irmao","image":{"@type":"ImageObject","inLanguage":"pt-BR","@id":"https:\/\/secure.gravatar.com\/avatar\/?s=96&d=mm&r=g","url":"https:\/\/secure.gravatar.com\/avatar\/?s=96&d=mm&r=g","contentUrl":"https:\/\/secure.gravatar.com\/avatar\/?s=96&d=mm&r=g","caption":"Irmao"},"url":"https:\/\/salmosbiblicos.com.br\/index.php\/author\/irmao\/"}]}},"_links":{"self":[{"href":"https:\/\/salmosbiblicos.com.br\/index.php\/wp-json\/wp\/v2\/posts\/4899","targetHints":{"allow":["GET"]}}],"collection":[{"href":"https:\/\/salmosbiblicos.com.br\/index.php\/wp-json\/wp\/v2\/posts"}],"about":[{"href":"https:\/\/salmosbiblicos.com.br\/index.php\/wp-json\/wp\/v2\/types\/post"}],"author":[{"embeddable":true,"href":"https:\/\/salmosbiblicos.com.br\/index.php\/wp-json\/wp\/v2\/users\/2"}],"replies":[{"embeddable":true,"href":"https:\/\/salmosbiblicos.com.br\/index.php\/wp-json\/wp\/v2\/comments?post=4899"}],"version-history":[{"count":0,"href":"https:\/\/salmosbiblicos.com.br\/index.php\/wp-json\/wp\/v2\/posts\/4899\/revisions"}],"wp:attachment":[{"href":"https:\/\/salmosbiblicos.com.br\/index.php\/wp-json\/wp\/v2\/media?parent=4899"}],"wp:term":[{"taxonomy":"category","embeddable":true,"href":"https:\/\/salmosbiblicos.com.br\/index.php\/wp-json\/wp\/v2\/categories?post=4899"},{"taxonomy":"post_tag","embeddable":true,"href":"https:\/\/salmosbiblicos.com.br\/index.php\/wp-json\/wp\/v2\/tags?post=4899"}],"curies":[{"name":"wp","href":"https:\/\/api.w.org\/{rel}","templated":true}]}}