{"id":4907,"date":"2025-05-07T12:30:38","date_gmt":"2025-05-07T15:30:38","guid":{"rendered":"https:\/\/salmosbiblicos.com.br\/?p=4907"},"modified":"2025-05-07T12:30:38","modified_gmt":"2025-05-07T15:30:38","slug":"fortalecendo-a-fe-uma-oracao-de-gratidao-e-confianca","status":"publish","type":"post","link":"https:\/\/salmosbiblicos.com.br\/index.php\/2025\/05\/07\/fortalecendo-a-fe-uma-oracao-de-gratidao-e-confianca\/","title":{"rendered":"Fortalecendo a F\u00e9: Uma Ora\u00e7\u00e3o de Gratid\u00e3o e Confian\u00e7a"},"content":{"rendered":"<p>Querido Deus,<\/p>\n<p>Hoje venho diante de Ti com um cora\u00e7\u00e3o cheio de gratid\u00e3o. Agrade\u00e7o por mais um dia de vida que me concedeste, por todas as b\u00ean\u00e7\u00e3os que colocaste em meu caminho e por cada oportunidade de crescimento e aprendizado.<\/p>\n<p>Senhor, sei que nem sempre \u00e9 f\u00e1cil manter a f\u00e9 em meio \u00e0s adversidades do dia a dia. Por isso, pe\u00e7o que fortale\u00e7as a minha f\u00e9, que me ajudes a confiar em Teu plano para mim e a seguir sempre o caminho do bem e da verdade.<\/p>\n<p>\u00c0s vezes sinto o cora\u00e7\u00e3o inquieto, cheio de preocupa\u00e7\u00f5es e incertezas. Pe\u00e7o, Senhor, que acalmes meu cora\u00e7\u00e3o, que me concedas a paz que s\u00f3 Tu podes dar e que me ajudes a enxergar al\u00e9m das dificuldades, confiando que tudo acontece segundo a Tua vontade.<\/p>\n<p>Ajuda-me, Deus, a ser grato por cada pequeno detalhe da vida, a enxergar a beleza nas coisas simples e a valorizar cada momento ao lado daqueles que amo. Que a gratid\u00e3o transborde em meu cora\u00e7\u00e3o e me ajude a ser uma luz para os outros, refletindo Teu amor e Tua bondade.<\/p>\n<p>Que a Tua presen\u00e7a esteja sempre comigo, iluminando meu caminho e me dando for\u00e7as para enfrentar os desafios que surgirem. Que eu possa entregar a Ti todas as minhas preocupa\u00e7\u00f5es e confiar que est\u00e1s sempre ao meu lado, cuidando de mim em todos os momentos.<\/p>\n<p>Que a Tua paz, que excede todo entendimento, encha o meu cora\u00e7\u00e3o e me fa\u00e7a confiar que, mesmo nos momentos dif\u00edceis, Tu est\u00e1s no controle de todas as coisas. Que a minha f\u00e9 seja inabal\u00e1vel, a minha esperan\u00e7a inabal\u00e1vel e o meu amor incondicional.<\/p>\n<p>Am\u00e9m. Que assim seja.<\/p>\n","protected":false},"excerpt":{"rendered":"<p>Querido Deus, Hoje venho diante de Ti com um cora\u00e7\u00e3o cheio de gratid\u00e3o. Agrade\u00e7o por mais um dia de vida que me concedeste, por todas as b\u00ean\u00e7\u00e3os que colocaste em meu caminho e por cada oportunidade de crescimento e aprendizado. Senhor, sei que nem sempre \u00e9 f\u00e1cil manter a f\u00e9 em meio \u00e0s adversidades do [&hellip;]<\/p>\n","protected":false},"author":2,"featured_media":0,"comment_status":"closed","ping_status":"open","sticky":false,"template":"","format":"standard","meta":{"footnotes":""},"categories":[8],"tags":[],"class_list":["post-4907","post","type-post","status-publish","format-standard","hentry","category-oracao-do-dia"],"yoast_head":"<!-- This site is optimized with the Yoast SEO plugin v27.2 - https:\/\/yoast.com\/product\/yoast-seo-wordpress\/ -->\n<title>Fortalecendo a F\u00e9: Uma Ora\u00e7\u00e3o de Gratid\u00e3o e Confian\u00e7a - Salmos B\u00edblicos<\/title>\n<meta name=\"robots\" content=\"index, follow, max-snippet:-1, max-image-preview:large, max-video-preview:-1\" \/>\n<link rel=\"canonical\" href=\"https:\/\/salmosbiblicos.com.br\/index.php\/2025\/05\/07\/fortalecendo-a-fe-uma-oracao-de-gratidao-e-confianca\/\" \/>\n<meta property=\"og:locale\" content=\"pt_BR\" \/>\n<meta property=\"og:type\" content=\"article\" \/>\n<meta property=\"og:title\" content=\"Fortalecendo a F\u00e9: Uma Ora\u00e7\u00e3o de Gratid\u00e3o e Confian\u00e7a - Salmos B\u00edblicos\" \/>\n<meta property=\"og:description\" content=\"Querido Deus, Hoje venho diante de Ti com um cora\u00e7\u00e3o cheio de gratid\u00e3o. Agrade\u00e7o por mais um dia de vida que me concedeste, por todas as b\u00ean\u00e7\u00e3os que colocaste em meu caminho e por cada oportunidade de crescimento e aprendizado. Senhor, sei que nem sempre \u00e9 f\u00e1cil manter a f\u00e9 em meio \u00e0s adversidades do [&hellip;]\" \/>\n<meta property=\"og:url\" content=\"https:\/\/salmosbiblicos.com.br\/index.php\/2025\/05\/07\/fortalecendo-a-fe-uma-oracao-de-gratidao-e-confianca\/\" \/>\n<meta property=\"og:site_name\" content=\"Salmos B\u00edblicos\" \/>\n<meta property=\"article:published_time\" content=\"2025-05-07T15:30:38+00:00\" \/>\n<meta name=\"author\" content=\"Irmao\" \/>\n<meta name=\"twitter:card\" content=\"summary_large_image\" \/>\n<meta name=\"twitter:label1\" content=\"Escrito por\" \/>\n\t<meta name=\"twitter:data1\" content=\"Irmao\" \/>\n\t<meta name=\"twitter:label2\" content=\"Est. tempo de leitura\" \/>\n\t<meta name=\"twitter:data2\" content=\"2 minutos\" \/>\n<script type=\"application\/ld+json\" class=\"yoast-schema-graph\">{\"@context\":\"https:\/\/schema.org\",\"@graph\":[{\"@type\":\"Article\",\"@id\":\"https:\/\/salmosbiblicos.com.br\/index.php\/2025\/05\/07\/fortalecendo-a-fe-uma-oracao-de-gratidao-e-confianca\/#article\",\"isPartOf\":{\"@id\":\"https:\/\/salmosbiblicos.com.br\/index.php\/2025\/05\/07\/fortalecendo-a-fe-uma-oracao-de-gratidao-e-confianca\/\"},\"author\":{\"name\":\"Irmao\",\"@id\":\"https:\/\/salmosbiblicos.com.br\/#\/schema\/person\/760735259ba35f1e44e89c71c72d79da\"},\"headline\":\"Fortalecendo a F\u00e9: Uma Ora\u00e7\u00e3o de Gratid\u00e3o e Confian\u00e7a\",\"datePublished\":\"2025-05-07T15:30:38+00:00\",\"mainEntityOfPage\":{\"@id\":\"https:\/\/salmosbiblicos.com.br\/index.php\/2025\/05\/07\/fortalecendo-a-fe-uma-oracao-de-gratidao-e-confianca\/\"},\"wordCount\":313,\"articleSection\":[\"Ora\u00e7\u00e3o do Dia\"],\"inLanguage\":\"pt-BR\"},{\"@type\":\"WebPage\",\"@id\":\"https:\/\/salmosbiblicos.com.br\/index.php\/2025\/05\/07\/fortalecendo-a-fe-uma-oracao-de-gratidao-e-confianca\/\",\"url\":\"https:\/\/salmosbiblicos.com.br\/index.php\/2025\/05\/07\/fortalecendo-a-fe-uma-oracao-de-gratidao-e-confianca\/\",\"name\":\"Fortalecendo a F\u00e9: Uma Ora\u00e7\u00e3o de Gratid\u00e3o e Confian\u00e7a - Salmos B\u00edblicos\",\"isPartOf\":{\"@id\":\"https:\/\/salmosbiblicos.com.br\/#website\"},\"datePublished\":\"2025-05-07T15:30:38+00:00\",\"author\":{\"@id\":\"https:\/\/salmosbiblicos.com.br\/#\/schema\/person\/760735259ba35f1e44e89c71c72d79da\"},\"breadcrumb\":{\"@id\":\"https:\/\/salmosbiblicos.com.br\/index.php\/2025\/05\/07\/fortalecendo-a-fe-uma-oracao-de-gratidao-e-confianca\/#breadcrumb\"},\"inLanguage\":\"pt-BR\",\"potentialAction\":[{\"@type\":\"ReadAction\",\"target\":[\"https:\/\/salmosbiblicos.com.br\/index.php\/2025\/05\/07\/fortalecendo-a-fe-uma-oracao-de-gratidao-e-confianca\/\"]}]},{\"@type\":\"BreadcrumbList\",\"@id\":\"https:\/\/salmosbiblicos.com.br\/index.php\/2025\/05\/07\/fortalecendo-a-fe-uma-oracao-de-gratidao-e-confianca\/#breadcrumb\",\"itemListElement\":[{\"@type\":\"ListItem\",\"position\":1,\"name\":\"Home\",\"item\":\"https:\/\/salmosbiblicos.com.br\/\"},{\"@type\":\"ListItem\",\"position\":2,\"name\":\"Fortalecendo a F\u00e9: Uma Ora\u00e7\u00e3o de Gratid\u00e3o e Confian\u00e7a\"}]},{\"@type\":\"WebSite\",\"@id\":\"https:\/\/salmosbiblicos.com.br\/#website\",\"url\":\"https:\/\/salmosbiblicos.com.br\/\",\"name\":\"Salmos B\u00edblicos\",\"description\":\"Uma e-Livraria com e-Books novos para voc\u00ea refletir.\",\"potentialAction\":[{\"@type\":\"SearchAction\",\"target\":{\"@type\":\"EntryPoint\",\"urlTemplate\":\"https:\/\/salmosbiblicos.com.br\/?s={search_term_string}\"},\"query-input\":{\"@type\":\"PropertyValueSpecification\",\"valueRequired\":true,\"valueName\":\"search_term_string\"}}],\"inLanguage\":\"pt-BR\"},{\"@type\":\"Person\",\"@id\":\"https:\/\/salmosbiblicos.com.br\/#\/schema\/person\/760735259ba35f1e44e89c71c72d79da\",\"name\":\"Irmao\",\"image\":{\"@type\":\"ImageObject\",\"inLanguage\":\"pt-BR\",\"@id\":\"https:\/\/secure.gravatar.com\/avatar\/?s=96&d=mm&r=g\",\"url\":\"https:\/\/secure.gravatar.com\/avatar\/?s=96&d=mm&r=g\",\"contentUrl\":\"https:\/\/secure.gravatar.com\/avatar\/?s=96&d=mm&r=g\",\"caption\":\"Irmao\"},\"url\":\"https:\/\/salmosbiblicos.com.br\/index.php\/author\/irmao\/\"}]}<\/script>\n<!-- \/ Yoast SEO plugin. -->","yoast_head_json":{"title":"Fortalecendo a F\u00e9: Uma Ora\u00e7\u00e3o de Gratid\u00e3o e Confian\u00e7a - Salmos B\u00edblicos","robots":{"index":"index","follow":"follow","max-snippet":"max-snippet:-1","max-image-preview":"max-image-preview:large","max-video-preview":"max-video-preview:-1"},"canonical":"https:\/\/salmosbiblicos.com.br\/index.php\/2025\/05\/07\/fortalecendo-a-fe-uma-oracao-de-gratidao-e-confianca\/","og_locale":"pt_BR","og_type":"article","og_title":"Fortalecendo a F\u00e9: Uma Ora\u00e7\u00e3o de Gratid\u00e3o e Confian\u00e7a - Salmos B\u00edblicos","og_description":"Querido Deus, Hoje venho diante de Ti com um cora\u00e7\u00e3o cheio de gratid\u00e3o. Agrade\u00e7o por mais um dia de vida que me concedeste, por todas as b\u00ean\u00e7\u00e3os que colocaste em meu caminho e por cada oportunidade de crescimento e aprendizado. Senhor, sei que nem sempre \u00e9 f\u00e1cil manter a f\u00e9 em meio \u00e0s adversidades do [&hellip;]","og_url":"https:\/\/salmosbiblicos.com.br\/index.php\/2025\/05\/07\/fortalecendo-a-fe-uma-oracao-de-gratidao-e-confianca\/","og_site_name":"Salmos B\u00edblicos","article_published_time":"2025-05-07T15:30:38+00:00","author":"Irmao","twitter_card":"summary_large_image","twitter_misc":{"Escrito por":"Irmao","Est. tempo de leitura":"2 minutos"},"schema":{"@context":"https:\/\/schema.org","@graph":[{"@type":"Article","@id":"https:\/\/salmosbiblicos.com.br\/index.php\/2025\/05\/07\/fortalecendo-a-fe-uma-oracao-de-gratidao-e-confianca\/#article","isPartOf":{"@id":"https:\/\/salmosbiblicos.com.br\/index.php\/2025\/05\/07\/fortalecendo-a-fe-uma-oracao-de-gratidao-e-confianca\/"},"author":{"name":"Irmao","@id":"https:\/\/salmosbiblicos.com.br\/#\/schema\/person\/760735259ba35f1e44e89c71c72d79da"},"headline":"Fortalecendo a F\u00e9: Uma Ora\u00e7\u00e3o de Gratid\u00e3o e Confian\u00e7a","datePublished":"2025-05-07T15:30:38+00:00","mainEntityOfPage":{"@id":"https:\/\/salmosbiblicos.com.br\/index.php\/2025\/05\/07\/fortalecendo-a-fe-uma-oracao-de-gratidao-e-confianca\/"},"wordCount":313,"articleSection":["Ora\u00e7\u00e3o do Dia"],"inLanguage":"pt-BR"},{"@type":"WebPage","@id":"https:\/\/salmosbiblicos.com.br\/index.php\/2025\/05\/07\/fortalecendo-a-fe-uma-oracao-de-gratidao-e-confianca\/","url":"https:\/\/salmosbiblicos.com.br\/index.php\/2025\/05\/07\/fortalecendo-a-fe-uma-oracao-de-gratidao-e-confianca\/","name":"Fortalecendo a F\u00e9: Uma Ora\u00e7\u00e3o de Gratid\u00e3o e Confian\u00e7a - Salmos B\u00edblicos","isPartOf":{"@id":"https:\/\/salmosbiblicos.com.br\/#website"},"datePublished":"2025-05-07T15:30:38+00:00","author":{"@id":"https:\/\/salmosbiblicos.com.br\/#\/schema\/person\/760735259ba35f1e44e89c71c72d79da"},"breadcrumb":{"@id":"https:\/\/salmosbiblicos.com.br\/index.php\/2025\/05\/07\/fortalecendo-a-fe-uma-oracao-de-gratidao-e-confianca\/#breadcrumb"},"inLanguage":"pt-BR","potentialAction":[{"@type":"ReadAction","target":["https:\/\/salmosbiblicos.com.br\/index.php\/2025\/05\/07\/fortalecendo-a-fe-uma-oracao-de-gratidao-e-confianca\/"]}]},{"@type":"BreadcrumbList","@id":"https:\/\/salmosbiblicos.com.br\/index.php\/2025\/05\/07\/fortalecendo-a-fe-uma-oracao-de-gratidao-e-confianca\/#breadcrumb","itemListElement":[{"@type":"ListItem","position":1,"name":"Home","item":"https:\/\/salmosbiblicos.com.br\/"},{"@type":"ListItem","position":2,"name":"Fortalecendo a F\u00e9: Uma Ora\u00e7\u00e3o de Gratid\u00e3o e Confian\u00e7a"}]},{"@type":"WebSite","@id":"https:\/\/salmosbiblicos.com.br\/#website","url":"https:\/\/salmosbiblicos.com.br\/","name":"Salmos B\u00edblicos","description":"Uma e-Livraria com e-Books novos para voc\u00ea refletir.","potentialAction":[{"@type":"SearchAction","target":{"@type":"EntryPoint","urlTemplate":"https:\/\/salmosbiblicos.com.br\/?s={search_term_string}"},"query-input":{"@type":"PropertyValueSpecification","valueRequired":true,"valueName":"search_term_string"}}],"inLanguage":"pt-BR"},{"@type":"Person","@id":"https:\/\/salmosbiblicos.com.br\/#\/schema\/person\/760735259ba35f1e44e89c71c72d79da","name":"Irmao","image":{"@type":"ImageObject","inLanguage":"pt-BR","@id":"https:\/\/secure.gravatar.com\/avatar\/?s=96&d=mm&r=g","url":"https:\/\/secure.gravatar.com\/avatar\/?s=96&d=mm&r=g","contentUrl":"https:\/\/secure.gravatar.com\/avatar\/?s=96&d=mm&r=g","caption":"Irmao"},"url":"https:\/\/salmosbiblicos.com.br\/index.php\/author\/irmao\/"}]}},"_links":{"self":[{"href":"https:\/\/salmosbiblicos.com.br\/index.php\/wp-json\/wp\/v2\/posts\/4907","targetHints":{"allow":["GET"]}}],"collection":[{"href":"https:\/\/salmosbiblicos.com.br\/index.php\/wp-json\/wp\/v2\/posts"}],"about":[{"href":"https:\/\/salmosbiblicos.com.br\/index.php\/wp-json\/wp\/v2\/types\/post"}],"author":[{"embeddable":true,"href":"https:\/\/salmosbiblicos.com.br\/index.php\/wp-json\/wp\/v2\/users\/2"}],"replies":[{"embeddable":true,"href":"https:\/\/salmosbiblicos.com.br\/index.php\/wp-json\/wp\/v2\/comments?post=4907"}],"version-history":[{"count":0,"href":"https:\/\/salmosbiblicos.com.br\/index.php\/wp-json\/wp\/v2\/posts\/4907\/revisions"}],"wp:attachment":[{"href":"https:\/\/salmosbiblicos.com.br\/index.php\/wp-json\/wp\/v2\/media?parent=4907"}],"wp:term":[{"taxonomy":"category","embeddable":true,"href":"https:\/\/salmosbiblicos.com.br\/index.php\/wp-json\/wp\/v2\/categories?post=4907"},{"taxonomy":"post_tag","embeddable":true,"href":"https:\/\/salmosbiblicos.com.br\/index.php\/wp-json\/wp\/v2\/tags?post=4907"}],"curies":[{"name":"wp","href":"https:\/\/api.w.org\/{rel}","templated":true}]}}