{"id":4911,"date":"2025-05-07T12:31:01","date_gmt":"2025-05-07T15:31:01","guid":{"rendered":"https:\/\/salmosbiblicos.com.br\/?p=4911"},"modified":"2025-05-07T12:31:01","modified_gmt":"2025-05-07T15:31:01","slug":"sexta-feira-santa-reflexoes-sobre-o-sacrificio-de-jesus-e-nosso-chamado-a-transformacao","status":"publish","type":"post","link":"https:\/\/salmosbiblicos.com.br\/index.php\/2025\/05\/07\/sexta-feira-santa-reflexoes-sobre-o-sacrificio-de-jesus-e-nosso-chamado-a-transformacao\/","title":{"rendered":"Sexta-feira Santa: Reflex\u00f5es sobre o sacrif\u00edcio de Jesus e nosso chamado \u00e0 transforma\u00e7\u00e3o"},"content":{"rendered":"<p>No calend\u00e1rio religioso cat\u00f3lico, uma das datas mais importantes e simb\u00f3licas \u00e9 a Sexta-feira Santa. Este dia marca a crucifica\u00e7\u00e3o e morte de Jesus Cristo, um momento de profunda reflex\u00e3o e contempla\u00e7\u00e3o para os fi\u00e9is.<\/p>\n<p>A origem da Sexta-feira Santa remonta aos relatos b\u00edblicos do Novo Testamento, que descrevem como Jesus foi tra\u00eddo, julgado e condenado \u00e0 morte na cruz. Para os crist\u00e3os, este sacrif\u00edcio representa o amor incondicional de Deus pela humanidade, que enviou Seu filho para redimir os pecados do mundo.<\/p>\n<p>O simbolismo por tr\u00e1s da Sexta-feira Santa \u00e9 poderoso e profundo. \u00c9 um lembrete da humildade e da entrega de Jesus, que aceitou o sofrimento e a morte para cumprir o plano divino de salva\u00e7\u00e3o. \u00c9 tamb\u00e9m um convite \u00e0 reflex\u00e3o sobre nossas pr\u00f3prias fraquezas, pecados e necessidades de perd\u00e3o e reden\u00e7\u00e3o.<\/p>\n<p>Neste dia, os fi\u00e9is s\u00e3o convidados a participar de cerim\u00f4nias religiosas que relembram a Paix\u00e3o de Cristo, como a Via Sacra e a Liturgia da Paix\u00e3o. \u00c9 um momento de recolhimento, ora\u00e7\u00e3o e medita\u00e7\u00e3o, para se conectar com o sacrif\u00edcio de Jesus e renovar a f\u00e9 na ressurrei\u00e7\u00e3o que vir\u00e1 no Domingo de P\u00e1scoa.<\/p>\n<p>Diante do mist\u00e9rio da morte de Jesus na cruz, somos convidados a refletir sobre o significado do sacrif\u00edcio, do perd\u00e3o e da miseric\u00f3rdia. Como disc\u00edpulos de Cristo, somos chamados a seguir Seu exemplo de amor incondicional, compaix\u00e3o e servi\u00e7o aos outros.<\/p>\n<p>Neste per\u00edodo da Quaresma, que culmina na Sexta-feira Santa, podemos nos questionar: como podemos viver de forma mais aut\u00eantica e compassiva, seguindo os ensinamentos de Jesus? Como podemos perdoar aqueles que nos magoaram e buscar a reconcilia\u00e7\u00e3o em nossas rela\u00e7\u00f5es?<\/p>\n<p>Que a Sexta-feira Santa seja um momento de profunda introspec\u00e7\u00e3o e renova\u00e7\u00e3o espiritual, para que possamos seguir os passos de Cristo com humildade, amor e gratid\u00e3o. Que possamos nos abrir ao perd\u00e3o divino e ao chamado \u00e0 transforma\u00e7\u00e3o interior, para que possamos ser verdadeiros disc\u00edpulos de Cristo em nosso mundo.<\/p>\n<p>Que a luz da ressurrei\u00e7\u00e3o de Jesus ilumine nossos cora\u00e7\u00f5es e nos inspire a viver com f\u00e9, esperan\u00e7a e caridade, mesmo diante das adversidades e desafios da vida. Que possamos testemunhar o amor de Deus atrav\u00e9s de nossas palavras e a\u00e7\u00f5es, sendo sinais de esperan\u00e7a e paz no mundo.<\/p>\n<p>Que a Sexta-feira Santa nos convide a viver de forma mais plena e generosa, seguindo o exemplo de Jesus Cristo, que deu Sua vida por todos n\u00f3s. Que possamos ser testemunhas vivas do amor de Deus, espalhando luz e esperan\u00e7a onde quer que estejamos. Am\u00e9m.<\/p>\n","protected":false},"excerpt":{"rendered":"<p>No calend\u00e1rio religioso cat\u00f3lico, uma das datas mais importantes e simb\u00f3licas \u00e9 a Sexta-feira Santa. Este dia marca a crucifica\u00e7\u00e3o e morte de Jesus Cristo, um momento de profunda reflex\u00e3o e contempla\u00e7\u00e3o para os fi\u00e9is. A origem da Sexta-feira Santa remonta aos relatos b\u00edblicos do Novo Testamento, que descrevem como Jesus foi tra\u00eddo, julgado e [&hellip;]<\/p>\n","protected":false},"author":2,"featured_media":0,"comment_status":"closed","ping_status":"open","sticky":false,"template":"","format":"standard","meta":{"footnotes":""},"categories":[9],"tags":[],"class_list":["post-4911","post","type-post","status-publish","format-standard","hentry","category-data-religiosa"],"yoast_head":"<!-- This site is optimized with the Yoast SEO plugin v27.2 - https:\/\/yoast.com\/product\/yoast-seo-wordpress\/ -->\n<title>Sexta-feira Santa: Reflex\u00f5es sobre o sacrif\u00edcio de Jesus e nosso chamado \u00e0 transforma\u00e7\u00e3o - Salmos B\u00edblicos<\/title>\n<meta name=\"robots\" content=\"index, follow, max-snippet:-1, max-image-preview:large, max-video-preview:-1\" \/>\n<link rel=\"canonical\" href=\"https:\/\/salmosbiblicos.com.br\/index.php\/2025\/05\/07\/sexta-feira-santa-reflexoes-sobre-o-sacrificio-de-jesus-e-nosso-chamado-a-transformacao\/\" \/>\n<meta property=\"og:locale\" content=\"pt_BR\" \/>\n<meta property=\"og:type\" content=\"article\" \/>\n<meta property=\"og:title\" content=\"Sexta-feira Santa: Reflex\u00f5es sobre o sacrif\u00edcio de Jesus e nosso chamado \u00e0 transforma\u00e7\u00e3o - Salmos B\u00edblicos\" \/>\n<meta property=\"og:description\" content=\"No calend\u00e1rio religioso cat\u00f3lico, uma das datas mais importantes e simb\u00f3licas \u00e9 a Sexta-feira Santa. Este dia marca a crucifica\u00e7\u00e3o e morte de Jesus Cristo, um momento de profunda reflex\u00e3o e contempla\u00e7\u00e3o para os fi\u00e9is. A origem da Sexta-feira Santa remonta aos relatos b\u00edblicos do Novo Testamento, que descrevem como Jesus foi tra\u00eddo, julgado e [&hellip;]\" \/>\n<meta property=\"og:url\" content=\"https:\/\/salmosbiblicos.com.br\/index.php\/2025\/05\/07\/sexta-feira-santa-reflexoes-sobre-o-sacrificio-de-jesus-e-nosso-chamado-a-transformacao\/\" \/>\n<meta property=\"og:site_name\" content=\"Salmos B\u00edblicos\" \/>\n<meta property=\"article:published_time\" content=\"2025-05-07T15:31:01+00:00\" \/>\n<meta name=\"author\" content=\"Irmao\" \/>\n<meta name=\"twitter:card\" content=\"summary_large_image\" \/>\n<meta name=\"twitter:label1\" content=\"Escrito por\" \/>\n\t<meta name=\"twitter:data1\" content=\"Irmao\" \/>\n\t<meta name=\"twitter:label2\" content=\"Est. tempo de leitura\" \/>\n\t<meta name=\"twitter:data2\" content=\"2 minutos\" \/>\n<script type=\"application\/ld+json\" class=\"yoast-schema-graph\">{\"@context\":\"https:\/\/schema.org\",\"@graph\":[{\"@type\":\"Article\",\"@id\":\"https:\/\/salmosbiblicos.com.br\/index.php\/2025\/05\/07\/sexta-feira-santa-reflexoes-sobre-o-sacrificio-de-jesus-e-nosso-chamado-a-transformacao\/#article\",\"isPartOf\":{\"@id\":\"https:\/\/salmosbiblicos.com.br\/index.php\/2025\/05\/07\/sexta-feira-santa-reflexoes-sobre-o-sacrificio-de-jesus-e-nosso-chamado-a-transformacao\/\"},\"author\":{\"name\":\"Irmao\",\"@id\":\"https:\/\/salmosbiblicos.com.br\/#\/schema\/person\/760735259ba35f1e44e89c71c72d79da\"},\"headline\":\"Sexta-feira Santa: Reflex\u00f5es sobre o sacrif\u00edcio de Jesus e nosso chamado \u00e0 transforma\u00e7\u00e3o\",\"datePublished\":\"2025-05-07T15:31:01+00:00\",\"mainEntityOfPage\":{\"@id\":\"https:\/\/salmosbiblicos.com.br\/index.php\/2025\/05\/07\/sexta-feira-santa-reflexoes-sobre-o-sacrificio-de-jesus-e-nosso-chamado-a-transformacao\/\"},\"wordCount\":475,\"articleSection\":[\"Data Religiosa\"],\"inLanguage\":\"pt-BR\"},{\"@type\":\"WebPage\",\"@id\":\"https:\/\/salmosbiblicos.com.br\/index.php\/2025\/05\/07\/sexta-feira-santa-reflexoes-sobre-o-sacrificio-de-jesus-e-nosso-chamado-a-transformacao\/\",\"url\":\"https:\/\/salmosbiblicos.com.br\/index.php\/2025\/05\/07\/sexta-feira-santa-reflexoes-sobre-o-sacrificio-de-jesus-e-nosso-chamado-a-transformacao\/\",\"name\":\"Sexta-feira Santa: Reflex\u00f5es sobre o sacrif\u00edcio de Jesus e nosso chamado \u00e0 transforma\u00e7\u00e3o - Salmos B\u00edblicos\",\"isPartOf\":{\"@id\":\"https:\/\/salmosbiblicos.com.br\/#website\"},\"datePublished\":\"2025-05-07T15:31:01+00:00\",\"author\":{\"@id\":\"https:\/\/salmosbiblicos.com.br\/#\/schema\/person\/760735259ba35f1e44e89c71c72d79da\"},\"breadcrumb\":{\"@id\":\"https:\/\/salmosbiblicos.com.br\/index.php\/2025\/05\/07\/sexta-feira-santa-reflexoes-sobre-o-sacrificio-de-jesus-e-nosso-chamado-a-transformacao\/#breadcrumb\"},\"inLanguage\":\"pt-BR\",\"potentialAction\":[{\"@type\":\"ReadAction\",\"target\":[\"https:\/\/salmosbiblicos.com.br\/index.php\/2025\/05\/07\/sexta-feira-santa-reflexoes-sobre-o-sacrificio-de-jesus-e-nosso-chamado-a-transformacao\/\"]}]},{\"@type\":\"BreadcrumbList\",\"@id\":\"https:\/\/salmosbiblicos.com.br\/index.php\/2025\/05\/07\/sexta-feira-santa-reflexoes-sobre-o-sacrificio-de-jesus-e-nosso-chamado-a-transformacao\/#breadcrumb\",\"itemListElement\":[{\"@type\":\"ListItem\",\"position\":1,\"name\":\"Home\",\"item\":\"https:\/\/salmosbiblicos.com.br\/\"},{\"@type\":\"ListItem\",\"position\":2,\"name\":\"Sexta-feira Santa: Reflex\u00f5es sobre o sacrif\u00edcio de Jesus e nosso chamado \u00e0 transforma\u00e7\u00e3o\"}]},{\"@type\":\"WebSite\",\"@id\":\"https:\/\/salmosbiblicos.com.br\/#website\",\"url\":\"https:\/\/salmosbiblicos.com.br\/\",\"name\":\"Salmos B\u00edblicos\",\"description\":\"Uma e-Livraria com e-Books novos para voc\u00ea refletir.\",\"potentialAction\":[{\"@type\":\"SearchAction\",\"target\":{\"@type\":\"EntryPoint\",\"urlTemplate\":\"https:\/\/salmosbiblicos.com.br\/?s={search_term_string}\"},\"query-input\":{\"@type\":\"PropertyValueSpecification\",\"valueRequired\":true,\"valueName\":\"search_term_string\"}}],\"inLanguage\":\"pt-BR\"},{\"@type\":\"Person\",\"@id\":\"https:\/\/salmosbiblicos.com.br\/#\/schema\/person\/760735259ba35f1e44e89c71c72d79da\",\"name\":\"Irmao\",\"image\":{\"@type\":\"ImageObject\",\"inLanguage\":\"pt-BR\",\"@id\":\"https:\/\/secure.gravatar.com\/avatar\/?s=96&d=mm&r=g\",\"url\":\"https:\/\/secure.gravatar.com\/avatar\/?s=96&d=mm&r=g\",\"contentUrl\":\"https:\/\/secure.gravatar.com\/avatar\/?s=96&d=mm&r=g\",\"caption\":\"Irmao\"},\"url\":\"https:\/\/salmosbiblicos.com.br\/index.php\/author\/irmao\/\"}]}<\/script>\n<!-- \/ Yoast SEO plugin. -->","yoast_head_json":{"title":"Sexta-feira Santa: Reflex\u00f5es sobre o sacrif\u00edcio de Jesus e nosso chamado \u00e0 transforma\u00e7\u00e3o - Salmos B\u00edblicos","robots":{"index":"index","follow":"follow","max-snippet":"max-snippet:-1","max-image-preview":"max-image-preview:large","max-video-preview":"max-video-preview:-1"},"canonical":"https:\/\/salmosbiblicos.com.br\/index.php\/2025\/05\/07\/sexta-feira-santa-reflexoes-sobre-o-sacrificio-de-jesus-e-nosso-chamado-a-transformacao\/","og_locale":"pt_BR","og_type":"article","og_title":"Sexta-feira Santa: Reflex\u00f5es sobre o sacrif\u00edcio de Jesus e nosso chamado \u00e0 transforma\u00e7\u00e3o - Salmos B\u00edblicos","og_description":"No calend\u00e1rio religioso cat\u00f3lico, uma das datas mais importantes e simb\u00f3licas \u00e9 a Sexta-feira Santa. Este dia marca a crucifica\u00e7\u00e3o e morte de Jesus Cristo, um momento de profunda reflex\u00e3o e contempla\u00e7\u00e3o para os fi\u00e9is. A origem da Sexta-feira Santa remonta aos relatos b\u00edblicos do Novo Testamento, que descrevem como Jesus foi tra\u00eddo, julgado e [&hellip;]","og_url":"https:\/\/salmosbiblicos.com.br\/index.php\/2025\/05\/07\/sexta-feira-santa-reflexoes-sobre-o-sacrificio-de-jesus-e-nosso-chamado-a-transformacao\/","og_site_name":"Salmos B\u00edblicos","article_published_time":"2025-05-07T15:31:01+00:00","author":"Irmao","twitter_card":"summary_large_image","twitter_misc":{"Escrito por":"Irmao","Est. tempo de leitura":"2 minutos"},"schema":{"@context":"https:\/\/schema.org","@graph":[{"@type":"Article","@id":"https:\/\/salmosbiblicos.com.br\/index.php\/2025\/05\/07\/sexta-feira-santa-reflexoes-sobre-o-sacrificio-de-jesus-e-nosso-chamado-a-transformacao\/#article","isPartOf":{"@id":"https:\/\/salmosbiblicos.com.br\/index.php\/2025\/05\/07\/sexta-feira-santa-reflexoes-sobre-o-sacrificio-de-jesus-e-nosso-chamado-a-transformacao\/"},"author":{"name":"Irmao","@id":"https:\/\/salmosbiblicos.com.br\/#\/schema\/person\/760735259ba35f1e44e89c71c72d79da"},"headline":"Sexta-feira Santa: Reflex\u00f5es sobre o sacrif\u00edcio de Jesus e nosso chamado \u00e0 transforma\u00e7\u00e3o","datePublished":"2025-05-07T15:31:01+00:00","mainEntityOfPage":{"@id":"https:\/\/salmosbiblicos.com.br\/index.php\/2025\/05\/07\/sexta-feira-santa-reflexoes-sobre-o-sacrificio-de-jesus-e-nosso-chamado-a-transformacao\/"},"wordCount":475,"articleSection":["Data Religiosa"],"inLanguage":"pt-BR"},{"@type":"WebPage","@id":"https:\/\/salmosbiblicos.com.br\/index.php\/2025\/05\/07\/sexta-feira-santa-reflexoes-sobre-o-sacrificio-de-jesus-e-nosso-chamado-a-transformacao\/","url":"https:\/\/salmosbiblicos.com.br\/index.php\/2025\/05\/07\/sexta-feira-santa-reflexoes-sobre-o-sacrificio-de-jesus-e-nosso-chamado-a-transformacao\/","name":"Sexta-feira Santa: Reflex\u00f5es sobre o sacrif\u00edcio de Jesus e nosso chamado \u00e0 transforma\u00e7\u00e3o - Salmos B\u00edblicos","isPartOf":{"@id":"https:\/\/salmosbiblicos.com.br\/#website"},"datePublished":"2025-05-07T15:31:01+00:00","author":{"@id":"https:\/\/salmosbiblicos.com.br\/#\/schema\/person\/760735259ba35f1e44e89c71c72d79da"},"breadcrumb":{"@id":"https:\/\/salmosbiblicos.com.br\/index.php\/2025\/05\/07\/sexta-feira-santa-reflexoes-sobre-o-sacrificio-de-jesus-e-nosso-chamado-a-transformacao\/#breadcrumb"},"inLanguage":"pt-BR","potentialAction":[{"@type":"ReadAction","target":["https:\/\/salmosbiblicos.com.br\/index.php\/2025\/05\/07\/sexta-feira-santa-reflexoes-sobre-o-sacrificio-de-jesus-e-nosso-chamado-a-transformacao\/"]}]},{"@type":"BreadcrumbList","@id":"https:\/\/salmosbiblicos.com.br\/index.php\/2025\/05\/07\/sexta-feira-santa-reflexoes-sobre-o-sacrificio-de-jesus-e-nosso-chamado-a-transformacao\/#breadcrumb","itemListElement":[{"@type":"ListItem","position":1,"name":"Home","item":"https:\/\/salmosbiblicos.com.br\/"},{"@type":"ListItem","position":2,"name":"Sexta-feira Santa: Reflex\u00f5es sobre o sacrif\u00edcio de Jesus e nosso chamado \u00e0 transforma\u00e7\u00e3o"}]},{"@type":"WebSite","@id":"https:\/\/salmosbiblicos.com.br\/#website","url":"https:\/\/salmosbiblicos.com.br\/","name":"Salmos B\u00edblicos","description":"Uma e-Livraria com e-Books novos para voc\u00ea refletir.","potentialAction":[{"@type":"SearchAction","target":{"@type":"EntryPoint","urlTemplate":"https:\/\/salmosbiblicos.com.br\/?s={search_term_string}"},"query-input":{"@type":"PropertyValueSpecification","valueRequired":true,"valueName":"search_term_string"}}],"inLanguage":"pt-BR"},{"@type":"Person","@id":"https:\/\/salmosbiblicos.com.br\/#\/schema\/person\/760735259ba35f1e44e89c71c72d79da","name":"Irmao","image":{"@type":"ImageObject","inLanguage":"pt-BR","@id":"https:\/\/secure.gravatar.com\/avatar\/?s=96&d=mm&r=g","url":"https:\/\/secure.gravatar.com\/avatar\/?s=96&d=mm&r=g","contentUrl":"https:\/\/secure.gravatar.com\/avatar\/?s=96&d=mm&r=g","caption":"Irmao"},"url":"https:\/\/salmosbiblicos.com.br\/index.php\/author\/irmao\/"}]}},"_links":{"self":[{"href":"https:\/\/salmosbiblicos.com.br\/index.php\/wp-json\/wp\/v2\/posts\/4911","targetHints":{"allow":["GET"]}}],"collection":[{"href":"https:\/\/salmosbiblicos.com.br\/index.php\/wp-json\/wp\/v2\/posts"}],"about":[{"href":"https:\/\/salmosbiblicos.com.br\/index.php\/wp-json\/wp\/v2\/types\/post"}],"author":[{"embeddable":true,"href":"https:\/\/salmosbiblicos.com.br\/index.php\/wp-json\/wp\/v2\/users\/2"}],"replies":[{"embeddable":true,"href":"https:\/\/salmosbiblicos.com.br\/index.php\/wp-json\/wp\/v2\/comments?post=4911"}],"version-history":[{"count":0,"href":"https:\/\/salmosbiblicos.com.br\/index.php\/wp-json\/wp\/v2\/posts\/4911\/revisions"}],"wp:attachment":[{"href":"https:\/\/salmosbiblicos.com.br\/index.php\/wp-json\/wp\/v2\/media?parent=4911"}],"wp:term":[{"taxonomy":"category","embeddable":true,"href":"https:\/\/salmosbiblicos.com.br\/index.php\/wp-json\/wp\/v2\/categories?post=4911"},{"taxonomy":"post_tag","embeddable":true,"href":"https:\/\/salmosbiblicos.com.br\/index.php\/wp-json\/wp\/v2\/tags?post=4911"}],"curies":[{"name":"wp","href":"https:\/\/api.w.org\/{rel}","templated":true}]}}