{"id":4959,"date":"2025-05-08T18:46:49","date_gmt":"2025-05-08T21:46:49","guid":{"rendered":"https:\/\/salmosbiblicos.com.br\/?p=4959"},"modified":"2025-05-08T18:46:49","modified_gmt":"2025-05-08T21:46:49","slug":"renovando-a-fe-uma-oracao-de-gratidao-e-esperanca","status":"publish","type":"post","link":"https:\/\/salmosbiblicos.com.br\/index.php\/2025\/05\/08\/renovando-a-fe-uma-oracao-de-gratidao-e-esperanca\/","title":{"rendered":"Renovando a f\u00e9: uma ora\u00e7\u00e3o de gratid\u00e3o e esperan\u00e7a"},"content":{"rendered":"<p>Querido Deus,<\/p>\n<p>Hoje eu venho diante de Ti com um cora\u00e7\u00e3o cheio de gratid\u00e3o e esperan\u00e7a. Agrade\u00e7o por mais um dia de vida, por cada respira\u00e7\u00e3o, por cada batida do meu cora\u00e7\u00e3o. Obrigado por todas as b\u00ean\u00e7\u00e3os que recebo diariamente, mesmo aquelas que passam despercebidas aos meus olhos.<\/p>\n<p>Pe\u00e7o, Senhor, que fortale\u00e7as a minha f\u00e9 a cada dia. Que eu possa confiar plenamente em Ti, sabendo que est\u00e1s sempre ao meu lado, mesmo nos momentos mais dif\u00edceis. Ajuda-me a enxergar a tua luz nas situa\u00e7\u00f5es de escurid\u00e3o, e a encontrar consolo em tua palavra nos momentos de afli\u00e7\u00e3o.<\/p>\n<p>Que o teu amor inunde o meu cora\u00e7\u00e3o e me d\u00ea a paz que tanto busco. Guia os meus passos, Senhor, e mostra-me o caminho que devo seguir. Que a tua presen\u00e7a seja constante em minha vida, me dando coragem para enfrentar os desafios que surgirem.<\/p>\n<p>Entrego a Ti, Deus, os meus medos, preocupa\u00e7\u00f5es e ang\u00fastias. Que a tua paz que excede todo entendimento preencha cada parte do meu ser, acalmando a minha alma e trazendo serenidade ao meu cora\u00e7\u00e3o.<\/p>\n<p>Que a minha f\u00e9 seja como uma luz que brilha em meio \u00e0s trevas, iluminando o meu caminho e o de todos aqueles que est\u00e3o ao meu redor. Que eu possa ser um instrumento do teu amor, levando esperan\u00e7a e consolo a todos que cruzarem o meu caminho.<\/p>\n<p>Confio em Ti, Senhor, e sei que tudo est\u00e1 em tuas m\u00e3os. Que a tua vontade seja feita em minha vida, pois sei que o teu plano \u00e9 sempre perfeito.<\/p>\n<p>Am\u00e9m.<\/p>\n<p>Que a esperan\u00e7a em Deus seja a minha for\u00e7a para enfrentar os desafios da vida.<\/p>\n","protected":false},"excerpt":{"rendered":"<p>Querido Deus, Hoje eu venho diante de Ti com um cora\u00e7\u00e3o cheio de gratid\u00e3o e esperan\u00e7a. Agrade\u00e7o por mais um dia de vida, por cada respira\u00e7\u00e3o, por cada batida do meu cora\u00e7\u00e3o. Obrigado por todas as b\u00ean\u00e7\u00e3os que recebo diariamente, mesmo aquelas que passam despercebidas aos meus olhos. Pe\u00e7o, Senhor, que fortale\u00e7as a minha f\u00e9 [&hellip;]<\/p>\n","protected":false},"author":2,"featured_media":0,"comment_status":"closed","ping_status":"open","sticky":false,"template":"","format":"standard","meta":{"footnotes":""},"categories":[8],"tags":[],"class_list":["post-4959","post","type-post","status-publish","format-standard","hentry","category-oracao-do-dia"],"yoast_head":"<!-- This site is optimized with the Yoast SEO plugin v27.2 - https:\/\/yoast.com\/product\/yoast-seo-wordpress\/ -->\n<title>Renovando a f\u00e9: uma ora\u00e7\u00e3o de gratid\u00e3o e esperan\u00e7a - Salmos B\u00edblicos<\/title>\n<meta name=\"robots\" content=\"index, follow, max-snippet:-1, max-image-preview:large, max-video-preview:-1\" \/>\n<link rel=\"canonical\" href=\"https:\/\/salmosbiblicos.com.br\/index.php\/2025\/05\/08\/renovando-a-fe-uma-oracao-de-gratidao-e-esperanca\/\" \/>\n<meta property=\"og:locale\" content=\"pt_BR\" \/>\n<meta property=\"og:type\" content=\"article\" \/>\n<meta property=\"og:title\" content=\"Renovando a f\u00e9: uma ora\u00e7\u00e3o de gratid\u00e3o e esperan\u00e7a - Salmos B\u00edblicos\" \/>\n<meta property=\"og:description\" content=\"Querido Deus, Hoje eu venho diante de Ti com um cora\u00e7\u00e3o cheio de gratid\u00e3o e esperan\u00e7a. Agrade\u00e7o por mais um dia de vida, por cada respira\u00e7\u00e3o, por cada batida do meu cora\u00e7\u00e3o. Obrigado por todas as b\u00ean\u00e7\u00e3os que recebo diariamente, mesmo aquelas que passam despercebidas aos meus olhos. Pe\u00e7o, Senhor, que fortale\u00e7as a minha f\u00e9 [&hellip;]\" \/>\n<meta property=\"og:url\" content=\"https:\/\/salmosbiblicos.com.br\/index.php\/2025\/05\/08\/renovando-a-fe-uma-oracao-de-gratidao-e-esperanca\/\" \/>\n<meta property=\"og:site_name\" content=\"Salmos B\u00edblicos\" \/>\n<meta property=\"article:published_time\" content=\"2025-05-08T21:46:49+00:00\" \/>\n<meta name=\"author\" content=\"Irmao\" \/>\n<meta name=\"twitter:card\" content=\"summary_large_image\" \/>\n<meta name=\"twitter:label1\" content=\"Escrito por\" \/>\n\t<meta name=\"twitter:data1\" content=\"Irmao\" \/>\n\t<meta name=\"twitter:label2\" content=\"Est. tempo de leitura\" \/>\n\t<meta name=\"twitter:data2\" content=\"1 minuto\" \/>\n<script type=\"application\/ld+json\" class=\"yoast-schema-graph\">{\"@context\":\"https:\/\/schema.org\",\"@graph\":[{\"@type\":\"Article\",\"@id\":\"https:\/\/salmosbiblicos.com.br\/index.php\/2025\/05\/08\/renovando-a-fe-uma-oracao-de-gratidao-e-esperanca\/#article\",\"isPartOf\":{\"@id\":\"https:\/\/salmosbiblicos.com.br\/index.php\/2025\/05\/08\/renovando-a-fe-uma-oracao-de-gratidao-e-esperanca\/\"},\"author\":{\"name\":\"Irmao\",\"@id\":\"https:\/\/salmosbiblicos.com.br\/#\/schema\/person\/760735259ba35f1e44e89c71c72d79da\"},\"headline\":\"Renovando a f\u00e9: uma ora\u00e7\u00e3o de gratid\u00e3o e esperan\u00e7a\",\"datePublished\":\"2025-05-08T21:46:49+00:00\",\"mainEntityOfPage\":{\"@id\":\"https:\/\/salmosbiblicos.com.br\/index.php\/2025\/05\/08\/renovando-a-fe-uma-oracao-de-gratidao-e-esperanca\/\"},\"wordCount\":309,\"articleSection\":[\"Ora\u00e7\u00e3o do Dia\"],\"inLanguage\":\"pt-BR\"},{\"@type\":\"WebPage\",\"@id\":\"https:\/\/salmosbiblicos.com.br\/index.php\/2025\/05\/08\/renovando-a-fe-uma-oracao-de-gratidao-e-esperanca\/\",\"url\":\"https:\/\/salmosbiblicos.com.br\/index.php\/2025\/05\/08\/renovando-a-fe-uma-oracao-de-gratidao-e-esperanca\/\",\"name\":\"Renovando a f\u00e9: uma ora\u00e7\u00e3o de gratid\u00e3o e esperan\u00e7a - Salmos B\u00edblicos\",\"isPartOf\":{\"@id\":\"https:\/\/salmosbiblicos.com.br\/#website\"},\"datePublished\":\"2025-05-08T21:46:49+00:00\",\"author\":{\"@id\":\"https:\/\/salmosbiblicos.com.br\/#\/schema\/person\/760735259ba35f1e44e89c71c72d79da\"},\"breadcrumb\":{\"@id\":\"https:\/\/salmosbiblicos.com.br\/index.php\/2025\/05\/08\/renovando-a-fe-uma-oracao-de-gratidao-e-esperanca\/#breadcrumb\"},\"inLanguage\":\"pt-BR\",\"potentialAction\":[{\"@type\":\"ReadAction\",\"target\":[\"https:\/\/salmosbiblicos.com.br\/index.php\/2025\/05\/08\/renovando-a-fe-uma-oracao-de-gratidao-e-esperanca\/\"]}]},{\"@type\":\"BreadcrumbList\",\"@id\":\"https:\/\/salmosbiblicos.com.br\/index.php\/2025\/05\/08\/renovando-a-fe-uma-oracao-de-gratidao-e-esperanca\/#breadcrumb\",\"itemListElement\":[{\"@type\":\"ListItem\",\"position\":1,\"name\":\"Home\",\"item\":\"https:\/\/salmosbiblicos.com.br\/\"},{\"@type\":\"ListItem\",\"position\":2,\"name\":\"Renovando a f\u00e9: uma ora\u00e7\u00e3o de gratid\u00e3o e esperan\u00e7a\"}]},{\"@type\":\"WebSite\",\"@id\":\"https:\/\/salmosbiblicos.com.br\/#website\",\"url\":\"https:\/\/salmosbiblicos.com.br\/\",\"name\":\"Salmos B\u00edblicos\",\"description\":\"Uma e-Livraria com e-Books novos para voc\u00ea refletir.\",\"potentialAction\":[{\"@type\":\"SearchAction\",\"target\":{\"@type\":\"EntryPoint\",\"urlTemplate\":\"https:\/\/salmosbiblicos.com.br\/?s={search_term_string}\"},\"query-input\":{\"@type\":\"PropertyValueSpecification\",\"valueRequired\":true,\"valueName\":\"search_term_string\"}}],\"inLanguage\":\"pt-BR\"},{\"@type\":\"Person\",\"@id\":\"https:\/\/salmosbiblicos.com.br\/#\/schema\/person\/760735259ba35f1e44e89c71c72d79da\",\"name\":\"Irmao\",\"image\":{\"@type\":\"ImageObject\",\"inLanguage\":\"pt-BR\",\"@id\":\"https:\/\/secure.gravatar.com\/avatar\/?s=96&d=mm&r=g\",\"url\":\"https:\/\/secure.gravatar.com\/avatar\/?s=96&d=mm&r=g\",\"contentUrl\":\"https:\/\/secure.gravatar.com\/avatar\/?s=96&d=mm&r=g\",\"caption\":\"Irmao\"},\"url\":\"https:\/\/salmosbiblicos.com.br\/index.php\/author\/irmao\/\"}]}<\/script>\n<!-- \/ Yoast SEO plugin. -->","yoast_head_json":{"title":"Renovando a f\u00e9: uma ora\u00e7\u00e3o de gratid\u00e3o e esperan\u00e7a - Salmos B\u00edblicos","robots":{"index":"index","follow":"follow","max-snippet":"max-snippet:-1","max-image-preview":"max-image-preview:large","max-video-preview":"max-video-preview:-1"},"canonical":"https:\/\/salmosbiblicos.com.br\/index.php\/2025\/05\/08\/renovando-a-fe-uma-oracao-de-gratidao-e-esperanca\/","og_locale":"pt_BR","og_type":"article","og_title":"Renovando a f\u00e9: uma ora\u00e7\u00e3o de gratid\u00e3o e esperan\u00e7a - Salmos B\u00edblicos","og_description":"Querido Deus, Hoje eu venho diante de Ti com um cora\u00e7\u00e3o cheio de gratid\u00e3o e esperan\u00e7a. Agrade\u00e7o por mais um dia de vida, por cada respira\u00e7\u00e3o, por cada batida do meu cora\u00e7\u00e3o. Obrigado por todas as b\u00ean\u00e7\u00e3os que recebo diariamente, mesmo aquelas que passam despercebidas aos meus olhos. Pe\u00e7o, Senhor, que fortale\u00e7as a minha f\u00e9 [&hellip;]","og_url":"https:\/\/salmosbiblicos.com.br\/index.php\/2025\/05\/08\/renovando-a-fe-uma-oracao-de-gratidao-e-esperanca\/","og_site_name":"Salmos B\u00edblicos","article_published_time":"2025-05-08T21:46:49+00:00","author":"Irmao","twitter_card":"summary_large_image","twitter_misc":{"Escrito por":"Irmao","Est. tempo de leitura":"1 minuto"},"schema":{"@context":"https:\/\/schema.org","@graph":[{"@type":"Article","@id":"https:\/\/salmosbiblicos.com.br\/index.php\/2025\/05\/08\/renovando-a-fe-uma-oracao-de-gratidao-e-esperanca\/#article","isPartOf":{"@id":"https:\/\/salmosbiblicos.com.br\/index.php\/2025\/05\/08\/renovando-a-fe-uma-oracao-de-gratidao-e-esperanca\/"},"author":{"name":"Irmao","@id":"https:\/\/salmosbiblicos.com.br\/#\/schema\/person\/760735259ba35f1e44e89c71c72d79da"},"headline":"Renovando a f\u00e9: uma ora\u00e7\u00e3o de gratid\u00e3o e esperan\u00e7a","datePublished":"2025-05-08T21:46:49+00:00","mainEntityOfPage":{"@id":"https:\/\/salmosbiblicos.com.br\/index.php\/2025\/05\/08\/renovando-a-fe-uma-oracao-de-gratidao-e-esperanca\/"},"wordCount":309,"articleSection":["Ora\u00e7\u00e3o do Dia"],"inLanguage":"pt-BR"},{"@type":"WebPage","@id":"https:\/\/salmosbiblicos.com.br\/index.php\/2025\/05\/08\/renovando-a-fe-uma-oracao-de-gratidao-e-esperanca\/","url":"https:\/\/salmosbiblicos.com.br\/index.php\/2025\/05\/08\/renovando-a-fe-uma-oracao-de-gratidao-e-esperanca\/","name":"Renovando a f\u00e9: uma ora\u00e7\u00e3o de gratid\u00e3o e esperan\u00e7a - Salmos B\u00edblicos","isPartOf":{"@id":"https:\/\/salmosbiblicos.com.br\/#website"},"datePublished":"2025-05-08T21:46:49+00:00","author":{"@id":"https:\/\/salmosbiblicos.com.br\/#\/schema\/person\/760735259ba35f1e44e89c71c72d79da"},"breadcrumb":{"@id":"https:\/\/salmosbiblicos.com.br\/index.php\/2025\/05\/08\/renovando-a-fe-uma-oracao-de-gratidao-e-esperanca\/#breadcrumb"},"inLanguage":"pt-BR","potentialAction":[{"@type":"ReadAction","target":["https:\/\/salmosbiblicos.com.br\/index.php\/2025\/05\/08\/renovando-a-fe-uma-oracao-de-gratidao-e-esperanca\/"]}]},{"@type":"BreadcrumbList","@id":"https:\/\/salmosbiblicos.com.br\/index.php\/2025\/05\/08\/renovando-a-fe-uma-oracao-de-gratidao-e-esperanca\/#breadcrumb","itemListElement":[{"@type":"ListItem","position":1,"name":"Home","item":"https:\/\/salmosbiblicos.com.br\/"},{"@type":"ListItem","position":2,"name":"Renovando a f\u00e9: uma ora\u00e7\u00e3o de gratid\u00e3o e esperan\u00e7a"}]},{"@type":"WebSite","@id":"https:\/\/salmosbiblicos.com.br\/#website","url":"https:\/\/salmosbiblicos.com.br\/","name":"Salmos B\u00edblicos","description":"Uma e-Livraria com e-Books novos para voc\u00ea refletir.","potentialAction":[{"@type":"SearchAction","target":{"@type":"EntryPoint","urlTemplate":"https:\/\/salmosbiblicos.com.br\/?s={search_term_string}"},"query-input":{"@type":"PropertyValueSpecification","valueRequired":true,"valueName":"search_term_string"}}],"inLanguage":"pt-BR"},{"@type":"Person","@id":"https:\/\/salmosbiblicos.com.br\/#\/schema\/person\/760735259ba35f1e44e89c71c72d79da","name":"Irmao","image":{"@type":"ImageObject","inLanguage":"pt-BR","@id":"https:\/\/secure.gravatar.com\/avatar\/?s=96&d=mm&r=g","url":"https:\/\/secure.gravatar.com\/avatar\/?s=96&d=mm&r=g","contentUrl":"https:\/\/secure.gravatar.com\/avatar\/?s=96&d=mm&r=g","caption":"Irmao"},"url":"https:\/\/salmosbiblicos.com.br\/index.php\/author\/irmao\/"}]}},"_links":{"self":[{"href":"https:\/\/salmosbiblicos.com.br\/index.php\/wp-json\/wp\/v2\/posts\/4959","targetHints":{"allow":["GET"]}}],"collection":[{"href":"https:\/\/salmosbiblicos.com.br\/index.php\/wp-json\/wp\/v2\/posts"}],"about":[{"href":"https:\/\/salmosbiblicos.com.br\/index.php\/wp-json\/wp\/v2\/types\/post"}],"author":[{"embeddable":true,"href":"https:\/\/salmosbiblicos.com.br\/index.php\/wp-json\/wp\/v2\/users\/2"}],"replies":[{"embeddable":true,"href":"https:\/\/salmosbiblicos.com.br\/index.php\/wp-json\/wp\/v2\/comments?post=4959"}],"version-history":[{"count":0,"href":"https:\/\/salmosbiblicos.com.br\/index.php\/wp-json\/wp\/v2\/posts\/4959\/revisions"}],"wp:attachment":[{"href":"https:\/\/salmosbiblicos.com.br\/index.php\/wp-json\/wp\/v2\/media?parent=4959"}],"wp:term":[{"taxonomy":"category","embeddable":true,"href":"https:\/\/salmosbiblicos.com.br\/index.php\/wp-json\/wp\/v2\/categories?post=4959"},{"taxonomy":"post_tag","embeddable":true,"href":"https:\/\/salmosbiblicos.com.br\/index.php\/wp-json\/wp\/v2\/tags?post=4959"}],"curies":[{"name":"wp","href":"https:\/\/api.w.org\/{rel}","templated":true}]}}