{"id":4961,"date":"2025-05-08T18:46:54","date_gmt":"2025-05-08T21:46:54","guid":{"rendered":"https:\/\/salmosbiblicos.com.br\/?p=4961"},"modified":"2025-05-08T18:46:54","modified_gmt":"2025-05-08T21:46:54","slug":"reflexoes-de-fe-confianca-gratidao-e-esperanca-em-deus","status":"publish","type":"post","link":"https:\/\/salmosbiblicos.com.br\/index.php\/2025\/05\/08\/reflexoes-de-fe-confianca-gratidao-e-esperanca-em-deus\/","title":{"rendered":"Reflex\u00f5es de f\u00e9: confian\u00e7a, gratid\u00e3o e esperan\u00e7a em Deus"},"content":{"rendered":"<p>Querido Deus,<\/p>\n<p>Hoje eu venho at\u00e9 Ti com o cora\u00e7\u00e3o cheio de gratid\u00e3o por mais um dia de vida que me concedeste. Obrigado por cada respira\u00e7\u00e3o, por cada batida do meu cora\u00e7\u00e3o, por cada oportunidade de recome\u00e7ar e fazer o bem.<\/p>\n<p>\u00c0s vezes, a vida nos traz desafios e obst\u00e1culos que parecem dif\u00edceis de superar. Mas, mesmo nos momentos de incerteza, eu sei que posso confiar em Ti, pois Tua presen\u00e7a \u00e9 constante e Tua luz ilumina o meu caminho.<\/p>\n<p>Pe\u00e7o, Senhor, que fortale\u00e7as a minha f\u00e9 e me ajudes a manter a esperan\u00e7a viva em meu cora\u00e7\u00e3o. Que eu possa encontrar paz em meio ao caos, serenidade em meio \u00e0 tempestade e for\u00e7a para seguir em frente, sabendo que est\u00e1s ao meu lado em todos os momentos.<\/p>\n<p>Que a Tua sabedoria guie os meus passos, a Tua gra\u00e7a me sustente e o Teu amor me fortale\u00e7a. Que eu possa enxergar as b\u00ean\u00e7\u00e3os que me cercam, mesmo nos momentos de dificuldade, e aprender a agradecer por cada uma delas.<\/p>\n<p>Que a minha vida seja um reflexo do Teu amor e miseric\u00f3rdia, e que eu possa ser instrumento de paz e esperan\u00e7a para aqueles que cruzarem o meu caminho.<\/p>\n<p>Que a Tua vontade prevale\u00e7a em minha vida e que eu possa me entregar completamente aos Teus planos, confiando que tudo acontece no tempo certo e da melhor forma poss\u00edvel.<\/p>\n<p>Que a minha f\u00e9 seja inabal\u00e1vel, a minha esperan\u00e7a infind\u00e1vel e o meu amor incondicional. Am\u00e9m.<\/p>\n<p>Que a paz de Deus, que excede todo entendimento, guarde o meu cora\u00e7\u00e3o e minha mente em Cristo Jesus. Am\u00e9m.<\/p>\n","protected":false},"excerpt":{"rendered":"<p>Querido Deus, Hoje eu venho at\u00e9 Ti com o cora\u00e7\u00e3o cheio de gratid\u00e3o por mais um dia de vida que me concedeste. Obrigado por cada respira\u00e7\u00e3o, por cada batida do meu cora\u00e7\u00e3o, por cada oportunidade de recome\u00e7ar e fazer o bem. \u00c0s vezes, a vida nos traz desafios e obst\u00e1culos que parecem dif\u00edceis de superar. [&hellip;]<\/p>\n","protected":false},"author":2,"featured_media":0,"comment_status":"closed","ping_status":"open","sticky":false,"template":"","format":"standard","meta":{"footnotes":""},"categories":[8],"tags":[],"class_list":["post-4961","post","type-post","status-publish","format-standard","hentry","category-oracao-do-dia"],"yoast_head":"<!-- This site is optimized with the Yoast SEO plugin v27.2 - https:\/\/yoast.com\/product\/yoast-seo-wordpress\/ -->\n<title>Reflex\u00f5es de f\u00e9: confian\u00e7a, gratid\u00e3o e esperan\u00e7a em Deus - Salmos B\u00edblicos<\/title>\n<meta name=\"robots\" content=\"index, follow, max-snippet:-1, max-image-preview:large, max-video-preview:-1\" \/>\n<link rel=\"canonical\" href=\"https:\/\/salmosbiblicos.com.br\/index.php\/2025\/05\/08\/reflexoes-de-fe-confianca-gratidao-e-esperanca-em-deus\/\" \/>\n<meta property=\"og:locale\" content=\"pt_BR\" \/>\n<meta property=\"og:type\" content=\"article\" \/>\n<meta property=\"og:title\" content=\"Reflex\u00f5es de f\u00e9: confian\u00e7a, gratid\u00e3o e esperan\u00e7a em Deus - Salmos B\u00edblicos\" \/>\n<meta property=\"og:description\" content=\"Querido Deus, Hoje eu venho at\u00e9 Ti com o cora\u00e7\u00e3o cheio de gratid\u00e3o por mais um dia de vida que me concedeste. Obrigado por cada respira\u00e7\u00e3o, por cada batida do meu cora\u00e7\u00e3o, por cada oportunidade de recome\u00e7ar e fazer o bem. \u00c0s vezes, a vida nos traz desafios e obst\u00e1culos que parecem dif\u00edceis de superar. [&hellip;]\" \/>\n<meta property=\"og:url\" content=\"https:\/\/salmosbiblicos.com.br\/index.php\/2025\/05\/08\/reflexoes-de-fe-confianca-gratidao-e-esperanca-em-deus\/\" \/>\n<meta property=\"og:site_name\" content=\"Salmos B\u00edblicos\" \/>\n<meta property=\"article:published_time\" content=\"2025-05-08T21:46:54+00:00\" \/>\n<meta name=\"author\" content=\"Irmao\" \/>\n<meta name=\"twitter:card\" content=\"summary_large_image\" \/>\n<meta name=\"twitter:label1\" content=\"Escrito por\" \/>\n\t<meta name=\"twitter:data1\" content=\"Irmao\" \/>\n\t<meta name=\"twitter:label2\" content=\"Est. tempo de leitura\" \/>\n\t<meta name=\"twitter:data2\" content=\"1 minuto\" \/>\n<script type=\"application\/ld+json\" class=\"yoast-schema-graph\">{\"@context\":\"https:\/\/schema.org\",\"@graph\":[{\"@type\":\"Article\",\"@id\":\"https:\/\/salmosbiblicos.com.br\/index.php\/2025\/05\/08\/reflexoes-de-fe-confianca-gratidao-e-esperanca-em-deus\/#article\",\"isPartOf\":{\"@id\":\"https:\/\/salmosbiblicos.com.br\/index.php\/2025\/05\/08\/reflexoes-de-fe-confianca-gratidao-e-esperanca-em-deus\/\"},\"author\":{\"name\":\"Irmao\",\"@id\":\"https:\/\/salmosbiblicos.com.br\/#\/schema\/person\/760735259ba35f1e44e89c71c72d79da\"},\"headline\":\"Reflex\u00f5es de f\u00e9: confian\u00e7a, gratid\u00e3o e esperan\u00e7a em Deus\",\"datePublished\":\"2025-05-08T21:46:54+00:00\",\"mainEntityOfPage\":{\"@id\":\"https:\/\/salmosbiblicos.com.br\/index.php\/2025\/05\/08\/reflexoes-de-fe-confianca-gratidao-e-esperanca-em-deus\/\"},\"wordCount\":303,\"articleSection\":[\"Ora\u00e7\u00e3o do Dia\"],\"inLanguage\":\"pt-BR\"},{\"@type\":\"WebPage\",\"@id\":\"https:\/\/salmosbiblicos.com.br\/index.php\/2025\/05\/08\/reflexoes-de-fe-confianca-gratidao-e-esperanca-em-deus\/\",\"url\":\"https:\/\/salmosbiblicos.com.br\/index.php\/2025\/05\/08\/reflexoes-de-fe-confianca-gratidao-e-esperanca-em-deus\/\",\"name\":\"Reflex\u00f5es de f\u00e9: confian\u00e7a, gratid\u00e3o e esperan\u00e7a em Deus - Salmos B\u00edblicos\",\"isPartOf\":{\"@id\":\"https:\/\/salmosbiblicos.com.br\/#website\"},\"datePublished\":\"2025-05-08T21:46:54+00:00\",\"author\":{\"@id\":\"https:\/\/salmosbiblicos.com.br\/#\/schema\/person\/760735259ba35f1e44e89c71c72d79da\"},\"breadcrumb\":{\"@id\":\"https:\/\/salmosbiblicos.com.br\/index.php\/2025\/05\/08\/reflexoes-de-fe-confianca-gratidao-e-esperanca-em-deus\/#breadcrumb\"},\"inLanguage\":\"pt-BR\",\"potentialAction\":[{\"@type\":\"ReadAction\",\"target\":[\"https:\/\/salmosbiblicos.com.br\/index.php\/2025\/05\/08\/reflexoes-de-fe-confianca-gratidao-e-esperanca-em-deus\/\"]}]},{\"@type\":\"BreadcrumbList\",\"@id\":\"https:\/\/salmosbiblicos.com.br\/index.php\/2025\/05\/08\/reflexoes-de-fe-confianca-gratidao-e-esperanca-em-deus\/#breadcrumb\",\"itemListElement\":[{\"@type\":\"ListItem\",\"position\":1,\"name\":\"Home\",\"item\":\"https:\/\/salmosbiblicos.com.br\/\"},{\"@type\":\"ListItem\",\"position\":2,\"name\":\"Reflex\u00f5es de f\u00e9: confian\u00e7a, gratid\u00e3o e esperan\u00e7a em Deus\"}]},{\"@type\":\"WebSite\",\"@id\":\"https:\/\/salmosbiblicos.com.br\/#website\",\"url\":\"https:\/\/salmosbiblicos.com.br\/\",\"name\":\"Salmos B\u00edblicos\",\"description\":\"Uma e-Livraria com e-Books novos para voc\u00ea refletir.\",\"potentialAction\":[{\"@type\":\"SearchAction\",\"target\":{\"@type\":\"EntryPoint\",\"urlTemplate\":\"https:\/\/salmosbiblicos.com.br\/?s={search_term_string}\"},\"query-input\":{\"@type\":\"PropertyValueSpecification\",\"valueRequired\":true,\"valueName\":\"search_term_string\"}}],\"inLanguage\":\"pt-BR\"},{\"@type\":\"Person\",\"@id\":\"https:\/\/salmosbiblicos.com.br\/#\/schema\/person\/760735259ba35f1e44e89c71c72d79da\",\"name\":\"Irmao\",\"image\":{\"@type\":\"ImageObject\",\"inLanguage\":\"pt-BR\",\"@id\":\"https:\/\/secure.gravatar.com\/avatar\/?s=96&d=mm&r=g\",\"url\":\"https:\/\/secure.gravatar.com\/avatar\/?s=96&d=mm&r=g\",\"contentUrl\":\"https:\/\/secure.gravatar.com\/avatar\/?s=96&d=mm&r=g\",\"caption\":\"Irmao\"},\"url\":\"https:\/\/salmosbiblicos.com.br\/index.php\/author\/irmao\/\"}]}<\/script>\n<!-- \/ Yoast SEO plugin. -->","yoast_head_json":{"title":"Reflex\u00f5es de f\u00e9: confian\u00e7a, gratid\u00e3o e esperan\u00e7a em Deus - Salmos B\u00edblicos","robots":{"index":"index","follow":"follow","max-snippet":"max-snippet:-1","max-image-preview":"max-image-preview:large","max-video-preview":"max-video-preview:-1"},"canonical":"https:\/\/salmosbiblicos.com.br\/index.php\/2025\/05\/08\/reflexoes-de-fe-confianca-gratidao-e-esperanca-em-deus\/","og_locale":"pt_BR","og_type":"article","og_title":"Reflex\u00f5es de f\u00e9: confian\u00e7a, gratid\u00e3o e esperan\u00e7a em Deus - Salmos B\u00edblicos","og_description":"Querido Deus, Hoje eu venho at\u00e9 Ti com o cora\u00e7\u00e3o cheio de gratid\u00e3o por mais um dia de vida que me concedeste. Obrigado por cada respira\u00e7\u00e3o, por cada batida do meu cora\u00e7\u00e3o, por cada oportunidade de recome\u00e7ar e fazer o bem. \u00c0s vezes, a vida nos traz desafios e obst\u00e1culos que parecem dif\u00edceis de superar. [&hellip;]","og_url":"https:\/\/salmosbiblicos.com.br\/index.php\/2025\/05\/08\/reflexoes-de-fe-confianca-gratidao-e-esperanca-em-deus\/","og_site_name":"Salmos B\u00edblicos","article_published_time":"2025-05-08T21:46:54+00:00","author":"Irmao","twitter_card":"summary_large_image","twitter_misc":{"Escrito por":"Irmao","Est. tempo de leitura":"1 minuto"},"schema":{"@context":"https:\/\/schema.org","@graph":[{"@type":"Article","@id":"https:\/\/salmosbiblicos.com.br\/index.php\/2025\/05\/08\/reflexoes-de-fe-confianca-gratidao-e-esperanca-em-deus\/#article","isPartOf":{"@id":"https:\/\/salmosbiblicos.com.br\/index.php\/2025\/05\/08\/reflexoes-de-fe-confianca-gratidao-e-esperanca-em-deus\/"},"author":{"name":"Irmao","@id":"https:\/\/salmosbiblicos.com.br\/#\/schema\/person\/760735259ba35f1e44e89c71c72d79da"},"headline":"Reflex\u00f5es de f\u00e9: confian\u00e7a, gratid\u00e3o e esperan\u00e7a em Deus","datePublished":"2025-05-08T21:46:54+00:00","mainEntityOfPage":{"@id":"https:\/\/salmosbiblicos.com.br\/index.php\/2025\/05\/08\/reflexoes-de-fe-confianca-gratidao-e-esperanca-em-deus\/"},"wordCount":303,"articleSection":["Ora\u00e7\u00e3o do Dia"],"inLanguage":"pt-BR"},{"@type":"WebPage","@id":"https:\/\/salmosbiblicos.com.br\/index.php\/2025\/05\/08\/reflexoes-de-fe-confianca-gratidao-e-esperanca-em-deus\/","url":"https:\/\/salmosbiblicos.com.br\/index.php\/2025\/05\/08\/reflexoes-de-fe-confianca-gratidao-e-esperanca-em-deus\/","name":"Reflex\u00f5es de f\u00e9: confian\u00e7a, gratid\u00e3o e esperan\u00e7a em Deus - Salmos B\u00edblicos","isPartOf":{"@id":"https:\/\/salmosbiblicos.com.br\/#website"},"datePublished":"2025-05-08T21:46:54+00:00","author":{"@id":"https:\/\/salmosbiblicos.com.br\/#\/schema\/person\/760735259ba35f1e44e89c71c72d79da"},"breadcrumb":{"@id":"https:\/\/salmosbiblicos.com.br\/index.php\/2025\/05\/08\/reflexoes-de-fe-confianca-gratidao-e-esperanca-em-deus\/#breadcrumb"},"inLanguage":"pt-BR","potentialAction":[{"@type":"ReadAction","target":["https:\/\/salmosbiblicos.com.br\/index.php\/2025\/05\/08\/reflexoes-de-fe-confianca-gratidao-e-esperanca-em-deus\/"]}]},{"@type":"BreadcrumbList","@id":"https:\/\/salmosbiblicos.com.br\/index.php\/2025\/05\/08\/reflexoes-de-fe-confianca-gratidao-e-esperanca-em-deus\/#breadcrumb","itemListElement":[{"@type":"ListItem","position":1,"name":"Home","item":"https:\/\/salmosbiblicos.com.br\/"},{"@type":"ListItem","position":2,"name":"Reflex\u00f5es de f\u00e9: confian\u00e7a, gratid\u00e3o e esperan\u00e7a em Deus"}]},{"@type":"WebSite","@id":"https:\/\/salmosbiblicos.com.br\/#website","url":"https:\/\/salmosbiblicos.com.br\/","name":"Salmos B\u00edblicos","description":"Uma e-Livraria com e-Books novos para voc\u00ea refletir.","potentialAction":[{"@type":"SearchAction","target":{"@type":"EntryPoint","urlTemplate":"https:\/\/salmosbiblicos.com.br\/?s={search_term_string}"},"query-input":{"@type":"PropertyValueSpecification","valueRequired":true,"valueName":"search_term_string"}}],"inLanguage":"pt-BR"},{"@type":"Person","@id":"https:\/\/salmosbiblicos.com.br\/#\/schema\/person\/760735259ba35f1e44e89c71c72d79da","name":"Irmao","image":{"@type":"ImageObject","inLanguage":"pt-BR","@id":"https:\/\/secure.gravatar.com\/avatar\/?s=96&d=mm&r=g","url":"https:\/\/secure.gravatar.com\/avatar\/?s=96&d=mm&r=g","contentUrl":"https:\/\/secure.gravatar.com\/avatar\/?s=96&d=mm&r=g","caption":"Irmao"},"url":"https:\/\/salmosbiblicos.com.br\/index.php\/author\/irmao\/"}]}},"_links":{"self":[{"href":"https:\/\/salmosbiblicos.com.br\/index.php\/wp-json\/wp\/v2\/posts\/4961","targetHints":{"allow":["GET"]}}],"collection":[{"href":"https:\/\/salmosbiblicos.com.br\/index.php\/wp-json\/wp\/v2\/posts"}],"about":[{"href":"https:\/\/salmosbiblicos.com.br\/index.php\/wp-json\/wp\/v2\/types\/post"}],"author":[{"embeddable":true,"href":"https:\/\/salmosbiblicos.com.br\/index.php\/wp-json\/wp\/v2\/users\/2"}],"replies":[{"embeddable":true,"href":"https:\/\/salmosbiblicos.com.br\/index.php\/wp-json\/wp\/v2\/comments?post=4961"}],"version-history":[{"count":0,"href":"https:\/\/salmosbiblicos.com.br\/index.php\/wp-json\/wp\/v2\/posts\/4961\/revisions"}],"wp:attachment":[{"href":"https:\/\/salmosbiblicos.com.br\/index.php\/wp-json\/wp\/v2\/media?parent=4961"}],"wp:term":[{"taxonomy":"category","embeddable":true,"href":"https:\/\/salmosbiblicos.com.br\/index.php\/wp-json\/wp\/v2\/categories?post=4961"},{"taxonomy":"post_tag","embeddable":true,"href":"https:\/\/salmosbiblicos.com.br\/index.php\/wp-json\/wp\/v2\/tags?post=4961"}],"curies":[{"name":"wp","href":"https:\/\/api.w.org\/{rel}","templated":true}]}}