{"id":4969,"date":"2025-05-08T18:47:27","date_gmt":"2025-05-08T21:47:27","guid":{"rendered":"https:\/\/salmosbiblicos.com.br\/?p=4969"},"modified":"2025-05-08T18:47:27","modified_gmt":"2025-05-08T21:47:27","slug":"renove-sua-fe-reflexoes-e-praticas-para-viver-a-quaresma-com-intensidade-e-proposito","status":"publish","type":"post","link":"https:\/\/salmosbiblicos.com.br\/index.php\/2025\/05\/08\/renove-sua-fe-reflexoes-e-praticas-para-viver-a-quaresma-com-intensidade-e-proposito\/","title":{"rendered":"Renove sua f\u00e9: reflex\u00f5es e pr\u00e1ticas para viver a Quaresma com intensidade e prop\u00f3sito"},"content":{"rendered":"<p>A Quaresma \u00e9 um per\u00edodo de 40 dias de penit\u00eancia, ora\u00e7\u00e3o e jejum que antecede a P\u00e1scoa, a principal festa crist\u00e3. A Quaresma tem in\u00edcio na Quarta-feira de Cinzas e termina no Domingo de Ramos, que marca a entrada de Jesus em Jerusal\u00e9m.<\/p>\n<p>A origem da Quaresma remonta aos primeiros s\u00e9culos do Cristianismo, quando os fi\u00e9is se preparavam para a celebra\u00e7\u00e3o da P\u00e1scoa atrav\u00e9s do jejum e da penit\u00eancia. O n\u00famero 40 tem um significado simb\u00f3lico na B\u00edblia, representando um tempo de prepara\u00e7\u00e3o, purifica\u00e7\u00e3o e renova\u00e7\u00e3o espiritual. Os 40 dias da Quaresma lembram os 40 anos em que o povo de Israel caminhou pelo deserto antes de entrar na Terra Prometida, assim como os 40 dias que Jesus passou no deserto jejuando e sendo tentado pelo diabo.<\/p>\n<p>Durante a Quaresma, os fi\u00e9is s\u00e3o convidados a refletir sobre suas vidas, a se arrepender de seus pecados, a se reconciliar com Deus e com o pr\u00f3ximo, e a se dedicar mais intensamente \u00e0 ora\u00e7\u00e3o e \u00e0 caridade. O jejum e a abstin\u00eancia s\u00e3o pr\u00e1ticas comuns nesse per\u00edodo, simbolizando a ren\u00fancia \u00e0s coisas materiais em favor do crescimento espiritual.<\/p>\n<p>A Quaresma nos convida a viver de forma mais simples e humilde, a nos desapegar das preocupa\u00e7\u00f5es do mundo e a nos voltar para as coisas do esp\u00edrito. \u00c9 um tempo de renova\u00e7\u00e3o interior, de convers\u00e3o e de prepara\u00e7\u00e3o para celebrarmos a vit\u00f3ria de Cristo sobre o pecado e a morte na P\u00e1scoa.<\/p>\n<p>Neste tempo de Quaresma, que tal dedicarmos mais tempo \u00e0 ora\u00e7\u00e3o, ao estudo da Palavra de Deus e \u00e0 pr\u00e1tica da caridade? Que possamos nos arrepender sinceramente de nossos pecados, nos reconciliar com aqueles a quem magoamos e perdoar aqueles que nos magoaram. Que possamos nos desapegar das coisas materiais que nos prendem e nos voltar para as coisas do esp\u00edrito que nos libertam.<\/p>\n<p>Que a Quaresma seja para n\u00f3s um tempo de gra\u00e7a e de b\u00ean\u00e7\u00e3o, um tempo de renova\u00e7\u00e3o e de convers\u00e3o, um tempo de encontro com Deus e com o pr\u00f3ximo. Que possamos viver este per\u00edodo de forma consciente, intensa e frutuosa, preparando-nos para celebrar com alegria a Ressurrei\u00e7\u00e3o de Cristo na P\u00e1scoa.<\/p>\n<p>Que a Quaresma seja para n\u00f3s um tempo de renova\u00e7\u00e3o espiritual e de crescimento na f\u00e9, um tempo de convers\u00e3o e de reconcilia\u00e7\u00e3o, um tempo de encontro com Deus e com o pr\u00f3ximo. Que possamos viver este per\u00edodo com sinceridade e intensidade, buscando a verdadeira convers\u00e3o do cora\u00e7\u00e3o e a viv\u00eancia aut\u00eantica do Evangelho.<\/p>\n<p>Que a Quaresma seja para n\u00f3s um tempo de gra\u00e7a e de b\u00ean\u00e7\u00e3o, um tempo de renova\u00e7\u00e3o e de convers\u00e3o, um tempo de encontro com Deus e com o pr\u00f3ximo. Que possamos viver este per\u00edodo de forma consciente, intensa e frutuosa, preparando-nos para celebrar com alegria a Ressurrei\u00e7\u00e3o de Cristo na P\u00e1scoa.<\/p>\n","protected":false},"excerpt":{"rendered":"<p>A Quaresma \u00e9 um per\u00edodo de 40 dias de penit\u00eancia, ora\u00e7\u00e3o e jejum que antecede a P\u00e1scoa, a principal festa crist\u00e3. A Quaresma tem in\u00edcio na Quarta-feira de Cinzas e termina no Domingo de Ramos, que marca a entrada de Jesus em Jerusal\u00e9m. A origem da Quaresma remonta aos primeiros s\u00e9culos do Cristianismo, quando os [&hellip;]<\/p>\n","protected":false},"author":2,"featured_media":0,"comment_status":"closed","ping_status":"open","sticky":false,"template":"","format":"standard","meta":{"footnotes":""},"categories":[9],"tags":[],"class_list":["post-4969","post","type-post","status-publish","format-standard","hentry","category-data-religiosa"],"yoast_head":"<!-- This site is optimized with the Yoast SEO plugin v27.2 - https:\/\/yoast.com\/product\/yoast-seo-wordpress\/ -->\n<title>Renove sua f\u00e9: reflex\u00f5es e pr\u00e1ticas para viver a Quaresma com intensidade e prop\u00f3sito - Salmos B\u00edblicos<\/title>\n<meta name=\"robots\" content=\"index, follow, max-snippet:-1, max-image-preview:large, max-video-preview:-1\" \/>\n<link rel=\"canonical\" href=\"https:\/\/salmosbiblicos.com.br\/index.php\/2025\/05\/08\/renove-sua-fe-reflexoes-e-praticas-para-viver-a-quaresma-com-intensidade-e-proposito\/\" \/>\n<meta property=\"og:locale\" content=\"pt_BR\" \/>\n<meta property=\"og:type\" content=\"article\" \/>\n<meta property=\"og:title\" content=\"Renove sua f\u00e9: reflex\u00f5es e pr\u00e1ticas para viver a Quaresma com intensidade e prop\u00f3sito - Salmos B\u00edblicos\" \/>\n<meta property=\"og:description\" content=\"A Quaresma \u00e9 um per\u00edodo de 40 dias de penit\u00eancia, ora\u00e7\u00e3o e jejum que antecede a P\u00e1scoa, a principal festa crist\u00e3. A Quaresma tem in\u00edcio na Quarta-feira de Cinzas e termina no Domingo de Ramos, que marca a entrada de Jesus em Jerusal\u00e9m. A origem da Quaresma remonta aos primeiros s\u00e9culos do Cristianismo, quando os [&hellip;]\" \/>\n<meta property=\"og:url\" content=\"https:\/\/salmosbiblicos.com.br\/index.php\/2025\/05\/08\/renove-sua-fe-reflexoes-e-praticas-para-viver-a-quaresma-com-intensidade-e-proposito\/\" \/>\n<meta property=\"og:site_name\" content=\"Salmos B\u00edblicos\" \/>\n<meta property=\"article:published_time\" content=\"2025-05-08T21:47:27+00:00\" \/>\n<meta name=\"author\" content=\"Irmao\" \/>\n<meta name=\"twitter:card\" content=\"summary_large_image\" \/>\n<meta name=\"twitter:label1\" content=\"Escrito por\" \/>\n\t<meta name=\"twitter:data1\" content=\"Irmao\" \/>\n\t<meta name=\"twitter:label2\" content=\"Est. tempo de leitura\" \/>\n\t<meta name=\"twitter:data2\" content=\"3 minutos\" \/>\n<script type=\"application\/ld+json\" class=\"yoast-schema-graph\">{\"@context\":\"https:\/\/schema.org\",\"@graph\":[{\"@type\":\"Article\",\"@id\":\"https:\/\/salmosbiblicos.com.br\/index.php\/2025\/05\/08\/renove-sua-fe-reflexoes-e-praticas-para-viver-a-quaresma-com-intensidade-e-proposito\/#article\",\"isPartOf\":{\"@id\":\"https:\/\/salmosbiblicos.com.br\/index.php\/2025\/05\/08\/renove-sua-fe-reflexoes-e-praticas-para-viver-a-quaresma-com-intensidade-e-proposito\/\"},\"author\":{\"name\":\"Irmao\",\"@id\":\"https:\/\/salmosbiblicos.com.br\/#\/schema\/person\/760735259ba35f1e44e89c71c72d79da\"},\"headline\":\"Renove sua f\u00e9: reflex\u00f5es e pr\u00e1ticas para viver a Quaresma com intensidade e prop\u00f3sito\",\"datePublished\":\"2025-05-08T21:47:27+00:00\",\"mainEntityOfPage\":{\"@id\":\"https:\/\/salmosbiblicos.com.br\/index.php\/2025\/05\/08\/renove-sua-fe-reflexoes-e-praticas-para-viver-a-quaresma-com-intensidade-e-proposito\/\"},\"wordCount\":534,\"articleSection\":[\"Data Religiosa\"],\"inLanguage\":\"pt-BR\"},{\"@type\":\"WebPage\",\"@id\":\"https:\/\/salmosbiblicos.com.br\/index.php\/2025\/05\/08\/renove-sua-fe-reflexoes-e-praticas-para-viver-a-quaresma-com-intensidade-e-proposito\/\",\"url\":\"https:\/\/salmosbiblicos.com.br\/index.php\/2025\/05\/08\/renove-sua-fe-reflexoes-e-praticas-para-viver-a-quaresma-com-intensidade-e-proposito\/\",\"name\":\"Renove sua f\u00e9: reflex\u00f5es e pr\u00e1ticas para viver a Quaresma com intensidade e prop\u00f3sito - Salmos B\u00edblicos\",\"isPartOf\":{\"@id\":\"https:\/\/salmosbiblicos.com.br\/#website\"},\"datePublished\":\"2025-05-08T21:47:27+00:00\",\"author\":{\"@id\":\"https:\/\/salmosbiblicos.com.br\/#\/schema\/person\/760735259ba35f1e44e89c71c72d79da\"},\"breadcrumb\":{\"@id\":\"https:\/\/salmosbiblicos.com.br\/index.php\/2025\/05\/08\/renove-sua-fe-reflexoes-e-praticas-para-viver-a-quaresma-com-intensidade-e-proposito\/#breadcrumb\"},\"inLanguage\":\"pt-BR\",\"potentialAction\":[{\"@type\":\"ReadAction\",\"target\":[\"https:\/\/salmosbiblicos.com.br\/index.php\/2025\/05\/08\/renove-sua-fe-reflexoes-e-praticas-para-viver-a-quaresma-com-intensidade-e-proposito\/\"]}]},{\"@type\":\"BreadcrumbList\",\"@id\":\"https:\/\/salmosbiblicos.com.br\/index.php\/2025\/05\/08\/renove-sua-fe-reflexoes-e-praticas-para-viver-a-quaresma-com-intensidade-e-proposito\/#breadcrumb\",\"itemListElement\":[{\"@type\":\"ListItem\",\"position\":1,\"name\":\"Home\",\"item\":\"https:\/\/salmosbiblicos.com.br\/\"},{\"@type\":\"ListItem\",\"position\":2,\"name\":\"Renove sua f\u00e9: reflex\u00f5es e pr\u00e1ticas para viver a Quaresma com intensidade e prop\u00f3sito\"}]},{\"@type\":\"WebSite\",\"@id\":\"https:\/\/salmosbiblicos.com.br\/#website\",\"url\":\"https:\/\/salmosbiblicos.com.br\/\",\"name\":\"Salmos B\u00edblicos\",\"description\":\"Uma e-Livraria com e-Books novos para voc\u00ea refletir.\",\"potentialAction\":[{\"@type\":\"SearchAction\",\"target\":{\"@type\":\"EntryPoint\",\"urlTemplate\":\"https:\/\/salmosbiblicos.com.br\/?s={search_term_string}\"},\"query-input\":{\"@type\":\"PropertyValueSpecification\",\"valueRequired\":true,\"valueName\":\"search_term_string\"}}],\"inLanguage\":\"pt-BR\"},{\"@type\":\"Person\",\"@id\":\"https:\/\/salmosbiblicos.com.br\/#\/schema\/person\/760735259ba35f1e44e89c71c72d79da\",\"name\":\"Irmao\",\"image\":{\"@type\":\"ImageObject\",\"inLanguage\":\"pt-BR\",\"@id\":\"https:\/\/secure.gravatar.com\/avatar\/?s=96&d=mm&r=g\",\"url\":\"https:\/\/secure.gravatar.com\/avatar\/?s=96&d=mm&r=g\",\"contentUrl\":\"https:\/\/secure.gravatar.com\/avatar\/?s=96&d=mm&r=g\",\"caption\":\"Irmao\"},\"url\":\"https:\/\/salmosbiblicos.com.br\/index.php\/author\/irmao\/\"}]}<\/script>\n<!-- \/ Yoast SEO plugin. -->","yoast_head_json":{"title":"Renove sua f\u00e9: reflex\u00f5es e pr\u00e1ticas para viver a Quaresma com intensidade e prop\u00f3sito - Salmos B\u00edblicos","robots":{"index":"index","follow":"follow","max-snippet":"max-snippet:-1","max-image-preview":"max-image-preview:large","max-video-preview":"max-video-preview:-1"},"canonical":"https:\/\/salmosbiblicos.com.br\/index.php\/2025\/05\/08\/renove-sua-fe-reflexoes-e-praticas-para-viver-a-quaresma-com-intensidade-e-proposito\/","og_locale":"pt_BR","og_type":"article","og_title":"Renove sua f\u00e9: reflex\u00f5es e pr\u00e1ticas para viver a Quaresma com intensidade e prop\u00f3sito - Salmos B\u00edblicos","og_description":"A Quaresma \u00e9 um per\u00edodo de 40 dias de penit\u00eancia, ora\u00e7\u00e3o e jejum que antecede a P\u00e1scoa, a principal festa crist\u00e3. A Quaresma tem in\u00edcio na Quarta-feira de Cinzas e termina no Domingo de Ramos, que marca a entrada de Jesus em Jerusal\u00e9m. A origem da Quaresma remonta aos primeiros s\u00e9culos do Cristianismo, quando os [&hellip;]","og_url":"https:\/\/salmosbiblicos.com.br\/index.php\/2025\/05\/08\/renove-sua-fe-reflexoes-e-praticas-para-viver-a-quaresma-com-intensidade-e-proposito\/","og_site_name":"Salmos B\u00edblicos","article_published_time":"2025-05-08T21:47:27+00:00","author":"Irmao","twitter_card":"summary_large_image","twitter_misc":{"Escrito por":"Irmao","Est. tempo de leitura":"3 minutos"},"schema":{"@context":"https:\/\/schema.org","@graph":[{"@type":"Article","@id":"https:\/\/salmosbiblicos.com.br\/index.php\/2025\/05\/08\/renove-sua-fe-reflexoes-e-praticas-para-viver-a-quaresma-com-intensidade-e-proposito\/#article","isPartOf":{"@id":"https:\/\/salmosbiblicos.com.br\/index.php\/2025\/05\/08\/renove-sua-fe-reflexoes-e-praticas-para-viver-a-quaresma-com-intensidade-e-proposito\/"},"author":{"name":"Irmao","@id":"https:\/\/salmosbiblicos.com.br\/#\/schema\/person\/760735259ba35f1e44e89c71c72d79da"},"headline":"Renove sua f\u00e9: reflex\u00f5es e pr\u00e1ticas para viver a Quaresma com intensidade e prop\u00f3sito","datePublished":"2025-05-08T21:47:27+00:00","mainEntityOfPage":{"@id":"https:\/\/salmosbiblicos.com.br\/index.php\/2025\/05\/08\/renove-sua-fe-reflexoes-e-praticas-para-viver-a-quaresma-com-intensidade-e-proposito\/"},"wordCount":534,"articleSection":["Data Religiosa"],"inLanguage":"pt-BR"},{"@type":"WebPage","@id":"https:\/\/salmosbiblicos.com.br\/index.php\/2025\/05\/08\/renove-sua-fe-reflexoes-e-praticas-para-viver-a-quaresma-com-intensidade-e-proposito\/","url":"https:\/\/salmosbiblicos.com.br\/index.php\/2025\/05\/08\/renove-sua-fe-reflexoes-e-praticas-para-viver-a-quaresma-com-intensidade-e-proposito\/","name":"Renove sua f\u00e9: reflex\u00f5es e pr\u00e1ticas para viver a Quaresma com intensidade e prop\u00f3sito - Salmos B\u00edblicos","isPartOf":{"@id":"https:\/\/salmosbiblicos.com.br\/#website"},"datePublished":"2025-05-08T21:47:27+00:00","author":{"@id":"https:\/\/salmosbiblicos.com.br\/#\/schema\/person\/760735259ba35f1e44e89c71c72d79da"},"breadcrumb":{"@id":"https:\/\/salmosbiblicos.com.br\/index.php\/2025\/05\/08\/renove-sua-fe-reflexoes-e-praticas-para-viver-a-quaresma-com-intensidade-e-proposito\/#breadcrumb"},"inLanguage":"pt-BR","potentialAction":[{"@type":"ReadAction","target":["https:\/\/salmosbiblicos.com.br\/index.php\/2025\/05\/08\/renove-sua-fe-reflexoes-e-praticas-para-viver-a-quaresma-com-intensidade-e-proposito\/"]}]},{"@type":"BreadcrumbList","@id":"https:\/\/salmosbiblicos.com.br\/index.php\/2025\/05\/08\/renove-sua-fe-reflexoes-e-praticas-para-viver-a-quaresma-com-intensidade-e-proposito\/#breadcrumb","itemListElement":[{"@type":"ListItem","position":1,"name":"Home","item":"https:\/\/salmosbiblicos.com.br\/"},{"@type":"ListItem","position":2,"name":"Renove sua f\u00e9: reflex\u00f5es e pr\u00e1ticas para viver a Quaresma com intensidade e prop\u00f3sito"}]},{"@type":"WebSite","@id":"https:\/\/salmosbiblicos.com.br\/#website","url":"https:\/\/salmosbiblicos.com.br\/","name":"Salmos B\u00edblicos","description":"Uma e-Livraria com e-Books novos para voc\u00ea refletir.","potentialAction":[{"@type":"SearchAction","target":{"@type":"EntryPoint","urlTemplate":"https:\/\/salmosbiblicos.com.br\/?s={search_term_string}"},"query-input":{"@type":"PropertyValueSpecification","valueRequired":true,"valueName":"search_term_string"}}],"inLanguage":"pt-BR"},{"@type":"Person","@id":"https:\/\/salmosbiblicos.com.br\/#\/schema\/person\/760735259ba35f1e44e89c71c72d79da","name":"Irmao","image":{"@type":"ImageObject","inLanguage":"pt-BR","@id":"https:\/\/secure.gravatar.com\/avatar\/?s=96&d=mm&r=g","url":"https:\/\/secure.gravatar.com\/avatar\/?s=96&d=mm&r=g","contentUrl":"https:\/\/secure.gravatar.com\/avatar\/?s=96&d=mm&r=g","caption":"Irmao"},"url":"https:\/\/salmosbiblicos.com.br\/index.php\/author\/irmao\/"}]}},"_links":{"self":[{"href":"https:\/\/salmosbiblicos.com.br\/index.php\/wp-json\/wp\/v2\/posts\/4969","targetHints":{"allow":["GET"]}}],"collection":[{"href":"https:\/\/salmosbiblicos.com.br\/index.php\/wp-json\/wp\/v2\/posts"}],"about":[{"href":"https:\/\/salmosbiblicos.com.br\/index.php\/wp-json\/wp\/v2\/types\/post"}],"author":[{"embeddable":true,"href":"https:\/\/salmosbiblicos.com.br\/index.php\/wp-json\/wp\/v2\/users\/2"}],"replies":[{"embeddable":true,"href":"https:\/\/salmosbiblicos.com.br\/index.php\/wp-json\/wp\/v2\/comments?post=4969"}],"version-history":[{"count":0,"href":"https:\/\/salmosbiblicos.com.br\/index.php\/wp-json\/wp\/v2\/posts\/4969\/revisions"}],"wp:attachment":[{"href":"https:\/\/salmosbiblicos.com.br\/index.php\/wp-json\/wp\/v2\/media?parent=4969"}],"wp:term":[{"taxonomy":"category","embeddable":true,"href":"https:\/\/salmosbiblicos.com.br\/index.php\/wp-json\/wp\/v2\/categories?post=4969"},{"taxonomy":"post_tag","embeddable":true,"href":"https:\/\/salmosbiblicos.com.br\/index.php\/wp-json\/wp\/v2\/tags?post=4969"}],"curies":[{"name":"wp","href":"https:\/\/api.w.org\/{rel}","templated":true}]}}