{"id":4973,"date":"2025-05-08T18:47:42","date_gmt":"2025-05-08T21:47:42","guid":{"rendered":"https:\/\/salmosbiblicos.com.br\/?p=4973"},"modified":"2025-05-08T18:47:42","modified_gmt":"2025-05-08T21:47:42","slug":"reflexoes-sobre-a-festa-de-nossa-senhora-das-dores-encontrando-conforto-e-esperanca-nas-dores-da-vida","status":"publish","type":"post","link":"https:\/\/salmosbiblicos.com.br\/index.php\/2025\/05\/08\/reflexoes-sobre-a-festa-de-nossa-senhora-das-dores-encontrando-conforto-e-esperanca-nas-dores-da-vida\/","title":{"rendered":"Reflex\u00f5es sobre a festa de Nossa Senhora das Dores: Encontrando conforto e esperan\u00e7a nas dores da vida."},"content":{"rendered":"<p>Neste m\u00eas de setembro, uma data muito importante para os cat\u00f3licos \u00e9 a festa de Nossa Senhora das Dores, celebrada no dia 15. Esta festa tem como origem a devo\u00e7\u00e3o \u00e0 Virgem Maria sob o t\u00edtulo de &#8220;Mater Dolorosa&#8221;, ou seja, M\u00e3e Dolorosa. <\/p>\n<p>O simbolismo por tr\u00e1s desta data remonta \u00e0 passagem b\u00edblica em que Maria, a m\u00e3e de Jesus, acompanha o seu filho no momento da crucifica\u00e7\u00e3o. Nossa Senhora das Dores \u00e9 representada com sete espadas transpassando o seu cora\u00e7\u00e3o, simbolizando as sete dores que ela sofreu ao longo da vida de Jesus, desde a profecia de Sime\u00e3o at\u00e9 a sua morte na cruz.<\/p>\n<p>A festa de Nossa Senhora das Dores nos convida a refletir sobre o sofrimento e a dor que fazem parte da nossa jornada terrena. Assim como Maria compartilhou das dores de Jesus, tamb\u00e9m n\u00f3s somos chamados a carregar as nossas cruzes com f\u00e9 e confian\u00e7a em Deus. Atrav\u00e9s da intercess\u00e3o de Nossa Senhora, podemos encontrar conforto e esperan\u00e7a nos momentos de afli\u00e7\u00e3o.<\/p>\n<p>Uma sugest\u00e3o de reflex\u00e3o para esta data \u00e9 meditar sobre como podemos oferecer as nossas dores e sofrimentos a Deus, unindo-os ao sacrif\u00edcio de Jesus na cruz. Assim como Maria permaneceu firme ao lado de seu filho, podemos nos inspirar em sua coragem e perseveran\u00e7a para enfrentar as adversidades da vida com f\u00e9 e amor.<\/p>\n<p>Que Nossa Senhora das Dores nos ajude a compreender o valor redentor do sofrimento e a encontrar consolo na presen\u00e7a de Deus. Que possamos aprender com Maria a aceitar a vontade divina em nossas vidas, confiando que Ele est\u00e1 sempre ao nosso lado, mesmo nos momentos mais dif\u00edceis.<\/p>\n<p>Que nesta festa de Nossa Senhora das Dores possamos renovar a nossa devo\u00e7\u00e3o \u00e0 Virgem Maria e buscar o seu aux\u00edlio materno em todas as nossas necessidades. Que ela interceda por n\u00f3s junto a seu Filho, para que possamos encontrar paz e conforto em meio \u00e0s nossas dores e tribula\u00e7\u00f5es.<\/p>\n<p>Que a presen\u00e7a amorosa de Nossa Senhora das Dores nos guie e fortale\u00e7a em nossa caminhada de f\u00e9, para que possamos seguir o exemplo de sua entrega e devo\u00e7\u00e3o a Deus. Que possamos nos tornar verdadeiros disc\u00edpulos de Cristo, carregando a nossa cruz com coragem e esperan\u00e7a, sabendo que Ele est\u00e1 sempre conosco, mesmo nos momentos mais dif\u00edceis.<\/p>\n","protected":false},"excerpt":{"rendered":"<p>Neste m\u00eas de setembro, uma data muito importante para os cat\u00f3licos \u00e9 a festa de Nossa Senhora das Dores, celebrada no dia 15. Esta festa tem como origem a devo\u00e7\u00e3o \u00e0 Virgem Maria sob o t\u00edtulo de &#8220;Mater Dolorosa&#8221;, ou seja, M\u00e3e Dolorosa. O simbolismo por tr\u00e1s desta data remonta \u00e0 passagem b\u00edblica em que [&hellip;]<\/p>\n","protected":false},"author":2,"featured_media":0,"comment_status":"closed","ping_status":"open","sticky":false,"template":"","format":"standard","meta":{"footnotes":""},"categories":[9],"tags":[],"class_list":["post-4973","post","type-post","status-publish","format-standard","hentry","category-data-religiosa"],"yoast_head":"<!-- This site is optimized with the Yoast SEO plugin v27.2 - https:\/\/yoast.com\/product\/yoast-seo-wordpress\/ -->\n<title>Reflex\u00f5es sobre a festa de Nossa Senhora das Dores: Encontrando conforto e esperan\u00e7a nas dores da vida. - Salmos B\u00edblicos<\/title>\n<meta name=\"robots\" content=\"index, follow, max-snippet:-1, max-image-preview:large, max-video-preview:-1\" \/>\n<link rel=\"canonical\" href=\"https:\/\/salmosbiblicos.com.br\/index.php\/2025\/05\/08\/reflexoes-sobre-a-festa-de-nossa-senhora-das-dores-encontrando-conforto-e-esperanca-nas-dores-da-vida\/\" \/>\n<meta property=\"og:locale\" content=\"pt_BR\" \/>\n<meta property=\"og:type\" content=\"article\" \/>\n<meta property=\"og:title\" content=\"Reflex\u00f5es sobre a festa de Nossa Senhora das Dores: Encontrando conforto e esperan\u00e7a nas dores da vida. - Salmos B\u00edblicos\" \/>\n<meta property=\"og:description\" content=\"Neste m\u00eas de setembro, uma data muito importante para os cat\u00f3licos \u00e9 a festa de Nossa Senhora das Dores, celebrada no dia 15. Esta festa tem como origem a devo\u00e7\u00e3o \u00e0 Virgem Maria sob o t\u00edtulo de &#8220;Mater Dolorosa&#8221;, ou seja, M\u00e3e Dolorosa. O simbolismo por tr\u00e1s desta data remonta \u00e0 passagem b\u00edblica em que [&hellip;]\" \/>\n<meta property=\"og:url\" content=\"https:\/\/salmosbiblicos.com.br\/index.php\/2025\/05\/08\/reflexoes-sobre-a-festa-de-nossa-senhora-das-dores-encontrando-conforto-e-esperanca-nas-dores-da-vida\/\" \/>\n<meta property=\"og:site_name\" content=\"Salmos B\u00edblicos\" \/>\n<meta property=\"article:published_time\" content=\"2025-05-08T21:47:42+00:00\" \/>\n<meta name=\"author\" content=\"Irmao\" \/>\n<meta name=\"twitter:card\" content=\"summary_large_image\" \/>\n<meta name=\"twitter:label1\" content=\"Escrito por\" \/>\n\t<meta name=\"twitter:data1\" content=\"Irmao\" \/>\n\t<meta name=\"twitter:label2\" content=\"Est. tempo de leitura\" \/>\n\t<meta name=\"twitter:data2\" content=\"2 minutos\" \/>\n<script type=\"application\/ld+json\" class=\"yoast-schema-graph\">{\"@context\":\"https:\/\/schema.org\",\"@graph\":[{\"@type\":\"Article\",\"@id\":\"https:\/\/salmosbiblicos.com.br\/index.php\/2025\/05\/08\/reflexoes-sobre-a-festa-de-nossa-senhora-das-dores-encontrando-conforto-e-esperanca-nas-dores-da-vida\/#article\",\"isPartOf\":{\"@id\":\"https:\/\/salmosbiblicos.com.br\/index.php\/2025\/05\/08\/reflexoes-sobre-a-festa-de-nossa-senhora-das-dores-encontrando-conforto-e-esperanca-nas-dores-da-vida\/\"},\"author\":{\"name\":\"Irmao\",\"@id\":\"https:\/\/salmosbiblicos.com.br\/#\/schema\/person\/760735259ba35f1e44e89c71c72d79da\"},\"headline\":\"Reflex\u00f5es sobre a festa de Nossa Senhora das Dores: Encontrando conforto e esperan\u00e7a nas dores da vida.\",\"datePublished\":\"2025-05-08T21:47:42+00:00\",\"mainEntityOfPage\":{\"@id\":\"https:\/\/salmosbiblicos.com.br\/index.php\/2025\/05\/08\/reflexoes-sobre-a-festa-de-nossa-senhora-das-dores-encontrando-conforto-e-esperanca-nas-dores-da-vida\/\"},\"wordCount\":424,\"articleSection\":[\"Data Religiosa\"],\"inLanguage\":\"pt-BR\"},{\"@type\":\"WebPage\",\"@id\":\"https:\/\/salmosbiblicos.com.br\/index.php\/2025\/05\/08\/reflexoes-sobre-a-festa-de-nossa-senhora-das-dores-encontrando-conforto-e-esperanca-nas-dores-da-vida\/\",\"url\":\"https:\/\/salmosbiblicos.com.br\/index.php\/2025\/05\/08\/reflexoes-sobre-a-festa-de-nossa-senhora-das-dores-encontrando-conforto-e-esperanca-nas-dores-da-vida\/\",\"name\":\"Reflex\u00f5es sobre a festa de Nossa Senhora das Dores: Encontrando conforto e esperan\u00e7a nas dores da vida. - Salmos B\u00edblicos\",\"isPartOf\":{\"@id\":\"https:\/\/salmosbiblicos.com.br\/#website\"},\"datePublished\":\"2025-05-08T21:47:42+00:00\",\"author\":{\"@id\":\"https:\/\/salmosbiblicos.com.br\/#\/schema\/person\/760735259ba35f1e44e89c71c72d79da\"},\"breadcrumb\":{\"@id\":\"https:\/\/salmosbiblicos.com.br\/index.php\/2025\/05\/08\/reflexoes-sobre-a-festa-de-nossa-senhora-das-dores-encontrando-conforto-e-esperanca-nas-dores-da-vida\/#breadcrumb\"},\"inLanguage\":\"pt-BR\",\"potentialAction\":[{\"@type\":\"ReadAction\",\"target\":[\"https:\/\/salmosbiblicos.com.br\/index.php\/2025\/05\/08\/reflexoes-sobre-a-festa-de-nossa-senhora-das-dores-encontrando-conforto-e-esperanca-nas-dores-da-vida\/\"]}]},{\"@type\":\"BreadcrumbList\",\"@id\":\"https:\/\/salmosbiblicos.com.br\/index.php\/2025\/05\/08\/reflexoes-sobre-a-festa-de-nossa-senhora-das-dores-encontrando-conforto-e-esperanca-nas-dores-da-vida\/#breadcrumb\",\"itemListElement\":[{\"@type\":\"ListItem\",\"position\":1,\"name\":\"Home\",\"item\":\"https:\/\/salmosbiblicos.com.br\/\"},{\"@type\":\"ListItem\",\"position\":2,\"name\":\"Reflex\u00f5es sobre a festa de Nossa Senhora das Dores: Encontrando conforto e esperan\u00e7a nas dores da vida.\"}]},{\"@type\":\"WebSite\",\"@id\":\"https:\/\/salmosbiblicos.com.br\/#website\",\"url\":\"https:\/\/salmosbiblicos.com.br\/\",\"name\":\"Salmos B\u00edblicos\",\"description\":\"Uma e-Livraria com e-Books novos para voc\u00ea refletir.\",\"potentialAction\":[{\"@type\":\"SearchAction\",\"target\":{\"@type\":\"EntryPoint\",\"urlTemplate\":\"https:\/\/salmosbiblicos.com.br\/?s={search_term_string}\"},\"query-input\":{\"@type\":\"PropertyValueSpecification\",\"valueRequired\":true,\"valueName\":\"search_term_string\"}}],\"inLanguage\":\"pt-BR\"},{\"@type\":\"Person\",\"@id\":\"https:\/\/salmosbiblicos.com.br\/#\/schema\/person\/760735259ba35f1e44e89c71c72d79da\",\"name\":\"Irmao\",\"image\":{\"@type\":\"ImageObject\",\"inLanguage\":\"pt-BR\",\"@id\":\"https:\/\/secure.gravatar.com\/avatar\/?s=96&d=mm&r=g\",\"url\":\"https:\/\/secure.gravatar.com\/avatar\/?s=96&d=mm&r=g\",\"contentUrl\":\"https:\/\/secure.gravatar.com\/avatar\/?s=96&d=mm&r=g\",\"caption\":\"Irmao\"},\"url\":\"https:\/\/salmosbiblicos.com.br\/index.php\/author\/irmao\/\"}]}<\/script>\n<!-- \/ Yoast SEO plugin. -->","yoast_head_json":{"title":"Reflex\u00f5es sobre a festa de Nossa Senhora das Dores: Encontrando conforto e esperan\u00e7a nas dores da vida. - Salmos B\u00edblicos","robots":{"index":"index","follow":"follow","max-snippet":"max-snippet:-1","max-image-preview":"max-image-preview:large","max-video-preview":"max-video-preview:-1"},"canonical":"https:\/\/salmosbiblicos.com.br\/index.php\/2025\/05\/08\/reflexoes-sobre-a-festa-de-nossa-senhora-das-dores-encontrando-conforto-e-esperanca-nas-dores-da-vida\/","og_locale":"pt_BR","og_type":"article","og_title":"Reflex\u00f5es sobre a festa de Nossa Senhora das Dores: Encontrando conforto e esperan\u00e7a nas dores da vida. - Salmos B\u00edblicos","og_description":"Neste m\u00eas de setembro, uma data muito importante para os cat\u00f3licos \u00e9 a festa de Nossa Senhora das Dores, celebrada no dia 15. Esta festa tem como origem a devo\u00e7\u00e3o \u00e0 Virgem Maria sob o t\u00edtulo de &#8220;Mater Dolorosa&#8221;, ou seja, M\u00e3e Dolorosa. O simbolismo por tr\u00e1s desta data remonta \u00e0 passagem b\u00edblica em que [&hellip;]","og_url":"https:\/\/salmosbiblicos.com.br\/index.php\/2025\/05\/08\/reflexoes-sobre-a-festa-de-nossa-senhora-das-dores-encontrando-conforto-e-esperanca-nas-dores-da-vida\/","og_site_name":"Salmos B\u00edblicos","article_published_time":"2025-05-08T21:47:42+00:00","author":"Irmao","twitter_card":"summary_large_image","twitter_misc":{"Escrito por":"Irmao","Est. tempo de leitura":"2 minutos"},"schema":{"@context":"https:\/\/schema.org","@graph":[{"@type":"Article","@id":"https:\/\/salmosbiblicos.com.br\/index.php\/2025\/05\/08\/reflexoes-sobre-a-festa-de-nossa-senhora-das-dores-encontrando-conforto-e-esperanca-nas-dores-da-vida\/#article","isPartOf":{"@id":"https:\/\/salmosbiblicos.com.br\/index.php\/2025\/05\/08\/reflexoes-sobre-a-festa-de-nossa-senhora-das-dores-encontrando-conforto-e-esperanca-nas-dores-da-vida\/"},"author":{"name":"Irmao","@id":"https:\/\/salmosbiblicos.com.br\/#\/schema\/person\/760735259ba35f1e44e89c71c72d79da"},"headline":"Reflex\u00f5es sobre a festa de Nossa Senhora das Dores: Encontrando conforto e esperan\u00e7a nas dores da vida.","datePublished":"2025-05-08T21:47:42+00:00","mainEntityOfPage":{"@id":"https:\/\/salmosbiblicos.com.br\/index.php\/2025\/05\/08\/reflexoes-sobre-a-festa-de-nossa-senhora-das-dores-encontrando-conforto-e-esperanca-nas-dores-da-vida\/"},"wordCount":424,"articleSection":["Data Religiosa"],"inLanguage":"pt-BR"},{"@type":"WebPage","@id":"https:\/\/salmosbiblicos.com.br\/index.php\/2025\/05\/08\/reflexoes-sobre-a-festa-de-nossa-senhora-das-dores-encontrando-conforto-e-esperanca-nas-dores-da-vida\/","url":"https:\/\/salmosbiblicos.com.br\/index.php\/2025\/05\/08\/reflexoes-sobre-a-festa-de-nossa-senhora-das-dores-encontrando-conforto-e-esperanca-nas-dores-da-vida\/","name":"Reflex\u00f5es sobre a festa de Nossa Senhora das Dores: Encontrando conforto e esperan\u00e7a nas dores da vida. - Salmos B\u00edblicos","isPartOf":{"@id":"https:\/\/salmosbiblicos.com.br\/#website"},"datePublished":"2025-05-08T21:47:42+00:00","author":{"@id":"https:\/\/salmosbiblicos.com.br\/#\/schema\/person\/760735259ba35f1e44e89c71c72d79da"},"breadcrumb":{"@id":"https:\/\/salmosbiblicos.com.br\/index.php\/2025\/05\/08\/reflexoes-sobre-a-festa-de-nossa-senhora-das-dores-encontrando-conforto-e-esperanca-nas-dores-da-vida\/#breadcrumb"},"inLanguage":"pt-BR","potentialAction":[{"@type":"ReadAction","target":["https:\/\/salmosbiblicos.com.br\/index.php\/2025\/05\/08\/reflexoes-sobre-a-festa-de-nossa-senhora-das-dores-encontrando-conforto-e-esperanca-nas-dores-da-vida\/"]}]},{"@type":"BreadcrumbList","@id":"https:\/\/salmosbiblicos.com.br\/index.php\/2025\/05\/08\/reflexoes-sobre-a-festa-de-nossa-senhora-das-dores-encontrando-conforto-e-esperanca-nas-dores-da-vida\/#breadcrumb","itemListElement":[{"@type":"ListItem","position":1,"name":"Home","item":"https:\/\/salmosbiblicos.com.br\/"},{"@type":"ListItem","position":2,"name":"Reflex\u00f5es sobre a festa de Nossa Senhora das Dores: Encontrando conforto e esperan\u00e7a nas dores da vida."}]},{"@type":"WebSite","@id":"https:\/\/salmosbiblicos.com.br\/#website","url":"https:\/\/salmosbiblicos.com.br\/","name":"Salmos B\u00edblicos","description":"Uma e-Livraria com e-Books novos para voc\u00ea refletir.","potentialAction":[{"@type":"SearchAction","target":{"@type":"EntryPoint","urlTemplate":"https:\/\/salmosbiblicos.com.br\/?s={search_term_string}"},"query-input":{"@type":"PropertyValueSpecification","valueRequired":true,"valueName":"search_term_string"}}],"inLanguage":"pt-BR"},{"@type":"Person","@id":"https:\/\/salmosbiblicos.com.br\/#\/schema\/person\/760735259ba35f1e44e89c71c72d79da","name":"Irmao","image":{"@type":"ImageObject","inLanguage":"pt-BR","@id":"https:\/\/secure.gravatar.com\/avatar\/?s=96&d=mm&r=g","url":"https:\/\/secure.gravatar.com\/avatar\/?s=96&d=mm&r=g","contentUrl":"https:\/\/secure.gravatar.com\/avatar\/?s=96&d=mm&r=g","caption":"Irmao"},"url":"https:\/\/salmosbiblicos.com.br\/index.php\/author\/irmao\/"}]}},"_links":{"self":[{"href":"https:\/\/salmosbiblicos.com.br\/index.php\/wp-json\/wp\/v2\/posts\/4973","targetHints":{"allow":["GET"]}}],"collection":[{"href":"https:\/\/salmosbiblicos.com.br\/index.php\/wp-json\/wp\/v2\/posts"}],"about":[{"href":"https:\/\/salmosbiblicos.com.br\/index.php\/wp-json\/wp\/v2\/types\/post"}],"author":[{"embeddable":true,"href":"https:\/\/salmosbiblicos.com.br\/index.php\/wp-json\/wp\/v2\/users\/2"}],"replies":[{"embeddable":true,"href":"https:\/\/salmosbiblicos.com.br\/index.php\/wp-json\/wp\/v2\/comments?post=4973"}],"version-history":[{"count":0,"href":"https:\/\/salmosbiblicos.com.br\/index.php\/wp-json\/wp\/v2\/posts\/4973\/revisions"}],"wp:attachment":[{"href":"https:\/\/salmosbiblicos.com.br\/index.php\/wp-json\/wp\/v2\/media?parent=4973"}],"wp:term":[{"taxonomy":"category","embeddable":true,"href":"https:\/\/salmosbiblicos.com.br\/index.php\/wp-json\/wp\/v2\/categories?post=4973"},{"taxonomy":"post_tag","embeddable":true,"href":"https:\/\/salmosbiblicos.com.br\/index.php\/wp-json\/wp\/v2\/tags?post=4973"}],"curies":[{"name":"wp","href":"https:\/\/api.w.org\/{rel}","templated":true}]}}