{"id":4975,"date":"2025-05-08T18:47:49","date_gmt":"2025-05-08T21:47:49","guid":{"rendered":"https:\/\/salmosbiblicos.com.br\/?p=4975"},"modified":"2025-05-08T18:47:49","modified_gmt":"2025-05-08T21:47:49","slug":"reflexoes-sobre-a-pascoa-renascimento-redencao-e-renovacao","status":"publish","type":"post","link":"https:\/\/salmosbiblicos.com.br\/index.php\/2025\/05\/08\/reflexoes-sobre-a-pascoa-renascimento-redencao-e-renovacao\/","title":{"rendered":"Reflex\u00f5es sobre a P\u00e1scoa: renascimento, reden\u00e7\u00e3o e renova\u00e7\u00e3o."},"content":{"rendered":"<p>Hoje vamos falar sobre a data simb\u00f3lica da P\u00e1scoa, uma das celebra\u00e7\u00f5es mais importantes do calend\u00e1rio religioso Cat\u00f3lico. A P\u00e1scoa \u00e9 celebrada em mem\u00f3ria da ressurrei\u00e7\u00e3o de Jesus Cristo, que ocorreu no terceiro dia ap\u00f3s a sua crucifica\u00e7\u00e3o, conforme descrito nos Evangelhos.<\/p>\n<p>A origem da P\u00e1scoa remonta \u00e0 tradi\u00e7\u00e3o judaica, que celebrava a liberta\u00e7\u00e3o do povo hebreu da escravid\u00e3o no Egito. Para os crist\u00e3os, a P\u00e1scoa representa a liberta\u00e7\u00e3o da humanidade do pecado e da morte, atrav\u00e9s do sacrif\u00edcio de Jesus na cruz e da sua vit\u00f3ria sobre a morte.<\/p>\n<p>O simbolismo da P\u00e1scoa est\u00e1 presente em diversos elementos da celebra\u00e7\u00e3o. O ovo, por exemplo, representa o renascimento e a vida nova em Cristo. A cruz simboliza o sacrif\u00edcio de Jesus pela humanidade, enquanto o cordeiro representa a pureza e a reden\u00e7\u00e3o. O p\u00e3o e o vinho, por sua vez, simbolizam o corpo e o sangue de Cristo, oferecidos na Eucaristia.<\/p>\n<p>Neste tempo de P\u00e1scoa, \u00e9 importante refletirmos sobre o significado profundo desta celebra\u00e7\u00e3o. A ressurrei\u00e7\u00e3o de Jesus nos mostra que a morte n\u00e3o \u00e9 o fim, mas sim o in\u00edcio de uma vida eterna junto a Deus. \u00c9 um momento de renova\u00e7\u00e3o da f\u00e9 e da esperan\u00e7a, de perd\u00e3o e reconcilia\u00e7\u00e3o com Deus e com o pr\u00f3ximo.<\/p>\n<p>Que possamos aproveitar este tempo de P\u00e1scoa para nos aproximarmos de Deus, para refletirmos sobre as nossas atitudes e para renovarmos o nosso compromisso com o amor e a solidariedade. Que possamos perdoar aqueles que nos magoaram, assim como Jesus nos perdoou na cruz. Que possamos ser canais de paz e de esperan\u00e7a neste mundo t\u00e3o conturbado.<\/p>\n<p>Que a luz da ressurrei\u00e7\u00e3o de Cristo ilumine os nossos caminhos e nos guie no caminho da verdade e da vida. Que possamos viver a P\u00e1scoa n\u00e3o apenas como uma celebra\u00e7\u00e3o anual, mas como um estilo de vida, pautado no amor, na compaix\u00e3o e na justi\u00e7a.<\/p>\n<p>Que a P\u00e1scoa seja para todos n\u00f3s um tempo de renascimento espiritual, de cura e de liberta\u00e7\u00e3o. Que possamos viver cada dia como se fosse um novo dia de ressurrei\u00e7\u00e3o, cheio de gra\u00e7a e de b\u00ean\u00e7\u00e3os divinas.<\/p>\n<p>Que a paz de Cristo esteja sempre conosco. Am\u00e9m.<\/p>\n","protected":false},"excerpt":{"rendered":"<p>Hoje vamos falar sobre a data simb\u00f3lica da P\u00e1scoa, uma das celebra\u00e7\u00f5es mais importantes do calend\u00e1rio religioso Cat\u00f3lico. A P\u00e1scoa \u00e9 celebrada em mem\u00f3ria da ressurrei\u00e7\u00e3o de Jesus Cristo, que ocorreu no terceiro dia ap\u00f3s a sua crucifica\u00e7\u00e3o, conforme descrito nos Evangelhos. A origem da P\u00e1scoa remonta \u00e0 tradi\u00e7\u00e3o judaica, que celebrava a liberta\u00e7\u00e3o do [&hellip;]<\/p>\n","protected":false},"author":2,"featured_media":0,"comment_status":"closed","ping_status":"open","sticky":false,"template":"","format":"standard","meta":{"footnotes":""},"categories":[9],"tags":[],"class_list":["post-4975","post","type-post","status-publish","format-standard","hentry","category-data-religiosa"],"yoast_head":"<!-- This site is optimized with the Yoast SEO plugin v27.2 - https:\/\/yoast.com\/product\/yoast-seo-wordpress\/ -->\n<title>Reflex\u00f5es sobre a P\u00e1scoa: renascimento, reden\u00e7\u00e3o e renova\u00e7\u00e3o. - Salmos B\u00edblicos<\/title>\n<meta name=\"robots\" content=\"index, follow, max-snippet:-1, max-image-preview:large, max-video-preview:-1\" \/>\n<link rel=\"canonical\" href=\"https:\/\/salmosbiblicos.com.br\/index.php\/2025\/05\/08\/reflexoes-sobre-a-pascoa-renascimento-redencao-e-renovacao\/\" \/>\n<meta property=\"og:locale\" content=\"pt_BR\" \/>\n<meta property=\"og:type\" content=\"article\" \/>\n<meta property=\"og:title\" content=\"Reflex\u00f5es sobre a P\u00e1scoa: renascimento, reden\u00e7\u00e3o e renova\u00e7\u00e3o. - Salmos B\u00edblicos\" \/>\n<meta property=\"og:description\" content=\"Hoje vamos falar sobre a data simb\u00f3lica da P\u00e1scoa, uma das celebra\u00e7\u00f5es mais importantes do calend\u00e1rio religioso Cat\u00f3lico. A P\u00e1scoa \u00e9 celebrada em mem\u00f3ria da ressurrei\u00e7\u00e3o de Jesus Cristo, que ocorreu no terceiro dia ap\u00f3s a sua crucifica\u00e7\u00e3o, conforme descrito nos Evangelhos. A origem da P\u00e1scoa remonta \u00e0 tradi\u00e7\u00e3o judaica, que celebrava a liberta\u00e7\u00e3o do [&hellip;]\" \/>\n<meta property=\"og:url\" content=\"https:\/\/salmosbiblicos.com.br\/index.php\/2025\/05\/08\/reflexoes-sobre-a-pascoa-renascimento-redencao-e-renovacao\/\" \/>\n<meta property=\"og:site_name\" content=\"Salmos B\u00edblicos\" \/>\n<meta property=\"article:published_time\" content=\"2025-05-08T21:47:49+00:00\" \/>\n<meta name=\"author\" content=\"Irmao\" \/>\n<meta name=\"twitter:card\" content=\"summary_large_image\" \/>\n<meta name=\"twitter:label1\" content=\"Escrito por\" \/>\n\t<meta name=\"twitter:data1\" content=\"Irmao\" \/>\n\t<meta name=\"twitter:label2\" content=\"Est. tempo de leitura\" \/>\n\t<meta name=\"twitter:data2\" content=\"2 minutos\" \/>\n<script type=\"application\/ld+json\" class=\"yoast-schema-graph\">{\"@context\":\"https:\/\/schema.org\",\"@graph\":[{\"@type\":\"Article\",\"@id\":\"https:\/\/salmosbiblicos.com.br\/index.php\/2025\/05\/08\/reflexoes-sobre-a-pascoa-renascimento-redencao-e-renovacao\/#article\",\"isPartOf\":{\"@id\":\"https:\/\/salmosbiblicos.com.br\/index.php\/2025\/05\/08\/reflexoes-sobre-a-pascoa-renascimento-redencao-e-renovacao\/\"},\"author\":{\"name\":\"Irmao\",\"@id\":\"https:\/\/salmosbiblicos.com.br\/#\/schema\/person\/760735259ba35f1e44e89c71c72d79da\"},\"headline\":\"Reflex\u00f5es sobre a P\u00e1scoa: renascimento, reden\u00e7\u00e3o e renova\u00e7\u00e3o.\",\"datePublished\":\"2025-05-08T21:47:49+00:00\",\"mainEntityOfPage\":{\"@id\":\"https:\/\/salmosbiblicos.com.br\/index.php\/2025\/05\/08\/reflexoes-sobre-a-pascoa-renascimento-redencao-e-renovacao\/\"},\"wordCount\":416,\"articleSection\":[\"Data Religiosa\"],\"inLanguage\":\"pt-BR\"},{\"@type\":\"WebPage\",\"@id\":\"https:\/\/salmosbiblicos.com.br\/index.php\/2025\/05\/08\/reflexoes-sobre-a-pascoa-renascimento-redencao-e-renovacao\/\",\"url\":\"https:\/\/salmosbiblicos.com.br\/index.php\/2025\/05\/08\/reflexoes-sobre-a-pascoa-renascimento-redencao-e-renovacao\/\",\"name\":\"Reflex\u00f5es sobre a P\u00e1scoa: renascimento, reden\u00e7\u00e3o e renova\u00e7\u00e3o. - Salmos B\u00edblicos\",\"isPartOf\":{\"@id\":\"https:\/\/salmosbiblicos.com.br\/#website\"},\"datePublished\":\"2025-05-08T21:47:49+00:00\",\"author\":{\"@id\":\"https:\/\/salmosbiblicos.com.br\/#\/schema\/person\/760735259ba35f1e44e89c71c72d79da\"},\"breadcrumb\":{\"@id\":\"https:\/\/salmosbiblicos.com.br\/index.php\/2025\/05\/08\/reflexoes-sobre-a-pascoa-renascimento-redencao-e-renovacao\/#breadcrumb\"},\"inLanguage\":\"pt-BR\",\"potentialAction\":[{\"@type\":\"ReadAction\",\"target\":[\"https:\/\/salmosbiblicos.com.br\/index.php\/2025\/05\/08\/reflexoes-sobre-a-pascoa-renascimento-redencao-e-renovacao\/\"]}]},{\"@type\":\"BreadcrumbList\",\"@id\":\"https:\/\/salmosbiblicos.com.br\/index.php\/2025\/05\/08\/reflexoes-sobre-a-pascoa-renascimento-redencao-e-renovacao\/#breadcrumb\",\"itemListElement\":[{\"@type\":\"ListItem\",\"position\":1,\"name\":\"Home\",\"item\":\"https:\/\/salmosbiblicos.com.br\/\"},{\"@type\":\"ListItem\",\"position\":2,\"name\":\"Reflex\u00f5es sobre a P\u00e1scoa: renascimento, reden\u00e7\u00e3o e renova\u00e7\u00e3o.\"}]},{\"@type\":\"WebSite\",\"@id\":\"https:\/\/salmosbiblicos.com.br\/#website\",\"url\":\"https:\/\/salmosbiblicos.com.br\/\",\"name\":\"Salmos B\u00edblicos\",\"description\":\"Uma e-Livraria com e-Books novos para voc\u00ea refletir.\",\"potentialAction\":[{\"@type\":\"SearchAction\",\"target\":{\"@type\":\"EntryPoint\",\"urlTemplate\":\"https:\/\/salmosbiblicos.com.br\/?s={search_term_string}\"},\"query-input\":{\"@type\":\"PropertyValueSpecification\",\"valueRequired\":true,\"valueName\":\"search_term_string\"}}],\"inLanguage\":\"pt-BR\"},{\"@type\":\"Person\",\"@id\":\"https:\/\/salmosbiblicos.com.br\/#\/schema\/person\/760735259ba35f1e44e89c71c72d79da\",\"name\":\"Irmao\",\"image\":{\"@type\":\"ImageObject\",\"inLanguage\":\"pt-BR\",\"@id\":\"https:\/\/secure.gravatar.com\/avatar\/?s=96&d=mm&r=g\",\"url\":\"https:\/\/secure.gravatar.com\/avatar\/?s=96&d=mm&r=g\",\"contentUrl\":\"https:\/\/secure.gravatar.com\/avatar\/?s=96&d=mm&r=g\",\"caption\":\"Irmao\"},\"url\":\"https:\/\/salmosbiblicos.com.br\/index.php\/author\/irmao\/\"}]}<\/script>\n<!-- \/ Yoast SEO plugin. -->","yoast_head_json":{"title":"Reflex\u00f5es sobre a P\u00e1scoa: renascimento, reden\u00e7\u00e3o e renova\u00e7\u00e3o. - Salmos B\u00edblicos","robots":{"index":"index","follow":"follow","max-snippet":"max-snippet:-1","max-image-preview":"max-image-preview:large","max-video-preview":"max-video-preview:-1"},"canonical":"https:\/\/salmosbiblicos.com.br\/index.php\/2025\/05\/08\/reflexoes-sobre-a-pascoa-renascimento-redencao-e-renovacao\/","og_locale":"pt_BR","og_type":"article","og_title":"Reflex\u00f5es sobre a P\u00e1scoa: renascimento, reden\u00e7\u00e3o e renova\u00e7\u00e3o. - Salmos B\u00edblicos","og_description":"Hoje vamos falar sobre a data simb\u00f3lica da P\u00e1scoa, uma das celebra\u00e7\u00f5es mais importantes do calend\u00e1rio religioso Cat\u00f3lico. A P\u00e1scoa \u00e9 celebrada em mem\u00f3ria da ressurrei\u00e7\u00e3o de Jesus Cristo, que ocorreu no terceiro dia ap\u00f3s a sua crucifica\u00e7\u00e3o, conforme descrito nos Evangelhos. A origem da P\u00e1scoa remonta \u00e0 tradi\u00e7\u00e3o judaica, que celebrava a liberta\u00e7\u00e3o do [&hellip;]","og_url":"https:\/\/salmosbiblicos.com.br\/index.php\/2025\/05\/08\/reflexoes-sobre-a-pascoa-renascimento-redencao-e-renovacao\/","og_site_name":"Salmos B\u00edblicos","article_published_time":"2025-05-08T21:47:49+00:00","author":"Irmao","twitter_card":"summary_large_image","twitter_misc":{"Escrito por":"Irmao","Est. tempo de leitura":"2 minutos"},"schema":{"@context":"https:\/\/schema.org","@graph":[{"@type":"Article","@id":"https:\/\/salmosbiblicos.com.br\/index.php\/2025\/05\/08\/reflexoes-sobre-a-pascoa-renascimento-redencao-e-renovacao\/#article","isPartOf":{"@id":"https:\/\/salmosbiblicos.com.br\/index.php\/2025\/05\/08\/reflexoes-sobre-a-pascoa-renascimento-redencao-e-renovacao\/"},"author":{"name":"Irmao","@id":"https:\/\/salmosbiblicos.com.br\/#\/schema\/person\/760735259ba35f1e44e89c71c72d79da"},"headline":"Reflex\u00f5es sobre a P\u00e1scoa: renascimento, reden\u00e7\u00e3o e renova\u00e7\u00e3o.","datePublished":"2025-05-08T21:47:49+00:00","mainEntityOfPage":{"@id":"https:\/\/salmosbiblicos.com.br\/index.php\/2025\/05\/08\/reflexoes-sobre-a-pascoa-renascimento-redencao-e-renovacao\/"},"wordCount":416,"articleSection":["Data Religiosa"],"inLanguage":"pt-BR"},{"@type":"WebPage","@id":"https:\/\/salmosbiblicos.com.br\/index.php\/2025\/05\/08\/reflexoes-sobre-a-pascoa-renascimento-redencao-e-renovacao\/","url":"https:\/\/salmosbiblicos.com.br\/index.php\/2025\/05\/08\/reflexoes-sobre-a-pascoa-renascimento-redencao-e-renovacao\/","name":"Reflex\u00f5es sobre a P\u00e1scoa: renascimento, reden\u00e7\u00e3o e renova\u00e7\u00e3o. - Salmos B\u00edblicos","isPartOf":{"@id":"https:\/\/salmosbiblicos.com.br\/#website"},"datePublished":"2025-05-08T21:47:49+00:00","author":{"@id":"https:\/\/salmosbiblicos.com.br\/#\/schema\/person\/760735259ba35f1e44e89c71c72d79da"},"breadcrumb":{"@id":"https:\/\/salmosbiblicos.com.br\/index.php\/2025\/05\/08\/reflexoes-sobre-a-pascoa-renascimento-redencao-e-renovacao\/#breadcrumb"},"inLanguage":"pt-BR","potentialAction":[{"@type":"ReadAction","target":["https:\/\/salmosbiblicos.com.br\/index.php\/2025\/05\/08\/reflexoes-sobre-a-pascoa-renascimento-redencao-e-renovacao\/"]}]},{"@type":"BreadcrumbList","@id":"https:\/\/salmosbiblicos.com.br\/index.php\/2025\/05\/08\/reflexoes-sobre-a-pascoa-renascimento-redencao-e-renovacao\/#breadcrumb","itemListElement":[{"@type":"ListItem","position":1,"name":"Home","item":"https:\/\/salmosbiblicos.com.br\/"},{"@type":"ListItem","position":2,"name":"Reflex\u00f5es sobre a P\u00e1scoa: renascimento, reden\u00e7\u00e3o e renova\u00e7\u00e3o."}]},{"@type":"WebSite","@id":"https:\/\/salmosbiblicos.com.br\/#website","url":"https:\/\/salmosbiblicos.com.br\/","name":"Salmos B\u00edblicos","description":"Uma e-Livraria com e-Books novos para voc\u00ea refletir.","potentialAction":[{"@type":"SearchAction","target":{"@type":"EntryPoint","urlTemplate":"https:\/\/salmosbiblicos.com.br\/?s={search_term_string}"},"query-input":{"@type":"PropertyValueSpecification","valueRequired":true,"valueName":"search_term_string"}}],"inLanguage":"pt-BR"},{"@type":"Person","@id":"https:\/\/salmosbiblicos.com.br\/#\/schema\/person\/760735259ba35f1e44e89c71c72d79da","name":"Irmao","image":{"@type":"ImageObject","inLanguage":"pt-BR","@id":"https:\/\/secure.gravatar.com\/avatar\/?s=96&d=mm&r=g","url":"https:\/\/secure.gravatar.com\/avatar\/?s=96&d=mm&r=g","contentUrl":"https:\/\/secure.gravatar.com\/avatar\/?s=96&d=mm&r=g","caption":"Irmao"},"url":"https:\/\/salmosbiblicos.com.br\/index.php\/author\/irmao\/"}]}},"_links":{"self":[{"href":"https:\/\/salmosbiblicos.com.br\/index.php\/wp-json\/wp\/v2\/posts\/4975","targetHints":{"allow":["GET"]}}],"collection":[{"href":"https:\/\/salmosbiblicos.com.br\/index.php\/wp-json\/wp\/v2\/posts"}],"about":[{"href":"https:\/\/salmosbiblicos.com.br\/index.php\/wp-json\/wp\/v2\/types\/post"}],"author":[{"embeddable":true,"href":"https:\/\/salmosbiblicos.com.br\/index.php\/wp-json\/wp\/v2\/users\/2"}],"replies":[{"embeddable":true,"href":"https:\/\/salmosbiblicos.com.br\/index.php\/wp-json\/wp\/v2\/comments?post=4975"}],"version-history":[{"count":0,"href":"https:\/\/salmosbiblicos.com.br\/index.php\/wp-json\/wp\/v2\/posts\/4975\/revisions"}],"wp:attachment":[{"href":"https:\/\/salmosbiblicos.com.br\/index.php\/wp-json\/wp\/v2\/media?parent=4975"}],"wp:term":[{"taxonomy":"category","embeddable":true,"href":"https:\/\/salmosbiblicos.com.br\/index.php\/wp-json\/wp\/v2\/categories?post=4975"},{"taxonomy":"post_tag","embeddable":true,"href":"https:\/\/salmosbiblicos.com.br\/index.php\/wp-json\/wp\/v2\/tags?post=4975"}],"curies":[{"name":"wp","href":"https:\/\/api.w.org\/{rel}","templated":true}]}}