{"id":4977,"date":"2025-05-08T18:47:57","date_gmt":"2025-05-08T21:47:57","guid":{"rendered":"https:\/\/salmosbiblicos.com.br\/?p=4977"},"modified":"2025-05-08T18:47:57","modified_gmt":"2025-05-08T21:47:57","slug":"refletindo-sobre-a-assuncao-de-nossa-senhora-exemplo-de-fe-virtude-e-intercessao","status":"publish","type":"post","link":"https:\/\/salmosbiblicos.com.br\/index.php\/2025\/05\/08\/refletindo-sobre-a-assuncao-de-nossa-senhora-exemplo-de-fe-virtude-e-intercessao\/","title":{"rendered":"Refletindo sobre a Assun\u00e7\u00e3o de Nossa Senhora: Exemplo de f\u00e9, virtude e intercess\u00e3o."},"content":{"rendered":"<p>Uma das datas religiosas mais importantes para os cat\u00f3licos \u00e9 a festa da Assun\u00e7\u00e3o de Nossa Senhora, celebrada em 15 de agosto. Neste dia, a Igreja Cat\u00f3lica comemora a cren\u00e7a de que Maria, m\u00e3e de Jesus, foi elevada ao c\u00e9u em corpo e alma ap\u00f3s o fim de sua vida terrena. <\/p>\n<p>A origem desta festa remonta aos primeiros s\u00e9culos do cristianismo, mas foi oficialmente proclamada como dogma de f\u00e9 pelo Papa Pio XII em 1950. A Assun\u00e7\u00e3o de Nossa Senhora \u00e9 um exemplo de f\u00e9 na promessa da ressurrei\u00e7\u00e3o e da vida eterna, mostrando que a morte n\u00e3o \u00e9 o fim, mas sim o in\u00edcio de uma nova exist\u00eancia junto de Deus.<\/p>\n<p>O simbolismo por tr\u00e1s da Assun\u00e7\u00e3o de Nossa Senhora \u00e9 profundo e inspirador. Maria, como m\u00e3e de Jesus e figura central na hist\u00f3ria da salva\u00e7\u00e3o, \u00e9 vista como modelo de virtude, devo\u00e7\u00e3o e humildade. Sua assun\u00e7\u00e3o ao c\u00e9u representa a recompensa por sua vida dedicada a Deus e ao servi\u00e7o ao pr\u00f3ximo. Maria \u00e9 tamb\u00e9m considerada a Rainha dos C\u00e9us e a intercessora dos fi\u00e9is, estando sempre pronta a ouvir nossas preces e interceder por n\u00f3s junto a seu filho Jesus.<\/p>\n<p>Neste dia especial, somos convidados a refletir sobre nossa pr\u00f3pria vida e nossa rela\u00e7\u00e3o com Deus. Assim como Maria, podemos buscar viver de acordo com os ensinamentos de Cristo, praticando a caridade, a humildade e a miseric\u00f3rdia. Podemos tamb\u00e9m olhar para o exemplo de Maria como m\u00e3e e intercessora, confiando em sua poderosa intercess\u00e3o em nossas vidas.<\/p>\n<p>Uma sugest\u00e3o de reflex\u00e3o para este dia \u00e9 dedicar um momento de ora\u00e7\u00e3o a Nossa Senhora, pedindo sua intercess\u00e3o e agradecendo por sua presen\u00e7a em nossas vidas. Podemos tamb\u00e9m buscar imitar as virtudes de Maria em nosso pr\u00f3prio cotidiano, sendo sinais do amor de Deus para aqueles ao nosso redor.<\/p>\n<p>Que a festa da Assun\u00e7\u00e3o de Nossa Senhora seja para todos n\u00f3s um momento de renova\u00e7\u00e3o da f\u00e9, de confian\u00e7a na promessa da vida eterna e de alegria por termos Maria como m\u00e3e e protetora. Que possamos seguir seu exemplo de amor e devo\u00e7\u00e3o a Deus, vivendo cada dia com esperan\u00e7a e confian\u00e7a em Sua provid\u00eancia.<\/p>\n","protected":false},"excerpt":{"rendered":"<p>Uma das datas religiosas mais importantes para os cat\u00f3licos \u00e9 a festa da Assun\u00e7\u00e3o de Nossa Senhora, celebrada em 15 de agosto. Neste dia, a Igreja Cat\u00f3lica comemora a cren\u00e7a de que Maria, m\u00e3e de Jesus, foi elevada ao c\u00e9u em corpo e alma ap\u00f3s o fim de sua vida terrena. A origem desta festa [&hellip;]<\/p>\n","protected":false},"author":2,"featured_media":0,"comment_status":"closed","ping_status":"open","sticky":false,"template":"","format":"standard","meta":{"footnotes":""},"categories":[9],"tags":[],"class_list":["post-4977","post","type-post","status-publish","format-standard","hentry","category-data-religiosa"],"yoast_head":"<!-- This site is optimized with the Yoast SEO plugin v27.2 - https:\/\/yoast.com\/product\/yoast-seo-wordpress\/ -->\n<title>Refletindo sobre a Assun\u00e7\u00e3o de Nossa Senhora: Exemplo de f\u00e9, virtude e intercess\u00e3o. - Salmos B\u00edblicos<\/title>\n<meta name=\"robots\" content=\"index, follow, max-snippet:-1, max-image-preview:large, max-video-preview:-1\" \/>\n<link rel=\"canonical\" href=\"http:\/\/salmosbiblicos.com.br\/index.php\/2025\/05\/08\/refletindo-sobre-a-assuncao-de-nossa-senhora-exemplo-de-fe-virtude-e-intercessao\/\" \/>\n<meta property=\"og:locale\" content=\"pt_BR\" \/>\n<meta property=\"og:type\" content=\"article\" \/>\n<meta property=\"og:title\" content=\"Refletindo sobre a Assun\u00e7\u00e3o de Nossa Senhora: Exemplo de f\u00e9, virtude e intercess\u00e3o. - Salmos B\u00edblicos\" \/>\n<meta property=\"og:description\" content=\"Uma das datas religiosas mais importantes para os cat\u00f3licos \u00e9 a festa da Assun\u00e7\u00e3o de Nossa Senhora, celebrada em 15 de agosto. Neste dia, a Igreja Cat\u00f3lica comemora a cren\u00e7a de que Maria, m\u00e3e de Jesus, foi elevada ao c\u00e9u em corpo e alma ap\u00f3s o fim de sua vida terrena. A origem desta festa [&hellip;]\" \/>\n<meta property=\"og:url\" content=\"http:\/\/salmosbiblicos.com.br\/index.php\/2025\/05\/08\/refletindo-sobre-a-assuncao-de-nossa-senhora-exemplo-de-fe-virtude-e-intercessao\/\" \/>\n<meta property=\"og:site_name\" content=\"Salmos B\u00edblicos\" \/>\n<meta property=\"article:published_time\" content=\"2025-05-08T21:47:57+00:00\" \/>\n<meta name=\"author\" content=\"Irmao\" \/>\n<meta name=\"twitter:card\" content=\"summary_large_image\" \/>\n<meta name=\"twitter:label1\" content=\"Escrito por\" \/>\n\t<meta name=\"twitter:data1\" content=\"Irmao\" \/>\n\t<meta name=\"twitter:label2\" content=\"Est. tempo de leitura\" \/>\n\t<meta name=\"twitter:data2\" content=\"2 minutos\" \/>\n<script type=\"application\/ld+json\" class=\"yoast-schema-graph\">{\"@context\":\"https:\/\/schema.org\",\"@graph\":[{\"@type\":\"Article\",\"@id\":\"http:\/\/salmosbiblicos.com.br\/index.php\/2025\/05\/08\/refletindo-sobre-a-assuncao-de-nossa-senhora-exemplo-de-fe-virtude-e-intercessao\/#article\",\"isPartOf\":{\"@id\":\"http:\/\/salmosbiblicos.com.br\/index.php\/2025\/05\/08\/refletindo-sobre-a-assuncao-de-nossa-senhora-exemplo-de-fe-virtude-e-intercessao\/\"},\"author\":{\"name\":\"Irmao\",\"@id\":\"https:\/\/salmosbiblicos.com.br\/#\/schema\/person\/760735259ba35f1e44e89c71c72d79da\"},\"headline\":\"Refletindo sobre a Assun\u00e7\u00e3o de Nossa Senhora: Exemplo de f\u00e9, virtude e intercess\u00e3o.\",\"datePublished\":\"2025-05-08T21:47:57+00:00\",\"mainEntityOfPage\":{\"@id\":\"http:\/\/salmosbiblicos.com.br\/index.php\/2025\/05\/08\/refletindo-sobre-a-assuncao-de-nossa-senhora-exemplo-de-fe-virtude-e-intercessao\/\"},\"wordCount\":411,\"articleSection\":[\"Data Religiosa\"],\"inLanguage\":\"pt-BR\"},{\"@type\":\"WebPage\",\"@id\":\"http:\/\/salmosbiblicos.com.br\/index.php\/2025\/05\/08\/refletindo-sobre-a-assuncao-de-nossa-senhora-exemplo-de-fe-virtude-e-intercessao\/\",\"url\":\"http:\/\/salmosbiblicos.com.br\/index.php\/2025\/05\/08\/refletindo-sobre-a-assuncao-de-nossa-senhora-exemplo-de-fe-virtude-e-intercessao\/\",\"name\":\"Refletindo sobre a Assun\u00e7\u00e3o de Nossa Senhora: Exemplo de f\u00e9, virtude e intercess\u00e3o. - Salmos B\u00edblicos\",\"isPartOf\":{\"@id\":\"https:\/\/salmosbiblicos.com.br\/#website\"},\"datePublished\":\"2025-05-08T21:47:57+00:00\",\"author\":{\"@id\":\"https:\/\/salmosbiblicos.com.br\/#\/schema\/person\/760735259ba35f1e44e89c71c72d79da\"},\"breadcrumb\":{\"@id\":\"http:\/\/salmosbiblicos.com.br\/index.php\/2025\/05\/08\/refletindo-sobre-a-assuncao-de-nossa-senhora-exemplo-de-fe-virtude-e-intercessao\/#breadcrumb\"},\"inLanguage\":\"pt-BR\",\"potentialAction\":[{\"@type\":\"ReadAction\",\"target\":[\"http:\/\/salmosbiblicos.com.br\/index.php\/2025\/05\/08\/refletindo-sobre-a-assuncao-de-nossa-senhora-exemplo-de-fe-virtude-e-intercessao\/\"]}]},{\"@type\":\"BreadcrumbList\",\"@id\":\"http:\/\/salmosbiblicos.com.br\/index.php\/2025\/05\/08\/refletindo-sobre-a-assuncao-de-nossa-senhora-exemplo-de-fe-virtude-e-intercessao\/#breadcrumb\",\"itemListElement\":[{\"@type\":\"ListItem\",\"position\":1,\"name\":\"Home\",\"item\":\"https:\/\/salmosbiblicos.com.br\/\"},{\"@type\":\"ListItem\",\"position\":2,\"name\":\"Refletindo sobre a Assun\u00e7\u00e3o de Nossa Senhora: Exemplo de f\u00e9, virtude e intercess\u00e3o.\"}]},{\"@type\":\"WebSite\",\"@id\":\"https:\/\/salmosbiblicos.com.br\/#website\",\"url\":\"https:\/\/salmosbiblicos.com.br\/\",\"name\":\"Salmos B\u00edblicos\",\"description\":\"Uma e-Livraria com e-Books novos para voc\u00ea refletir.\",\"potentialAction\":[{\"@type\":\"SearchAction\",\"target\":{\"@type\":\"EntryPoint\",\"urlTemplate\":\"https:\/\/salmosbiblicos.com.br\/?s={search_term_string}\"},\"query-input\":{\"@type\":\"PropertyValueSpecification\",\"valueRequired\":true,\"valueName\":\"search_term_string\"}}],\"inLanguage\":\"pt-BR\"},{\"@type\":\"Person\",\"@id\":\"https:\/\/salmosbiblicos.com.br\/#\/schema\/person\/760735259ba35f1e44e89c71c72d79da\",\"name\":\"Irmao\",\"image\":{\"@type\":\"ImageObject\",\"inLanguage\":\"pt-BR\",\"@id\":\"https:\/\/secure.gravatar.com\/avatar\/?s=96&d=mm&r=g\",\"url\":\"https:\/\/secure.gravatar.com\/avatar\/?s=96&d=mm&r=g\",\"contentUrl\":\"https:\/\/secure.gravatar.com\/avatar\/?s=96&d=mm&r=g\",\"caption\":\"Irmao\"},\"url\":\"https:\/\/salmosbiblicos.com.br\/index.php\/author\/irmao\/\"}]}<\/script>\n<!-- \/ Yoast SEO plugin. -->","yoast_head_json":{"title":"Refletindo sobre a Assun\u00e7\u00e3o de Nossa Senhora: Exemplo de f\u00e9, virtude e intercess\u00e3o. - Salmos B\u00edblicos","robots":{"index":"index","follow":"follow","max-snippet":"max-snippet:-1","max-image-preview":"max-image-preview:large","max-video-preview":"max-video-preview:-1"},"canonical":"http:\/\/salmosbiblicos.com.br\/index.php\/2025\/05\/08\/refletindo-sobre-a-assuncao-de-nossa-senhora-exemplo-de-fe-virtude-e-intercessao\/","og_locale":"pt_BR","og_type":"article","og_title":"Refletindo sobre a Assun\u00e7\u00e3o de Nossa Senhora: Exemplo de f\u00e9, virtude e intercess\u00e3o. - Salmos B\u00edblicos","og_description":"Uma das datas religiosas mais importantes para os cat\u00f3licos \u00e9 a festa da Assun\u00e7\u00e3o de Nossa Senhora, celebrada em 15 de agosto. Neste dia, a Igreja Cat\u00f3lica comemora a cren\u00e7a de que Maria, m\u00e3e de Jesus, foi elevada ao c\u00e9u em corpo e alma ap\u00f3s o fim de sua vida terrena. A origem desta festa [&hellip;]","og_url":"http:\/\/salmosbiblicos.com.br\/index.php\/2025\/05\/08\/refletindo-sobre-a-assuncao-de-nossa-senhora-exemplo-de-fe-virtude-e-intercessao\/","og_site_name":"Salmos B\u00edblicos","article_published_time":"2025-05-08T21:47:57+00:00","author":"Irmao","twitter_card":"summary_large_image","twitter_misc":{"Escrito por":"Irmao","Est. tempo de leitura":"2 minutos"},"schema":{"@context":"https:\/\/schema.org","@graph":[{"@type":"Article","@id":"http:\/\/salmosbiblicos.com.br\/index.php\/2025\/05\/08\/refletindo-sobre-a-assuncao-de-nossa-senhora-exemplo-de-fe-virtude-e-intercessao\/#article","isPartOf":{"@id":"http:\/\/salmosbiblicos.com.br\/index.php\/2025\/05\/08\/refletindo-sobre-a-assuncao-de-nossa-senhora-exemplo-de-fe-virtude-e-intercessao\/"},"author":{"name":"Irmao","@id":"https:\/\/salmosbiblicos.com.br\/#\/schema\/person\/760735259ba35f1e44e89c71c72d79da"},"headline":"Refletindo sobre a Assun\u00e7\u00e3o de Nossa Senhora: Exemplo de f\u00e9, virtude e intercess\u00e3o.","datePublished":"2025-05-08T21:47:57+00:00","mainEntityOfPage":{"@id":"http:\/\/salmosbiblicos.com.br\/index.php\/2025\/05\/08\/refletindo-sobre-a-assuncao-de-nossa-senhora-exemplo-de-fe-virtude-e-intercessao\/"},"wordCount":411,"articleSection":["Data Religiosa"],"inLanguage":"pt-BR"},{"@type":"WebPage","@id":"http:\/\/salmosbiblicos.com.br\/index.php\/2025\/05\/08\/refletindo-sobre-a-assuncao-de-nossa-senhora-exemplo-de-fe-virtude-e-intercessao\/","url":"http:\/\/salmosbiblicos.com.br\/index.php\/2025\/05\/08\/refletindo-sobre-a-assuncao-de-nossa-senhora-exemplo-de-fe-virtude-e-intercessao\/","name":"Refletindo sobre a Assun\u00e7\u00e3o de Nossa Senhora: Exemplo de f\u00e9, virtude e intercess\u00e3o. - Salmos B\u00edblicos","isPartOf":{"@id":"https:\/\/salmosbiblicos.com.br\/#website"},"datePublished":"2025-05-08T21:47:57+00:00","author":{"@id":"https:\/\/salmosbiblicos.com.br\/#\/schema\/person\/760735259ba35f1e44e89c71c72d79da"},"breadcrumb":{"@id":"http:\/\/salmosbiblicos.com.br\/index.php\/2025\/05\/08\/refletindo-sobre-a-assuncao-de-nossa-senhora-exemplo-de-fe-virtude-e-intercessao\/#breadcrumb"},"inLanguage":"pt-BR","potentialAction":[{"@type":"ReadAction","target":["http:\/\/salmosbiblicos.com.br\/index.php\/2025\/05\/08\/refletindo-sobre-a-assuncao-de-nossa-senhora-exemplo-de-fe-virtude-e-intercessao\/"]}]},{"@type":"BreadcrumbList","@id":"http:\/\/salmosbiblicos.com.br\/index.php\/2025\/05\/08\/refletindo-sobre-a-assuncao-de-nossa-senhora-exemplo-de-fe-virtude-e-intercessao\/#breadcrumb","itemListElement":[{"@type":"ListItem","position":1,"name":"Home","item":"https:\/\/salmosbiblicos.com.br\/"},{"@type":"ListItem","position":2,"name":"Refletindo sobre a Assun\u00e7\u00e3o de Nossa Senhora: Exemplo de f\u00e9, virtude e intercess\u00e3o."}]},{"@type":"WebSite","@id":"https:\/\/salmosbiblicos.com.br\/#website","url":"https:\/\/salmosbiblicos.com.br\/","name":"Salmos B\u00edblicos","description":"Uma e-Livraria com e-Books novos para voc\u00ea refletir.","potentialAction":[{"@type":"SearchAction","target":{"@type":"EntryPoint","urlTemplate":"https:\/\/salmosbiblicos.com.br\/?s={search_term_string}"},"query-input":{"@type":"PropertyValueSpecification","valueRequired":true,"valueName":"search_term_string"}}],"inLanguage":"pt-BR"},{"@type":"Person","@id":"https:\/\/salmosbiblicos.com.br\/#\/schema\/person\/760735259ba35f1e44e89c71c72d79da","name":"Irmao","image":{"@type":"ImageObject","inLanguage":"pt-BR","@id":"https:\/\/secure.gravatar.com\/avatar\/?s=96&d=mm&r=g","url":"https:\/\/secure.gravatar.com\/avatar\/?s=96&d=mm&r=g","contentUrl":"https:\/\/secure.gravatar.com\/avatar\/?s=96&d=mm&r=g","caption":"Irmao"},"url":"https:\/\/salmosbiblicos.com.br\/index.php\/author\/irmao\/"}]}},"_links":{"self":[{"href":"https:\/\/salmosbiblicos.com.br\/index.php\/wp-json\/wp\/v2\/posts\/4977","targetHints":{"allow":["GET"]}}],"collection":[{"href":"https:\/\/salmosbiblicos.com.br\/index.php\/wp-json\/wp\/v2\/posts"}],"about":[{"href":"https:\/\/salmosbiblicos.com.br\/index.php\/wp-json\/wp\/v2\/types\/post"}],"author":[{"embeddable":true,"href":"https:\/\/salmosbiblicos.com.br\/index.php\/wp-json\/wp\/v2\/users\/2"}],"replies":[{"embeddable":true,"href":"https:\/\/salmosbiblicos.com.br\/index.php\/wp-json\/wp\/v2\/comments?post=4977"}],"version-history":[{"count":0,"href":"https:\/\/salmosbiblicos.com.br\/index.php\/wp-json\/wp\/v2\/posts\/4977\/revisions"}],"wp:attachment":[{"href":"https:\/\/salmosbiblicos.com.br\/index.php\/wp-json\/wp\/v2\/media?parent=4977"}],"wp:term":[{"taxonomy":"category","embeddable":true,"href":"https:\/\/salmosbiblicos.com.br\/index.php\/wp-json\/wp\/v2\/categories?post=4977"},{"taxonomy":"post_tag","embeddable":true,"href":"https:\/\/salmosbiblicos.com.br\/index.php\/wp-json\/wp\/v2\/tags?post=4977"}],"curies":[{"name":"wp","href":"https:\/\/api.w.org\/{rel}","templated":true}]}}