{"id":5031,"date":"2025-05-10T17:50:48","date_gmt":"2025-05-10T20:50:48","guid":{"rendered":"https:\/\/salmosbiblicos.com.br\/?p=5031"},"modified":"2025-05-10T17:50:48","modified_gmt":"2025-05-10T20:50:48","slug":"reflexoes-e-renovacao-a-profunda-mensagem-da-sexta-feira-santa","status":"publish","type":"post","link":"https:\/\/salmosbiblicos.com.br\/index.php\/2025\/05\/10\/reflexoes-e-renovacao-a-profunda-mensagem-da-sexta-feira-santa\/","title":{"rendered":"Reflex\u00f5es e Renova\u00e7\u00e3o: A Profunda Mensagem da Sexta-feira Santa"},"content":{"rendered":"<p>Uma das datas mais significativas do calend\u00e1rio religioso cat\u00f3lico \u00e9 a Sexta-feira Santa, que marca a crucifica\u00e7\u00e3o de Jesus Cristo. Esta data \u00e9 celebrada anualmente durante a Semana Santa, que culmina com a P\u00e1scoa, a ressurrei\u00e7\u00e3o de Cristo.<\/p>\n<p>A origem da Sexta-feira Santa remonta ao s\u00e9culo IV, quando a Igreja Cat\u00f3lica estabeleceu oficialmente a data para relembrar a paix\u00e3o e morte de Jesus na cruz. \u00c9 um dia de profunda reflex\u00e3o e penit\u00eancia, no qual os fi\u00e9is s\u00e3o convidados a meditar sobre o sacrif\u00edcio de Cristo pela humanidade.<\/p>\n<p>O simbolismo da Sexta-feira Santa est\u00e1 intrinsecamente ligado \u00e0 ideia de reden\u00e7\u00e3o e perd\u00e3o. A crucifica\u00e7\u00e3o de Jesus \u00e9 vista como o \u00e1pice do amor de Deus pelos seres humanos, que, atrav\u00e9s desse sacrif\u00edcio supremo, t\u00eam a oportunidade de se reconciliar com Ele. \u00c9 um momento de renova\u00e7\u00e3o espiritual, de reconhecimento da pr\u00f3pria fragilidade e da necessidade de se voltar para Deus com humildade e arrependimento.<\/p>\n<p>Na Sexta-feira Santa, os fi\u00e9is s\u00e3o convidados a participar de celebra\u00e7\u00f5es especiais, como a Via Sacra, que percorre os passos de Jesus at\u00e9 o Calv\u00e1rio, e a Liturgia da Paix\u00e3o, que narra os eventos que culminaram na crucifica\u00e7\u00e3o. \u00c9 um dia de jejum e abstin\u00eancia, no qual se busca a interioriza\u00e7\u00e3o e a contempla\u00e7\u00e3o do significado da morte de Cristo.<\/p>\n<p>Diante do simbolismo da Sexta-feira Santa, somos desafiados a refletir sobre o nosso pr\u00f3prio caminho espiritual. Como podemos seguir o exemplo de Jesus Cristo em nossa vida di\u00e1ria? Como podemos manifestar o amor, a compaix\u00e3o e o perd\u00e3o que Ele nos ensinou? Como podemos nos reconciliar com aqueles que nos magoaram e buscar a paz interior que s\u00f3 Deus pode nos oferecer?<\/p>\n<p>Neste dia t\u00e3o especial, convido voc\u00ea a reservar um momento de ora\u00e7\u00e3o silenciosa, de medita\u00e7\u00e3o e de entrega a Deus. Que possamos nos abrir ao Seu amor misericordioso e permitir que Ele transforme nossos cora\u00e7\u00f5es, nos tornando instrumentos de Sua paz e reconcilia\u00e7\u00e3o neste mundo t\u00e3o necessitado.<\/p>\n<p>Que a Sexta-feira Santa seja para todos n\u00f3s um momento de renova\u00e7\u00e3o espiritual, de reflex\u00e3o profunda e de compromisso com o amor e a compaix\u00e3o. Que possamos seguir os passos de Jesus Cristo, carregando a nossa cruz com f\u00e9 e esperan\u00e7a, sabendo que a morte n\u00e3o \u00e9 o fim, mas sim o caminho para a vida eterna em Deus. Am\u00e9m.<\/p>\n","protected":false},"excerpt":{"rendered":"<p>Uma das datas mais significativas do calend\u00e1rio religioso cat\u00f3lico \u00e9 a Sexta-feira Santa, que marca a crucifica\u00e7\u00e3o de Jesus Cristo. Esta data \u00e9 celebrada anualmente durante a Semana Santa, que culmina com a P\u00e1scoa, a ressurrei\u00e7\u00e3o de Cristo. A origem da Sexta-feira Santa remonta ao s\u00e9culo IV, quando a Igreja Cat\u00f3lica estabeleceu oficialmente a data [&hellip;]<\/p>\n","protected":false},"author":2,"featured_media":0,"comment_status":"closed","ping_status":"open","sticky":false,"template":"","format":"standard","meta":{"footnotes":""},"categories":[9],"tags":[],"class_list":["post-5031","post","type-post","status-publish","format-standard","hentry","category-data-religiosa"],"yoast_head":"<!-- This site is optimized with the Yoast SEO plugin v27.2 - https:\/\/yoast.com\/product\/yoast-seo-wordpress\/ -->\n<title>Reflex\u00f5es e Renova\u00e7\u00e3o: A Profunda Mensagem da Sexta-feira Santa - Salmos B\u00edblicos<\/title>\n<meta name=\"robots\" content=\"index, follow, max-snippet:-1, max-image-preview:large, max-video-preview:-1\" \/>\n<link rel=\"canonical\" href=\"https:\/\/salmosbiblicos.com.br\/index.php\/2025\/05\/10\/reflexoes-e-renovacao-a-profunda-mensagem-da-sexta-feira-santa\/\" \/>\n<meta property=\"og:locale\" content=\"pt_BR\" \/>\n<meta property=\"og:type\" content=\"article\" \/>\n<meta property=\"og:title\" content=\"Reflex\u00f5es e Renova\u00e7\u00e3o: A Profunda Mensagem da Sexta-feira Santa - Salmos B\u00edblicos\" \/>\n<meta property=\"og:description\" content=\"Uma das datas mais significativas do calend\u00e1rio religioso cat\u00f3lico \u00e9 a Sexta-feira Santa, que marca a crucifica\u00e7\u00e3o de Jesus Cristo. Esta data \u00e9 celebrada anualmente durante a Semana Santa, que culmina com a P\u00e1scoa, a ressurrei\u00e7\u00e3o de Cristo. A origem da Sexta-feira Santa remonta ao s\u00e9culo IV, quando a Igreja Cat\u00f3lica estabeleceu oficialmente a data [&hellip;]\" \/>\n<meta property=\"og:url\" content=\"https:\/\/salmosbiblicos.com.br\/index.php\/2025\/05\/10\/reflexoes-e-renovacao-a-profunda-mensagem-da-sexta-feira-santa\/\" \/>\n<meta property=\"og:site_name\" content=\"Salmos B\u00edblicos\" \/>\n<meta property=\"article:published_time\" content=\"2025-05-10T20:50:48+00:00\" \/>\n<meta name=\"author\" content=\"Irmao\" \/>\n<meta name=\"twitter:card\" content=\"summary_large_image\" \/>\n<meta name=\"twitter:label1\" content=\"Escrito por\" \/>\n\t<meta name=\"twitter:data1\" content=\"Irmao\" \/>\n\t<meta name=\"twitter:label2\" content=\"Est. tempo de leitura\" \/>\n\t<meta name=\"twitter:data2\" content=\"2 minutos\" \/>\n<script type=\"application\/ld+json\" class=\"yoast-schema-graph\">{\"@context\":\"https:\/\/schema.org\",\"@graph\":[{\"@type\":\"Article\",\"@id\":\"https:\/\/salmosbiblicos.com.br\/index.php\/2025\/05\/10\/reflexoes-e-renovacao-a-profunda-mensagem-da-sexta-feira-santa\/#article\",\"isPartOf\":{\"@id\":\"https:\/\/salmosbiblicos.com.br\/index.php\/2025\/05\/10\/reflexoes-e-renovacao-a-profunda-mensagem-da-sexta-feira-santa\/\"},\"author\":{\"name\":\"Irmao\",\"@id\":\"https:\/\/salmosbiblicos.com.br\/#\/schema\/person\/760735259ba35f1e44e89c71c72d79da\"},\"headline\":\"Reflex\u00f5es e Renova\u00e7\u00e3o: A Profunda Mensagem da Sexta-feira Santa\",\"datePublished\":\"2025-05-10T20:50:48+00:00\",\"mainEntityOfPage\":{\"@id\":\"https:\/\/salmosbiblicos.com.br\/index.php\/2025\/05\/10\/reflexoes-e-renovacao-a-profunda-mensagem-da-sexta-feira-santa\/\"},\"wordCount\":433,\"articleSection\":[\"Data Religiosa\"],\"inLanguage\":\"pt-BR\"},{\"@type\":\"WebPage\",\"@id\":\"https:\/\/salmosbiblicos.com.br\/index.php\/2025\/05\/10\/reflexoes-e-renovacao-a-profunda-mensagem-da-sexta-feira-santa\/\",\"url\":\"https:\/\/salmosbiblicos.com.br\/index.php\/2025\/05\/10\/reflexoes-e-renovacao-a-profunda-mensagem-da-sexta-feira-santa\/\",\"name\":\"Reflex\u00f5es e Renova\u00e7\u00e3o: A Profunda Mensagem da Sexta-feira Santa - Salmos B\u00edblicos\",\"isPartOf\":{\"@id\":\"https:\/\/salmosbiblicos.com.br\/#website\"},\"datePublished\":\"2025-05-10T20:50:48+00:00\",\"author\":{\"@id\":\"https:\/\/salmosbiblicos.com.br\/#\/schema\/person\/760735259ba35f1e44e89c71c72d79da\"},\"breadcrumb\":{\"@id\":\"https:\/\/salmosbiblicos.com.br\/index.php\/2025\/05\/10\/reflexoes-e-renovacao-a-profunda-mensagem-da-sexta-feira-santa\/#breadcrumb\"},\"inLanguage\":\"pt-BR\",\"potentialAction\":[{\"@type\":\"ReadAction\",\"target\":[\"https:\/\/salmosbiblicos.com.br\/index.php\/2025\/05\/10\/reflexoes-e-renovacao-a-profunda-mensagem-da-sexta-feira-santa\/\"]}]},{\"@type\":\"BreadcrumbList\",\"@id\":\"https:\/\/salmosbiblicos.com.br\/index.php\/2025\/05\/10\/reflexoes-e-renovacao-a-profunda-mensagem-da-sexta-feira-santa\/#breadcrumb\",\"itemListElement\":[{\"@type\":\"ListItem\",\"position\":1,\"name\":\"Home\",\"item\":\"https:\/\/salmosbiblicos.com.br\/\"},{\"@type\":\"ListItem\",\"position\":2,\"name\":\"Reflex\u00f5es e Renova\u00e7\u00e3o: A Profunda Mensagem da Sexta-feira Santa\"}]},{\"@type\":\"WebSite\",\"@id\":\"https:\/\/salmosbiblicos.com.br\/#website\",\"url\":\"https:\/\/salmosbiblicos.com.br\/\",\"name\":\"Salmos B\u00edblicos\",\"description\":\"Uma e-Livraria com e-Books novos para voc\u00ea refletir.\",\"potentialAction\":[{\"@type\":\"SearchAction\",\"target\":{\"@type\":\"EntryPoint\",\"urlTemplate\":\"https:\/\/salmosbiblicos.com.br\/?s={search_term_string}\"},\"query-input\":{\"@type\":\"PropertyValueSpecification\",\"valueRequired\":true,\"valueName\":\"search_term_string\"}}],\"inLanguage\":\"pt-BR\"},{\"@type\":\"Person\",\"@id\":\"https:\/\/salmosbiblicos.com.br\/#\/schema\/person\/760735259ba35f1e44e89c71c72d79da\",\"name\":\"Irmao\",\"image\":{\"@type\":\"ImageObject\",\"inLanguage\":\"pt-BR\",\"@id\":\"https:\/\/secure.gravatar.com\/avatar\/?s=96&d=mm&r=g\",\"url\":\"https:\/\/secure.gravatar.com\/avatar\/?s=96&d=mm&r=g\",\"contentUrl\":\"https:\/\/secure.gravatar.com\/avatar\/?s=96&d=mm&r=g\",\"caption\":\"Irmao\"},\"url\":\"https:\/\/salmosbiblicos.com.br\/index.php\/author\/irmao\/\"}]}<\/script>\n<!-- \/ Yoast SEO plugin. -->","yoast_head_json":{"title":"Reflex\u00f5es e Renova\u00e7\u00e3o: A Profunda Mensagem da Sexta-feira Santa - Salmos B\u00edblicos","robots":{"index":"index","follow":"follow","max-snippet":"max-snippet:-1","max-image-preview":"max-image-preview:large","max-video-preview":"max-video-preview:-1"},"canonical":"https:\/\/salmosbiblicos.com.br\/index.php\/2025\/05\/10\/reflexoes-e-renovacao-a-profunda-mensagem-da-sexta-feira-santa\/","og_locale":"pt_BR","og_type":"article","og_title":"Reflex\u00f5es e Renova\u00e7\u00e3o: A Profunda Mensagem da Sexta-feira Santa - Salmos B\u00edblicos","og_description":"Uma das datas mais significativas do calend\u00e1rio religioso cat\u00f3lico \u00e9 a Sexta-feira Santa, que marca a crucifica\u00e7\u00e3o de Jesus Cristo. Esta data \u00e9 celebrada anualmente durante a Semana Santa, que culmina com a P\u00e1scoa, a ressurrei\u00e7\u00e3o de Cristo. A origem da Sexta-feira Santa remonta ao s\u00e9culo IV, quando a Igreja Cat\u00f3lica estabeleceu oficialmente a data [&hellip;]","og_url":"https:\/\/salmosbiblicos.com.br\/index.php\/2025\/05\/10\/reflexoes-e-renovacao-a-profunda-mensagem-da-sexta-feira-santa\/","og_site_name":"Salmos B\u00edblicos","article_published_time":"2025-05-10T20:50:48+00:00","author":"Irmao","twitter_card":"summary_large_image","twitter_misc":{"Escrito por":"Irmao","Est. tempo de leitura":"2 minutos"},"schema":{"@context":"https:\/\/schema.org","@graph":[{"@type":"Article","@id":"https:\/\/salmosbiblicos.com.br\/index.php\/2025\/05\/10\/reflexoes-e-renovacao-a-profunda-mensagem-da-sexta-feira-santa\/#article","isPartOf":{"@id":"https:\/\/salmosbiblicos.com.br\/index.php\/2025\/05\/10\/reflexoes-e-renovacao-a-profunda-mensagem-da-sexta-feira-santa\/"},"author":{"name":"Irmao","@id":"https:\/\/salmosbiblicos.com.br\/#\/schema\/person\/760735259ba35f1e44e89c71c72d79da"},"headline":"Reflex\u00f5es e Renova\u00e7\u00e3o: A Profunda Mensagem da Sexta-feira Santa","datePublished":"2025-05-10T20:50:48+00:00","mainEntityOfPage":{"@id":"https:\/\/salmosbiblicos.com.br\/index.php\/2025\/05\/10\/reflexoes-e-renovacao-a-profunda-mensagem-da-sexta-feira-santa\/"},"wordCount":433,"articleSection":["Data Religiosa"],"inLanguage":"pt-BR"},{"@type":"WebPage","@id":"https:\/\/salmosbiblicos.com.br\/index.php\/2025\/05\/10\/reflexoes-e-renovacao-a-profunda-mensagem-da-sexta-feira-santa\/","url":"https:\/\/salmosbiblicos.com.br\/index.php\/2025\/05\/10\/reflexoes-e-renovacao-a-profunda-mensagem-da-sexta-feira-santa\/","name":"Reflex\u00f5es e Renova\u00e7\u00e3o: A Profunda Mensagem da Sexta-feira Santa - Salmos B\u00edblicos","isPartOf":{"@id":"https:\/\/salmosbiblicos.com.br\/#website"},"datePublished":"2025-05-10T20:50:48+00:00","author":{"@id":"https:\/\/salmosbiblicos.com.br\/#\/schema\/person\/760735259ba35f1e44e89c71c72d79da"},"breadcrumb":{"@id":"https:\/\/salmosbiblicos.com.br\/index.php\/2025\/05\/10\/reflexoes-e-renovacao-a-profunda-mensagem-da-sexta-feira-santa\/#breadcrumb"},"inLanguage":"pt-BR","potentialAction":[{"@type":"ReadAction","target":["https:\/\/salmosbiblicos.com.br\/index.php\/2025\/05\/10\/reflexoes-e-renovacao-a-profunda-mensagem-da-sexta-feira-santa\/"]}]},{"@type":"BreadcrumbList","@id":"https:\/\/salmosbiblicos.com.br\/index.php\/2025\/05\/10\/reflexoes-e-renovacao-a-profunda-mensagem-da-sexta-feira-santa\/#breadcrumb","itemListElement":[{"@type":"ListItem","position":1,"name":"Home","item":"https:\/\/salmosbiblicos.com.br\/"},{"@type":"ListItem","position":2,"name":"Reflex\u00f5es e Renova\u00e7\u00e3o: A Profunda Mensagem da Sexta-feira Santa"}]},{"@type":"WebSite","@id":"https:\/\/salmosbiblicos.com.br\/#website","url":"https:\/\/salmosbiblicos.com.br\/","name":"Salmos B\u00edblicos","description":"Uma e-Livraria com e-Books novos para voc\u00ea refletir.","potentialAction":[{"@type":"SearchAction","target":{"@type":"EntryPoint","urlTemplate":"https:\/\/salmosbiblicos.com.br\/?s={search_term_string}"},"query-input":{"@type":"PropertyValueSpecification","valueRequired":true,"valueName":"search_term_string"}}],"inLanguage":"pt-BR"},{"@type":"Person","@id":"https:\/\/salmosbiblicos.com.br\/#\/schema\/person\/760735259ba35f1e44e89c71c72d79da","name":"Irmao","image":{"@type":"ImageObject","inLanguage":"pt-BR","@id":"https:\/\/secure.gravatar.com\/avatar\/?s=96&d=mm&r=g","url":"https:\/\/secure.gravatar.com\/avatar\/?s=96&d=mm&r=g","contentUrl":"https:\/\/secure.gravatar.com\/avatar\/?s=96&d=mm&r=g","caption":"Irmao"},"url":"https:\/\/salmosbiblicos.com.br\/index.php\/author\/irmao\/"}]}},"_links":{"self":[{"href":"https:\/\/salmosbiblicos.com.br\/index.php\/wp-json\/wp\/v2\/posts\/5031","targetHints":{"allow":["GET"]}}],"collection":[{"href":"https:\/\/salmosbiblicos.com.br\/index.php\/wp-json\/wp\/v2\/posts"}],"about":[{"href":"https:\/\/salmosbiblicos.com.br\/index.php\/wp-json\/wp\/v2\/types\/post"}],"author":[{"embeddable":true,"href":"https:\/\/salmosbiblicos.com.br\/index.php\/wp-json\/wp\/v2\/users\/2"}],"replies":[{"embeddable":true,"href":"https:\/\/salmosbiblicos.com.br\/index.php\/wp-json\/wp\/v2\/comments?post=5031"}],"version-history":[{"count":0,"href":"https:\/\/salmosbiblicos.com.br\/index.php\/wp-json\/wp\/v2\/posts\/5031\/revisions"}],"wp:attachment":[{"href":"https:\/\/salmosbiblicos.com.br\/index.php\/wp-json\/wp\/v2\/media?parent=5031"}],"wp:term":[{"taxonomy":"category","embeddable":true,"href":"https:\/\/salmosbiblicos.com.br\/index.php\/wp-json\/wp\/v2\/categories?post=5031"},{"taxonomy":"post_tag","embeddable":true,"href":"https:\/\/salmosbiblicos.com.br\/index.php\/wp-json\/wp\/v2\/tags?post=5031"}],"curies":[{"name":"wp","href":"https:\/\/api.w.org\/{rel}","templated":true}]}}