{"id":5033,"date":"2025-05-10T17:50:59","date_gmt":"2025-05-10T20:50:59","guid":{"rendered":"https:\/\/salmosbiblicos.com.br\/?p=5033"},"modified":"2025-05-10T17:50:59","modified_gmt":"2025-05-10T20:50:59","slug":"reflexoes-e-renovacao-o-significado-da-sexta-feira-santa-no-calendario-religioso-catolico","status":"publish","type":"post","link":"https:\/\/salmosbiblicos.com.br\/index.php\/2025\/05\/10\/reflexoes-e-renovacao-o-significado-da-sexta-feira-santa-no-calendario-religioso-catolico\/","title":{"rendered":"Reflex\u00f5es e renova\u00e7\u00e3o: O significado da Sexta-feira Santa no calend\u00e1rio religioso Cat\u00f3lico."},"content":{"rendered":"<p>A data escolhida para reflex\u00e3o e celebra\u00e7\u00e3o \u00e9 a Sexta-feira Santa, um dos dias mais importantes do calend\u00e1rio religioso Cat\u00f3lico. <\/p>\n<p>A Sexta-feira Santa marca a crucifica\u00e7\u00e3o de Jesus Cristo, um momento de grande dor e sacrif\u00edcio, mas tamb\u00e9m de profundo amor e reden\u00e7\u00e3o. Segundo a tradi\u00e7\u00e3o crist\u00e3, Jesus foi crucificado em uma sexta-feira, cumprindo assim a profecia e o plano divino para a salva\u00e7\u00e3o da humanidade. Neste dia, os fi\u00e9is s\u00e3o convidados a meditar sobre o sacrif\u00edcio de Cristo, sua entrega total e incondicional por amor a todos n\u00f3s.<\/p>\n<p>O simbolismo da Sexta-feira Santa \u00e9 marcado pela cruz, s\u00edmbolo da reden\u00e7\u00e3o e da vida eterna. \u00c9 um momento de recolhimento e contempla\u00e7\u00e3o, de reconhecimento da dor e do sofrimento que Jesus enfrentou por n\u00f3s. \u00c9 tamb\u00e9m um convite \u00e0 reflex\u00e3o sobre o significado do sacrif\u00edcio, sobre a import\u00e2ncia de seguir os ensinamentos de Cristo e de viver de acordo com os valores do Evangelho.<\/p>\n<p>Neste momento de reflex\u00e3o, \u00e9 importante lembrar que a Sexta-feira Santa n\u00e3o \u00e9 apenas um dia de luto e tristeza, mas tamb\u00e9m de esperan\u00e7a e renova\u00e7\u00e3o. \u00c9 a partir da Cruz que surge a Ressurrei\u00e7\u00e3o, a vit\u00f3ria sobre o pecado e a morte. \u00c9 a partir do sacrif\u00edcio de Cristo que somos reconciliados com Deus e com os nossos irm\u00e3os, e recebemos a promessa da vida eterna.<\/p>\n<p>Diante desse mist\u00e9rio de amor e reden\u00e7\u00e3o, podemos nos perguntar: como tenho vivido a minha f\u00e9 no dia a dia? Tenho sido verdadeiramente solid\u00e1rio com os que sofrem? Tenho perdoado aqueles que me magoaram? Tenho buscado viver de acordo com os ensinamentos de Cristo, amando o pr\u00f3ximo como a mim mesmo?<\/p>\n<p>Que nesta Sexta-feira Santa possamos renovar a nossa f\u00e9, refletir sobre o significado do sacrif\u00edcio de Cristo e buscar viver de acordo com os valores do Evangelho. Que possamos ser testemunhas do amor e da miseric\u00f3rdia de Deus em nossa vida e no mundo, levando a esperan\u00e7a e a alegria da Ressurrei\u00e7\u00e3o a todos os que encontrarmos no nosso caminho.<\/p>\n<p>Que a Cruz de Cristo seja para n\u00f3s fonte de inspira\u00e7\u00e3o e de for\u00e7a, lembrando-nos do amor incondicional que Deus tem por cada um de n\u00f3s. Que possamos ser verdadeiros disc\u00edpulos de Cristo, seguindo o seu exemplo de humildade, servi\u00e7o e amor ao pr\u00f3ximo.<\/p>\n<p>Que nesta Sexta-feira Santa possamos nos unir em ora\u00e7\u00e3o e reflex\u00e3o, pedindo a Deus a gra\u00e7a de vivermos de acordo com a sua vontade e de sermos testemunhas do seu amor no mundo. Que o sacrif\u00edcio de Cristo nos inspire a sermos melhores a cada dia, mais solid\u00e1rios, mais justos e mais misericordiosos.<\/p>\n<p>Que a Luz de Cristo brilhe em nossos cora\u00e7\u00f5es e nos guie pelo caminho da verdade, da justi\u00e7a e do amor. Am\u00e9m.<\/p>\n","protected":false},"excerpt":{"rendered":"<p>A data escolhida para reflex\u00e3o e celebra\u00e7\u00e3o \u00e9 a Sexta-feira Santa, um dos dias mais importantes do calend\u00e1rio religioso Cat\u00f3lico. A Sexta-feira Santa marca a crucifica\u00e7\u00e3o de Jesus Cristo, um momento de grande dor e sacrif\u00edcio, mas tamb\u00e9m de profundo amor e reden\u00e7\u00e3o. Segundo a tradi\u00e7\u00e3o crist\u00e3, Jesus foi crucificado em uma sexta-feira, cumprindo assim [&hellip;]<\/p>\n","protected":false},"author":2,"featured_media":0,"comment_status":"closed","ping_status":"open","sticky":false,"template":"","format":"standard","meta":{"footnotes":""},"categories":[9],"tags":[],"class_list":["post-5033","post","type-post","status-publish","format-standard","hentry","category-data-religiosa"],"yoast_head":"<!-- This site is optimized with the Yoast SEO plugin v27.2 - https:\/\/yoast.com\/product\/yoast-seo-wordpress\/ -->\n<title>Reflex\u00f5es e renova\u00e7\u00e3o: O significado da Sexta-feira Santa no calend\u00e1rio religioso Cat\u00f3lico. - Salmos B\u00edblicos<\/title>\n<meta name=\"robots\" content=\"index, follow, max-snippet:-1, max-image-preview:large, max-video-preview:-1\" \/>\n<link rel=\"canonical\" href=\"https:\/\/salmosbiblicos.com.br\/index.php\/2025\/05\/10\/reflexoes-e-renovacao-o-significado-da-sexta-feira-santa-no-calendario-religioso-catolico\/\" \/>\n<meta property=\"og:locale\" content=\"pt_BR\" \/>\n<meta property=\"og:type\" content=\"article\" \/>\n<meta property=\"og:title\" content=\"Reflex\u00f5es e renova\u00e7\u00e3o: O significado da Sexta-feira Santa no calend\u00e1rio religioso Cat\u00f3lico. - Salmos B\u00edblicos\" \/>\n<meta property=\"og:description\" content=\"A data escolhida para reflex\u00e3o e celebra\u00e7\u00e3o \u00e9 a Sexta-feira Santa, um dos dias mais importantes do calend\u00e1rio religioso Cat\u00f3lico. A Sexta-feira Santa marca a crucifica\u00e7\u00e3o de Jesus Cristo, um momento de grande dor e sacrif\u00edcio, mas tamb\u00e9m de profundo amor e reden\u00e7\u00e3o. Segundo a tradi\u00e7\u00e3o crist\u00e3, Jesus foi crucificado em uma sexta-feira, cumprindo assim [&hellip;]\" \/>\n<meta property=\"og:url\" content=\"https:\/\/salmosbiblicos.com.br\/index.php\/2025\/05\/10\/reflexoes-e-renovacao-o-significado-da-sexta-feira-santa-no-calendario-religioso-catolico\/\" \/>\n<meta property=\"og:site_name\" content=\"Salmos B\u00edblicos\" \/>\n<meta property=\"article:published_time\" content=\"2025-05-10T20:50:59+00:00\" \/>\n<meta name=\"author\" content=\"Irmao\" \/>\n<meta name=\"twitter:card\" content=\"summary_large_image\" \/>\n<meta name=\"twitter:label1\" content=\"Escrito por\" \/>\n\t<meta name=\"twitter:data1\" content=\"Irmao\" \/>\n\t<meta name=\"twitter:label2\" content=\"Est. tempo de leitura\" \/>\n\t<meta name=\"twitter:data2\" content=\"2 minutos\" \/>\n<script type=\"application\/ld+json\" class=\"yoast-schema-graph\">{\"@context\":\"https:\/\/schema.org\",\"@graph\":[{\"@type\":\"Article\",\"@id\":\"https:\/\/salmosbiblicos.com.br\/index.php\/2025\/05\/10\/reflexoes-e-renovacao-o-significado-da-sexta-feira-santa-no-calendario-religioso-catolico\/#article\",\"isPartOf\":{\"@id\":\"https:\/\/salmosbiblicos.com.br\/index.php\/2025\/05\/10\/reflexoes-e-renovacao-o-significado-da-sexta-feira-santa-no-calendario-religioso-catolico\/\"},\"author\":{\"name\":\"Irmao\",\"@id\":\"https:\/\/salmosbiblicos.com.br\/#\/schema\/person\/760735259ba35f1e44e89c71c72d79da\"},\"headline\":\"Reflex\u00f5es e renova\u00e7\u00e3o: O significado da Sexta-feira Santa no calend\u00e1rio religioso Cat\u00f3lico.\",\"datePublished\":\"2025-05-10T20:50:59+00:00\",\"mainEntityOfPage\":{\"@id\":\"https:\/\/salmosbiblicos.com.br\/index.php\/2025\/05\/10\/reflexoes-e-renovacao-o-significado-da-sexta-feira-santa-no-calendario-religioso-catolico\/\"},\"wordCount\":512,\"articleSection\":[\"Data Religiosa\"],\"inLanguage\":\"pt-BR\"},{\"@type\":\"WebPage\",\"@id\":\"https:\/\/salmosbiblicos.com.br\/index.php\/2025\/05\/10\/reflexoes-e-renovacao-o-significado-da-sexta-feira-santa-no-calendario-religioso-catolico\/\",\"url\":\"https:\/\/salmosbiblicos.com.br\/index.php\/2025\/05\/10\/reflexoes-e-renovacao-o-significado-da-sexta-feira-santa-no-calendario-religioso-catolico\/\",\"name\":\"Reflex\u00f5es e renova\u00e7\u00e3o: O significado da Sexta-feira Santa no calend\u00e1rio religioso Cat\u00f3lico. - Salmos B\u00edblicos\",\"isPartOf\":{\"@id\":\"https:\/\/salmosbiblicos.com.br\/#website\"},\"datePublished\":\"2025-05-10T20:50:59+00:00\",\"author\":{\"@id\":\"https:\/\/salmosbiblicos.com.br\/#\/schema\/person\/760735259ba35f1e44e89c71c72d79da\"},\"breadcrumb\":{\"@id\":\"https:\/\/salmosbiblicos.com.br\/index.php\/2025\/05\/10\/reflexoes-e-renovacao-o-significado-da-sexta-feira-santa-no-calendario-religioso-catolico\/#breadcrumb\"},\"inLanguage\":\"pt-BR\",\"potentialAction\":[{\"@type\":\"ReadAction\",\"target\":[\"https:\/\/salmosbiblicos.com.br\/index.php\/2025\/05\/10\/reflexoes-e-renovacao-o-significado-da-sexta-feira-santa-no-calendario-religioso-catolico\/\"]}]},{\"@type\":\"BreadcrumbList\",\"@id\":\"https:\/\/salmosbiblicos.com.br\/index.php\/2025\/05\/10\/reflexoes-e-renovacao-o-significado-da-sexta-feira-santa-no-calendario-religioso-catolico\/#breadcrumb\",\"itemListElement\":[{\"@type\":\"ListItem\",\"position\":1,\"name\":\"Home\",\"item\":\"https:\/\/salmosbiblicos.com.br\/\"},{\"@type\":\"ListItem\",\"position\":2,\"name\":\"Reflex\u00f5es e renova\u00e7\u00e3o: O significado da Sexta-feira Santa no calend\u00e1rio religioso Cat\u00f3lico.\"}]},{\"@type\":\"WebSite\",\"@id\":\"https:\/\/salmosbiblicos.com.br\/#website\",\"url\":\"https:\/\/salmosbiblicos.com.br\/\",\"name\":\"Salmos B\u00edblicos\",\"description\":\"Uma e-Livraria com e-Books novos para voc\u00ea refletir.\",\"potentialAction\":[{\"@type\":\"SearchAction\",\"target\":{\"@type\":\"EntryPoint\",\"urlTemplate\":\"https:\/\/salmosbiblicos.com.br\/?s={search_term_string}\"},\"query-input\":{\"@type\":\"PropertyValueSpecification\",\"valueRequired\":true,\"valueName\":\"search_term_string\"}}],\"inLanguage\":\"pt-BR\"},{\"@type\":\"Person\",\"@id\":\"https:\/\/salmosbiblicos.com.br\/#\/schema\/person\/760735259ba35f1e44e89c71c72d79da\",\"name\":\"Irmao\",\"image\":{\"@type\":\"ImageObject\",\"inLanguage\":\"pt-BR\",\"@id\":\"https:\/\/secure.gravatar.com\/avatar\/?s=96&d=mm&r=g\",\"url\":\"https:\/\/secure.gravatar.com\/avatar\/?s=96&d=mm&r=g\",\"contentUrl\":\"https:\/\/secure.gravatar.com\/avatar\/?s=96&d=mm&r=g\",\"caption\":\"Irmao\"},\"url\":\"https:\/\/salmosbiblicos.com.br\/index.php\/author\/irmao\/\"}]}<\/script>\n<!-- \/ Yoast SEO plugin. -->","yoast_head_json":{"title":"Reflex\u00f5es e renova\u00e7\u00e3o: O significado da Sexta-feira Santa no calend\u00e1rio religioso Cat\u00f3lico. - Salmos B\u00edblicos","robots":{"index":"index","follow":"follow","max-snippet":"max-snippet:-1","max-image-preview":"max-image-preview:large","max-video-preview":"max-video-preview:-1"},"canonical":"https:\/\/salmosbiblicos.com.br\/index.php\/2025\/05\/10\/reflexoes-e-renovacao-o-significado-da-sexta-feira-santa-no-calendario-religioso-catolico\/","og_locale":"pt_BR","og_type":"article","og_title":"Reflex\u00f5es e renova\u00e7\u00e3o: O significado da Sexta-feira Santa no calend\u00e1rio religioso Cat\u00f3lico. - Salmos B\u00edblicos","og_description":"A data escolhida para reflex\u00e3o e celebra\u00e7\u00e3o \u00e9 a Sexta-feira Santa, um dos dias mais importantes do calend\u00e1rio religioso Cat\u00f3lico. A Sexta-feira Santa marca a crucifica\u00e7\u00e3o de Jesus Cristo, um momento de grande dor e sacrif\u00edcio, mas tamb\u00e9m de profundo amor e reden\u00e7\u00e3o. Segundo a tradi\u00e7\u00e3o crist\u00e3, Jesus foi crucificado em uma sexta-feira, cumprindo assim [&hellip;]","og_url":"https:\/\/salmosbiblicos.com.br\/index.php\/2025\/05\/10\/reflexoes-e-renovacao-o-significado-da-sexta-feira-santa-no-calendario-religioso-catolico\/","og_site_name":"Salmos B\u00edblicos","article_published_time":"2025-05-10T20:50:59+00:00","author":"Irmao","twitter_card":"summary_large_image","twitter_misc":{"Escrito por":"Irmao","Est. tempo de leitura":"2 minutos"},"schema":{"@context":"https:\/\/schema.org","@graph":[{"@type":"Article","@id":"https:\/\/salmosbiblicos.com.br\/index.php\/2025\/05\/10\/reflexoes-e-renovacao-o-significado-da-sexta-feira-santa-no-calendario-religioso-catolico\/#article","isPartOf":{"@id":"https:\/\/salmosbiblicos.com.br\/index.php\/2025\/05\/10\/reflexoes-e-renovacao-o-significado-da-sexta-feira-santa-no-calendario-religioso-catolico\/"},"author":{"name":"Irmao","@id":"https:\/\/salmosbiblicos.com.br\/#\/schema\/person\/760735259ba35f1e44e89c71c72d79da"},"headline":"Reflex\u00f5es e renova\u00e7\u00e3o: O significado da Sexta-feira Santa no calend\u00e1rio religioso Cat\u00f3lico.","datePublished":"2025-05-10T20:50:59+00:00","mainEntityOfPage":{"@id":"https:\/\/salmosbiblicos.com.br\/index.php\/2025\/05\/10\/reflexoes-e-renovacao-o-significado-da-sexta-feira-santa-no-calendario-religioso-catolico\/"},"wordCount":512,"articleSection":["Data Religiosa"],"inLanguage":"pt-BR"},{"@type":"WebPage","@id":"https:\/\/salmosbiblicos.com.br\/index.php\/2025\/05\/10\/reflexoes-e-renovacao-o-significado-da-sexta-feira-santa-no-calendario-religioso-catolico\/","url":"https:\/\/salmosbiblicos.com.br\/index.php\/2025\/05\/10\/reflexoes-e-renovacao-o-significado-da-sexta-feira-santa-no-calendario-religioso-catolico\/","name":"Reflex\u00f5es e renova\u00e7\u00e3o: O significado da Sexta-feira Santa no calend\u00e1rio religioso Cat\u00f3lico. - Salmos B\u00edblicos","isPartOf":{"@id":"https:\/\/salmosbiblicos.com.br\/#website"},"datePublished":"2025-05-10T20:50:59+00:00","author":{"@id":"https:\/\/salmosbiblicos.com.br\/#\/schema\/person\/760735259ba35f1e44e89c71c72d79da"},"breadcrumb":{"@id":"https:\/\/salmosbiblicos.com.br\/index.php\/2025\/05\/10\/reflexoes-e-renovacao-o-significado-da-sexta-feira-santa-no-calendario-religioso-catolico\/#breadcrumb"},"inLanguage":"pt-BR","potentialAction":[{"@type":"ReadAction","target":["https:\/\/salmosbiblicos.com.br\/index.php\/2025\/05\/10\/reflexoes-e-renovacao-o-significado-da-sexta-feira-santa-no-calendario-religioso-catolico\/"]}]},{"@type":"BreadcrumbList","@id":"https:\/\/salmosbiblicos.com.br\/index.php\/2025\/05\/10\/reflexoes-e-renovacao-o-significado-da-sexta-feira-santa-no-calendario-religioso-catolico\/#breadcrumb","itemListElement":[{"@type":"ListItem","position":1,"name":"Home","item":"https:\/\/salmosbiblicos.com.br\/"},{"@type":"ListItem","position":2,"name":"Reflex\u00f5es e renova\u00e7\u00e3o: O significado da Sexta-feira Santa no calend\u00e1rio religioso Cat\u00f3lico."}]},{"@type":"WebSite","@id":"https:\/\/salmosbiblicos.com.br\/#website","url":"https:\/\/salmosbiblicos.com.br\/","name":"Salmos B\u00edblicos","description":"Uma e-Livraria com e-Books novos para voc\u00ea refletir.","potentialAction":[{"@type":"SearchAction","target":{"@type":"EntryPoint","urlTemplate":"https:\/\/salmosbiblicos.com.br\/?s={search_term_string}"},"query-input":{"@type":"PropertyValueSpecification","valueRequired":true,"valueName":"search_term_string"}}],"inLanguage":"pt-BR"},{"@type":"Person","@id":"https:\/\/salmosbiblicos.com.br\/#\/schema\/person\/760735259ba35f1e44e89c71c72d79da","name":"Irmao","image":{"@type":"ImageObject","inLanguage":"pt-BR","@id":"https:\/\/secure.gravatar.com\/avatar\/?s=96&d=mm&r=g","url":"https:\/\/secure.gravatar.com\/avatar\/?s=96&d=mm&r=g","contentUrl":"https:\/\/secure.gravatar.com\/avatar\/?s=96&d=mm&r=g","caption":"Irmao"},"url":"https:\/\/salmosbiblicos.com.br\/index.php\/author\/irmao\/"}]}},"_links":{"self":[{"href":"https:\/\/salmosbiblicos.com.br\/index.php\/wp-json\/wp\/v2\/posts\/5033","targetHints":{"allow":["GET"]}}],"collection":[{"href":"https:\/\/salmosbiblicos.com.br\/index.php\/wp-json\/wp\/v2\/posts"}],"about":[{"href":"https:\/\/salmosbiblicos.com.br\/index.php\/wp-json\/wp\/v2\/types\/post"}],"author":[{"embeddable":true,"href":"https:\/\/salmosbiblicos.com.br\/index.php\/wp-json\/wp\/v2\/users\/2"}],"replies":[{"embeddable":true,"href":"https:\/\/salmosbiblicos.com.br\/index.php\/wp-json\/wp\/v2\/comments?post=5033"}],"version-history":[{"count":0,"href":"https:\/\/salmosbiblicos.com.br\/index.php\/wp-json\/wp\/v2\/posts\/5033\/revisions"}],"wp:attachment":[{"href":"https:\/\/salmosbiblicos.com.br\/index.php\/wp-json\/wp\/v2\/media?parent=5033"}],"wp:term":[{"taxonomy":"category","embeddable":true,"href":"https:\/\/salmosbiblicos.com.br\/index.php\/wp-json\/wp\/v2\/categories?post=5033"},{"taxonomy":"post_tag","embeddable":true,"href":"https:\/\/salmosbiblicos.com.br\/index.php\/wp-json\/wp\/v2\/tags?post=5033"}],"curies":[{"name":"wp","href":"https:\/\/api.w.org\/{rel}","templated":true}]}}