{"id":5037,"date":"2025-05-10T17:51:12","date_gmt":"2025-05-10T20:51:12","guid":{"rendered":"https:\/\/salmosbiblicos.com.br\/?p=5037"},"modified":"2025-05-10T17:51:12","modified_gmt":"2025-05-10T20:51:12","slug":"reflexoes-e-celebracoes-o-significado-profundo-da-sexta-feira-santa","status":"publish","type":"post","link":"https:\/\/salmosbiblicos.com.br\/index.php\/2025\/05\/10\/reflexoes-e-celebracoes-o-significado-profundo-da-sexta-feira-santa\/","title":{"rendered":"Reflex\u00f5es e Celebra\u00e7\u00f5es: O Significado Profundo da Sexta-Feira Santa."},"content":{"rendered":"<p>No calend\u00e1rio religioso cat\u00f3lico, uma das datas mais significativas \u00e9 a Sexta-Feira Santa. Este dia \u00e9 celebrado anualmente em mem\u00f3ria da crucifica\u00e7\u00e3o de Jesus Cristo, que ocorreu h\u00e1 mais de dois mil anos. A origem da Sexta-Feira Santa remonta ao relato b\u00edblico da Paix\u00e3o de Cristo, que descreve os eventos que levaram \u00e0 sua morte na cruz.<\/p>\n<p>O simbolismo por tr\u00e1s da Sexta-Feira Santa \u00e9 profundo e impactante. \u00c9 um dia de reflex\u00e3o e medita\u00e7\u00e3o sobre o sacrif\u00edcio supremo de Jesus em prol da humanidade. A crucifica\u00e7\u00e3o de Cristo \u00e9 vista como um ato de amor incondicional, no qual ele se entregou para redimir os pecados do mundo. A dor e o sofrimento que Jesus suportou na cruz s\u00e3o lembrados como um exemplo de humildade, perd\u00e3o e compaix\u00e3o que devemos seguir em nossas vidas.<\/p>\n<p>Neste dia, os fi\u00e9is s\u00e3o convidados a participar de rituais religiosos, como a Via Sacra, que reencena os momentos finais de Jesus antes de sua morte. Al\u00e9m disso, \u00e9 comum jejuar e abster-se de carne como forma de penit\u00eancia e solidariedade com o sofrimento de Cristo. A igreja tamb\u00e9m realiza celebra\u00e7\u00f5es especiais, como a Liturgia da Paix\u00e3o, que relembram os eventos da crucifica\u00e7\u00e3o e convidam os fi\u00e9is a se unirem em ora\u00e7\u00e3o e contempla\u00e7\u00e3o.<\/p>\n<p>Diante da profundidade e da import\u00e2ncia da Sexta-Feira Santa, somos convidados a refletir sobre o significado do sacrif\u00edcio de Cristo em nossas vidas. Como disc\u00edpulos de Jesus, somos chamados a seguir seus passos, praticando o amor, a humildade e a compaix\u00e3o em nosso dia a dia. Devemos lembrar que o verdadeiro sentido da P\u00e1scoa n\u00e3o est\u00e1 apenas na celebra\u00e7\u00e3o da ressurrei\u00e7\u00e3o de Cristo, mas tamb\u00e9m na compreens\u00e3o do sacrif\u00edcio que ele fez por n\u00f3s na cruz.<\/p>\n<p>Assim, nesta Sexta-Feira Santa, convido voc\u00ea a reservar um momento para meditar sobre o sacrif\u00edcio de Jesus e sobre o que ele significa em sua vida. Que possamos nos inspirar no exemplo de Cristo e buscar viver de acordo com seus ensinamentos, espalhando amor, perd\u00e3o e compaix\u00e3o ao nosso redor. Que possamos nos tornar verdadeiros instrumentos de paz e esperan\u00e7a em um mundo que tanto precisa da luz de Cristo.<\/p>\n<p>Que a Sexta-Feira Santa seja para todos n\u00f3s um momento de renova\u00e7\u00e3o espiritual e de compromisso com o amor de Deus. Que possamos seguir os passos de Jesus, levando sua mensagem de f\u00e9 e esperan\u00e7a a todos que cruzarem o nosso caminho. Que possamos ser testemunhas vivas do amor de Cristo, irradiando sua luz e sua paz a cada dia de nossas vidas. Am\u00e9m.<\/p>\n","protected":false},"excerpt":{"rendered":"<p>No calend\u00e1rio religioso cat\u00f3lico, uma das datas mais significativas \u00e9 a Sexta-Feira Santa. Este dia \u00e9 celebrado anualmente em mem\u00f3ria da crucifica\u00e7\u00e3o de Jesus Cristo, que ocorreu h\u00e1 mais de dois mil anos. A origem da Sexta-Feira Santa remonta ao relato b\u00edblico da Paix\u00e3o de Cristo, que descreve os eventos que levaram \u00e0 sua morte [&hellip;]<\/p>\n","protected":false},"author":2,"featured_media":0,"comment_status":"closed","ping_status":"open","sticky":false,"template":"","format":"standard","meta":{"footnotes":""},"categories":[9],"tags":[],"class_list":["post-5037","post","type-post","status-publish","format-standard","hentry","category-data-religiosa"],"yoast_head":"<!-- This site is optimized with the Yoast SEO plugin v27.2 - https:\/\/yoast.com\/product\/yoast-seo-wordpress\/ -->\n<title>Reflex\u00f5es e Celebra\u00e7\u00f5es: O Significado Profundo da Sexta-Feira Santa. - Salmos B\u00edblicos<\/title>\n<meta name=\"robots\" content=\"index, follow, max-snippet:-1, max-image-preview:large, max-video-preview:-1\" \/>\n<link rel=\"canonical\" href=\"https:\/\/salmosbiblicos.com.br\/index.php\/2025\/05\/10\/reflexoes-e-celebracoes-o-significado-profundo-da-sexta-feira-santa\/\" \/>\n<meta property=\"og:locale\" content=\"pt_BR\" \/>\n<meta property=\"og:type\" content=\"article\" \/>\n<meta property=\"og:title\" content=\"Reflex\u00f5es e Celebra\u00e7\u00f5es: O Significado Profundo da Sexta-Feira Santa. - Salmos B\u00edblicos\" \/>\n<meta property=\"og:description\" content=\"No calend\u00e1rio religioso cat\u00f3lico, uma das datas mais significativas \u00e9 a Sexta-Feira Santa. Este dia \u00e9 celebrado anualmente em mem\u00f3ria da crucifica\u00e7\u00e3o de Jesus Cristo, que ocorreu h\u00e1 mais de dois mil anos. A origem da Sexta-Feira Santa remonta ao relato b\u00edblico da Paix\u00e3o de Cristo, que descreve os eventos que levaram \u00e0 sua morte [&hellip;]\" \/>\n<meta property=\"og:url\" content=\"https:\/\/salmosbiblicos.com.br\/index.php\/2025\/05\/10\/reflexoes-e-celebracoes-o-significado-profundo-da-sexta-feira-santa\/\" \/>\n<meta property=\"og:site_name\" content=\"Salmos B\u00edblicos\" \/>\n<meta property=\"article:published_time\" content=\"2025-05-10T20:51:12+00:00\" \/>\n<meta name=\"author\" content=\"Irmao\" \/>\n<meta name=\"twitter:card\" content=\"summary_large_image\" \/>\n<meta name=\"twitter:label1\" content=\"Escrito por\" \/>\n\t<meta name=\"twitter:data1\" content=\"Irmao\" \/>\n\t<meta name=\"twitter:label2\" content=\"Est. tempo de leitura\" \/>\n\t<meta name=\"twitter:data2\" content=\"2 minutos\" \/>\n<script type=\"application\/ld+json\" class=\"yoast-schema-graph\">{\"@context\":\"https:\/\/schema.org\",\"@graph\":[{\"@type\":\"Article\",\"@id\":\"https:\/\/salmosbiblicos.com.br\/index.php\/2025\/05\/10\/reflexoes-e-celebracoes-o-significado-profundo-da-sexta-feira-santa\/#article\",\"isPartOf\":{\"@id\":\"https:\/\/salmosbiblicos.com.br\/index.php\/2025\/05\/10\/reflexoes-e-celebracoes-o-significado-profundo-da-sexta-feira-santa\/\"},\"author\":{\"name\":\"Irmao\",\"@id\":\"https:\/\/salmosbiblicos.com.br\/#\/schema\/person\/760735259ba35f1e44e89c71c72d79da\"},\"headline\":\"Reflex\u00f5es e Celebra\u00e7\u00f5es: O Significado Profundo da Sexta-Feira Santa.\",\"datePublished\":\"2025-05-10T20:51:12+00:00\",\"mainEntityOfPage\":{\"@id\":\"https:\/\/salmosbiblicos.com.br\/index.php\/2025\/05\/10\/reflexoes-e-celebracoes-o-significado-profundo-da-sexta-feira-santa\/\"},\"wordCount\":467,\"articleSection\":[\"Data Religiosa\"],\"inLanguage\":\"pt-BR\"},{\"@type\":\"WebPage\",\"@id\":\"https:\/\/salmosbiblicos.com.br\/index.php\/2025\/05\/10\/reflexoes-e-celebracoes-o-significado-profundo-da-sexta-feira-santa\/\",\"url\":\"https:\/\/salmosbiblicos.com.br\/index.php\/2025\/05\/10\/reflexoes-e-celebracoes-o-significado-profundo-da-sexta-feira-santa\/\",\"name\":\"Reflex\u00f5es e Celebra\u00e7\u00f5es: O Significado Profundo da Sexta-Feira Santa. - Salmos B\u00edblicos\",\"isPartOf\":{\"@id\":\"https:\/\/salmosbiblicos.com.br\/#website\"},\"datePublished\":\"2025-05-10T20:51:12+00:00\",\"author\":{\"@id\":\"https:\/\/salmosbiblicos.com.br\/#\/schema\/person\/760735259ba35f1e44e89c71c72d79da\"},\"breadcrumb\":{\"@id\":\"https:\/\/salmosbiblicos.com.br\/index.php\/2025\/05\/10\/reflexoes-e-celebracoes-o-significado-profundo-da-sexta-feira-santa\/#breadcrumb\"},\"inLanguage\":\"pt-BR\",\"potentialAction\":[{\"@type\":\"ReadAction\",\"target\":[\"https:\/\/salmosbiblicos.com.br\/index.php\/2025\/05\/10\/reflexoes-e-celebracoes-o-significado-profundo-da-sexta-feira-santa\/\"]}]},{\"@type\":\"BreadcrumbList\",\"@id\":\"https:\/\/salmosbiblicos.com.br\/index.php\/2025\/05\/10\/reflexoes-e-celebracoes-o-significado-profundo-da-sexta-feira-santa\/#breadcrumb\",\"itemListElement\":[{\"@type\":\"ListItem\",\"position\":1,\"name\":\"Home\",\"item\":\"https:\/\/salmosbiblicos.com.br\/\"},{\"@type\":\"ListItem\",\"position\":2,\"name\":\"Reflex\u00f5es e Celebra\u00e7\u00f5es: O Significado Profundo da Sexta-Feira Santa.\"}]},{\"@type\":\"WebSite\",\"@id\":\"https:\/\/salmosbiblicos.com.br\/#website\",\"url\":\"https:\/\/salmosbiblicos.com.br\/\",\"name\":\"Salmos B\u00edblicos\",\"description\":\"Uma e-Livraria com e-Books novos para voc\u00ea refletir.\",\"potentialAction\":[{\"@type\":\"SearchAction\",\"target\":{\"@type\":\"EntryPoint\",\"urlTemplate\":\"https:\/\/salmosbiblicos.com.br\/?s={search_term_string}\"},\"query-input\":{\"@type\":\"PropertyValueSpecification\",\"valueRequired\":true,\"valueName\":\"search_term_string\"}}],\"inLanguage\":\"pt-BR\"},{\"@type\":\"Person\",\"@id\":\"https:\/\/salmosbiblicos.com.br\/#\/schema\/person\/760735259ba35f1e44e89c71c72d79da\",\"name\":\"Irmao\",\"image\":{\"@type\":\"ImageObject\",\"inLanguage\":\"pt-BR\",\"@id\":\"https:\/\/secure.gravatar.com\/avatar\/?s=96&d=mm&r=g\",\"url\":\"https:\/\/secure.gravatar.com\/avatar\/?s=96&d=mm&r=g\",\"contentUrl\":\"https:\/\/secure.gravatar.com\/avatar\/?s=96&d=mm&r=g\",\"caption\":\"Irmao\"},\"url\":\"https:\/\/salmosbiblicos.com.br\/index.php\/author\/irmao\/\"}]}<\/script>\n<!-- \/ Yoast SEO plugin. -->","yoast_head_json":{"title":"Reflex\u00f5es e Celebra\u00e7\u00f5es: O Significado Profundo da Sexta-Feira Santa. - Salmos B\u00edblicos","robots":{"index":"index","follow":"follow","max-snippet":"max-snippet:-1","max-image-preview":"max-image-preview:large","max-video-preview":"max-video-preview:-1"},"canonical":"https:\/\/salmosbiblicos.com.br\/index.php\/2025\/05\/10\/reflexoes-e-celebracoes-o-significado-profundo-da-sexta-feira-santa\/","og_locale":"pt_BR","og_type":"article","og_title":"Reflex\u00f5es e Celebra\u00e7\u00f5es: O Significado Profundo da Sexta-Feira Santa. - Salmos B\u00edblicos","og_description":"No calend\u00e1rio religioso cat\u00f3lico, uma das datas mais significativas \u00e9 a Sexta-Feira Santa. Este dia \u00e9 celebrado anualmente em mem\u00f3ria da crucifica\u00e7\u00e3o de Jesus Cristo, que ocorreu h\u00e1 mais de dois mil anos. A origem da Sexta-Feira Santa remonta ao relato b\u00edblico da Paix\u00e3o de Cristo, que descreve os eventos que levaram \u00e0 sua morte [&hellip;]","og_url":"https:\/\/salmosbiblicos.com.br\/index.php\/2025\/05\/10\/reflexoes-e-celebracoes-o-significado-profundo-da-sexta-feira-santa\/","og_site_name":"Salmos B\u00edblicos","article_published_time":"2025-05-10T20:51:12+00:00","author":"Irmao","twitter_card":"summary_large_image","twitter_misc":{"Escrito por":"Irmao","Est. tempo de leitura":"2 minutos"},"schema":{"@context":"https:\/\/schema.org","@graph":[{"@type":"Article","@id":"https:\/\/salmosbiblicos.com.br\/index.php\/2025\/05\/10\/reflexoes-e-celebracoes-o-significado-profundo-da-sexta-feira-santa\/#article","isPartOf":{"@id":"https:\/\/salmosbiblicos.com.br\/index.php\/2025\/05\/10\/reflexoes-e-celebracoes-o-significado-profundo-da-sexta-feira-santa\/"},"author":{"name":"Irmao","@id":"https:\/\/salmosbiblicos.com.br\/#\/schema\/person\/760735259ba35f1e44e89c71c72d79da"},"headline":"Reflex\u00f5es e Celebra\u00e7\u00f5es: O Significado Profundo da Sexta-Feira Santa.","datePublished":"2025-05-10T20:51:12+00:00","mainEntityOfPage":{"@id":"https:\/\/salmosbiblicos.com.br\/index.php\/2025\/05\/10\/reflexoes-e-celebracoes-o-significado-profundo-da-sexta-feira-santa\/"},"wordCount":467,"articleSection":["Data Religiosa"],"inLanguage":"pt-BR"},{"@type":"WebPage","@id":"https:\/\/salmosbiblicos.com.br\/index.php\/2025\/05\/10\/reflexoes-e-celebracoes-o-significado-profundo-da-sexta-feira-santa\/","url":"https:\/\/salmosbiblicos.com.br\/index.php\/2025\/05\/10\/reflexoes-e-celebracoes-o-significado-profundo-da-sexta-feira-santa\/","name":"Reflex\u00f5es e Celebra\u00e7\u00f5es: O Significado Profundo da Sexta-Feira Santa. - Salmos B\u00edblicos","isPartOf":{"@id":"https:\/\/salmosbiblicos.com.br\/#website"},"datePublished":"2025-05-10T20:51:12+00:00","author":{"@id":"https:\/\/salmosbiblicos.com.br\/#\/schema\/person\/760735259ba35f1e44e89c71c72d79da"},"breadcrumb":{"@id":"https:\/\/salmosbiblicos.com.br\/index.php\/2025\/05\/10\/reflexoes-e-celebracoes-o-significado-profundo-da-sexta-feira-santa\/#breadcrumb"},"inLanguage":"pt-BR","potentialAction":[{"@type":"ReadAction","target":["https:\/\/salmosbiblicos.com.br\/index.php\/2025\/05\/10\/reflexoes-e-celebracoes-o-significado-profundo-da-sexta-feira-santa\/"]}]},{"@type":"BreadcrumbList","@id":"https:\/\/salmosbiblicos.com.br\/index.php\/2025\/05\/10\/reflexoes-e-celebracoes-o-significado-profundo-da-sexta-feira-santa\/#breadcrumb","itemListElement":[{"@type":"ListItem","position":1,"name":"Home","item":"https:\/\/salmosbiblicos.com.br\/"},{"@type":"ListItem","position":2,"name":"Reflex\u00f5es e Celebra\u00e7\u00f5es: O Significado Profundo da Sexta-Feira Santa."}]},{"@type":"WebSite","@id":"https:\/\/salmosbiblicos.com.br\/#website","url":"https:\/\/salmosbiblicos.com.br\/","name":"Salmos B\u00edblicos","description":"Uma e-Livraria com e-Books novos para voc\u00ea refletir.","potentialAction":[{"@type":"SearchAction","target":{"@type":"EntryPoint","urlTemplate":"https:\/\/salmosbiblicos.com.br\/?s={search_term_string}"},"query-input":{"@type":"PropertyValueSpecification","valueRequired":true,"valueName":"search_term_string"}}],"inLanguage":"pt-BR"},{"@type":"Person","@id":"https:\/\/salmosbiblicos.com.br\/#\/schema\/person\/760735259ba35f1e44e89c71c72d79da","name":"Irmao","image":{"@type":"ImageObject","inLanguage":"pt-BR","@id":"https:\/\/secure.gravatar.com\/avatar\/?s=96&d=mm&r=g","url":"https:\/\/secure.gravatar.com\/avatar\/?s=96&d=mm&r=g","contentUrl":"https:\/\/secure.gravatar.com\/avatar\/?s=96&d=mm&r=g","caption":"Irmao"},"url":"https:\/\/salmosbiblicos.com.br\/index.php\/author\/irmao\/"}]}},"_links":{"self":[{"href":"https:\/\/salmosbiblicos.com.br\/index.php\/wp-json\/wp\/v2\/posts\/5037","targetHints":{"allow":["GET"]}}],"collection":[{"href":"https:\/\/salmosbiblicos.com.br\/index.php\/wp-json\/wp\/v2\/posts"}],"about":[{"href":"https:\/\/salmosbiblicos.com.br\/index.php\/wp-json\/wp\/v2\/types\/post"}],"author":[{"embeddable":true,"href":"https:\/\/salmosbiblicos.com.br\/index.php\/wp-json\/wp\/v2\/users\/2"}],"replies":[{"embeddable":true,"href":"https:\/\/salmosbiblicos.com.br\/index.php\/wp-json\/wp\/v2\/comments?post=5037"}],"version-history":[{"count":0,"href":"https:\/\/salmosbiblicos.com.br\/index.php\/wp-json\/wp\/v2\/posts\/5037\/revisions"}],"wp:attachment":[{"href":"https:\/\/salmosbiblicos.com.br\/index.php\/wp-json\/wp\/v2\/media?parent=5037"}],"wp:term":[{"taxonomy":"category","embeddable":true,"href":"https:\/\/salmosbiblicos.com.br\/index.php\/wp-json\/wp\/v2\/categories?post=5037"},{"taxonomy":"post_tag","embeddable":true,"href":"https:\/\/salmosbiblicos.com.br\/index.php\/wp-json\/wp\/v2\/tags?post=5037"}],"curies":[{"name":"wp","href":"https:\/\/api.w.org\/{rel}","templated":true}]}}