{"id":5081,"date":"2025-05-13T19:04:04","date_gmt":"2025-05-13T22:04:04","guid":{"rendered":"https:\/\/salmosbiblicos.com.br\/?p=5081"},"modified":"2025-05-13T19:04:04","modified_gmt":"2025-05-13T22:04:04","slug":"fortalecendo-a-fe-confiando-na-presenca-divina-em-meio-as-adversidades","status":"publish","type":"post","link":"https:\/\/salmosbiblicos.com.br\/index.php\/2025\/05\/13\/fortalecendo-a-fe-confiando-na-presenca-divina-em-meio-as-adversidades\/","title":{"rendered":"Fortalecendo a f\u00e9: confiando na presen\u00e7a divina em meio \u00e0s adversidades"},"content":{"rendered":"<p>Querido Deus,<\/p>\n<p>Hoje eu me coloco diante de Ti para expressar minha gratid\u00e3o por mais um dia de vida que me foi concedido. Agrade\u00e7o por cada respira\u00e7\u00e3o, por cada batida do meu cora\u00e7\u00e3o, por cada oportunidade de aprendizado e crescimento que me \u00e9 dada.<\/p>\n<p>Sei que nem sempre \u00e9 f\u00e1cil manter a f\u00e9 em meio \u00e0s adversidades da vida, mas \u00e9 justamente nessas horas que eu recorro a Ti, buscando for\u00e7a e consolo para seguir em frente. Pe\u00e7o, Senhor, que me ajude a manter a chama da f\u00e9 acesa em meu cora\u00e7\u00e3o, mesmo nos momentos mais dif\u00edceis.<\/p>\n<p>Que a Sua presen\u00e7a esteja sempre comigo, me guiando e protegendo em todos os meus caminhos. Que eu possa encontrar paz e serenidade em meio ao caos do mundo, sabendo que o Seu amor \u00e9 maior do que qualquer problema que eu possa enfrentar.<\/p>\n<p>Que eu possa reconhecer as b\u00ean\u00e7\u00e3os que est\u00e3o ao meu redor, mesmo nas situa\u00e7\u00f5es mais simples e cotidianas. Que a gratid\u00e3o transborde do meu cora\u00e7\u00e3o e que eu possa ser um instrumento do Seu amor e da Sua luz neste mundo.<\/p>\n<p>Que a minha f\u00e9 seja inabal\u00e1vel, que a minha esperan\u00e7a seja renovada a cada dia e que a minha entrega seja completa, confiando plenamente na Sua vontade para a minha vida.<\/p>\n<p>Am\u00e9m. Que assim seja.<\/p>\n","protected":false},"excerpt":{"rendered":"<p>Querido Deus, Hoje eu me coloco diante de Ti para expressar minha gratid\u00e3o por mais um dia de vida que me foi concedido. Agrade\u00e7o por cada respira\u00e7\u00e3o, por cada batida do meu cora\u00e7\u00e3o, por cada oportunidade de aprendizado e crescimento que me \u00e9 dada. Sei que nem sempre \u00e9 f\u00e1cil manter a f\u00e9 em meio [&hellip;]<\/p>\n","protected":false},"author":2,"featured_media":0,"comment_status":"closed","ping_status":"open","sticky":false,"template":"","format":"standard","meta":{"footnotes":""},"categories":[8],"tags":[],"class_list":["post-5081","post","type-post","status-publish","format-standard","hentry","category-oracao-do-dia"],"yoast_head":"<!-- This site is optimized with the Yoast SEO plugin v27.2 - https:\/\/yoast.com\/product\/yoast-seo-wordpress\/ -->\n<title>Fortalecendo a f\u00e9: confiando na presen\u00e7a divina em meio \u00e0s adversidades - Salmos B\u00edblicos<\/title>\n<meta name=\"robots\" content=\"index, follow, max-snippet:-1, max-image-preview:large, max-video-preview:-1\" \/>\n<link rel=\"canonical\" href=\"https:\/\/salmosbiblicos.com.br\/index.php\/2025\/05\/13\/fortalecendo-a-fe-confiando-na-presenca-divina-em-meio-as-adversidades\/\" \/>\n<meta property=\"og:locale\" content=\"pt_BR\" \/>\n<meta property=\"og:type\" content=\"article\" \/>\n<meta property=\"og:title\" content=\"Fortalecendo a f\u00e9: confiando na presen\u00e7a divina em meio \u00e0s adversidades - Salmos B\u00edblicos\" \/>\n<meta property=\"og:description\" content=\"Querido Deus, Hoje eu me coloco diante de Ti para expressar minha gratid\u00e3o por mais um dia de vida que me foi concedido. Agrade\u00e7o por cada respira\u00e7\u00e3o, por cada batida do meu cora\u00e7\u00e3o, por cada oportunidade de aprendizado e crescimento que me \u00e9 dada. Sei que nem sempre \u00e9 f\u00e1cil manter a f\u00e9 em meio [&hellip;]\" \/>\n<meta property=\"og:url\" content=\"https:\/\/salmosbiblicos.com.br\/index.php\/2025\/05\/13\/fortalecendo-a-fe-confiando-na-presenca-divina-em-meio-as-adversidades\/\" \/>\n<meta property=\"og:site_name\" content=\"Salmos B\u00edblicos\" \/>\n<meta property=\"article:published_time\" content=\"2025-05-13T22:04:04+00:00\" \/>\n<meta name=\"author\" content=\"Irmao\" \/>\n<meta name=\"twitter:card\" content=\"summary_large_image\" \/>\n<meta name=\"twitter:label1\" content=\"Escrito por\" \/>\n\t<meta name=\"twitter:data1\" content=\"Irmao\" \/>\n\t<meta name=\"twitter:label2\" content=\"Est. tempo de leitura\" \/>\n\t<meta name=\"twitter:data2\" content=\"1 minuto\" \/>\n<script type=\"application\/ld+json\" class=\"yoast-schema-graph\">{\"@context\":\"https:\/\/schema.org\",\"@graph\":[{\"@type\":\"Article\",\"@id\":\"https:\/\/salmosbiblicos.com.br\/index.php\/2025\/05\/13\/fortalecendo-a-fe-confiando-na-presenca-divina-em-meio-as-adversidades\/#article\",\"isPartOf\":{\"@id\":\"https:\/\/salmosbiblicos.com.br\/index.php\/2025\/05\/13\/fortalecendo-a-fe-confiando-na-presenca-divina-em-meio-as-adversidades\/\"},\"author\":{\"name\":\"Irmao\",\"@id\":\"https:\/\/salmosbiblicos.com.br\/#\/schema\/person\/760735259ba35f1e44e89c71c72d79da\"},\"headline\":\"Fortalecendo a f\u00e9: confiando na presen\u00e7a divina em meio \u00e0s adversidades\",\"datePublished\":\"2025-05-13T22:04:04+00:00\",\"mainEntityOfPage\":{\"@id\":\"https:\/\/salmosbiblicos.com.br\/index.php\/2025\/05\/13\/fortalecendo-a-fe-confiando-na-presenca-divina-em-meio-as-adversidades\/\"},\"wordCount\":244,\"articleSection\":[\"Ora\u00e7\u00e3o do Dia\"],\"inLanguage\":\"pt-BR\"},{\"@type\":\"WebPage\",\"@id\":\"https:\/\/salmosbiblicos.com.br\/index.php\/2025\/05\/13\/fortalecendo-a-fe-confiando-na-presenca-divina-em-meio-as-adversidades\/\",\"url\":\"https:\/\/salmosbiblicos.com.br\/index.php\/2025\/05\/13\/fortalecendo-a-fe-confiando-na-presenca-divina-em-meio-as-adversidades\/\",\"name\":\"Fortalecendo a f\u00e9: confiando na presen\u00e7a divina em meio \u00e0s adversidades - Salmos B\u00edblicos\",\"isPartOf\":{\"@id\":\"https:\/\/salmosbiblicos.com.br\/#website\"},\"datePublished\":\"2025-05-13T22:04:04+00:00\",\"author\":{\"@id\":\"https:\/\/salmosbiblicos.com.br\/#\/schema\/person\/760735259ba35f1e44e89c71c72d79da\"},\"breadcrumb\":{\"@id\":\"https:\/\/salmosbiblicos.com.br\/index.php\/2025\/05\/13\/fortalecendo-a-fe-confiando-na-presenca-divina-em-meio-as-adversidades\/#breadcrumb\"},\"inLanguage\":\"pt-BR\",\"potentialAction\":[{\"@type\":\"ReadAction\",\"target\":[\"https:\/\/salmosbiblicos.com.br\/index.php\/2025\/05\/13\/fortalecendo-a-fe-confiando-na-presenca-divina-em-meio-as-adversidades\/\"]}]},{\"@type\":\"BreadcrumbList\",\"@id\":\"https:\/\/salmosbiblicos.com.br\/index.php\/2025\/05\/13\/fortalecendo-a-fe-confiando-na-presenca-divina-em-meio-as-adversidades\/#breadcrumb\",\"itemListElement\":[{\"@type\":\"ListItem\",\"position\":1,\"name\":\"Home\",\"item\":\"https:\/\/salmosbiblicos.com.br\/\"},{\"@type\":\"ListItem\",\"position\":2,\"name\":\"Fortalecendo a f\u00e9: confiando na presen\u00e7a divina em meio \u00e0s adversidades\"}]},{\"@type\":\"WebSite\",\"@id\":\"https:\/\/salmosbiblicos.com.br\/#website\",\"url\":\"https:\/\/salmosbiblicos.com.br\/\",\"name\":\"Salmos B\u00edblicos\",\"description\":\"Uma e-Livraria com e-Books novos para voc\u00ea refletir.\",\"potentialAction\":[{\"@type\":\"SearchAction\",\"target\":{\"@type\":\"EntryPoint\",\"urlTemplate\":\"https:\/\/salmosbiblicos.com.br\/?s={search_term_string}\"},\"query-input\":{\"@type\":\"PropertyValueSpecification\",\"valueRequired\":true,\"valueName\":\"search_term_string\"}}],\"inLanguage\":\"pt-BR\"},{\"@type\":\"Person\",\"@id\":\"https:\/\/salmosbiblicos.com.br\/#\/schema\/person\/760735259ba35f1e44e89c71c72d79da\",\"name\":\"Irmao\",\"image\":{\"@type\":\"ImageObject\",\"inLanguage\":\"pt-BR\",\"@id\":\"https:\/\/secure.gravatar.com\/avatar\/?s=96&d=mm&r=g\",\"url\":\"https:\/\/secure.gravatar.com\/avatar\/?s=96&d=mm&r=g\",\"contentUrl\":\"https:\/\/secure.gravatar.com\/avatar\/?s=96&d=mm&r=g\",\"caption\":\"Irmao\"},\"url\":\"https:\/\/salmosbiblicos.com.br\/index.php\/author\/irmao\/\"}]}<\/script>\n<!-- \/ Yoast SEO plugin. -->","yoast_head_json":{"title":"Fortalecendo a f\u00e9: confiando na presen\u00e7a divina em meio \u00e0s adversidades - Salmos B\u00edblicos","robots":{"index":"index","follow":"follow","max-snippet":"max-snippet:-1","max-image-preview":"max-image-preview:large","max-video-preview":"max-video-preview:-1"},"canonical":"https:\/\/salmosbiblicos.com.br\/index.php\/2025\/05\/13\/fortalecendo-a-fe-confiando-na-presenca-divina-em-meio-as-adversidades\/","og_locale":"pt_BR","og_type":"article","og_title":"Fortalecendo a f\u00e9: confiando na presen\u00e7a divina em meio \u00e0s adversidades - Salmos B\u00edblicos","og_description":"Querido Deus, Hoje eu me coloco diante de Ti para expressar minha gratid\u00e3o por mais um dia de vida que me foi concedido. Agrade\u00e7o por cada respira\u00e7\u00e3o, por cada batida do meu cora\u00e7\u00e3o, por cada oportunidade de aprendizado e crescimento que me \u00e9 dada. Sei que nem sempre \u00e9 f\u00e1cil manter a f\u00e9 em meio [&hellip;]","og_url":"https:\/\/salmosbiblicos.com.br\/index.php\/2025\/05\/13\/fortalecendo-a-fe-confiando-na-presenca-divina-em-meio-as-adversidades\/","og_site_name":"Salmos B\u00edblicos","article_published_time":"2025-05-13T22:04:04+00:00","author":"Irmao","twitter_card":"summary_large_image","twitter_misc":{"Escrito por":"Irmao","Est. tempo de leitura":"1 minuto"},"schema":{"@context":"https:\/\/schema.org","@graph":[{"@type":"Article","@id":"https:\/\/salmosbiblicos.com.br\/index.php\/2025\/05\/13\/fortalecendo-a-fe-confiando-na-presenca-divina-em-meio-as-adversidades\/#article","isPartOf":{"@id":"https:\/\/salmosbiblicos.com.br\/index.php\/2025\/05\/13\/fortalecendo-a-fe-confiando-na-presenca-divina-em-meio-as-adversidades\/"},"author":{"name":"Irmao","@id":"https:\/\/salmosbiblicos.com.br\/#\/schema\/person\/760735259ba35f1e44e89c71c72d79da"},"headline":"Fortalecendo a f\u00e9: confiando na presen\u00e7a divina em meio \u00e0s adversidades","datePublished":"2025-05-13T22:04:04+00:00","mainEntityOfPage":{"@id":"https:\/\/salmosbiblicos.com.br\/index.php\/2025\/05\/13\/fortalecendo-a-fe-confiando-na-presenca-divina-em-meio-as-adversidades\/"},"wordCount":244,"articleSection":["Ora\u00e7\u00e3o do Dia"],"inLanguage":"pt-BR"},{"@type":"WebPage","@id":"https:\/\/salmosbiblicos.com.br\/index.php\/2025\/05\/13\/fortalecendo-a-fe-confiando-na-presenca-divina-em-meio-as-adversidades\/","url":"https:\/\/salmosbiblicos.com.br\/index.php\/2025\/05\/13\/fortalecendo-a-fe-confiando-na-presenca-divina-em-meio-as-adversidades\/","name":"Fortalecendo a f\u00e9: confiando na presen\u00e7a divina em meio \u00e0s adversidades - Salmos B\u00edblicos","isPartOf":{"@id":"https:\/\/salmosbiblicos.com.br\/#website"},"datePublished":"2025-05-13T22:04:04+00:00","author":{"@id":"https:\/\/salmosbiblicos.com.br\/#\/schema\/person\/760735259ba35f1e44e89c71c72d79da"},"breadcrumb":{"@id":"https:\/\/salmosbiblicos.com.br\/index.php\/2025\/05\/13\/fortalecendo-a-fe-confiando-na-presenca-divina-em-meio-as-adversidades\/#breadcrumb"},"inLanguage":"pt-BR","potentialAction":[{"@type":"ReadAction","target":["https:\/\/salmosbiblicos.com.br\/index.php\/2025\/05\/13\/fortalecendo-a-fe-confiando-na-presenca-divina-em-meio-as-adversidades\/"]}]},{"@type":"BreadcrumbList","@id":"https:\/\/salmosbiblicos.com.br\/index.php\/2025\/05\/13\/fortalecendo-a-fe-confiando-na-presenca-divina-em-meio-as-adversidades\/#breadcrumb","itemListElement":[{"@type":"ListItem","position":1,"name":"Home","item":"https:\/\/salmosbiblicos.com.br\/"},{"@type":"ListItem","position":2,"name":"Fortalecendo a f\u00e9: confiando na presen\u00e7a divina em meio \u00e0s adversidades"}]},{"@type":"WebSite","@id":"https:\/\/salmosbiblicos.com.br\/#website","url":"https:\/\/salmosbiblicos.com.br\/","name":"Salmos B\u00edblicos","description":"Uma e-Livraria com e-Books novos para voc\u00ea refletir.","potentialAction":[{"@type":"SearchAction","target":{"@type":"EntryPoint","urlTemplate":"https:\/\/salmosbiblicos.com.br\/?s={search_term_string}"},"query-input":{"@type":"PropertyValueSpecification","valueRequired":true,"valueName":"search_term_string"}}],"inLanguage":"pt-BR"},{"@type":"Person","@id":"https:\/\/salmosbiblicos.com.br\/#\/schema\/person\/760735259ba35f1e44e89c71c72d79da","name":"Irmao","image":{"@type":"ImageObject","inLanguage":"pt-BR","@id":"https:\/\/secure.gravatar.com\/avatar\/?s=96&d=mm&r=g","url":"https:\/\/secure.gravatar.com\/avatar\/?s=96&d=mm&r=g","contentUrl":"https:\/\/secure.gravatar.com\/avatar\/?s=96&d=mm&r=g","caption":"Irmao"},"url":"https:\/\/salmosbiblicos.com.br\/index.php\/author\/irmao\/"}]}},"_links":{"self":[{"href":"https:\/\/salmosbiblicos.com.br\/index.php\/wp-json\/wp\/v2\/posts\/5081","targetHints":{"allow":["GET"]}}],"collection":[{"href":"https:\/\/salmosbiblicos.com.br\/index.php\/wp-json\/wp\/v2\/posts"}],"about":[{"href":"https:\/\/salmosbiblicos.com.br\/index.php\/wp-json\/wp\/v2\/types\/post"}],"author":[{"embeddable":true,"href":"https:\/\/salmosbiblicos.com.br\/index.php\/wp-json\/wp\/v2\/users\/2"}],"replies":[{"embeddable":true,"href":"https:\/\/salmosbiblicos.com.br\/index.php\/wp-json\/wp\/v2\/comments?post=5081"}],"version-history":[{"count":0,"href":"https:\/\/salmosbiblicos.com.br\/index.php\/wp-json\/wp\/v2\/posts\/5081\/revisions"}],"wp:attachment":[{"href":"https:\/\/salmosbiblicos.com.br\/index.php\/wp-json\/wp\/v2\/media?parent=5081"}],"wp:term":[{"taxonomy":"category","embeddable":true,"href":"https:\/\/salmosbiblicos.com.br\/index.php\/wp-json\/wp\/v2\/categories?post=5081"},{"taxonomy":"post_tag","embeddable":true,"href":"https:\/\/salmosbiblicos.com.br\/index.php\/wp-json\/wp\/v2\/tags?post=5081"}],"curies":[{"name":"wp","href":"https:\/\/api.w.org\/{rel}","templated":true}]}}