{"id":5089,"date":"2025-05-13T19:04:38","date_gmt":"2025-05-13T22:04:38","guid":{"rendered":"https:\/\/salmosbiblicos.com.br\/?p=5089"},"modified":"2025-05-13T19:04:38","modified_gmt":"2025-05-13T22:04:38","slug":"sexta-feira-santa-reflexoes-sobre-o-sacrificio-de-cristo-e-renovacao-espiritual","status":"publish","type":"post","link":"https:\/\/salmosbiblicos.com.br\/index.php\/2025\/05\/13\/sexta-feira-santa-reflexoes-sobre-o-sacrificio-de-cristo-e-renovacao-espiritual\/","title":{"rendered":"Sexta-feira Santa: Reflex\u00f5es sobre o sacrif\u00edcio de Cristo e renova\u00e7\u00e3o espiritual."},"content":{"rendered":"<p>No calend\u00e1rio religioso Cat\u00f3lico, uma data de grande import\u00e2ncia e significado \u00e9 a Sexta-feira Santa. Este dia marca a crucifica\u00e7\u00e3o e morte de Jesus Cristo, sendo parte da Semana Santa, que culmina com a celebra\u00e7\u00e3o da ressurrei\u00e7\u00e3o de Cristo no Domingo de P\u00e1scoa.<\/p>\n<p>A origem da Sexta-feira Santa remonta aos relatos b\u00edblicos do Novo Testamento, onde \u00e9 descrito que Jesus foi tra\u00eddo por Judas, preso, julgado injustamente, flagelado e crucificado. Para os crist\u00e3os, a morte de Jesus na cruz \u00e9 vista como um ato de amor e reden\u00e7\u00e3o, onde Ele sacrificou sua vida para a salva\u00e7\u00e3o da humanidade.<\/p>\n<p>O simbolismo da Sexta-feira Santa \u00e9 profundo e impactante. \u00c9 um momento de contempla\u00e7\u00e3o da dor e do sofrimento de Jesus, que voluntariamente se entregou para cumprir o plano de Deus. \u00c9 tamb\u00e9m um convite para refletirmos sobre nossas pr\u00f3prias cruzes e desafios, e para buscarmos a reden\u00e7\u00e3o e a reconcilia\u00e7\u00e3o com Deus e com o pr\u00f3ximo.<\/p>\n<p>Neste dia, os crist\u00e3os s\u00e3o convidados a participar de celebra\u00e7\u00f5es religiosas que rememoram a Paix\u00e3o de Cristo, como a Via Sacra e a Liturgia da Paix\u00e3o. \u00c9 um momento de recolhimento, penit\u00eancia e ora\u00e7\u00e3o, onde somos convidados a nos unir espiritualmente ao sofrimento de Jesus e a renovar nossa f\u00e9 e compromisso com Ele.<\/p>\n<p>Como reflex\u00e3o para este dia t\u00e3o especial, sugiro que cada um de n\u00f3s reserve um momento de sil\u00eancio e introspec\u00e7\u00e3o para meditar sobre o sacrif\u00edcio de Jesus na cruz. Que possamos nos colocar diante de sua cruz, reconhecendo nossas fraquezas e pecados, e pedindo perd\u00e3o e miseric\u00f3rdia. Que possamos tamb\u00e9m refletir sobre a import\u00e2ncia do amor, da compaix\u00e3o e do perd\u00e3o em nossas vidas, seguindo o exemplo de Cristo.<\/p>\n<p>Que a Sexta-feira Santa seja para todos n\u00f3s um momento de renova\u00e7\u00e3o espiritual e de encontro com o mist\u00e9rio da cruz, que nos recorda o imenso amor de Deus por cada um de n\u00f3s. Que possamos viver este dia com humildade, gratid\u00e3o e f\u00e9, sabendo que a morte de Jesus na cruz nos trouxe a esperan\u00e7a da ressurrei\u00e7\u00e3o e da vida eterna.<\/p>\n<p>Que a luz da P\u00e1scoa que se aproxima possa iluminar nossos cora\u00e7\u00f5es e nos conduzir pelo caminho da verdade, da justi\u00e7a e do amor. Que possamos viver cada dia como disc\u00edpulos de Cristo, testemunhando seu amor e sua mensagem de salva\u00e7\u00e3o para o mundo.<\/p>\n<p>Que a Sexta-feira Santa seja para todos n\u00f3s um momento de profunda reflex\u00e3o e de renova\u00e7\u00e3o espiritual, onde possamos nos aproximar de Deus e viver em comunh\u00e3o com Ele e com nossos irm\u00e3os. Que a cruz de Cristo seja para n\u00f3s sinal de reden\u00e7\u00e3o e esperan\u00e7a, e que possamos seguir seus passos com f\u00e9 e confian\u00e7a, sabendo que Ele \u00e9 o caminho, a verdade e a vida. Am\u00e9m.<\/p>\n","protected":false},"excerpt":{"rendered":"<p>No calend\u00e1rio religioso Cat\u00f3lico, uma data de grande import\u00e2ncia e significado \u00e9 a Sexta-feira Santa. Este dia marca a crucifica\u00e7\u00e3o e morte de Jesus Cristo, sendo parte da Semana Santa, que culmina com a celebra\u00e7\u00e3o da ressurrei\u00e7\u00e3o de Cristo no Domingo de P\u00e1scoa. A origem da Sexta-feira Santa remonta aos relatos b\u00edblicos do Novo Testamento, [&hellip;]<\/p>\n","protected":false},"author":2,"featured_media":0,"comment_status":"closed","ping_status":"open","sticky":false,"template":"","format":"standard","meta":{"footnotes":""},"categories":[9],"tags":[],"class_list":["post-5089","post","type-post","status-publish","format-standard","hentry","category-data-religiosa"],"yoast_head":"<!-- This site is optimized with the Yoast SEO plugin v27.2 - https:\/\/yoast.com\/product\/yoast-seo-wordpress\/ -->\n<title>Sexta-feira Santa: Reflex\u00f5es sobre o sacrif\u00edcio de Cristo e renova\u00e7\u00e3o espiritual. - Salmos B\u00edblicos<\/title>\n<meta name=\"robots\" content=\"index, follow, max-snippet:-1, max-image-preview:large, max-video-preview:-1\" \/>\n<link rel=\"canonical\" href=\"https:\/\/salmosbiblicos.com.br\/index.php\/2025\/05\/13\/sexta-feira-santa-reflexoes-sobre-o-sacrificio-de-cristo-e-renovacao-espiritual\/\" \/>\n<meta property=\"og:locale\" content=\"pt_BR\" \/>\n<meta property=\"og:type\" content=\"article\" \/>\n<meta property=\"og:title\" content=\"Sexta-feira Santa: Reflex\u00f5es sobre o sacrif\u00edcio de Cristo e renova\u00e7\u00e3o espiritual. - Salmos B\u00edblicos\" \/>\n<meta property=\"og:description\" content=\"No calend\u00e1rio religioso Cat\u00f3lico, uma data de grande import\u00e2ncia e significado \u00e9 a Sexta-feira Santa. Este dia marca a crucifica\u00e7\u00e3o e morte de Jesus Cristo, sendo parte da Semana Santa, que culmina com a celebra\u00e7\u00e3o da ressurrei\u00e7\u00e3o de Cristo no Domingo de P\u00e1scoa. A origem da Sexta-feira Santa remonta aos relatos b\u00edblicos do Novo Testamento, [&hellip;]\" \/>\n<meta property=\"og:url\" content=\"https:\/\/salmosbiblicos.com.br\/index.php\/2025\/05\/13\/sexta-feira-santa-reflexoes-sobre-o-sacrificio-de-cristo-e-renovacao-espiritual\/\" \/>\n<meta property=\"og:site_name\" content=\"Salmos B\u00edblicos\" \/>\n<meta property=\"article:published_time\" content=\"2025-05-13T22:04:38+00:00\" \/>\n<meta name=\"author\" content=\"Irmao\" \/>\n<meta name=\"twitter:card\" content=\"summary_large_image\" \/>\n<meta name=\"twitter:label1\" content=\"Escrito por\" \/>\n\t<meta name=\"twitter:data1\" content=\"Irmao\" \/>\n\t<meta name=\"twitter:label2\" content=\"Est. tempo de leitura\" \/>\n\t<meta name=\"twitter:data2\" content=\"3 minutos\" \/>\n<script type=\"application\/ld+json\" class=\"yoast-schema-graph\">{\"@context\":\"https:\/\/schema.org\",\"@graph\":[{\"@type\":\"Article\",\"@id\":\"https:\/\/salmosbiblicos.com.br\/index.php\/2025\/05\/13\/sexta-feira-santa-reflexoes-sobre-o-sacrificio-de-cristo-e-renovacao-espiritual\/#article\",\"isPartOf\":{\"@id\":\"https:\/\/salmosbiblicos.com.br\/index.php\/2025\/05\/13\/sexta-feira-santa-reflexoes-sobre-o-sacrificio-de-cristo-e-renovacao-espiritual\/\"},\"author\":{\"name\":\"Irmao\",\"@id\":\"https:\/\/salmosbiblicos.com.br\/#\/schema\/person\/760735259ba35f1e44e89c71c72d79da\"},\"headline\":\"Sexta-feira Santa: Reflex\u00f5es sobre o sacrif\u00edcio de Cristo e renova\u00e7\u00e3o espiritual.\",\"datePublished\":\"2025-05-13T22:04:38+00:00\",\"mainEntityOfPage\":{\"@id\":\"https:\/\/salmosbiblicos.com.br\/index.php\/2025\/05\/13\/sexta-feira-santa-reflexoes-sobre-o-sacrificio-de-cristo-e-renovacao-espiritual\/\"},\"wordCount\":517,\"articleSection\":[\"Data Religiosa\"],\"inLanguage\":\"pt-BR\"},{\"@type\":\"WebPage\",\"@id\":\"https:\/\/salmosbiblicos.com.br\/index.php\/2025\/05\/13\/sexta-feira-santa-reflexoes-sobre-o-sacrificio-de-cristo-e-renovacao-espiritual\/\",\"url\":\"https:\/\/salmosbiblicos.com.br\/index.php\/2025\/05\/13\/sexta-feira-santa-reflexoes-sobre-o-sacrificio-de-cristo-e-renovacao-espiritual\/\",\"name\":\"Sexta-feira Santa: Reflex\u00f5es sobre o sacrif\u00edcio de Cristo e renova\u00e7\u00e3o espiritual. - Salmos B\u00edblicos\",\"isPartOf\":{\"@id\":\"https:\/\/salmosbiblicos.com.br\/#website\"},\"datePublished\":\"2025-05-13T22:04:38+00:00\",\"author\":{\"@id\":\"https:\/\/salmosbiblicos.com.br\/#\/schema\/person\/760735259ba35f1e44e89c71c72d79da\"},\"breadcrumb\":{\"@id\":\"https:\/\/salmosbiblicos.com.br\/index.php\/2025\/05\/13\/sexta-feira-santa-reflexoes-sobre-o-sacrificio-de-cristo-e-renovacao-espiritual\/#breadcrumb\"},\"inLanguage\":\"pt-BR\",\"potentialAction\":[{\"@type\":\"ReadAction\",\"target\":[\"https:\/\/salmosbiblicos.com.br\/index.php\/2025\/05\/13\/sexta-feira-santa-reflexoes-sobre-o-sacrificio-de-cristo-e-renovacao-espiritual\/\"]}]},{\"@type\":\"BreadcrumbList\",\"@id\":\"https:\/\/salmosbiblicos.com.br\/index.php\/2025\/05\/13\/sexta-feira-santa-reflexoes-sobre-o-sacrificio-de-cristo-e-renovacao-espiritual\/#breadcrumb\",\"itemListElement\":[{\"@type\":\"ListItem\",\"position\":1,\"name\":\"Home\",\"item\":\"https:\/\/salmosbiblicos.com.br\/\"},{\"@type\":\"ListItem\",\"position\":2,\"name\":\"Sexta-feira Santa: Reflex\u00f5es sobre o sacrif\u00edcio de Cristo e renova\u00e7\u00e3o espiritual.\"}]},{\"@type\":\"WebSite\",\"@id\":\"https:\/\/salmosbiblicos.com.br\/#website\",\"url\":\"https:\/\/salmosbiblicos.com.br\/\",\"name\":\"Salmos B\u00edblicos\",\"description\":\"Uma e-Livraria com e-Books novos para voc\u00ea refletir.\",\"potentialAction\":[{\"@type\":\"SearchAction\",\"target\":{\"@type\":\"EntryPoint\",\"urlTemplate\":\"https:\/\/salmosbiblicos.com.br\/?s={search_term_string}\"},\"query-input\":{\"@type\":\"PropertyValueSpecification\",\"valueRequired\":true,\"valueName\":\"search_term_string\"}}],\"inLanguage\":\"pt-BR\"},{\"@type\":\"Person\",\"@id\":\"https:\/\/salmosbiblicos.com.br\/#\/schema\/person\/760735259ba35f1e44e89c71c72d79da\",\"name\":\"Irmao\",\"image\":{\"@type\":\"ImageObject\",\"inLanguage\":\"pt-BR\",\"@id\":\"https:\/\/secure.gravatar.com\/avatar\/?s=96&d=mm&r=g\",\"url\":\"https:\/\/secure.gravatar.com\/avatar\/?s=96&d=mm&r=g\",\"contentUrl\":\"https:\/\/secure.gravatar.com\/avatar\/?s=96&d=mm&r=g\",\"caption\":\"Irmao\"},\"url\":\"https:\/\/salmosbiblicos.com.br\/index.php\/author\/irmao\/\"}]}<\/script>\n<!-- \/ Yoast SEO plugin. -->","yoast_head_json":{"title":"Sexta-feira Santa: Reflex\u00f5es sobre o sacrif\u00edcio de Cristo e renova\u00e7\u00e3o espiritual. - Salmos B\u00edblicos","robots":{"index":"index","follow":"follow","max-snippet":"max-snippet:-1","max-image-preview":"max-image-preview:large","max-video-preview":"max-video-preview:-1"},"canonical":"https:\/\/salmosbiblicos.com.br\/index.php\/2025\/05\/13\/sexta-feira-santa-reflexoes-sobre-o-sacrificio-de-cristo-e-renovacao-espiritual\/","og_locale":"pt_BR","og_type":"article","og_title":"Sexta-feira Santa: Reflex\u00f5es sobre o sacrif\u00edcio de Cristo e renova\u00e7\u00e3o espiritual. - Salmos B\u00edblicos","og_description":"No calend\u00e1rio religioso Cat\u00f3lico, uma data de grande import\u00e2ncia e significado \u00e9 a Sexta-feira Santa. Este dia marca a crucifica\u00e7\u00e3o e morte de Jesus Cristo, sendo parte da Semana Santa, que culmina com a celebra\u00e7\u00e3o da ressurrei\u00e7\u00e3o de Cristo no Domingo de P\u00e1scoa. A origem da Sexta-feira Santa remonta aos relatos b\u00edblicos do Novo Testamento, [&hellip;]","og_url":"https:\/\/salmosbiblicos.com.br\/index.php\/2025\/05\/13\/sexta-feira-santa-reflexoes-sobre-o-sacrificio-de-cristo-e-renovacao-espiritual\/","og_site_name":"Salmos B\u00edblicos","article_published_time":"2025-05-13T22:04:38+00:00","author":"Irmao","twitter_card":"summary_large_image","twitter_misc":{"Escrito por":"Irmao","Est. tempo de leitura":"3 minutos"},"schema":{"@context":"https:\/\/schema.org","@graph":[{"@type":"Article","@id":"https:\/\/salmosbiblicos.com.br\/index.php\/2025\/05\/13\/sexta-feira-santa-reflexoes-sobre-o-sacrificio-de-cristo-e-renovacao-espiritual\/#article","isPartOf":{"@id":"https:\/\/salmosbiblicos.com.br\/index.php\/2025\/05\/13\/sexta-feira-santa-reflexoes-sobre-o-sacrificio-de-cristo-e-renovacao-espiritual\/"},"author":{"name":"Irmao","@id":"https:\/\/salmosbiblicos.com.br\/#\/schema\/person\/760735259ba35f1e44e89c71c72d79da"},"headline":"Sexta-feira Santa: Reflex\u00f5es sobre o sacrif\u00edcio de Cristo e renova\u00e7\u00e3o espiritual.","datePublished":"2025-05-13T22:04:38+00:00","mainEntityOfPage":{"@id":"https:\/\/salmosbiblicos.com.br\/index.php\/2025\/05\/13\/sexta-feira-santa-reflexoes-sobre-o-sacrificio-de-cristo-e-renovacao-espiritual\/"},"wordCount":517,"articleSection":["Data Religiosa"],"inLanguage":"pt-BR"},{"@type":"WebPage","@id":"https:\/\/salmosbiblicos.com.br\/index.php\/2025\/05\/13\/sexta-feira-santa-reflexoes-sobre-o-sacrificio-de-cristo-e-renovacao-espiritual\/","url":"https:\/\/salmosbiblicos.com.br\/index.php\/2025\/05\/13\/sexta-feira-santa-reflexoes-sobre-o-sacrificio-de-cristo-e-renovacao-espiritual\/","name":"Sexta-feira Santa: Reflex\u00f5es sobre o sacrif\u00edcio de Cristo e renova\u00e7\u00e3o espiritual. - Salmos B\u00edblicos","isPartOf":{"@id":"https:\/\/salmosbiblicos.com.br\/#website"},"datePublished":"2025-05-13T22:04:38+00:00","author":{"@id":"https:\/\/salmosbiblicos.com.br\/#\/schema\/person\/760735259ba35f1e44e89c71c72d79da"},"breadcrumb":{"@id":"https:\/\/salmosbiblicos.com.br\/index.php\/2025\/05\/13\/sexta-feira-santa-reflexoes-sobre-o-sacrificio-de-cristo-e-renovacao-espiritual\/#breadcrumb"},"inLanguage":"pt-BR","potentialAction":[{"@type":"ReadAction","target":["https:\/\/salmosbiblicos.com.br\/index.php\/2025\/05\/13\/sexta-feira-santa-reflexoes-sobre-o-sacrificio-de-cristo-e-renovacao-espiritual\/"]}]},{"@type":"BreadcrumbList","@id":"https:\/\/salmosbiblicos.com.br\/index.php\/2025\/05\/13\/sexta-feira-santa-reflexoes-sobre-o-sacrificio-de-cristo-e-renovacao-espiritual\/#breadcrumb","itemListElement":[{"@type":"ListItem","position":1,"name":"Home","item":"https:\/\/salmosbiblicos.com.br\/"},{"@type":"ListItem","position":2,"name":"Sexta-feira Santa: Reflex\u00f5es sobre o sacrif\u00edcio de Cristo e renova\u00e7\u00e3o espiritual."}]},{"@type":"WebSite","@id":"https:\/\/salmosbiblicos.com.br\/#website","url":"https:\/\/salmosbiblicos.com.br\/","name":"Salmos B\u00edblicos","description":"Uma e-Livraria com e-Books novos para voc\u00ea refletir.","potentialAction":[{"@type":"SearchAction","target":{"@type":"EntryPoint","urlTemplate":"https:\/\/salmosbiblicos.com.br\/?s={search_term_string}"},"query-input":{"@type":"PropertyValueSpecification","valueRequired":true,"valueName":"search_term_string"}}],"inLanguage":"pt-BR"},{"@type":"Person","@id":"https:\/\/salmosbiblicos.com.br\/#\/schema\/person\/760735259ba35f1e44e89c71c72d79da","name":"Irmao","image":{"@type":"ImageObject","inLanguage":"pt-BR","@id":"https:\/\/secure.gravatar.com\/avatar\/?s=96&d=mm&r=g","url":"https:\/\/secure.gravatar.com\/avatar\/?s=96&d=mm&r=g","contentUrl":"https:\/\/secure.gravatar.com\/avatar\/?s=96&d=mm&r=g","caption":"Irmao"},"url":"https:\/\/salmosbiblicos.com.br\/index.php\/author\/irmao\/"}]}},"_links":{"self":[{"href":"https:\/\/salmosbiblicos.com.br\/index.php\/wp-json\/wp\/v2\/posts\/5089","targetHints":{"allow":["GET"]}}],"collection":[{"href":"https:\/\/salmosbiblicos.com.br\/index.php\/wp-json\/wp\/v2\/posts"}],"about":[{"href":"https:\/\/salmosbiblicos.com.br\/index.php\/wp-json\/wp\/v2\/types\/post"}],"author":[{"embeddable":true,"href":"https:\/\/salmosbiblicos.com.br\/index.php\/wp-json\/wp\/v2\/users\/2"}],"replies":[{"embeddable":true,"href":"https:\/\/salmosbiblicos.com.br\/index.php\/wp-json\/wp\/v2\/comments?post=5089"}],"version-history":[{"count":0,"href":"https:\/\/salmosbiblicos.com.br\/index.php\/wp-json\/wp\/v2\/posts\/5089\/revisions"}],"wp:attachment":[{"href":"https:\/\/salmosbiblicos.com.br\/index.php\/wp-json\/wp\/v2\/media?parent=5089"}],"wp:term":[{"taxonomy":"category","embeddable":true,"href":"https:\/\/salmosbiblicos.com.br\/index.php\/wp-json\/wp\/v2\/categories?post=5089"},{"taxonomy":"post_tag","embeddable":true,"href":"https:\/\/salmosbiblicos.com.br\/index.php\/wp-json\/wp\/v2\/tags?post=5089"}],"curies":[{"name":"wp","href":"https:\/\/api.w.org\/{rel}","templated":true}]}}