{"id":5095,"date":"2025-05-13T19:05:02","date_gmt":"2025-05-13T22:05:02","guid":{"rendered":"https:\/\/salmosbiblicos.com.br\/?p=5095"},"modified":"2025-05-13T19:05:02","modified_gmt":"2025-05-13T22:05:02","slug":"reflexoes-e-significado-da-quarta-feira-de-cinzas-preparando-o-coracao-para-a-quaresma-e-a-pascoa","status":"publish","type":"post","link":"https:\/\/salmosbiblicos.com.br\/index.php\/2025\/05\/13\/reflexoes-e-significado-da-quarta-feira-de-cinzas-preparando-o-coracao-para-a-quaresma-e-a-pascoa\/","title":{"rendered":"Reflex\u00f5es e significado da Quarta-feira de Cinzas: preparando o cora\u00e7\u00e3o para a Quaresma e a P\u00e1scoa"},"content":{"rendered":"<p>Uma das datas mais importantes para os cat\u00f3licos \u00e9 a Quarta-feira de Cinzas, que marca o in\u00edcio da Quaresma, um per\u00edodo de 40 dias de prepara\u00e7\u00e3o para a P\u00e1scoa. A origem desta data remonta aos primeiros s\u00e9culos do Cristianismo, quando os fi\u00e9is se cobriam de cinzas como sinal de arrependimento e penit\u00eancia.<\/p>\n<p>O simbolismo por tr\u00e1s da Quarta-feira de Cinzas \u00e9 profundo e significativo. As cinzas representam a mortalidade humana e a necessidade de se arrepender dos pecados para alcan\u00e7ar a reconcilia\u00e7\u00e3o com Deus. Este \u00e9 um momento de reflex\u00e3o, jejum, ora\u00e7\u00e3o e caridade, onde os fi\u00e9is s\u00e3o convidados a se voltar para Deus e se preparar espiritualmente para a celebra\u00e7\u00e3o da ressurrei\u00e7\u00e3o de Cristo na P\u00e1scoa.<\/p>\n<p>Ao receber a marca das cinzas na testa, os cat\u00f3licos s\u00e3o lembrados da efemeridade da vida terrena e da import\u00e2ncia de cultivar uma rela\u00e7\u00e3o \u00edntima com Deus. Este gesto simb\u00f3lico nos convida a olhar para dentro de n\u00f3s mesmos, a reconhecer nossas fraquezas e limita\u00e7\u00f5es, e a buscar a transforma\u00e7\u00e3o interior que nos permita viver de acordo com os ensinamentos de Cristo.<\/p>\n<p>Neste tempo de Quaresma, somos convidados a nos desapegar das coisas materiais, a superar nossos v\u00edcios e ego\u00edsmos, e a nos voltar para o amor e a miseric\u00f3rdia de Deus. \u00c9 um tempo de renova\u00e7\u00e3o espiritual, de convers\u00e3o do cora\u00e7\u00e3o, de perd\u00e3o e reconcilia\u00e7\u00e3o com os outros.<\/p>\n<p>Como reflex\u00e3o para este momento, sugiro que cada um de n\u00f3s se pergunte: Como tenho vivido a minha f\u00e9 no dia a dia? Estou verdadeiramente comprometido com o caminho de Jesus Cristo? Que mudan\u00e7as preciso fazer em minha vida para me tornar uma pessoa mais generosa, compassiva e amorosa?<\/p>\n<p>Que a Quarta-feira de Cinzas seja para todos n\u00f3s um convite \u00e0 convers\u00e3o, \u00e0 renova\u00e7\u00e3o espiritual e ao crescimento na f\u00e9. Que este tempo de Quaresma seja uma oportunidade para nos aproximarmos de Deus, para nos reconciliarmos com Ele e com o pr\u00f3ximo, e para nos prepararmos verdadeiramente para a celebra\u00e7\u00e3o da P\u00e1scoa, que \u00e9 a vit\u00f3ria da vida sobre a morte, da luz sobre as trevas, do amor sobre o pecado.<\/p>\n<p>Que a marca das cinzas em nossa testa nos lembre da nossa fragilidade humana, da nossa depend\u00eancia de Deus e da necessidade de nos voltarmos para Ele em cada momento de nossa vida. Que possamos viver este tempo de Quaresma com sinceridade, humildade e gratid\u00e3o, buscando sempre a santidade e a comunh\u00e3o com Deus. Am\u00e9m.<\/p>\n","protected":false},"excerpt":{"rendered":"<p>Uma das datas mais importantes para os cat\u00f3licos \u00e9 a Quarta-feira de Cinzas, que marca o in\u00edcio da Quaresma, um per\u00edodo de 40 dias de prepara\u00e7\u00e3o para a P\u00e1scoa. A origem desta data remonta aos primeiros s\u00e9culos do Cristianismo, quando os fi\u00e9is se cobriam de cinzas como sinal de arrependimento e penit\u00eancia. O simbolismo por [&hellip;]<\/p>\n","protected":false},"author":2,"featured_media":0,"comment_status":"closed","ping_status":"open","sticky":false,"template":"","format":"standard","meta":{"footnotes":""},"categories":[9],"tags":[],"class_list":["post-5095","post","type-post","status-publish","format-standard","hentry","category-data-religiosa"],"yoast_head":"<!-- This site is optimized with the Yoast SEO plugin v27.2 - https:\/\/yoast.com\/product\/yoast-seo-wordpress\/ -->\n<title>Reflex\u00f5es e significado da Quarta-feira de Cinzas: preparando o cora\u00e7\u00e3o para a Quaresma e a P\u00e1scoa - Salmos B\u00edblicos<\/title>\n<meta name=\"robots\" content=\"index, follow, max-snippet:-1, max-image-preview:large, max-video-preview:-1\" \/>\n<link rel=\"canonical\" href=\"https:\/\/salmosbiblicos.com.br\/index.php\/2025\/05\/13\/reflexoes-e-significado-da-quarta-feira-de-cinzas-preparando-o-coracao-para-a-quaresma-e-a-pascoa\/\" \/>\n<meta property=\"og:locale\" content=\"pt_BR\" \/>\n<meta property=\"og:type\" content=\"article\" \/>\n<meta property=\"og:title\" content=\"Reflex\u00f5es e significado da Quarta-feira de Cinzas: preparando o cora\u00e7\u00e3o para a Quaresma e a P\u00e1scoa - Salmos B\u00edblicos\" \/>\n<meta property=\"og:description\" content=\"Uma das datas mais importantes para os cat\u00f3licos \u00e9 a Quarta-feira de Cinzas, que marca o in\u00edcio da Quaresma, um per\u00edodo de 40 dias de prepara\u00e7\u00e3o para a P\u00e1scoa. A origem desta data remonta aos primeiros s\u00e9culos do Cristianismo, quando os fi\u00e9is se cobriam de cinzas como sinal de arrependimento e penit\u00eancia. O simbolismo por [&hellip;]\" \/>\n<meta property=\"og:url\" content=\"https:\/\/salmosbiblicos.com.br\/index.php\/2025\/05\/13\/reflexoes-e-significado-da-quarta-feira-de-cinzas-preparando-o-coracao-para-a-quaresma-e-a-pascoa\/\" \/>\n<meta property=\"og:site_name\" content=\"Salmos B\u00edblicos\" \/>\n<meta property=\"article:published_time\" content=\"2025-05-13T22:05:02+00:00\" \/>\n<meta name=\"author\" content=\"Irmao\" \/>\n<meta name=\"twitter:card\" content=\"summary_large_image\" \/>\n<meta name=\"twitter:label1\" content=\"Escrito por\" \/>\n\t<meta name=\"twitter:data1\" content=\"Irmao\" \/>\n\t<meta name=\"twitter:label2\" content=\"Est. tempo de leitura\" \/>\n\t<meta name=\"twitter:data2\" content=\"2 minutos\" \/>\n<script type=\"application\/ld+json\" class=\"yoast-schema-graph\">{\"@context\":\"https:\/\/schema.org\",\"@graph\":[{\"@type\":\"Article\",\"@id\":\"https:\/\/salmosbiblicos.com.br\/index.php\/2025\/05\/13\/reflexoes-e-significado-da-quarta-feira-de-cinzas-preparando-o-coracao-para-a-quaresma-e-a-pascoa\/#article\",\"isPartOf\":{\"@id\":\"https:\/\/salmosbiblicos.com.br\/index.php\/2025\/05\/13\/reflexoes-e-significado-da-quarta-feira-de-cinzas-preparando-o-coracao-para-a-quaresma-e-a-pascoa\/\"},\"author\":{\"name\":\"Irmao\",\"@id\":\"https:\/\/salmosbiblicos.com.br\/#\/schema\/person\/760735259ba35f1e44e89c71c72d79da\"},\"headline\":\"Reflex\u00f5es e significado da Quarta-feira de Cinzas: preparando o cora\u00e7\u00e3o para a Quaresma e a P\u00e1scoa\",\"datePublished\":\"2025-05-13T22:05:02+00:00\",\"mainEntityOfPage\":{\"@id\":\"https:\/\/salmosbiblicos.com.br\/index.php\/2025\/05\/13\/reflexoes-e-significado-da-quarta-feira-de-cinzas-preparando-o-coracao-para-a-quaresma-e-a-pascoa\/\"},\"wordCount\":461,\"articleSection\":[\"Data Religiosa\"],\"inLanguage\":\"pt-BR\"},{\"@type\":\"WebPage\",\"@id\":\"https:\/\/salmosbiblicos.com.br\/index.php\/2025\/05\/13\/reflexoes-e-significado-da-quarta-feira-de-cinzas-preparando-o-coracao-para-a-quaresma-e-a-pascoa\/\",\"url\":\"https:\/\/salmosbiblicos.com.br\/index.php\/2025\/05\/13\/reflexoes-e-significado-da-quarta-feira-de-cinzas-preparando-o-coracao-para-a-quaresma-e-a-pascoa\/\",\"name\":\"Reflex\u00f5es e significado da Quarta-feira de Cinzas: preparando o cora\u00e7\u00e3o para a Quaresma e a P\u00e1scoa - Salmos B\u00edblicos\",\"isPartOf\":{\"@id\":\"https:\/\/salmosbiblicos.com.br\/#website\"},\"datePublished\":\"2025-05-13T22:05:02+00:00\",\"author\":{\"@id\":\"https:\/\/salmosbiblicos.com.br\/#\/schema\/person\/760735259ba35f1e44e89c71c72d79da\"},\"breadcrumb\":{\"@id\":\"https:\/\/salmosbiblicos.com.br\/index.php\/2025\/05\/13\/reflexoes-e-significado-da-quarta-feira-de-cinzas-preparando-o-coracao-para-a-quaresma-e-a-pascoa\/#breadcrumb\"},\"inLanguage\":\"pt-BR\",\"potentialAction\":[{\"@type\":\"ReadAction\",\"target\":[\"https:\/\/salmosbiblicos.com.br\/index.php\/2025\/05\/13\/reflexoes-e-significado-da-quarta-feira-de-cinzas-preparando-o-coracao-para-a-quaresma-e-a-pascoa\/\"]}]},{\"@type\":\"BreadcrumbList\",\"@id\":\"https:\/\/salmosbiblicos.com.br\/index.php\/2025\/05\/13\/reflexoes-e-significado-da-quarta-feira-de-cinzas-preparando-o-coracao-para-a-quaresma-e-a-pascoa\/#breadcrumb\",\"itemListElement\":[{\"@type\":\"ListItem\",\"position\":1,\"name\":\"Home\",\"item\":\"https:\/\/salmosbiblicos.com.br\/\"},{\"@type\":\"ListItem\",\"position\":2,\"name\":\"Reflex\u00f5es e significado da Quarta-feira de Cinzas: preparando o cora\u00e7\u00e3o para a Quaresma e a P\u00e1scoa\"}]},{\"@type\":\"WebSite\",\"@id\":\"https:\/\/salmosbiblicos.com.br\/#website\",\"url\":\"https:\/\/salmosbiblicos.com.br\/\",\"name\":\"Salmos B\u00edblicos\",\"description\":\"Uma e-Livraria com e-Books novos para voc\u00ea refletir.\",\"potentialAction\":[{\"@type\":\"SearchAction\",\"target\":{\"@type\":\"EntryPoint\",\"urlTemplate\":\"https:\/\/salmosbiblicos.com.br\/?s={search_term_string}\"},\"query-input\":{\"@type\":\"PropertyValueSpecification\",\"valueRequired\":true,\"valueName\":\"search_term_string\"}}],\"inLanguage\":\"pt-BR\"},{\"@type\":\"Person\",\"@id\":\"https:\/\/salmosbiblicos.com.br\/#\/schema\/person\/760735259ba35f1e44e89c71c72d79da\",\"name\":\"Irmao\",\"image\":{\"@type\":\"ImageObject\",\"inLanguage\":\"pt-BR\",\"@id\":\"https:\/\/secure.gravatar.com\/avatar\/?s=96&d=mm&r=g\",\"url\":\"https:\/\/secure.gravatar.com\/avatar\/?s=96&d=mm&r=g\",\"contentUrl\":\"https:\/\/secure.gravatar.com\/avatar\/?s=96&d=mm&r=g\",\"caption\":\"Irmao\"},\"url\":\"https:\/\/salmosbiblicos.com.br\/index.php\/author\/irmao\/\"}]}<\/script>\n<!-- \/ Yoast SEO plugin. -->","yoast_head_json":{"title":"Reflex\u00f5es e significado da Quarta-feira de Cinzas: preparando o cora\u00e7\u00e3o para a Quaresma e a P\u00e1scoa - Salmos B\u00edblicos","robots":{"index":"index","follow":"follow","max-snippet":"max-snippet:-1","max-image-preview":"max-image-preview:large","max-video-preview":"max-video-preview:-1"},"canonical":"https:\/\/salmosbiblicos.com.br\/index.php\/2025\/05\/13\/reflexoes-e-significado-da-quarta-feira-de-cinzas-preparando-o-coracao-para-a-quaresma-e-a-pascoa\/","og_locale":"pt_BR","og_type":"article","og_title":"Reflex\u00f5es e significado da Quarta-feira de Cinzas: preparando o cora\u00e7\u00e3o para a Quaresma e a P\u00e1scoa - Salmos B\u00edblicos","og_description":"Uma das datas mais importantes para os cat\u00f3licos \u00e9 a Quarta-feira de Cinzas, que marca o in\u00edcio da Quaresma, um per\u00edodo de 40 dias de prepara\u00e7\u00e3o para a P\u00e1scoa. A origem desta data remonta aos primeiros s\u00e9culos do Cristianismo, quando os fi\u00e9is se cobriam de cinzas como sinal de arrependimento e penit\u00eancia. O simbolismo por [&hellip;]","og_url":"https:\/\/salmosbiblicos.com.br\/index.php\/2025\/05\/13\/reflexoes-e-significado-da-quarta-feira-de-cinzas-preparando-o-coracao-para-a-quaresma-e-a-pascoa\/","og_site_name":"Salmos B\u00edblicos","article_published_time":"2025-05-13T22:05:02+00:00","author":"Irmao","twitter_card":"summary_large_image","twitter_misc":{"Escrito por":"Irmao","Est. tempo de leitura":"2 minutos"},"schema":{"@context":"https:\/\/schema.org","@graph":[{"@type":"Article","@id":"https:\/\/salmosbiblicos.com.br\/index.php\/2025\/05\/13\/reflexoes-e-significado-da-quarta-feira-de-cinzas-preparando-o-coracao-para-a-quaresma-e-a-pascoa\/#article","isPartOf":{"@id":"https:\/\/salmosbiblicos.com.br\/index.php\/2025\/05\/13\/reflexoes-e-significado-da-quarta-feira-de-cinzas-preparando-o-coracao-para-a-quaresma-e-a-pascoa\/"},"author":{"name":"Irmao","@id":"https:\/\/salmosbiblicos.com.br\/#\/schema\/person\/760735259ba35f1e44e89c71c72d79da"},"headline":"Reflex\u00f5es e significado da Quarta-feira de Cinzas: preparando o cora\u00e7\u00e3o para a Quaresma e a P\u00e1scoa","datePublished":"2025-05-13T22:05:02+00:00","mainEntityOfPage":{"@id":"https:\/\/salmosbiblicos.com.br\/index.php\/2025\/05\/13\/reflexoes-e-significado-da-quarta-feira-de-cinzas-preparando-o-coracao-para-a-quaresma-e-a-pascoa\/"},"wordCount":461,"articleSection":["Data Religiosa"],"inLanguage":"pt-BR"},{"@type":"WebPage","@id":"https:\/\/salmosbiblicos.com.br\/index.php\/2025\/05\/13\/reflexoes-e-significado-da-quarta-feira-de-cinzas-preparando-o-coracao-para-a-quaresma-e-a-pascoa\/","url":"https:\/\/salmosbiblicos.com.br\/index.php\/2025\/05\/13\/reflexoes-e-significado-da-quarta-feira-de-cinzas-preparando-o-coracao-para-a-quaresma-e-a-pascoa\/","name":"Reflex\u00f5es e significado da Quarta-feira de Cinzas: preparando o cora\u00e7\u00e3o para a Quaresma e a P\u00e1scoa - Salmos B\u00edblicos","isPartOf":{"@id":"https:\/\/salmosbiblicos.com.br\/#website"},"datePublished":"2025-05-13T22:05:02+00:00","author":{"@id":"https:\/\/salmosbiblicos.com.br\/#\/schema\/person\/760735259ba35f1e44e89c71c72d79da"},"breadcrumb":{"@id":"https:\/\/salmosbiblicos.com.br\/index.php\/2025\/05\/13\/reflexoes-e-significado-da-quarta-feira-de-cinzas-preparando-o-coracao-para-a-quaresma-e-a-pascoa\/#breadcrumb"},"inLanguage":"pt-BR","potentialAction":[{"@type":"ReadAction","target":["https:\/\/salmosbiblicos.com.br\/index.php\/2025\/05\/13\/reflexoes-e-significado-da-quarta-feira-de-cinzas-preparando-o-coracao-para-a-quaresma-e-a-pascoa\/"]}]},{"@type":"BreadcrumbList","@id":"https:\/\/salmosbiblicos.com.br\/index.php\/2025\/05\/13\/reflexoes-e-significado-da-quarta-feira-de-cinzas-preparando-o-coracao-para-a-quaresma-e-a-pascoa\/#breadcrumb","itemListElement":[{"@type":"ListItem","position":1,"name":"Home","item":"https:\/\/salmosbiblicos.com.br\/"},{"@type":"ListItem","position":2,"name":"Reflex\u00f5es e significado da Quarta-feira de Cinzas: preparando o cora\u00e7\u00e3o para a Quaresma e a P\u00e1scoa"}]},{"@type":"WebSite","@id":"https:\/\/salmosbiblicos.com.br\/#website","url":"https:\/\/salmosbiblicos.com.br\/","name":"Salmos B\u00edblicos","description":"Uma e-Livraria com e-Books novos para voc\u00ea refletir.","potentialAction":[{"@type":"SearchAction","target":{"@type":"EntryPoint","urlTemplate":"https:\/\/salmosbiblicos.com.br\/?s={search_term_string}"},"query-input":{"@type":"PropertyValueSpecification","valueRequired":true,"valueName":"search_term_string"}}],"inLanguage":"pt-BR"},{"@type":"Person","@id":"https:\/\/salmosbiblicos.com.br\/#\/schema\/person\/760735259ba35f1e44e89c71c72d79da","name":"Irmao","image":{"@type":"ImageObject","inLanguage":"pt-BR","@id":"https:\/\/secure.gravatar.com\/avatar\/?s=96&d=mm&r=g","url":"https:\/\/secure.gravatar.com\/avatar\/?s=96&d=mm&r=g","contentUrl":"https:\/\/secure.gravatar.com\/avatar\/?s=96&d=mm&r=g","caption":"Irmao"},"url":"https:\/\/salmosbiblicos.com.br\/index.php\/author\/irmao\/"}]}},"_links":{"self":[{"href":"https:\/\/salmosbiblicos.com.br\/index.php\/wp-json\/wp\/v2\/posts\/5095","targetHints":{"allow":["GET"]}}],"collection":[{"href":"https:\/\/salmosbiblicos.com.br\/index.php\/wp-json\/wp\/v2\/posts"}],"about":[{"href":"https:\/\/salmosbiblicos.com.br\/index.php\/wp-json\/wp\/v2\/types\/post"}],"author":[{"embeddable":true,"href":"https:\/\/salmosbiblicos.com.br\/index.php\/wp-json\/wp\/v2\/users\/2"}],"replies":[{"embeddable":true,"href":"https:\/\/salmosbiblicos.com.br\/index.php\/wp-json\/wp\/v2\/comments?post=5095"}],"version-history":[{"count":0,"href":"https:\/\/salmosbiblicos.com.br\/index.php\/wp-json\/wp\/v2\/posts\/5095\/revisions"}],"wp:attachment":[{"href":"https:\/\/salmosbiblicos.com.br\/index.php\/wp-json\/wp\/v2\/media?parent=5095"}],"wp:term":[{"taxonomy":"category","embeddable":true,"href":"https:\/\/salmosbiblicos.com.br\/index.php\/wp-json\/wp\/v2\/categories?post=5095"},{"taxonomy":"post_tag","embeddable":true,"href":"https:\/\/salmosbiblicos.com.br\/index.php\/wp-json\/wp\/v2\/tags?post=5095"}],"curies":[{"name":"wp","href":"https:\/\/api.w.org\/{rel}","templated":true}]}}